{"id":996,"date":"2008-07-13T10:06:21","date_gmt":"2008-07-13T16:06:21","guid":{"rendered":"http:\/\/quechilero.com\/blog\/?p=996"},"modified":"2008-07-13T10:06:21","modified_gmt":"2008-07-13T16:06:21","slug":"rayos-y-centellas","status":"publish","type":"post","link":"https:\/\/quechilero.com\/blog\/2008\/07\/13\/rayos-y-centellas\/","title":{"rendered":"Rayos y Centellas"},"content":{"rendered":"<p>Una de las tantas tormentas que en esta \u00e9poca del a\u00f1o es com\u00fan ver en la costa sur de Guatemala.<\/p>\n<p>En el video se aprecia, al inicio, la oscuridad de la noche y luego el <em>\u00abrel\u00e1mpago\u00bb<\/em> para uno o dos segundos despu\u00e9s escuchar el <em>\u00abtrueno\u00bb<\/em>.<\/p>\n<p>Si en promedio determinamos que el sonido viaja a 1000 metros por segundo, y que la luz viaja a casi 300,000 kil\u00f3metros por segundo, entonces podemos determinar aproximadamente que estos rayos cayeron a menos de 1 kil\u00f3metro de la casa.<\/p>\n<p>Por cierto ese d\u00eda la mayor parte de la costa sur no tuvo servicio el\u00e9ctrico por varias horas y encima hubo un temblor bastante fuerte, <em>(lloviendo sobre mojado).<\/em><\/p>\n<p><object classid=\"clsid:d27cdb6e-ae6d-11cf-96b8-444553540000\" width=\"425\" height=\"344\" codebase=\"http:\/\/download.macromedia.com\/pub\/shockwave\/cabs\/flash\/swflash.cab#version=6,0,40,0\"><param name=\"src\" value=\"http:\/\/www.youtube.com\/v\/tV9_FNgbHvM&amp;hl=es\" \/><\/object><\/p>\n<p>Al principio se ve la pantalla negra y se escucha la lluvia, luego en lo que menos se espera se ven los <em>rayos y centellas<\/em><\/p>\n","protected":false},"excerpt":{"rendered":"<p>Una de las tantas tormentas que en esta \u00e9poca del a\u00f1o es com\u00fan ver en la costa sur de Guatemala. En el video se aprecia, al inicio, la oscuridad de la noche y luego el \u00abrel\u00e1mpago\u00bb para uno o dos segundos despu\u00e9s escuchar el \u00abtrueno\u00bb. Si en promedio determinamos que el sonido viaja a 1000 &#8230; <a title=\"Rayos y Centellas\" class=\"read-more\" href=\"https:\/\/quechilero.com\/blog\/2008\/07\/13\/rayos-y-centellas\/\" aria-label=\"Leer m\u00e1s sobre Rayos y Centellas\">Leer m\u00e1s<\/a><\/p>\n","protected":false},"author":1,"featured_media":0,"comment_status":"open","ping_status":"open","sticky":false,"template":"","format":"standard","meta":{"advanced_seo_description":"","jetpack_seo_html_title":"","jetpack_seo_noindex":false,"jetpack_seo_schema_type":"","episode_type":"","audio_file":"","podmotor_file_id":"","podmotor_episode_id":"","cover_image":"","cover_image_id":"","duration":"","filesize":"","filesize_raw":"","date_recorded":"","explicit":"","block":"","_jetpack_newsletter_access":"","_jetpack_dont_email_post_to_subs":false,"_jetpack_newsletter_tier_id":0,"_jetpack_memberships_contains_paywalled_content":false,"_jetpack_feature_clip_id":0,"_jetpack_memberships_contains_paid_content":false,"footnotes":"","jetpack_publicize_message":"","jetpack_publicize_feature_enabled":true,"jetpack_social_post_already_shared":false,"jetpack_social_options":{"image_generator_settings":{"template":"highway","default_image_id":0,"font":"","enabled":false},"version":2},"jetpack_post_was_ever_published":false},"categories":[2],"tags":[10,25,53],"series":[],"class_list":["post-996","post","type-post","status-publish","format-standard","hentry","category-limones","tag-guatemala","tag-video","tag-youtube"],"episode_featured_image":false,"episode_player_image":"https:\/\/i0.wp.com\/quechilero.com\/blog\/imagenes\/podcast.png?fit=1831%2C1831&ssl=1","download_link":"","player_link":"","audio_player":false,"episode_data":{"playerMode":"dark","subscribeUrls":{"amazon":{"key":"amazon","url":"","label":"Amazon","class":"amazon","icon":"amazon.png"},"apple_podcasts":{"key":"apple_podcasts","url":"","label":"Apple Podcasts","class":"apple_podcasts","icon":"apple-podcasts.png"},"castbox":{"key":"castbox","url":"","label":"CastBox","class":"castbox","icon":"castbox.png"},"deezer":{"key":"deezer","url":"","label":"Deezer","class":"deezer","icon":"deezer.png"},"google_podcasts":{"key":"google_podcasts","url":"","label":"Google Podcasts","class":"google_podcasts","icon":"google-podcasts.png"},"listen_notes":{"key":"listen_notes","url":"","label":"Listen Notes","class":"listen_notes","icon":"listen-notes.png"},"pandora":{"key":"pandora","url":"","label":"Pandora","class":"pandora","icon":"pandora.png"},"podbean":{"key":"podbean","url":"","label":"Podbean","class":"podbean","icon":"podbean.png"},"podcast_republic":{"key":"podcast_republic","url":"","label":"Podcast Republic","class":"podcast_republic","icon":"podcast-republic.png"},"rss":{"key":"rss","url":"","label":"RSS","class":"rss","icon":"rss.png"},"spotify":{"key":"spotify","url":"","label":"Spotify","class":"spotify","icon":"spotify.png"},"stitcher":{"key":"stitcher","url":"","label":"Stitcher","class":"stitcher","icon":"stitcher.png"},"tunein":{"key":"tunein","url":"","label":"TuneIn","class":"tunein","icon":"tunein.png"},"youtube":{"key":"youtube","url":"","label":"YouTube","class":"youtube","icon":"youtube.png"},"iheartradio":{"key":"iheartradio","url":"","label":"iHeartRadio","class":"iheartradio","icon":"iheartradio.png"},"ivoox":{"key":"ivoox","url":"","label":"iVoox","class":"ivoox","icon":"ivoox.png"}},"rssFeedUrl":"https:\/\/quechilero.com\/blog\/feed\/podcast\/si-la-vida-nos-da-limones","embedCode":"<blockquote class=\"wp-embedded-content\" data-secret=\"46c9MHmTM5\"><a href=\"https:\/\/quechilero.com\/blog\/2008\/07\/13\/rayos-y-centellas\/\">Rayos y Centellas<\/a><\/blockquote><iframe sandbox=\"allow-scripts\" security=\"restricted\" src=\"https:\/\/quechilero.com\/blog\/2008\/07\/13\/rayos-y-centellas\/embed\/#?secret=46c9MHmTM5\" width=\"500\" height=\"350\" title=\"\u00abRayos y Centellas\u00bb \u2014 Si la Vida nos da Limones...\" data-secret=\"46c9MHmTM5\" frameborder=\"0\" marginwidth=\"0\" marginheight=\"0\" scrolling=\"no\" class=\"wp-embedded-content\"><\/iframe><script>\n\/*! This file is auto-generated *\/\n!function(d,l){\"use strict\";l.querySelector&&d.addEventListener&&\"undefined\"!=typeof URL&&(d.wp=d.wp||{},d.wp.receiveEmbedMessage||(d.wp.receiveEmbedMessage=function(e){var t=e.data;if((t||t.secret||t.message||t.value)&&!\/[^a-zA-Z0-9]\/.test(t.secret)){for(var s,r,n,a=l.querySelectorAll('iframe[data-secret=\"'+t.secret+'\"]'),o=l.querySelectorAll('blockquote[data-secret=\"'+t.secret+'\"]'),c=new RegExp(\"^https?:$\",\"i\"),i=0;i<o.length;i++)o[i].style.display=\"none\";for(i=0;i<a.length;i++)s=a[i],e.source===s.contentWindow&&(s.removeAttribute(\"style\"),\"height\"===t.message?(1e3<(r=parseInt(t.value,10))?r=1e3:~~r<200&&(r=200),s.height=r):\"link\"===t.message&&(r=new URL(s.getAttribute(\"src\")),n=new URL(t.value),c.test(n.protocol))&&n.host===r.host&&l.activeElement===s&&(d.top.location.href=t.value))}},d.addEventListener(\"message\",d.wp.receiveEmbedMessage,!1),l.addEventListener(\"DOMContentLoaded\",function(){for(var e,t,s=l.querySelectorAll(\"iframe.wp-embedded-content\"),r=0;r<s.length;r++)(t=(e=s[r]).getAttribute(\"data-secret\"))||(t=Math.random().toString(36).substring(2,12),e.src+=\"#?secret=\"+t,e.setAttribute(\"data-secret\",t)),e.contentWindow.postMessage({message:\"ready\",secret:t},\"*\")},!1)))}(window,document);\n\/\/# sourceURL=https:\/\/quechilero.com\/blog\/wp-includes\/js\/wp-embed.min.js\n<\/script>\n"},"jetpack_publicize_connections":[],"jetpack_shortlink":"https:\/\/wp.me\/pDKli-g4","jetpack_sharing_enabled":true,"jetpack-related-posts":[{"id":8649,"url":"https:\/\/quechilero.com\/blog\/2011\/10\/22\/accidente-de-trenes\/","url_meta":{"origin":996,"position":0},"title":"Accidente de Trenes","author":"Pepe Barrascout Ortiz","date":"22 octubre 2011","format":false,"excerpt":"Lamentablemente en Guatemala, el tema ferroviario, que un momento signific\u00f3 un gran salto hacia el desarrollo del pa\u00eds, ha quedado en el total abandono, a pesar de algunos intentos vanos de parte de la iniciativa privada, por tratar de resucitarlo, incluyendo a un conglomerado Koreano. De peque\u00f1o me gustaban los\u2026","rel":"","context":"En \u00abLimones\u00bb","block_context":{"text":"Limones","link":"https:\/\/quechilero.com\/blog\/category\/limones\/"},"img":{"alt_text":"","src":"https:\/\/i0.wp.com\/img.youtube.com\/vi\/V_Qo4a_3IeQ\/0.jpg?resize=350%2C200","width":350,"height":200},"classes":[]},{"id":4801,"url":"https:\/\/quechilero.com\/blog\/2010\/05\/24\/stop-motion-viaje-a-guatemala\/","url_meta":{"origin":996,"position":1},"title":"Stop Motion, Viaje a Guatemala","author":"Pepe Barrascout Ortiz","date":"24 mayo 2010","format":false,"excerpt":"Adam Atchley es un fot\u00f3grafo, que ha venido a Guatemala y ha documentado su visita, a trav\u00e9s del blog que ha montado. Adem\u00e1s ha creado este video, usando la t\u00e9cnica del stop motion, para resumir en poco mas de 3 minutos, \u00a0su visita y prop\u00f3sito, del viaje realizado al pa\u00eds.\u2026","rel":"","context":"En \u00abVideoBlog\u00bb","block_context":{"text":"VideoBlog","link":"https:\/\/quechilero.com\/blog\/category\/videoblog\/"},"img":{"alt_text":"","src":"https:\/\/i0.wp.com\/img.youtube.com\/vi\/DJ8AZnzWMoM\/0.jpg?resize=350%2C200","width":350,"height":200},"classes":[]},{"id":4474,"url":"https:\/\/quechilero.com\/blog\/2010\/02\/12\/la-vuelta-a-guatemala-en-80-podcasts-amatitlan\/","url_meta":{"origin":996,"position":2},"title":"La Vuelta a Guatemala en 80 podcasts: Amatitl\u00e1n","author":"Pepe Barrascout Ortiz","date":"12 febrero 2010","format":false,"excerpt":"Iniciando nuestro recorrido, el cual empezamos en el kil\u00f3metro cero, nos lleva a un poco mas de 25 kil\u00f3metros de la Ciudad de Guatemala, y llegamos a Amatitl\u00e1n. En el primer cap\u00edtulo de La Vuelta a Guatemala en 80 podcasts, conocemos el municipio y el lago de Amatitl\u00e1n. Con datos\u2026","rel":"","context":"En \u00abLimones\u00bb","block_context":{"text":"Limones","link":"https:\/\/quechilero.com\/blog\/category\/limones\/"},"img":{"alt_text":"","src":"https:\/\/i0.wp.com\/i392.photobucket.com\/albums\/pp7\/pepejaguar\/podcast\/capitulo1.png?resize=350%2C200","width":350,"height":200,"srcset":"https:\/\/i0.wp.com\/i392.photobucket.com\/albums\/pp7\/pepejaguar\/podcast\/capitulo1.png?resize=350%2C200 1x, https:\/\/i0.wp.com\/i392.photobucket.com\/albums\/pp7\/pepejaguar\/podcast\/capitulo1.png?resize=525%2C300 1.5x"},"classes":[]},{"id":8701,"url":"https:\/\/quechilero.com\/blog\/2011\/06\/13\/viajando-por-el-mundo-dresden\/","url_meta":{"origin":996,"position":3},"title":"Viajando por el Mundo: Dresden","author":"Pepe Barrascout Ortiz","date":"13 junio 2011","format":false,"excerpt":"Viajando por el Mundo, hoy vamos a\u00a0Dresden. Es la capital del estado federado de Sajonia, en Alemania. Limita al noroeste con el distrito de Mei\u00dfen, al nordeste con el de Bautzen y al sur con el de S\u00e4chsische Schweiz-Osterzgebirge. Dresde se encuentra justo en el centro de la conurbaci\u00f3n hom\u00f3nima.\u2026","rel":"","context":"En \u00abLimones por mano\u00bb","block_context":{"text":"Limones por mano","link":"https:\/\/quechilero.com\/blog\/category\/limones-por-mano\/"},"img":{"alt_text":"","src":"","width":0,"height":0},"classes":[]},{"id":4745,"url":"https:\/\/quechilero.com\/blog\/2010\/05\/14\/viaje-a-guatemala-video-viral\/","url_meta":{"origin":996,"position":4},"title":"Viaje a Guatemala: Video Viral","author":"Pepe Barrascout Ortiz","date":"14 mayo 2010","format":false,"excerpt":"No es precisamente un video viral, ni uno publicitario como tal, propiamente dicho, pero cumple con esa funci\u00f3n y mas a\u00fan. El video muestra un resumen, del reciente viaje realizado por un joven estadounidense y su mam\u00e1 a nuestro pa\u00eds. En poco mas de tres minutos y medio, se condensa\u2026","rel":"","context":"En \u00abLimones\u00bb","block_context":{"text":"Limones","link":"https:\/\/quechilero.com\/blog\/category\/limones\/"},"img":{"alt_text":"","src":"","width":0,"height":0},"classes":[]},{"id":17990,"url":"https:\/\/quechilero.com\/blog\/2014\/07\/19\/10-lugares-para-visitar-en-guatemala\/","url_meta":{"origin":996,"position":5},"title":"10 lugares para visitar en Guatemala","author":"Pepe Barrascout Ortiz","date":"19 julio 2014","format":false,"excerpt":"https:\/\/youtu.be\/tdDhmfmXZTk Algunos de los mejores videos de promoci\u00f3n de Guatemala, han sido hechos por extranjeros, ya sea por su mejor acceso a la tecnolog\u00eda o por el mejor uso que le dan a \u00e9sta o porque no tienen miedo a usar los recursos tecnol\u00f3gicos a su alcance. Sea como sea,\u2026","rel":"","context":"En \u00abVideoBlog\u00bb","block_context":{"text":"VideoBlog","link":"https:\/\/quechilero.com\/blog\/category\/videoblog\/"},"img":{"alt_text":"","src":"https:\/\/i0.wp.com\/img.youtube.com\/vi\/tdDhmfmXZTk\/hqdefault.jpg?resize=350%2C200","width":350,"height":200},"classes":[]}],"jetpack_featured_media_url":"","_links":{"self":[{"href":"https:\/\/quechilero.com\/blog\/wp-json\/wp\/v2\/posts\/996","targetHints":{"allow":["GET"]}}],"collection":[{"href":"https:\/\/quechilero.com\/blog\/wp-json\/wp\/v2\/posts"}],"about":[{"href":"https:\/\/quechilero.com\/blog\/wp-json\/wp\/v2\/types\/post"}],"author":[{"embeddable":true,"href":"https:\/\/quechilero.com\/blog\/wp-json\/wp\/v2\/users\/1"}],"replies":[{"embeddable":true,"href":"https:\/\/quechilero.com\/blog\/wp-json\/wp\/v2\/comments?post=996"}],"version-history":[{"count":0,"href":"https:\/\/quechilero.com\/blog\/wp-json\/wp\/v2\/posts\/996\/revisions"}],"wp:attachment":[{"href":"https:\/\/quechilero.com\/blog\/wp-json\/wp\/v2\/media?parent=996"}],"wp:term":[{"taxonomy":"category","embeddable":true,"href":"https:\/\/quechilero.com\/blog\/wp-json\/wp\/v2\/categories?post=996"},{"taxonomy":"post_tag","embeddable":true,"href":"https:\/\/quechilero.com\/blog\/wp-json\/wp\/v2\/tags?post=996"},{"taxonomy":"series","embeddable":true,"href":"https:\/\/quechilero.com\/blog\/wp-json\/wp\/v2\/series?post=996"}],"curies":[{"name":"wp","href":"https:\/\/api.w.org\/{rel}","templated":true}]}}