{"id":9931,"date":"2011-08-25T09:00:01","date_gmt":"2011-08-25T15:00:01","guid":{"rendered":"http:\/\/quechilero.com\/blog\/?p=9931"},"modified":"2011-08-25T09:00:01","modified_gmt":"2011-08-25T15:00:01","slug":"maraton-de-blogs-luchas-libres-y-mas","status":"publish","type":"post","link":"https:\/\/quechilero.com\/blog\/2011\/08\/25\/maraton-de-blogs-luchas-libres-y-mas\/","title":{"rendered":"Marat\u00f3n de Blogs: Luchas Libres y m\u00e1s"},"content":{"rendered":"<p><a title=\"Marat\u00f3n de Blogs: El Centro Hist\u00e9rico\" href=\"http:\/\/lasotrasluchas.blogspot.com\/\" target=\"_blank\"><img data-recalc-dims=\"1\" loading=\"lazy\" decoding=\"async\" class=\"alignnone\" src=\"https:\/\/i0.wp.com\/i392.photobucket.com\/albums\/pp7\/pepejaguar\/maraton\/lucha-libre.png?resize=560%2C280\" alt=\"\" width=\"560\" height=\"280\" \/><\/a><\/p>\n<p><a title=\"Marat\u00f3n de Blogs: Luchas Libres y m\u00e1s\" href=\"http:\/\/lasotrasluchas.blogspot.com\/\" target=\"_blank\">Luchas Libres y m\u00e1s<\/a> es un blog de opini\u00f3n que desde septiembre de 2007, publica con regular frecuencia y a un promedio de unos diez art\u00edculos al mes, aunque en los \u00faltimos meses ha bajado a unos cinco aproximadamente. Teniendo como marco el <em>lago de Atitl\u00e1n<\/em>,\u00a0<a title=\"Marat\u00f3n de Blogs: Luchas Libres y m\u00e1s\" href=\"http:\/\/lasotrasluchas.blogspot.com\/\" target=\"_blank\">Luchas Libres y m\u00e1s<\/a>\u00a0expresa los pensamientos de su autora, sobre distintos t\u00f3picos que van desde las <em>votaciones, hasta el siento verde, cambalaches y cromagnones<\/em>, entre otros.<\/p>\n<p>As\u00ed de variopintos pueden ser los temas que se encuentran en cada p\u00e1gina de\u00a0<a title=\"Marat\u00f3n de Blogs: Luchas Libres y m\u00e1s\" href=\"http:\/\/lasotrasluchas.blogspot.com\/\" target=\"_blank\">Luchas Libres y m\u00e1s<\/a>. Algunos de estos textos son publicados tambi\u00e9n en la versi\u00f3n impresa de elPeri\u00f3dico en Guatemala.<\/p>\n<p>Como era de esperarse, siguiendo el t\u00edtulo del blog, la mayor\u00eda, sino todos los art\u00edculos publicados, tienen su toque de <em>lucha, confrontaci\u00f3n, que hace pensar<\/em>, probablemente. En cualquier caso se puede estar a favor o en contra de las publicaciones de\u00a0<a title=\"Marat\u00f3n de Blogs: Luchas Libres y m\u00e1s\" href=\"http:\/\/lasotrasluchas.blogspot.com\/\" target=\"_blank\">Luchas Libres y m\u00e1s<\/a>, se puede tambi\u00e9n, comentar los diversos textos, argumentando o refutando, pero a pesar de lo incisivo que puedan ser algunos de los textos, estos carecen de un<em>\u00a0nombre<\/em>\u00a0que identifique a quien los publica, <em>\u00bfcual es la raz\u00f3n?<\/em>.<\/p>\n<p>En d\u00edas recientes se han publicado en\u00a0<a title=\"Marat\u00f3n de Blogs: Luchas Libres y m\u00e1s\" href=\"http:\/\/lasotrasluchas.blogspot.com\/\" target=\"_blank\">Luchas Libres y m\u00e1s<\/a>\u00a0art\u00edculos titulados: <em>Oxalajuj B&#8217;aktun, Re cuerda, Mi lucha es alternativa, Puro mula, Acoquinados, Un bar con buena actitud, \u00bfQu\u00e9 dijiste?, Todos quieren, Los payasos que no dan risa<\/em>, entre muchos art\u00edculos.<\/p>\n<p>Me gusta el dise\u00f1o del blog, que es simple, aunque utiliza una paleta de colores no convencionales, en especial con el tema del blog, es una combinaci\u00f3n agradable, quiz\u00e1 quitar\u00eda la imagen que se repite en la columna izquierda o la dejar\u00eda fija.<\/p>\n<p>Los invito a que visiten\u00a0<a title=\"Marat\u00f3n de Blogs: Luchas Libres y m\u00e1s\" href=\"http:\/\/lasotrasluchas.blogspot.com\/\" target=\"_blank\">Luchas Libres y m\u00e1s<\/a>\u00a0y participen dejando sus comentarios, los cuales seguramente contribuir\u00e1n al debate generado en cada texto.<\/p>\n<p>Ap\u00f3ya en:\u00a0<a class=\"plano\" title=\"Comp\u00e1rtelo en Twitter\" href=\"http:\/\/twitter.com\/home?status=Marat\u00f3n de Blogs 2011: Apoyando a Luchas Libres y m\u00e1s - http:\/\/quechilero.com\/blog\/2011\/08\/25\/maraton-de-blogs-luchas-libres-y-mas\/\"><img data-recalc-dims=\"1\" loading=\"lazy\" decoding=\"async\" class=\"alignnone\" src=\"https:\/\/i0.wp.com\/quechilero.com\/blog\/wp-content\/themes\/crybook\/images\/twitter.png?resize=16%2C16\" alt=\"Twitter\" width=\"16\" height=\"16\" \/> Twitter<\/a> <a class=\"plano\" href=\"http:\/\/www.facebook.com\/sharer.php?u=http:\/\/quechilero.com\/blog\/2011\/08\/25\/maraton-de-blogs-luchas-libres-y-mas\/&amp;t=Marat\u00f3n de Blogs: Apoyando a Luchas Libres y m\u00e1s\"><img data-recalc-dims=\"1\" loading=\"lazy\" decoding=\"async\" class=\"alignnone\" src=\"https:\/\/i0.wp.com\/quechilero.com\/blog\/wp-content\/themes\/crybook\/images\/facebook.png?resize=16%2C16\" alt=\"Facebook\" width=\"16\" height=\"16\" \/> Facebook<\/a><\/p>\n<p><a title=\"Marat\u00f3n de Blogs 2011\" href=\"http:\/\/quechilero.com\/blog\/2011\/07\/31\/maraton-de-blogs-2011\/\">Lee aqu\u00ed, mas rese\u00f1as del Marat\u00f3n de Blogs 2011<\/a>.<\/p>\n<p><a title=\"Marat\u00f3n de Blogs\" href=\"http:\/\/quechilero.com\/blog\/?s=Marat%C3%B3n+de+Blogs\"><img data-recalc-dims=\"1\" loading=\"lazy\" decoding=\"async\" class=\"alignnone\" src=\"https:\/\/i0.wp.com\/i392.photobucket.com\/albums\/pp7\/pepejaguar\/maraton\/maraton2011.png?resize=460%2C125\" alt=\"\" width=\"460\" height=\"125\" \/><\/a><\/p>\n","protected":false},"excerpt":{"rendered":"<p>Luchas Libres y m\u00e1s es un blog de opini\u00f3n que desde septiembre de 2007, publica con regular frecuencia y a un promedio de unos diez art\u00edculos al mes, aunque en los \u00faltimos meses ha bajado a unos cinco aproximadamente. Teniendo como marco el lago de Atitl\u00e1n,\u00a0Luchas Libres y m\u00e1s\u00a0expresa los pensamientos de su autora, sobre &#8230; <a title=\"Marat\u00f3n de Blogs: Luchas Libres y m\u00e1s\" class=\"read-more\" href=\"https:\/\/quechilero.com\/blog\/2011\/08\/25\/maraton-de-blogs-luchas-libres-y-mas\/\" aria-label=\"Leer m\u00e1s sobre Marat\u00f3n de Blogs: Luchas Libres y m\u00e1s\">Leer m\u00e1s<\/a><\/p>\n","protected":false},"author":1,"featured_media":0,"comment_status":"open","ping_status":"open","sticky":false,"template":"","format":"standard","meta":{"advanced_seo_description":"","jetpack_seo_html_title":"","jetpack_seo_noindex":false,"episode_type":"","audio_file":"","cover_image":"","cover_image_id":"","duration":"","filesize":"","date_recorded":"","explicit":"","block":"","filesize_raw":"","jetpack_post_was_ever_published":false,"_jetpack_newsletter_access":"","_jetpack_dont_email_post_to_subs":false,"_jetpack_newsletter_tier_id":0,"_jetpack_memberships_contains_paywalled_content":false,"_jetpack_memberships_contains_paid_content":false,"footnotes":"","jetpack_publicize_message":"","jetpack_publicize_feature_enabled":true,"jetpack_social_post_already_shared":false,"jetpack_social_options":{"image_generator_settings":{"template":"highway","enabled":false},"version":2}},"categories":[61],"tags":[4,7,32,10,62],"series":[],"class_list":["post-9931","post","type-post","status-publish","format-standard","hentry","category-blogs-de-guatemala","tag-blog","tag-diseno","tag-especial","tag-guatemala","tag-maraton"],"episode_featured_image":false,"episode_player_image":"https:\/\/i0.wp.com\/quechilero.com\/blog\/imagenes\/podcast.png?fit=1831%2C1831&ssl=1","download_link":"","player_link":"","audio_player":false,"episode_data":{"playerMode":"dark","subscribeUrls":{"amazon":{"key":"amazon","url":"","label":"Amazon","class":"amazon","icon":"amazon.png"},"apple_podcasts":{"key":"apple_podcasts","url":"","label":"Apple Podcasts","class":"apple_podcasts","icon":"apple-podcasts.png"},"castbox":{"key":"castbox","url":"","label":"CastBox","class":"castbox","icon":"castbox.png"},"deezer":{"key":"deezer","url":"","label":"Deezer","class":"deezer","icon":"deezer.png"},"google_podcasts":{"key":"google_podcasts","url":"","label":"Google Podcasts","class":"google_podcasts","icon":"google-podcasts.png"},"listen_notes":{"key":"listen_notes","url":"","label":"Listen Notes","class":"listen_notes","icon":"listen-notes.png"},"pandora":{"key":"pandora","url":"","label":"Pandora","class":"pandora","icon":"pandora.png"},"podbean":{"key":"podbean","url":"","label":"Podbean","class":"podbean","icon":"podbean.png"},"podcast_republic":{"key":"podcast_republic","url":"","label":"Podcast Republic","class":"podcast_republic","icon":"podcast-republic.png"},"rss":{"key":"rss","url":"","label":"RSS","class":"rss","icon":"rss.png"},"spotify":{"key":"spotify","url":"","label":"Spotify","class":"spotify","icon":"spotify.png"},"stitcher":{"key":"stitcher","url":"","label":"Stitcher","class":"stitcher","icon":"stitcher.png"},"tunein":{"key":"tunein","url":"","label":"TuneIn","class":"tunein","icon":"tunein.png"},"youtube":{"key":"youtube","url":"","label":"YouTube","class":"youtube","icon":"youtube.png"},"iheartradio":{"key":"iheartradio","url":"","label":"iHeartRadio","class":"iheartradio","icon":"iheartradio.png"},"ivoox":{"key":"ivoox","url":"","label":"iVoox","class":"ivoox","icon":"ivoox.png"}},"rssFeedUrl":"https:\/\/quechilero.com\/blog\/feed\/podcast\/si-la-vida-nos-da-limones","embedCode":"<blockquote class=\"wp-embedded-content\" data-secret=\"k14SahKLDM\"><a href=\"https:\/\/quechilero.com\/blog\/2011\/08\/25\/maraton-de-blogs-luchas-libres-y-mas\/\">Marat\u00f3n de Blogs: Luchas Libres y m\u00e1s<\/a><\/blockquote><iframe sandbox=\"allow-scripts\" security=\"restricted\" src=\"https:\/\/quechilero.com\/blog\/2011\/08\/25\/maraton-de-blogs-luchas-libres-y-mas\/embed\/#?secret=k14SahKLDM\" width=\"500\" height=\"350\" title=\"\u00abMarat\u00f3n de Blogs: Luchas Libres y m\u00e1s\u00bb \u2014 Si la Vida nos da Limones...\" data-secret=\"k14SahKLDM\" frameborder=\"0\" marginwidth=\"0\" marginheight=\"0\" scrolling=\"no\" class=\"wp-embedded-content\"><\/iframe><script>\n\/*! This file is auto-generated *\/\n!function(d,l){\"use strict\";l.querySelector&&d.addEventListener&&\"undefined\"!=typeof URL&&(d.wp=d.wp||{},d.wp.receiveEmbedMessage||(d.wp.receiveEmbedMessage=function(e){var t=e.data;if((t||t.secret||t.message||t.value)&&!\/[^a-zA-Z0-9]\/.test(t.secret)){for(var s,r,n,a=l.querySelectorAll('iframe[data-secret=\"'+t.secret+'\"]'),o=l.querySelectorAll('blockquote[data-secret=\"'+t.secret+'\"]'),c=new RegExp(\"^https?:$\",\"i\"),i=0;i<o.length;i++)o[i].style.display=\"none\";for(i=0;i<a.length;i++)s=a[i],e.source===s.contentWindow&&(s.removeAttribute(\"style\"),\"height\"===t.message?(1e3<(r=parseInt(t.value,10))?r=1e3:~~r<200&&(r=200),s.height=r):\"link\"===t.message&&(r=new URL(s.getAttribute(\"src\")),n=new URL(t.value),c.test(n.protocol))&&n.host===r.host&&l.activeElement===s&&(d.top.location.href=t.value))}},d.addEventListener(\"message\",d.wp.receiveEmbedMessage,!1),l.addEventListener(\"DOMContentLoaded\",function(){for(var e,t,s=l.querySelectorAll(\"iframe.wp-embedded-content\"),r=0;r<s.length;r++)(t=(e=s[r]).getAttribute(\"data-secret\"))||(t=Math.random().toString(36).substring(2,12),e.src+=\"#?secret=\"+t,e.setAttribute(\"data-secret\",t)),e.contentWindow.postMessage({message:\"ready\",secret:t},\"*\")},!1)))}(window,document);\n\/\/# sourceURL=https:\/\/quechilero.com\/blog\/wp-includes\/js\/wp-embed.min.js\n<\/script>\n"},"jetpack_publicize_connections":[],"jetpack_featured_media_url":"","jetpack_shortlink":"https:\/\/wp.me\/pDKli-2Ab","jetpack_sharing_enabled":true,"jetpack-related-posts":[],"_links":{"self":[{"href":"https:\/\/quechilero.com\/blog\/wp-json\/wp\/v2\/posts\/9931","targetHints":{"allow":["GET"]}}],"collection":[{"href":"https:\/\/quechilero.com\/blog\/wp-json\/wp\/v2\/posts"}],"about":[{"href":"https:\/\/quechilero.com\/blog\/wp-json\/wp\/v2\/types\/post"}],"author":[{"embeddable":true,"href":"https:\/\/quechilero.com\/blog\/wp-json\/wp\/v2\/users\/1"}],"replies":[{"embeddable":true,"href":"https:\/\/quechilero.com\/blog\/wp-json\/wp\/v2\/comments?post=9931"}],"version-history":[{"count":0,"href":"https:\/\/quechilero.com\/blog\/wp-json\/wp\/v2\/posts\/9931\/revisions"}],"wp:attachment":[{"href":"https:\/\/quechilero.com\/blog\/wp-json\/wp\/v2\/media?parent=9931"}],"wp:term":[{"taxonomy":"category","embeddable":true,"href":"https:\/\/quechilero.com\/blog\/wp-json\/wp\/v2\/categories?post=9931"},{"taxonomy":"post_tag","embeddable":true,"href":"https:\/\/quechilero.com\/blog\/wp-json\/wp\/v2\/tags?post=9931"},{"taxonomy":"series","embeddable":true,"href":"https:\/\/quechilero.com\/blog\/wp-json\/wp\/v2\/series?post=9931"}],"curies":[{"name":"wp","href":"https:\/\/api.w.org\/{rel}","templated":true}]}}