{"id":9929,"date":"2011-08-23T09:00:45","date_gmt":"2011-08-23T15:00:45","guid":{"rendered":"http:\/\/quechilero.com\/blog\/?p=9929"},"modified":"2011-08-23T09:00:45","modified_gmt":"2011-08-23T15:00:45","slug":"maraton-de-blogs-guatemala-daily-photo","status":"publish","type":"post","link":"https:\/\/quechilero.com\/blog\/2011\/08\/23\/maraton-de-blogs-guatemala-daily-photo\/","title":{"rendered":"Marat\u00f3n de Blogs: Guatemala Daily Photo"},"content":{"rendered":"<p><a title=\"Marat\u00f3n de Blogs: El Centro Hist\u00e9rico\" href=\"http:\/\/guatemaladailyphoto.com\/\" target=\"_blank\"><img data-recalc-dims=\"1\" loading=\"lazy\" decoding=\"async\" class=\"alignnone\" src=\"https:\/\/i0.wp.com\/i392.photobucket.com\/albums\/pp7\/pepejaguar\/maraton\/guatemala-daily.png?resize=560%2C280\" alt=\"\" width=\"560\" height=\"280\" \/><\/a><\/p>\n<p><a title=\"Marat\u00f3n de Blogs\" href=\"http:\/\/quechilero.com\/blog\/?s=%22daily+photo%22\" target=\"_blank\">Completando la <em>trilog\u00eda<\/em><\/a>\u00a0en abril de 2011 se publica el primer art\u00edculo de <a title=\"Marat\u00f3n de Blogs: Guatemala Daily Photo\" href=\"http:\/\/guatemaladailyphoto.com\/\" target=\"_blank\">Guatemala Daily Photo<\/a>, es el <em>tercer proyecto<\/em>\u00a0que <em>Rudy Gir\u00f3n<\/em>\u00a0apoya fuertemente, con el objetivo de promover lo bueno que tiene Guatemala, usando como herramienta de divulgaci\u00f3n la fotograf\u00eda.<\/p>\n<p><a title=\"Marat\u00f3n de Blogs: Guatemala Daily Photo\" href=\"http:\/\/guatemaladailyphoto.com\/\" target=\"_blank\">Guatemala Daily Photo<\/a>\u00a0es dirigido por <em>Hugo Muralles<\/em>, quien recibe colaboraciones de <em>Arturo Godoy y Rudy Gir\u00f3n<\/em>, con ellos al frente, es indiscutible la excelente calidad de las fotograf\u00edas que se podr\u00e1n encontrar, captando e inmortalizando esos momentos y lugares por los que sus c\u00e1maras hacen presencia.<\/p>\n<p>Una vez mas la premisa de publicar una fotograf\u00eda diaria, es lo que mueve a este blog y que al igual que sus <em><a title=\"Marat\u00f3n de Blogs\" href=\"http:\/\/quechilero.com\/blog\/?s=%22daily+photo%22\" target=\"_blank\">blogs hermanos<\/a><\/em>, cumple para satisfacci\u00f3n de sus seguidores y amantes de la fotograf\u00eda. Aunque el nombre hace referencia a <em>Guatemala<\/em>, la mayor parte de fotograf\u00edas son de la <em>Ciudad de Guatemala<\/em>\u00a0(capital del pa\u00eds), pero es agradable encontrar de vez en cuando, algunas <em>pinceladas fotogr\u00e1ficas<\/em>, con im\u00e1genes tomadas en otras regiones geogr\u00e1ficas.<\/p>\n<p>Estoy seguro que conforme vaya pasando el tiempo, el repertorio ir\u00e1 creciendo mas y mas. Pero eso no impide en que en\u00a0<a title=\"Marat\u00f3n de Blogs: Guatemala Daily Photo\" href=\"http:\/\/guatemaladailyphoto.com\/\" target=\"_blank\">Guatemala Daily Photo<\/a>\u00a0encontremos ya un maravilloso archivo fotogr\u00e1fico, con escenas <em>desconocidas<\/em>\u00a0de la ciudad, pero que no pasan desapercibidas para el <em>ojo entrenado<\/em>\u00a0de los fot\u00f3grafos que ac\u00e1 comparten sus capturas fotogr\u00e1ficas.<\/p>\n<p>Algunas escenas probablemente las reconoceremos, sin embargo al ver los juegos de luces, el exquisito manejo de sombras y contrastes, la perfecci\u00f3n en el uso de las tonalidades, no dejamos de sorprendernos como si fuera la primera vez que vemos ese lugar.<\/p>\n<p>No queda duda del gran valor hist\u00f3rico y documental, que con <em>una foto diaria<\/em>, se est\u00e1 creando d\u00eda a d\u00eda, que junto a los cortos textos en <em>ingl\u00e9s<\/em>, que acompa\u00f1an a las im\u00e1genes,\u00a0<a title=\"Marat\u00f3n de Blogs: Guatemala Daily Photo\" href=\"http:\/\/guatemaladailyphoto.com\/\" target=\"_blank\">Guatemala Daily Photo<\/a>\u00a0se constituye en una fuente de consulta obligada.<\/p>\n<p>Los invito a suscribirse y comentar cada d\u00eda al visitar\u00a0<a title=\"Marat\u00f3n de Blogs: Guatemala Daily Photo\" href=\"http:\/\/guatemaladailyphoto.com\/\" target=\"_blank\">Guatemala Daily Photo<\/a>.<\/p>\n<p>Ap\u00f3ya en:\u00a0<a class=\"plano\" title=\"Comp\u00e1rtelo en Twitter\" href=\"http:\/\/twitter.com\/home?status=Marat\u00f3n de Blogs 2011: Apoyando a Guatemala Daily Photo - http:\/\/quechilero.com\/blog\/2011\/08\/23\/maraton-de-blogs-guatemala-daily-photo\/\"><img data-recalc-dims=\"1\" loading=\"lazy\" decoding=\"async\" class=\"alignnone\" src=\"https:\/\/i0.wp.com\/quechilero.com\/blog\/wp-content\/themes\/crybook\/images\/twitter.png?resize=16%2C16\" alt=\"Twitter\" width=\"16\" height=\"16\" \/> Twitter<\/a> <a class=\"plano\" href=\"http:\/\/www.facebook.com\/sharer.php?u=http:\/\/quechilero.com\/blog\/2011\/08\/23\/maraton-de-blogs-guatemala-daily-photo\/&amp;t=Marat\u00f3n de Blogs: Apoyando a Guatemala Daily Photo\"><img data-recalc-dims=\"1\" loading=\"lazy\" decoding=\"async\" class=\"alignnone\" src=\"https:\/\/i0.wp.com\/quechilero.com\/blog\/wp-content\/themes\/crybook\/images\/facebook.png?resize=16%2C16\" alt=\"Facebook\" width=\"16\" height=\"16\" \/> Facebook<\/a><\/p>\n<p><a title=\"Marat\u00f3n de Blogs 2011\" href=\"http:\/\/quechilero.com\/blog\/2011\/07\/31\/maraton-de-blogs-2011\/\">Lee aqu\u00ed, mas rese\u00f1as del Marat\u00f3n de Blogs 2011<\/a>.<\/p>\n<p><a title=\"Marat\u00f3n de Blogs\" href=\"http:\/\/quechilero.com\/blog\/?s=Marat%C3%B3n+de+Blogs\"><img data-recalc-dims=\"1\" loading=\"lazy\" decoding=\"async\" class=\"alignnone\" src=\"https:\/\/i0.wp.com\/i392.photobucket.com\/albums\/pp7\/pepejaguar\/maraton\/maraton2011.png?resize=460%2C125\" alt=\"\" width=\"460\" height=\"125\" \/><\/a><\/p>\n","protected":false},"excerpt":{"rendered":"<p>Completando la trilog\u00eda\u00a0en abril de 2011 se publica el primer art\u00edculo de Guatemala Daily Photo, es el tercer proyecto\u00a0que Rudy Gir\u00f3n\u00a0apoya fuertemente, con el objetivo de promover lo bueno que tiene Guatemala, usando como herramienta de divulgaci\u00f3n la fotograf\u00eda. Guatemala Daily Photo\u00a0es dirigido por Hugo Muralles, quien recibe colaboraciones de Arturo Godoy y Rudy Gir\u00f3n, &#8230; <a title=\"Marat\u00f3n de Blogs: Guatemala Daily Photo\" class=\"read-more\" href=\"https:\/\/quechilero.com\/blog\/2011\/08\/23\/maraton-de-blogs-guatemala-daily-photo\/\" aria-label=\"Leer m\u00e1s sobre Marat\u00f3n de Blogs: Guatemala Daily Photo\">Leer m\u00e1s<\/a><\/p>\n","protected":false},"author":1,"featured_media":0,"comment_status":"open","ping_status":"open","sticky":false,"template":"","format":"standard","meta":{"advanced_seo_description":"","jetpack_seo_html_title":"","jetpack_seo_noindex":false,"jetpack_seo_schema_type":"","episode_type":"","audio_file":"","podmotor_file_id":"","podmotor_episode_id":"","cover_image":"","cover_image_id":"","duration":"","filesize":"","filesize_raw":"","date_recorded":"","explicit":"","block":"","_jetpack_newsletter_access":"","_jetpack_dont_email_post_to_subs":false,"_jetpack_newsletter_tier_id":0,"_jetpack_memberships_contains_paywalled_content":false,"_jetpack_feature_clip_id":0,"_jetpack_memberships_contains_paid_content":false,"footnotes":"","jetpack_publicize_message":"","jetpack_publicize_feature_enabled":true,"jetpack_social_post_already_shared":false,"jetpack_social_options":{"image_generator_settings":{"template":"highway","default_image_id":0,"font":"","enabled":false},"version":2},"jetpack_post_was_ever_published":false},"categories":[61],"tags":[14,4,8,10,62,43,23,5],"series":[],"class_list":["post-9929","post","type-post","status-publish","format-standard","hentry","category-blogs-de-guatemala","tag-accion","tag-blog","tag-fotografia","tag-guatemala","tag-maraton","tag-proyecto","tag-satisfaccion","tag-tiempo"],"episode_featured_image":false,"episode_player_image":"https:\/\/i0.wp.com\/quechilero.com\/blog\/imagenes\/podcast.png?fit=1831%2C1831&ssl=1","download_link":"","player_link":"","audio_player":false,"episode_data":{"playerMode":"dark","subscribeUrls":{"amazon":{"key":"amazon","url":"","label":"Amazon","class":"amazon","icon":"amazon.png"},"apple_podcasts":{"key":"apple_podcasts","url":"","label":"Apple Podcasts","class":"apple_podcasts","icon":"apple-podcasts.png"},"castbox":{"key":"castbox","url":"","label":"CastBox","class":"castbox","icon":"castbox.png"},"deezer":{"key":"deezer","url":"","label":"Deezer","class":"deezer","icon":"deezer.png"},"google_podcasts":{"key":"google_podcasts","url":"","label":"Google Podcasts","class":"google_podcasts","icon":"google-podcasts.png"},"listen_notes":{"key":"listen_notes","url":"","label":"Listen Notes","class":"listen_notes","icon":"listen-notes.png"},"pandora":{"key":"pandora","url":"","label":"Pandora","class":"pandora","icon":"pandora.png"},"podbean":{"key":"podbean","url":"","label":"Podbean","class":"podbean","icon":"podbean.png"},"podcast_republic":{"key":"podcast_republic","url":"","label":"Podcast Republic","class":"podcast_republic","icon":"podcast-republic.png"},"rss":{"key":"rss","url":"","label":"RSS","class":"rss","icon":"rss.png"},"spotify":{"key":"spotify","url":"","label":"Spotify","class":"spotify","icon":"spotify.png"},"stitcher":{"key":"stitcher","url":"","label":"Stitcher","class":"stitcher","icon":"stitcher.png"},"tunein":{"key":"tunein","url":"","label":"TuneIn","class":"tunein","icon":"tunein.png"},"youtube":{"key":"youtube","url":"","label":"YouTube","class":"youtube","icon":"youtube.png"},"iheartradio":{"key":"iheartradio","url":"","label":"iHeartRadio","class":"iheartradio","icon":"iheartradio.png"},"ivoox":{"key":"ivoox","url":"","label":"iVoox","class":"ivoox","icon":"ivoox.png"}},"rssFeedUrl":"https:\/\/quechilero.com\/blog\/feed\/podcast\/si-la-vida-nos-da-limones","embedCode":"<blockquote class=\"wp-embedded-content\" data-secret=\"PzLDKLATzx\"><a href=\"https:\/\/quechilero.com\/blog\/2011\/08\/23\/maraton-de-blogs-guatemala-daily-photo\/\">Marat\u00f3n de Blogs: Guatemala Daily Photo<\/a><\/blockquote><iframe sandbox=\"allow-scripts\" security=\"restricted\" src=\"https:\/\/quechilero.com\/blog\/2011\/08\/23\/maraton-de-blogs-guatemala-daily-photo\/embed\/#?secret=PzLDKLATzx\" width=\"500\" height=\"350\" title=\"\u00abMarat\u00f3n de Blogs: Guatemala Daily Photo\u00bb \u2014 Si la Vida nos da Limones...\" data-secret=\"PzLDKLATzx\" frameborder=\"0\" marginwidth=\"0\" marginheight=\"0\" scrolling=\"no\" class=\"wp-embedded-content\"><\/iframe><script>\n\/*! This file is auto-generated *\/\n!function(d,l){\"use strict\";l.querySelector&&d.addEventListener&&\"undefined\"!=typeof URL&&(d.wp=d.wp||{},d.wp.receiveEmbedMessage||(d.wp.receiveEmbedMessage=function(e){var t=e.data;if((t||t.secret||t.message||t.value)&&!\/[^a-zA-Z0-9]\/.test(t.secret)){for(var s,r,n,a=l.querySelectorAll('iframe[data-secret=\"'+t.secret+'\"]'),o=l.querySelectorAll('blockquote[data-secret=\"'+t.secret+'\"]'),c=new RegExp(\"^https?:$\",\"i\"),i=0;i<o.length;i++)o[i].style.display=\"none\";for(i=0;i<a.length;i++)s=a[i],e.source===s.contentWindow&&(s.removeAttribute(\"style\"),\"height\"===t.message?(1e3<(r=parseInt(t.value,10))?r=1e3:~~r<200&&(r=200),s.height=r):\"link\"===t.message&&(r=new URL(s.getAttribute(\"src\")),n=new URL(t.value),c.test(n.protocol))&&n.host===r.host&&l.activeElement===s&&(d.top.location.href=t.value))}},d.addEventListener(\"message\",d.wp.receiveEmbedMessage,!1),l.addEventListener(\"DOMContentLoaded\",function(){for(var e,t,s=l.querySelectorAll(\"iframe.wp-embedded-content\"),r=0;r<s.length;r++)(t=(e=s[r]).getAttribute(\"data-secret\"))||(t=Math.random().toString(36).substring(2,12),e.src+=\"#?secret=\"+t,e.setAttribute(\"data-secret\",t)),e.contentWindow.postMessage({message:\"ready\",secret:t},\"*\")},!1)))}(window,document);\n\/\/# sourceURL=https:\/\/quechilero.com\/blog\/wp-includes\/js\/wp-embed.min.js\n<\/script>\n"},"jetpack_publicize_connections":[],"jetpack_shortlink":"https:\/\/wp.me\/pDKli-2A9","jetpack_sharing_enabled":true,"jetpack-related-posts":[{"id":1268,"url":"https:\/\/quechilero.com\/blog\/2008\/08\/18\/la-antigua-guatemala-daily-photo-2\/","url_meta":{"origin":9929,"position":0},"title":"Marat\u00f3n &#8211; La Antigua Guatemala Daily Photo","author":"Pepe Barrascout Ortiz","date":"18 agosto 2008","format":false,"excerpt":"Un fotoblog de una calidad extraordinaria, sin precedentes en Guatemala, que muy merecidamente, acumula reconocimientos generados en todo el mundo. La Antigua Guatemala Daily Photo (Fotograf\u00edas diarias de La Antigua Guatemala, traducci\u00f3n libre) es a la fecha, el mejor fotoblog hecho de Guatemala. Y es que La Antigua Guatemala Daily\u2026","rel":"","context":"En \u00abBlogs de Guatemala\u00bb","block_context":{"text":"Blogs de Guatemala","link":"https:\/\/quechilero.com\/blog\/category\/blogs-de-guatemala\/"},"img":{"alt_text":"Antigua Daily Photo","src":"https:\/\/i0.wp.com\/img98.imageshack.us\/img98\/6043\/maratonlu7.jpg?resize=350%2C200","width":350,"height":200},"classes":[]},{"id":9927,"url":"https:\/\/quechilero.com\/blog\/2011\/08\/21\/maraton-de-blogs-antigua-daily-photo\/","url_meta":{"origin":9929,"position":1},"title":"Marat\u00f3n de Blogs: Antigua Daily Photo","author":"Pepe Barrascout Ortiz","date":"21 agosto 2011","format":false,"excerpt":"Una Foto diaria de Antigua, es la promesa que Antigua Daily Photo ha cumplido por mas de cinco a\u00f1os. Un proyecto de Rudy Gir\u00f3n\u00a0que desde mayo de 2006 ha dado a conocer al mundo entero, las bellezas culturales, arquitect\u00f3nicas, naturales\u00a0que tiene Antigua Guatemala. Antigua Daily Photo\u00a0est\u00e1 dirigido en primera instancia,\u2026","rel":"","context":"En \u00abBlogs de Guatemala\u00bb","block_context":{"text":"Blogs de Guatemala","link":"https:\/\/quechilero.com\/blog\/category\/blogs-de-guatemala\/"},"img":{"alt_text":"","src":"https:\/\/i0.wp.com\/i392.photobucket.com\/albums\/pp7\/pepejaguar\/maraton\/antigua-daily.png?resize=350%2C200","width":350,"height":200,"srcset":"https:\/\/i0.wp.com\/i392.photobucket.com\/albums\/pp7\/pepejaguar\/maraton\/antigua-daily.png?resize=350%2C200 1x, https:\/\/i0.wp.com\/i392.photobucket.com\/albums\/pp7\/pepejaguar\/maraton\/antigua-daily.png?resize=525%2C300 1.5x"},"classes":[]},{"id":9928,"url":"https:\/\/quechilero.com\/blog\/2011\/08\/22\/maraton-de-blogs-xela-daily-photo\/","url_meta":{"origin":9929,"position":2},"title":"Marat\u00f3n de Blogs: Xela Daily Photo","author":"Pepe Barrascout Ortiz","date":"22 agosto 2011","format":false,"excerpt":"Xela Daily Photo es otro de los proyectos apoyados por Rudy Gir\u00f3n. Su primera publicaci\u00f3n fue en noviembre de 2010 y pr\u00f3ximo a cumplir su primer a\u00f1o, ha cumplido el objetivo de publicar una fotograf\u00eda diaria de la ciudad altense. Este blog es dirigido por Luna McCarthy, quien actualmente reside\u2026","rel":"","context":"En \u00abBlogs de Guatemala\u00bb","block_context":{"text":"Blogs de Guatemala","link":"https:\/\/quechilero.com\/blog\/category\/blogs-de-guatemala\/"},"img":{"alt_text":"","src":"https:\/\/i0.wp.com\/i392.photobucket.com\/albums\/pp7\/pepejaguar\/maraton\/xela-daily.png?resize=350%2C200","width":350,"height":200,"srcset":"https:\/\/i0.wp.com\/i392.photobucket.com\/albums\/pp7\/pepejaguar\/maraton\/xela-daily.png?resize=350%2C200 1x, https:\/\/i0.wp.com\/i392.photobucket.com\/albums\/pp7\/pepejaguar\/maraton\/xela-daily.png?resize=525%2C300 1.5x"},"classes":[]},{"id":637,"url":"https:\/\/quechilero.com\/blog\/2007\/08\/21\/maraton-de-blogs-pupusas-gigantes\/","url_meta":{"origin":9929,"position":3},"title":"Marat\u00f3n de Blogs &#8211; Pupusas Gigantes","author":"Pepe Barrascout Ortiz","date":"21 agosto 2007","format":false,"excerpt":"Sigue el Marat\u00f3n de Blogs, con este texto publicado originalmente en el blog Cr\u00f3nicas Ef\u00edmeras, donde su autor Rudy Gir\u00f3n, nos deleita regularmente con textos interesantes, no es la primera vez que Rudy, quien tambi\u00e9n es autor de Antigua Daily Photo, nos sorprende con un texto por dem\u00e1s interesante. Recomiendo\u2026","rel":"","context":"En \u00abLimones\u00bb","block_context":{"text":"Limones","link":"https:\/\/quechilero.com\/blog\/category\/limones\/"},"img":{"alt_text":"Pupusas Gigantes","src":"https:\/\/i0.wp.com\/img329.imageshack.us\/img329\/6290\/pupusas20gigantes20en20ql2.jpg?resize=350%2C200","width":350,"height":200},"classes":[]},{"id":9973,"url":"https:\/\/quechilero.com\/blog\/2011\/07\/31\/maraton-de-blogs-2011\/","url_meta":{"origin":9929,"position":4},"title":"Marat\u00f3n de Blogs 2011","author":"Pepe Barrascout Ortiz","date":"31 julio 2011","format":false,"excerpt":"En el 2011 llevamos a cabo la sexta edici\u00f3n del Marat\u00f3n de Blogs, una actividad tradicional, que tiene como principal objetivo, dar a conocer \u00a0buenos e interesantes blogs que son publicados por guatemaltecos, la variedad de temas es lo que los hace por dem\u00e1s interesantes, porque podemos encontrar para todos\u2026","rel":"","context":"En \u00abBlogs de Guatemala\u00bb","block_context":{"text":"Blogs de Guatemala","link":"https:\/\/quechilero.com\/blog\/category\/blogs-de-guatemala\/"},"img":{"alt_text":"","src":"https:\/\/i0.wp.com\/i392.photobucket.com\/albums\/pp7\/pepejaguar\/maraton\/maraton2011.png?resize=350%2C200","width":350,"height":200},"classes":[]},{"id":3217,"url":"https:\/\/quechilero.com\/blog\/2009\/08\/01\/maraton-de-blogs-recapitulando\/","url_meta":{"origin":9929,"position":5},"title":"Marat\u00f3n de Blogs: Recapitulando","author":"Pepe Barrascout Ortiz","date":"1 agosto 2009","format":false,"excerpt":"Ha pasado un a\u00f1o, desde del anterior Marat\u00f3n de Blogs y han sido muchos los Blogs de Guatemala que se han ido sumando, en parte por la relativa facilidad de acceso a internet, que hay en nuestro pa\u00eds, aunque a\u00fan estamos muy lejos, de lo que realmente deber\u00edamos de estar\u2026","rel":"","context":"En \u00abBlogs de Guatemala\u00bb","block_context":{"text":"Blogs de Guatemala","link":"https:\/\/quechilero.com\/blog\/category\/blogs-de-guatemala\/"},"img":{"alt_text":"","src":"","width":0,"height":0},"classes":[]}],"jetpack_featured_media_url":"","_links":{"self":[{"href":"https:\/\/quechilero.com\/blog\/wp-json\/wp\/v2\/posts\/9929","targetHints":{"allow":["GET"]}}],"collection":[{"href":"https:\/\/quechilero.com\/blog\/wp-json\/wp\/v2\/posts"}],"about":[{"href":"https:\/\/quechilero.com\/blog\/wp-json\/wp\/v2\/types\/post"}],"author":[{"embeddable":true,"href":"https:\/\/quechilero.com\/blog\/wp-json\/wp\/v2\/users\/1"}],"replies":[{"embeddable":true,"href":"https:\/\/quechilero.com\/blog\/wp-json\/wp\/v2\/comments?post=9929"}],"version-history":[{"count":0,"href":"https:\/\/quechilero.com\/blog\/wp-json\/wp\/v2\/posts\/9929\/revisions"}],"wp:attachment":[{"href":"https:\/\/quechilero.com\/blog\/wp-json\/wp\/v2\/media?parent=9929"}],"wp:term":[{"taxonomy":"category","embeddable":true,"href":"https:\/\/quechilero.com\/blog\/wp-json\/wp\/v2\/categories?post=9929"},{"taxonomy":"post_tag","embeddable":true,"href":"https:\/\/quechilero.com\/blog\/wp-json\/wp\/v2\/tags?post=9929"},{"taxonomy":"series","embeddable":true,"href":"https:\/\/quechilero.com\/blog\/wp-json\/wp\/v2\/series?post=9929"}],"curies":[{"name":"wp","href":"https:\/\/api.w.org\/{rel}","templated":true}]}}