{"id":9925,"date":"2011-08-18T09:00:41","date_gmt":"2011-08-18T15:00:41","guid":{"rendered":"http:\/\/quechilero.com\/blog\/?p=9925"},"modified":"2011-08-18T09:00:41","modified_gmt":"2011-08-18T15:00:41","slug":"maraton-de-blogs-_el-lab-fotografia","status":"publish","type":"post","link":"https:\/\/quechilero.com\/blog\/2011\/08\/18\/maraton-de-blogs-_el-lab-fotografia\/","title":{"rendered":"Marat\u00f3n de Blogs: _el lab [fotograf\u00eda]"},"content":{"rendered":"<p><a title=\"Marat\u00f3n de Blogs: El Centro Hist\u00e9rico\" href=\"http:\/\/contrastevisual.blogspot.com\/\" target=\"_blank\"><img data-recalc-dims=\"1\" loading=\"lazy\" decoding=\"async\" class=\"alignnone\" src=\"https:\/\/i0.wp.com\/i392.photobucket.com\/albums\/pp7\/pepejaguar\/maraton\/lab-fotografia.png?resize=560%2C280\" alt=\"\" width=\"560\" height=\"280\" \/><\/a><\/p>\n<p>Fotograf\u00edas <em>fuera de lo com\u00fan<\/em>, podr\u00eda ser la definici\u00f3n de <a title=\"Marat\u00f3n de Blogs: _el lab [fotograf\u00eda]\" href=\"http:\/\/contrastevisual.blogspot.com\/\" target=\"_blank\">_el lab [fotograf\u00eda]<\/a>, sin embargo, se autodefine como <em>Un espacio dedicado a la fotograf\u00eda documental, como un medio flexible y vulnerable, en el que se exprimen mis sentimientos y algunos pensamientos. Este es mi laboratorio fotogr\u00e1fico<\/em>.<\/p>\n<p><em>Morena<\/em>, como se identifica la autora del blog, es comunicadora visual, fot\u00f3grafa documentalista y especialista en direcci\u00f3n de arte editorial. Con ese curriculum, ya tenemos una muy buena idea de la calidad visual del material que encontraremos en\u00a0<a title=\"Marat\u00f3n de Blogs: _el lab [fotograf\u00eda]\" href=\"http:\/\/contrastevisual.blogspot.com\/\" target=\"_blank\">_el lab [fotograf\u00eda]<\/a>.<\/p>\n<p>Si andan en b\u00fasqueda de fotograf\u00eda tradicional, este no es el lugar. Sin embargo para los fot\u00f3grafos y amantes de la fotograf\u00eda, con amplia visi\u00f3n, que exploran nuevos \u00e1ngulos, nuevos temas, sin miedo a las tomas arriesgadas, a los juegos arriesgados de luz y sombras, entonces para ustedes,\u00a0<a title=\"Marat\u00f3n de Blogs: _el lab [fotograf\u00eda]\" href=\"http:\/\/contrastevisual.blogspot.com\/\" target=\"_blank\">_el lab [fotograf\u00eda]<\/a>\u00a0es una fuente inagotable de inspiraci\u00f3n.<\/p>\n<p>Algunos detalles del dise\u00f1o del blog, podr\u00edan hacer que la experiencia al visitar\u00a0<a title=\"Marat\u00f3n de Blogs: _el lab [fotograf\u00eda]\" href=\"http:\/\/contrastevisual.blogspot.com\/\" target=\"_blank\">_el lab [fotograf\u00eda]<\/a>\u00a0sea mucho mejor, por ejemplo, al ser un blog dedicado a la fotograf\u00eda, \u00e9stas debieran de tener un mayor tama\u00f1o, para que sean las reales protagonistas, con el dise\u00f1o actual quedan un poco en segundo plano. Adem\u00e1s, algunos elementos en la columna derecha, est\u00e1n fuera de lugar y rompen el dise\u00f1o, en especial los reproductores en flash.<\/p>\n<p>Espero que una pr\u00f3xima actualizaci\u00f3n del dise\u00f1o del blog, elijan una plantilla mas adecuada, que <em>Morena<\/em>, revise y cuide estos detalles, porque su trabajo fotogr\u00e1fico es tan bueno, que merece ser resaltado desde el dise\u00f1o del blog.<\/p>\n<p>Los invito a que visiten\u00a0<a title=\"Marat\u00f3n de Blogs: _el lab [fotograf\u00eda]\" href=\"http:\/\/contrastevisual.blogspot.com\/\" target=\"_blank\">_el lab [fotograf\u00eda]<\/a>, pueden navegar a lo largo de <em>sus p\u00e1ginas<\/em>\u00a0y poco a poco ir descubriendo y aprendiendo de este material fotogr\u00e1fico, vale la pena suscribirse para recibir las actualizaciones.<\/p>\n<p>Ap\u00f3ya en:\u00a0<a class=\"plano\" title=\"Comp\u00e1rtelo en Twitter\" href=\"http:\/\/twitter.com\/home?status=Marat\u00f3n de Blogs 2011: Apoyando a _el lab [fotograf\u00eda] - http:\/\/quechilero.com\/blog\/2011\/08\/18\/maraton-de-blogs-_el-lab-fotografia\/\"><img data-recalc-dims=\"1\" loading=\"lazy\" decoding=\"async\" class=\"alignnone\" src=\"https:\/\/i0.wp.com\/quechilero.com\/blog\/wp-content\/themes\/crybook\/images\/twitter.png?resize=16%2C16\" alt=\"Twitter\" width=\"16\" height=\"16\" \/> Twitter<\/a> <a class=\"plano\" href=\"http:\/\/www.facebook.com\/sharer.php?u=http:\/\/quechilero.com\/blog\/2011\/08\/18\/maraton-de-blogs-_el-lab-fotografia\/&amp;t=Marat\u00f3n de Blogs: Apoyando a _el lab [fotograf\u00eda]\"><img data-recalc-dims=\"1\" loading=\"lazy\" decoding=\"async\" class=\"alignnone\" src=\"https:\/\/i0.wp.com\/quechilero.com\/blog\/wp-content\/themes\/crybook\/images\/facebook.png?resize=16%2C16\" alt=\"Facebook\" width=\"16\" height=\"16\" \/> Facebook<\/a><\/p>\n<p><a title=\"Marat\u00f3n de Blogs 2011\" href=\"http:\/\/quechilero.com\/blog\/2011\/07\/31\/maraton-de-blogs-2011\/\">Lee aqu\u00ed, mas rese\u00f1as del Marat\u00f3n de Blogs 2011<\/a>.<\/p>\n<p><a title=\"Marat\u00f3n de Blogs\" href=\"http:\/\/quechilero.com\/blog\/?s=Marat%C3%B3n+de+Blogs\"><img data-recalc-dims=\"1\" loading=\"lazy\" decoding=\"async\" class=\"alignnone\" src=\"https:\/\/i0.wp.com\/i392.photobucket.com\/albums\/pp7\/pepejaguar\/maraton\/maraton2011.png?resize=460%2C125\" alt=\"\" width=\"460\" height=\"125\" \/><\/a><\/p>\n","protected":false},"excerpt":{"rendered":"<p>Fotograf\u00edas fuera de lo com\u00fan, podr\u00eda ser la definici\u00f3n de _el lab [fotograf\u00eda], sin embargo, se autodefine como Un espacio dedicado a la fotograf\u00eda documental, como un medio flexible y vulnerable, en el que se exprimen mis sentimientos y algunos pensamientos. Este es mi laboratorio fotogr\u00e1fico. Morena, como se identifica la autora del blog, es &#8230; <a title=\"Marat\u00f3n de Blogs: _el lab [fotograf\u00eda]\" class=\"read-more\" href=\"https:\/\/quechilero.com\/blog\/2011\/08\/18\/maraton-de-blogs-_el-lab-fotografia\/\" aria-label=\"Leer m\u00e1s sobre Marat\u00f3n de Blogs: _el lab [fotograf\u00eda]\">Leer m\u00e1s<\/a><\/p>\n","protected":false},"author":1,"featured_media":0,"comment_status":"open","ping_status":"open","sticky":false,"template":"","format":"standard","meta":{"advanced_seo_description":"","jetpack_seo_html_title":"","jetpack_seo_noindex":false,"episode_type":"","audio_file":"","cover_image":"","cover_image_id":"","duration":"","filesize":"","date_recorded":"","explicit":"","block":"","filesize_raw":"","jetpack_post_was_ever_published":false,"_jetpack_newsletter_access":"","_jetpack_dont_email_post_to_subs":false,"_jetpack_newsletter_tier_id":0,"_jetpack_memberships_contains_paywalled_content":false,"_jetpack_memberships_contains_paid_content":false,"footnotes":"","jetpack_publicize_message":"","jetpack_publicize_feature_enabled":true,"jetpack_social_post_already_shared":false,"jetpack_social_options":{"image_generator_settings":{"template":"highway","enabled":false},"version":2}},"categories":[61],"tags":[4,7,32,8,9,62,82,36],"series":[],"class_list":["post-9925","post","type-post","status-publish","format-standard","hentry","category-blogs-de-guatemala","tag-blog","tag-diseno","tag-especial","tag-fotografia","tag-idea","tag-maraton","tag-sentimiento","tag-trabajo"],"episode_featured_image":false,"episode_player_image":"https:\/\/i0.wp.com\/quechilero.com\/blog\/imagenes\/podcast.png?fit=1831%2C1831&ssl=1","download_link":"","player_link":"","audio_player":false,"episode_data":{"playerMode":"dark","subscribeUrls":{"amazon":{"key":"amazon","url":"","label":"Amazon","class":"amazon","icon":"amazon.png"},"apple_podcasts":{"key":"apple_podcasts","url":"","label":"Apple Podcasts","class":"apple_podcasts","icon":"apple-podcasts.png"},"castbox":{"key":"castbox","url":"","label":"CastBox","class":"castbox","icon":"castbox.png"},"deezer":{"key":"deezer","url":"","label":"Deezer","class":"deezer","icon":"deezer.png"},"google_podcasts":{"key":"google_podcasts","url":"","label":"Google Podcasts","class":"google_podcasts","icon":"google-podcasts.png"},"listen_notes":{"key":"listen_notes","url":"","label":"Listen Notes","class":"listen_notes","icon":"listen-notes.png"},"pandora":{"key":"pandora","url":"","label":"Pandora","class":"pandora","icon":"pandora.png"},"podbean":{"key":"podbean","url":"","label":"Podbean","class":"podbean","icon":"podbean.png"},"podcast_republic":{"key":"podcast_republic","url":"","label":"Podcast Republic","class":"podcast_republic","icon":"podcast-republic.png"},"rss":{"key":"rss","url":"","label":"RSS","class":"rss","icon":"rss.png"},"spotify":{"key":"spotify","url":"","label":"Spotify","class":"spotify","icon":"spotify.png"},"stitcher":{"key":"stitcher","url":"","label":"Stitcher","class":"stitcher","icon":"stitcher.png"},"tunein":{"key":"tunein","url":"","label":"TuneIn","class":"tunein","icon":"tunein.png"},"youtube":{"key":"youtube","url":"","label":"YouTube","class":"youtube","icon":"youtube.png"},"iheartradio":{"key":"iheartradio","url":"","label":"iHeartRadio","class":"iheartradio","icon":"iheartradio.png"},"ivoox":{"key":"ivoox","url":"","label":"iVoox","class":"ivoox","icon":"ivoox.png"}},"rssFeedUrl":"https:\/\/quechilero.com\/blog\/feed\/podcast\/si-la-vida-nos-da-limones","embedCode":"<blockquote class=\"wp-embedded-content\" data-secret=\"hGarkQGGvR\"><a href=\"https:\/\/quechilero.com\/blog\/2011\/08\/18\/maraton-de-blogs-_el-lab-fotografia\/\">Marat\u00f3n de Blogs: _el lab [fotograf\u00eda]<\/a><\/blockquote><iframe sandbox=\"allow-scripts\" security=\"restricted\" src=\"https:\/\/quechilero.com\/blog\/2011\/08\/18\/maraton-de-blogs-_el-lab-fotografia\/embed\/#?secret=hGarkQGGvR\" width=\"500\" height=\"350\" title=\"\u00abMarat\u00f3n de Blogs: _el lab [fotograf\u00eda]\u00bb \u2014 Si la Vida nos da Limones...\" data-secret=\"hGarkQGGvR\" frameborder=\"0\" marginwidth=\"0\" marginheight=\"0\" scrolling=\"no\" class=\"wp-embedded-content\"><\/iframe><script>\n\/*! This file is auto-generated *\/\n!function(d,l){\"use strict\";l.querySelector&&d.addEventListener&&\"undefined\"!=typeof URL&&(d.wp=d.wp||{},d.wp.receiveEmbedMessage||(d.wp.receiveEmbedMessage=function(e){var t=e.data;if((t||t.secret||t.message||t.value)&&!\/[^a-zA-Z0-9]\/.test(t.secret)){for(var s,r,n,a=l.querySelectorAll('iframe[data-secret=\"'+t.secret+'\"]'),o=l.querySelectorAll('blockquote[data-secret=\"'+t.secret+'\"]'),c=new RegExp(\"^https?:$\",\"i\"),i=0;i<o.length;i++)o[i].style.display=\"none\";for(i=0;i<a.length;i++)s=a[i],e.source===s.contentWindow&&(s.removeAttribute(\"style\"),\"height\"===t.message?(1e3<(r=parseInt(t.value,10))?r=1e3:~~r<200&&(r=200),s.height=r):\"link\"===t.message&&(r=new URL(s.getAttribute(\"src\")),n=new URL(t.value),c.test(n.protocol))&&n.host===r.host&&l.activeElement===s&&(d.top.location.href=t.value))}},d.addEventListener(\"message\",d.wp.receiveEmbedMessage,!1),l.addEventListener(\"DOMContentLoaded\",function(){for(var e,t,s=l.querySelectorAll(\"iframe.wp-embedded-content\"),r=0;r<s.length;r++)(t=(e=s[r]).getAttribute(\"data-secret\"))||(t=Math.random().toString(36).substring(2,12),e.src+=\"#?secret=\"+t,e.setAttribute(\"data-secret\",t)),e.contentWindow.postMessage({message:\"ready\",secret:t},\"*\")},!1)))}(window,document);\n\/\/# sourceURL=https:\/\/quechilero.com\/blog\/wp-includes\/js\/wp-embed.min.js\n<\/script>\n"},"jetpack_publicize_connections":[],"jetpack_featured_media_url":"","jetpack_shortlink":"https:\/\/wp.me\/pDKli-2A5","jetpack_sharing_enabled":true,"jetpack-related-posts":[],"_links":{"self":[{"href":"https:\/\/quechilero.com\/blog\/wp-json\/wp\/v2\/posts\/9925","targetHints":{"allow":["GET"]}}],"collection":[{"href":"https:\/\/quechilero.com\/blog\/wp-json\/wp\/v2\/posts"}],"about":[{"href":"https:\/\/quechilero.com\/blog\/wp-json\/wp\/v2\/types\/post"}],"author":[{"embeddable":true,"href":"https:\/\/quechilero.com\/blog\/wp-json\/wp\/v2\/users\/1"}],"replies":[{"embeddable":true,"href":"https:\/\/quechilero.com\/blog\/wp-json\/wp\/v2\/comments?post=9925"}],"version-history":[{"count":0,"href":"https:\/\/quechilero.com\/blog\/wp-json\/wp\/v2\/posts\/9925\/revisions"}],"wp:attachment":[{"href":"https:\/\/quechilero.com\/blog\/wp-json\/wp\/v2\/media?parent=9925"}],"wp:term":[{"taxonomy":"category","embeddable":true,"href":"https:\/\/quechilero.com\/blog\/wp-json\/wp\/v2\/categories?post=9925"},{"taxonomy":"post_tag","embeddable":true,"href":"https:\/\/quechilero.com\/blog\/wp-json\/wp\/v2\/tags?post=9925"},{"taxonomy":"series","embeddable":true,"href":"https:\/\/quechilero.com\/blog\/wp-json\/wp\/v2\/series?post=9925"}],"curies":[{"name":"wp","href":"https:\/\/api.w.org\/{rel}","templated":true}]}}