{"id":9924,"date":"2011-08-17T09:00:32","date_gmt":"2011-08-17T15:00:32","guid":{"rendered":"http:\/\/quechilero.com\/blog\/?p=9924"},"modified":"2011-08-17T09:00:32","modified_gmt":"2011-08-17T15:00:32","slug":"maraton-de-blogs-ivan-castro","status":"publish","type":"post","link":"https:\/\/quechilero.com\/blog\/2011\/08\/17\/maraton-de-blogs-ivan-castro\/","title":{"rendered":"Marat\u00f3n de Blogs: Iv\u00e1n Castro"},"content":{"rendered":"<p><a title=\"Marat\u00f3n de Blogs: El Centro Hist\u00e9rico\" href=\"http:\/\/ivancastroguatemala.blogspot.com\/\" target=\"_blank\"><img data-recalc-dims=\"1\" loading=\"lazy\" decoding=\"async\" class=\"alignnone\" src=\"https:\/\/i0.wp.com\/i392.photobucket.com\/albums\/pp7\/pepejaguar\/maraton\/ivan-castro.png?resize=560%2C280\" alt=\"\" width=\"560\" height=\"280\" \/><\/a><\/p>\n<p><a title=\"Marat\u00f3n de Blogs: Iv\u00e1n Castro Guatemala\" href=\"http:\/\/ivancastroguatemala.blogspot.com\/\">Iv\u00e1n Castro<\/a> es uno de los mejores fot\u00f3grafos guatemaltecos, que actualmente se encuentra <em>en activo<\/em>. Sus extensos conocimientos en las artes visuales, los comparte a trav\u00e9s de su propia academia y sobre todo, de los art\u00edculos que publica en su blog hom\u00f3nimo:\u00a0<a title=\"Marat\u00f3n de Blogs: Iv\u00e1n Castro Guatemala\" href=\"http:\/\/ivancastroguatemala.blogspot.com\/\">Iv\u00e1n Castro<\/a>.<\/p>\n<p>Su trabajo es tan importante y tan bueno, que ha recorrido muchos pa\u00edses de\u00a0latino am\u00e9rica, impartiendo cursos libres a profesionales de todas las \u00e1reas del dise\u00f1o. El trabajo de\u00a0<a title=\"Marat\u00f3n de Blogs: Iv\u00e1n Castro Guatemala\" href=\"http:\/\/ivancastroguatemala.blogspot.com\/\">Iv\u00e1n Castro<\/a>\u00a0incluye adem\u00e1s de la fotograf\u00eda, la producci\u00f3n en video y la animaci\u00f3n.<\/p>\n<p>Tratar de describir el buen trabajo de\u00a0<a title=\"Marat\u00f3n de Blogs: Iv\u00e1n Castro Guatemala\" href=\"http:\/\/ivancastroguatemala.blogspot.com\/\">Iv\u00e1n Castro<\/a>\u00a0en unas pocas l\u00edneas, ser\u00eda muy presuntuoso de mi parte, porque es tanto y tan variado, que no alcanza el espacio que he destinado, lo mejor es que visiten el blog de\u00a0<a title=\"Marat\u00f3n de Blogs: Iv\u00e1n Castro Guatemala\" href=\"http:\/\/ivancastroguatemala.blogspot.com\/\">Iv\u00e1n Castro<\/a>\u00a0y conozcan su <em>portafolio<\/em>, en este espacio, encontrar\u00e1n, algunas muestras de su trabajo y los enlaces a galer\u00edas de fotos y videos, donde se podr\u00e1n dar gusto viendo y aprendiendo de las t\u00e9cnicas mas modernas de fotograf\u00eda.<\/p>\n<p><a title=\"Marat\u00f3n de Blogs: Iv\u00e1n Castro Guatemala\" href=\"http:\/\/ivancastroguatemala.blogspot.com\/\">Iv\u00e1n Castro<\/a>\u00a0es principalmente un fot\u00f3grafo, pero a diferencia de muchos de sus colegas nacionales, le gusta compartir el conocimiento. De tal forma es que en el blog, encontramos muchos art\u00edculos con <em>t\u00e9cnicas y trucos<\/em>\u00a0simples, que nos ayudan a tomar fotograf\u00edas espectaculares, como las que toma\u00a0<a title=\"Marat\u00f3n de Blogs: Iv\u00e1n Castro Guatemala\" href=\"http:\/\/ivancastroguatemala.blogspot.com\/\">Iv\u00e1n Castro<\/a>.<\/p>\n<p>En enero de 2004,\u00a0<a title=\"Marat\u00f3n de Blogs: Iv\u00e1n Castro Guatemala\" href=\"http:\/\/ivancastroguatemala.blogspot.com\/\">Iv\u00e1n Castro<\/a>\u00a0publica su primer art\u00edculo y siete a\u00f1os despu\u00e9s, podemos constatar la evoluci\u00f3n del mismo y como la calidad se ve superada a\u00f1o con a\u00f1o. En promedio, podemos esperar unos dos textos por semana.<\/p>\n<p>Como buen fot\u00f3grafo que es,\u00a0<a title=\"Marat\u00f3n de Blogs: Iv\u00e1n Castro Guatemala\" href=\"http:\/\/ivancastroguatemala.blogspot.com\/\">Iv\u00e1n Castro<\/a>\u00a0publica art\u00edculos bastante extensos y profusamente ilustrados, con fotograf\u00edas que ejemplifican de forma perfecta, el mensaje que est\u00e1 transmitiendo. Algunos de estos art\u00edculos, son <em>mini historias<\/em>, que capturan la atenci\u00f3n del lector de principio a fin.<\/p>\n<p>Los invito a leer\u00a0<a title=\"Marat\u00f3n de Blogs: Iv\u00e1n Castro Guatemala\" href=\"http:\/\/ivancastroguatemala.blogspot.com\/\">Iv\u00e1n Castro<\/a>, a suscribirse para recibir sus actualizaciones, no dejen de visitar sus galer\u00edas de fotos y videos, comentar las publicaciones y cuando tengan la oportunidad, inscr\u00edbanse a alguno de sus cursos, para los profesionales y principiantes del video y la fotograf\u00eda, definitivamente es una gran inversi\u00f3n. \u00bfQuien dice que en Guatemala no hay talento de talla mundial?<\/p>\n<p>Para muestra, un video:<\/p>\n<p><span class=\"embed-youtube\" style=\"text-align:center; display: block;\"><iframe loading=\"lazy\" class=\"youtube-player\" width=\"1200\" height=\"675\" src=\"https:\/\/www.youtube.com\/embed\/f0DTRfaItLQ?version=3&#038;rel=1&#038;showsearch=0&#038;showinfo=1&#038;iv_load_policy=1&#038;fs=1&#038;hl=es-ES&#038;autohide=2&#038;wmode=transparent\" allowfullscreen=\"true\" style=\"border:0;\" sandbox=\"allow-scripts allow-same-origin allow-popups allow-presentation allow-popups-to-escape-sandbox\"><\/iframe><\/span><\/p>\n<p>Ap\u00f3ya en:\u00a0<a class=\"plano\" title=\"Comp\u00e1rtelo en Twitter\" href=\"http:\/\/twitter.com\/home?status=Marat\u00f3n de Blogs 2011: Apoyando a Iv\u00e1n Castro - http:\/\/quechilero.com\/blog\/2011\/08\/17\/maraton-de-blogs-ivan-castro\/\"><img data-recalc-dims=\"1\" loading=\"lazy\" decoding=\"async\" class=\"alignnone\" src=\"https:\/\/i0.wp.com\/quechilero.com\/blog\/wp-content\/themes\/crybook\/images\/twitter.png?resize=16%2C16\" alt=\"Twitter\" width=\"16\" height=\"16\" \/> Twitter<\/a> <a class=\"plano\" href=\"http:\/\/www.facebook.com\/sharer.php?u=http:\/\/quechilero.com\/blog\/2011\/08\/17\/maraton-de-blogs-ivan-castro\/&amp;t=Marat\u00f3n de Blogs: Apoyando a Iv\u00e1n Castro\"><img data-recalc-dims=\"1\" loading=\"lazy\" decoding=\"async\" class=\"alignnone\" src=\"https:\/\/i0.wp.com\/quechilero.com\/blog\/wp-content\/themes\/crybook\/images\/facebook.png?resize=16%2C16\" alt=\"Facebook\" width=\"16\" height=\"16\" \/> Facebook<\/a><\/p>\n<p><a title=\"Marat\u00f3n de Blogs 2011\" href=\"http:\/\/quechilero.com\/blog\/2011\/07\/31\/maraton-de-blogs-2011\/\">Lee aqu\u00ed, mas rese\u00f1as del Marat\u00f3n de Blogs 2011<\/a>.<\/p>\n<p><a title=\"Marat\u00f3n de Blogs\" href=\"http:\/\/quechilero.com\/blog\/?s=Marat%C3%B3n+de+Blogs\"><img data-recalc-dims=\"1\" loading=\"lazy\" decoding=\"async\" class=\"alignnone\" src=\"https:\/\/i0.wp.com\/i392.photobucket.com\/albums\/pp7\/pepejaguar\/maraton\/maraton2011.png?resize=460%2C125\" alt=\"\" width=\"460\" height=\"125\" \/><\/a><\/p>\n","protected":false},"excerpt":{"rendered":"<p>Iv\u00e1n Castro es uno de los mejores fot\u00f3grafos guatemaltecos, que actualmente se encuentra en activo. Sus extensos conocimientos en las artes visuales, los comparte a trav\u00e9s de su propia academia y sobre todo, de los art\u00edculos que publica en su blog hom\u00f3nimo:\u00a0Iv\u00e1n Castro. Su trabajo es tan importante y tan bueno, que ha recorrido muchos &#8230; <a title=\"Marat\u00f3n de Blogs: Iv\u00e1n Castro\" class=\"read-more\" href=\"https:\/\/quechilero.com\/blog\/2011\/08\/17\/maraton-de-blogs-ivan-castro\/\" aria-label=\"Leer m\u00e1s sobre Marat\u00f3n de Blogs: Iv\u00e1n Castro\">Leer m\u00e1s<\/a><\/p>\n","protected":false},"author":1,"featured_media":0,"comment_status":"open","ping_status":"open","sticky":false,"template":"","format":"standard","meta":{"advanced_seo_description":"","jetpack_seo_html_title":"","jetpack_seo_noindex":false,"jetpack_seo_schema_type":"","episode_type":"","audio_file":"","podmotor_file_id":"","podmotor_episode_id":"","cover_image":"","cover_image_id":"","duration":"","filesize":"","filesize_raw":"","date_recorded":"","explicit":"","block":"","_jetpack_newsletter_access":"","_jetpack_dont_email_post_to_subs":false,"_jetpack_newsletter_tier_id":0,"_jetpack_memberships_contains_paywalled_content":false,"_jetpack_feature_clip_id":0,"_jetpack_memberships_contains_paid_content":false,"footnotes":"","jetpack_publicize_message":"","jetpack_publicize_feature_enabled":true,"jetpack_social_post_already_shared":false,"jetpack_social_options":{"image_generator_settings":{"template":"highway","default_image_id":0,"font":"","enabled":false},"version":2},"jetpack_post_was_ever_published":false},"categories":[61],"tags":[37,4,7,8,10,17,62,36,25,53],"series":[],"class_list":["post-9924","post","type-post","status-publish","format-standard","hentry","category-blogs-de-guatemala","tag-ayuda","tag-blog","tag-diseno","tag-fotografia","tag-guatemala","tag-historia","tag-maraton","tag-trabajo","tag-video","tag-youtube"],"episode_featured_image":false,"episode_player_image":"https:\/\/i0.wp.com\/quechilero.com\/blog\/imagenes\/podcast.png?fit=1831%2C1831&ssl=1","download_link":"","player_link":"","audio_player":false,"episode_data":{"playerMode":"dark","subscribeUrls":{"amazon":{"key":"amazon","url":"","label":"Amazon","class":"amazon","icon":"amazon.png"},"apple_podcasts":{"key":"apple_podcasts","url":"","label":"Apple Podcasts","class":"apple_podcasts","icon":"apple-podcasts.png"},"castbox":{"key":"castbox","url":"","label":"CastBox","class":"castbox","icon":"castbox.png"},"deezer":{"key":"deezer","url":"","label":"Deezer","class":"deezer","icon":"deezer.png"},"google_podcasts":{"key":"google_podcasts","url":"","label":"Google Podcasts","class":"google_podcasts","icon":"google-podcasts.png"},"listen_notes":{"key":"listen_notes","url":"","label":"Listen Notes","class":"listen_notes","icon":"listen-notes.png"},"pandora":{"key":"pandora","url":"","label":"Pandora","class":"pandora","icon":"pandora.png"},"podbean":{"key":"podbean","url":"","label":"Podbean","class":"podbean","icon":"podbean.png"},"podcast_republic":{"key":"podcast_republic","url":"","label":"Podcast Republic","class":"podcast_republic","icon":"podcast-republic.png"},"rss":{"key":"rss","url":"","label":"RSS","class":"rss","icon":"rss.png"},"spotify":{"key":"spotify","url":"","label":"Spotify","class":"spotify","icon":"spotify.png"},"stitcher":{"key":"stitcher","url":"","label":"Stitcher","class":"stitcher","icon":"stitcher.png"},"tunein":{"key":"tunein","url":"","label":"TuneIn","class":"tunein","icon":"tunein.png"},"youtube":{"key":"youtube","url":"","label":"YouTube","class":"youtube","icon":"youtube.png"},"iheartradio":{"key":"iheartradio","url":"","label":"iHeartRadio","class":"iheartradio","icon":"iheartradio.png"},"ivoox":{"key":"ivoox","url":"","label":"iVoox","class":"ivoox","icon":"ivoox.png"}},"rssFeedUrl":"https:\/\/quechilero.com\/blog\/feed\/podcast\/si-la-vida-nos-da-limones","embedCode":"<blockquote class=\"wp-embedded-content\" data-secret=\"vFuMONtCZi\"><a href=\"https:\/\/quechilero.com\/blog\/2011\/08\/17\/maraton-de-blogs-ivan-castro\/\">Marat\u00f3n de Blogs: Iv\u00e1n Castro<\/a><\/blockquote><iframe sandbox=\"allow-scripts\" security=\"restricted\" src=\"https:\/\/quechilero.com\/blog\/2011\/08\/17\/maraton-de-blogs-ivan-castro\/embed\/#?secret=vFuMONtCZi\" width=\"500\" height=\"350\" title=\"\u00abMarat\u00f3n de Blogs: Iv\u00e1n Castro\u00bb \u2014 Si la Vida nos da Limones...\" data-secret=\"vFuMONtCZi\" frameborder=\"0\" marginwidth=\"0\" marginheight=\"0\" scrolling=\"no\" class=\"wp-embedded-content\"><\/iframe><script>\n\/*! This file is auto-generated *\/\n!function(d,l){\"use strict\";l.querySelector&&d.addEventListener&&\"undefined\"!=typeof URL&&(d.wp=d.wp||{},d.wp.receiveEmbedMessage||(d.wp.receiveEmbedMessage=function(e){var t=e.data;if((t||t.secret||t.message||t.value)&&!\/[^a-zA-Z0-9]\/.test(t.secret)){for(var s,r,n,a=l.querySelectorAll('iframe[data-secret=\"'+t.secret+'\"]'),o=l.querySelectorAll('blockquote[data-secret=\"'+t.secret+'\"]'),c=new RegExp(\"^https?:$\",\"i\"),i=0;i<o.length;i++)o[i].style.display=\"none\";for(i=0;i<a.length;i++)s=a[i],e.source===s.contentWindow&&(s.removeAttribute(\"style\"),\"height\"===t.message?(1e3<(r=parseInt(t.value,10))?r=1e3:~~r<200&&(r=200),s.height=r):\"link\"===t.message&&(r=new URL(s.getAttribute(\"src\")),n=new URL(t.value),c.test(n.protocol))&&n.host===r.host&&l.activeElement===s&&(d.top.location.href=t.value))}},d.addEventListener(\"message\",d.wp.receiveEmbedMessage,!1),l.addEventListener(\"DOMContentLoaded\",function(){for(var e,t,s=l.querySelectorAll(\"iframe.wp-embedded-content\"),r=0;r<s.length;r++)(t=(e=s[r]).getAttribute(\"data-secret\"))||(t=Math.random().toString(36).substring(2,12),e.src+=\"#?secret=\"+t,e.setAttribute(\"data-secret\",t)),e.contentWindow.postMessage({message:\"ready\",secret:t},\"*\")},!1)))}(window,document);\n\/\/# sourceURL=https:\/\/quechilero.com\/blog\/wp-includes\/js\/wp-embed.min.js\n<\/script>\n"},"jetpack_publicize_connections":[],"jetpack_shortlink":"https:\/\/wp.me\/pDKli-2A4","jetpack_sharing_enabled":true,"jetpack-related-posts":[{"id":1254,"url":"https:\/\/quechilero.com\/blog\/2008\/08\/25\/ivan-castro\/","url_meta":{"origin":9924,"position":0},"title":"Marat\u00f3n &#8211; Ivan Castro","author":"Pepe Barrascout Ortiz","date":"25 agosto 2008","format":false,"excerpt":"Hablar de Ivan Castro es hablar de palabras mayores en el mundo de la fotograf\u00eda y edici\u00f3n digital. Un profesional de grandes dimensiones y ampliamente reconocido nacional e internacionalmente es prueba de la excelente calidad de su trabajo como fot\u00f3grafo. En su blog Ivan Castro Fotograf\u00eda podemos ver muestras de\u2026","rel":"","context":"En \u00abBlogs de Guatemala\u00bb","block_context":{"text":"Blogs de Guatemala","link":"https:\/\/quechilero.com\/blog\/category\/blogs-de-guatemala\/"},"img":{"alt_text":"","src":"https:\/\/i0.wp.com\/img253.imageshack.us\/img253\/3518\/maratonvr9.jpg?resize=350%2C200","width":350,"height":200},"classes":[]},{"id":3243,"url":"https:\/\/quechilero.com\/blog\/2009\/08\/09\/maraton-de-blogs-mentes-kreativas\/","url_meta":{"origin":9924,"position":1},"title":"Marat\u00f3n de Blogs: Mentes Kreativas","author":"Pepe Barrascout Ortiz","date":"9 agosto 2009","format":false,"excerpt":"Del teclado de Lesther Castillo, salen los art\u00edculos que en forma regular se publican en Mentes Kreativas, un blog dirigido a los amantes de la tecnolog\u00eda, gadgets, social media, dise\u00f1o gr\u00e1fico, dise\u00f1o web y noticias de internet. Muchos art\u00edculos de estos temas, podemos leer en Mentes Kreativas. Recientemente ha tocado\u2026","rel":"","context":"En \u00abBlogs de Guatemala\u00bb","block_context":{"text":"Blogs de Guatemala","link":"https:\/\/quechilero.com\/blog\/category\/blogs-de-guatemala\/"},"img":{"alt_text":"Marat\u00f3n de Blogs 2009","src":"https:\/\/i0.wp.com\/i392.photobucket.com\/albums\/pp7\/pepejaguar\/maraton2009\/maraton2009.jpg?resize=350%2C200","width":350,"height":200,"srcset":"https:\/\/i0.wp.com\/i392.photobucket.com\/albums\/pp7\/pepejaguar\/maraton2009\/maraton2009.jpg?resize=350%2C200 1x, https:\/\/i0.wp.com\/i392.photobucket.com\/albums\/pp7\/pepejaguar\/maraton2009\/maraton2009.jpg?resize=525%2C300 1.5x"},"classes":[]},{"id":3217,"url":"https:\/\/quechilero.com\/blog\/2009\/08\/01\/maraton-de-blogs-recapitulando\/","url_meta":{"origin":9924,"position":2},"title":"Marat\u00f3n de Blogs: Recapitulando","author":"Pepe Barrascout Ortiz","date":"1 agosto 2009","format":false,"excerpt":"Ha pasado un a\u00f1o, desde del anterior Marat\u00f3n de Blogs y han sido muchos los Blogs de Guatemala que se han ido sumando, en parte por la relativa facilidad de acceso a internet, que hay en nuestro pa\u00eds, aunque a\u00fan estamos muy lejos, de lo que realmente deber\u00edamos de estar\u2026","rel":"","context":"En \u00abBlogs de Guatemala\u00bb","block_context":{"text":"Blogs de Guatemala","link":"https:\/\/quechilero.com\/blog\/category\/blogs-de-guatemala\/"},"img":{"alt_text":"","src":"","width":0,"height":0},"classes":[]},{"id":1194,"url":"https:\/\/quechilero.com\/blog\/2008\/07\/31\/maraton-de-blogs-2008\/","url_meta":{"origin":9924,"position":3},"title":"Marat\u00f3n de Blogs 2008","author":"Pepe Barrascout Ortiz","date":"31 julio 2008","format":false,"excerpt":"Con el mes de agosto, llega el \"Marat\u00f3n de Blogs\", el cual desde el 2006 he venido realizando y se ha convertido en una tradici\u00f3n ya. En la primera edici\u00f3n, se escribi\u00f3 un peque\u00f1o texto recomendando al menos cinco blogs, con el fin de dar a conocer nuevos blogs, coincidiendo\u2026","rel":"","context":"En \u00abBlogs de Guatemala\u00bb","block_context":{"text":"Blogs de Guatemala","link":"https:\/\/quechilero.com\/blog\/category\/blogs-de-guatemala\/"},"img":{"alt_text":"","src":"","width":0,"height":0},"classes":[]},{"id":9973,"url":"https:\/\/quechilero.com\/blog\/2011\/07\/31\/maraton-de-blogs-2011\/","url_meta":{"origin":9924,"position":4},"title":"Marat\u00f3n de Blogs 2011","author":"Pepe Barrascout Ortiz","date":"31 julio 2011","format":false,"excerpt":"En el 2011 llevamos a cabo la sexta edici\u00f3n del Marat\u00f3n de Blogs, una actividad tradicional, que tiene como principal objetivo, dar a conocer \u00a0buenos e interesantes blogs que son publicados por guatemaltecos, la variedad de temas es lo que los hace por dem\u00e1s interesantes, porque podemos encontrar para todos\u2026","rel":"","context":"En \u00abBlogs de Guatemala\u00bb","block_context":{"text":"Blogs de Guatemala","link":"https:\/\/quechilero.com\/blog\/category\/blogs-de-guatemala\/"},"img":{"alt_text":"","src":"https:\/\/i0.wp.com\/i392.photobucket.com\/albums\/pp7\/pepejaguar\/maraton\/maraton2011.png?resize=350%2C200","width":350,"height":200},"classes":[]},{"id":4568,"url":"https:\/\/quechilero.com\/blog\/2010\/04\/21\/guatemala-2\/","url_meta":{"origin":9924,"position":5},"title":"Guatemala","author":"Pepe Barrascout Ortiz","date":"21 abril 2010","format":false,"excerpt":"Iv\u00e1n Castro, es un reconocido fot\u00f3grafo contempor\u00e1neo y que en los \u00faltimos a\u00f1os ha destacado grandemente, adem\u00e1s, es el creador del grupo Flickr Guatemala, donde comparte muchas de sus maravillosas fotograf\u00edas. Dentro de sus \u00faltimos trabajos, se encuentra la producci\u00f3n de un material en fotograf\u00eda y video, para uno de\u2026","rel":"","context":"En \u00abLimones\u00bb","block_context":{"text":"Limones","link":"https:\/\/quechilero.com\/blog\/category\/limones\/"},"img":{"alt_text":"","src":"","width":0,"height":0},"classes":[]}],"jetpack_featured_media_url":"","_links":{"self":[{"href":"https:\/\/quechilero.com\/blog\/wp-json\/wp\/v2\/posts\/9924","targetHints":{"allow":["GET"]}}],"collection":[{"href":"https:\/\/quechilero.com\/blog\/wp-json\/wp\/v2\/posts"}],"about":[{"href":"https:\/\/quechilero.com\/blog\/wp-json\/wp\/v2\/types\/post"}],"author":[{"embeddable":true,"href":"https:\/\/quechilero.com\/blog\/wp-json\/wp\/v2\/users\/1"}],"replies":[{"embeddable":true,"href":"https:\/\/quechilero.com\/blog\/wp-json\/wp\/v2\/comments?post=9924"}],"version-history":[{"count":0,"href":"https:\/\/quechilero.com\/blog\/wp-json\/wp\/v2\/posts\/9924\/revisions"}],"wp:attachment":[{"href":"https:\/\/quechilero.com\/blog\/wp-json\/wp\/v2\/media?parent=9924"}],"wp:term":[{"taxonomy":"category","embeddable":true,"href":"https:\/\/quechilero.com\/blog\/wp-json\/wp\/v2\/categories?post=9924"},{"taxonomy":"post_tag","embeddable":true,"href":"https:\/\/quechilero.com\/blog\/wp-json\/wp\/v2\/tags?post=9924"},{"taxonomy":"series","embeddable":true,"href":"https:\/\/quechilero.com\/blog\/wp-json\/wp\/v2\/series?post=9924"}],"curies":[{"name":"wp","href":"https:\/\/api.w.org\/{rel}","templated":true}]}}