{"id":9916,"date":"2011-08-04T09:00:40","date_gmt":"2011-08-04T15:00:40","guid":{"rendered":"http:\/\/quechilero.com\/blog\/?p=9916"},"modified":"2011-08-04T09:00:40","modified_gmt":"2011-08-04T15:00:40","slug":"maraton-de-blogs-el-centro-histerico","status":"publish","type":"post","link":"https:\/\/quechilero.com\/blog\/2011\/08\/04\/maraton-de-blogs-el-centro-histerico\/","title":{"rendered":"Marat\u00f3n de Blogs: El Centro Hist\u00e9rico"},"content":{"rendered":"<p><a title=\"Marat\u00f3n de Blogs: El Centro Hist\u00e9rico\" href=\"http:\/\/elcentrohisterico.blogspot.com\/\" target=\"_blank\"><img data-recalc-dims=\"1\" loading=\"lazy\" decoding=\"async\" class=\"alignnone\" src=\"https:\/\/i0.wp.com\/i392.photobucket.com\/albums\/pp7\/pepejaguar\/maraton\/centro-histerico.jpg?resize=560%2C280\" alt=\"\" width=\"560\" height=\"280\" \/><\/a><\/p>\n<p>Todas las ciudades que fueron fundadas a ra\u00edz de la <em>colonizaci\u00f3n espa\u00f1ola<\/em>, cuentan con algo a lo que le han dado un nombre <em>cool<\/em>, \u00abEl Centro Hist\u00f3rico\u00bb, en algunos pa\u00edses <em>un poco mas avanzados<\/em>, es otra la historia, pero en Guatemala es un verdadero <a title=\"Marat\u00f3n de Blogs: El Centro Hist\u00e9rico\" href=\"http:\/\/elcentrohisterico.blogspot.com\/\" target=\"_blank\">Centro Hist\u00e9rico<\/a>. Durante una muy buena parte de mi vida, viv\u00ed el <em>centro hist\u00f3rico<\/em>\u00a0y lamentablemente fui testigo de la degeneraci\u00f3n y degradaci\u00f3n de esta parte de la ciudad, y aunque con iniciativas como la remoci\u00f3n de la sexta avenida y otras mas que quedan aisladas, ahora que ya no vivo ah\u00ed, debo decir que no extra\u00f1o para nada lo que ahora es <a title=\"Marat\u00f3n de Blogs: El Centro Hist\u00e9rico\" href=\"http:\/\/elcentrohisterico.blogspot.com\/\" target=\"_blank\">El Centro Hist\u00e9rico<\/a> de Guatemala.<\/p>\n<p><a title=\"Marat\u00f3n de Blogs: El Centro Hist\u00e9rico\" href=\"http:\/\/elcentrohisterico.blogspot.com\/\" target=\"_blank\">El Centro Hist\u00e9rico<\/a>\u00a0publica sus art\u00edculos desde enero de 2009 y desde esa fecha hasta la actualidad, lo hace de forma regular y constante. Dentro de sus p\u00e1ginas, aglutina una gran cantidad de informaci\u00f3n sobre el acontecer art\u00edstico de esa regi\u00f3n de la <em>capital<\/em>.<\/p>\n<p>La <em>cultura, el arte y la diversi\u00f3n bohemia<\/em>\u00a0tienen cabida en\u00a0<a title=\"Marat\u00f3n de Blogs: El Centro Hist\u00e9rico\" href=\"http:\/\/elcentrohisterico.blogspot.com\/\" target=\"_blank\">El Centro Hist\u00e9rico<\/a>\u00a0que para quienes a\u00fan tienen <em>esperanza<\/em>\u00a0en el resurgir del centro y que quieren apoyar este nuevo aire de anta\u00f1o mezclado con el aire <em>bohemio<\/em>, ac\u00e1 encuentran un bueno e interesante referente del acontecer del centro.<\/p>\n<p>Realmente la informaci\u00f3n publicada por\u00a0<a title=\"Marat\u00f3n de Blogs: El Centro Hist\u00e9rico\" href=\"http:\/\/elcentrohisterico.blogspot.com\/\" target=\"_blank\">El Centro Hist\u00e9rico<\/a>\u00a0es una joya de gran valor y es como una ventana que deja ver lo <em>bonito<\/em>\u00a0que puede ser el <em>centro hist\u00f3rico<\/em>, lo \u00fanico es que <em>esta ventana<\/em>\u00a0no es del todo bonita. Lamentablemente la informaci\u00f3n publicada en esta <em>revista del centro<\/em>, se ve desmerecida por la plantilla est\u00e1ndar que utiliza y que vuelve a este buen blog, en otro mas del mont\u00f3n. Creo que valdr\u00eda la pena utilizar un dise\u00f1o moderno, nuevo, renovado y fresco, que aumente y de un valor agregado a la informaci\u00f3n publicada.<\/p>\n<p>Para quienes se sientan con ganas de conocer algo mas de esta parte de la Ciudad de Guatemala, los invito a visitar\u00a0<a title=\"Marat\u00f3n de Blogs: El Centro Hist\u00e9rico\" href=\"http:\/\/elcentrohisterico.blogspot.com\/\" target=\"_blank\">El Centro Hist\u00e9rico<\/a>.<\/p>\n<p>Ap\u00f3ya en:\u00a0<a class=\"plano\" title=\"Comp\u00e1rtelo en Twitter\" href=\"http:\/\/twitter.com\/home?status=Marat\u00f3n de Blogs 2011: Apoyando a El Centro Hist\u00e9rico - http:\/\/quechilero.com\/blog\/2011\/08\/04\/maraton-de-blogs-el-centro-histerico\/\"><img data-recalc-dims=\"1\" loading=\"lazy\" decoding=\"async\" class=\"alignnone\" src=\"https:\/\/i0.wp.com\/quechilero.com\/blog\/wp-content\/themes\/crybook\/images\/twitter.png?resize=16%2C16\" alt=\"Twitter\" width=\"16\" height=\"16\" \/> Twitter<\/a> <a class=\"plano\" href=\"http:\/\/www.facebook.com\/sharer.php?u=http:\/\/quechilero.com\/blog\/2011\/08\/04\/maraton-de-blogs-el-centro-histerico\/&amp;t=Marat\u00f3n de Blogs: Apoyando a El Centro Hist\u00e9rico\"><img data-recalc-dims=\"1\" loading=\"lazy\" decoding=\"async\" class=\"alignnone\" src=\"https:\/\/i0.wp.com\/quechilero.com\/blog\/wp-content\/themes\/crybook\/images\/facebook.png?resize=16%2C16\" alt=\"Facebook\" width=\"16\" height=\"16\" \/> Facebook<\/a><\/p>\n<p><a title=\"Marat\u00f3n de Blogs 2011\" href=\"http:\/\/quechilero.com\/blog\/2011\/07\/31\/maraton-de-blogs-2011\/\">Lee aqu\u00ed, mas rese\u00f1as del Marat\u00f3n de Blogs 2011<\/a>.<\/p>\n<p><a title=\"Marat\u00f3n de Blogs\" href=\"http:\/\/quechilero.com\/blog\/?s=Marat%C3%B3n+de+Blogs\"><img data-recalc-dims=\"1\" loading=\"lazy\" decoding=\"async\" class=\"alignnone\" src=\"https:\/\/i0.wp.com\/i392.photobucket.com\/albums\/pp7\/pepejaguar\/maraton\/maraton2011.png?resize=460%2C125\" alt=\"\" width=\"460\" height=\"125\" \/><\/a><\/p>\n","protected":false},"excerpt":{"rendered":"<p>Todas las ciudades que fueron fundadas a ra\u00edz de la colonizaci\u00f3n espa\u00f1ola, cuentan con algo a lo que le han dado un nombre cool, \u00abEl Centro Hist\u00f3rico\u00bb, en algunos pa\u00edses un poco mas avanzados, es otra la historia, pero en Guatemala es un verdadero Centro Hist\u00e9rico. Durante una muy buena parte de mi vida, viv\u00ed &#8230; <a title=\"Marat\u00f3n de Blogs: El Centro Hist\u00e9rico\" class=\"read-more\" href=\"https:\/\/quechilero.com\/blog\/2011\/08\/04\/maraton-de-blogs-el-centro-histerico\/\" aria-label=\"Leer m\u00e1s sobre Marat\u00f3n de Blogs: El Centro Hist\u00e9rico\">Leer m\u00e1s<\/a><\/p>\n","protected":false},"author":1,"featured_media":0,"comment_status":"open","ping_status":"open","sticky":false,"template":"","format":"standard","meta":{"advanced_seo_description":"","jetpack_seo_html_title":"","jetpack_seo_noindex":false,"jetpack_seo_schema_type":"","episode_type":"","audio_file":"","podmotor_file_id":"","podmotor_episode_id":"","cover_image":"","cover_image_id":"","duration":"","filesize":"","filesize_raw":"","date_recorded":"","explicit":"","block":"","_jetpack_newsletter_access":"","_jetpack_dont_email_post_to_subs":false,"_jetpack_newsletter_tier_id":0,"_jetpack_memberships_contains_paywalled_content":false,"_jetpack_feature_clip_id":0,"_jetpack_memberships_contains_paid_content":false,"footnotes":"","jetpack_publicize_message":"","jetpack_publicize_feature_enabled":true,"jetpack_social_post_already_shared":false,"jetpack_social_options":{"image_generator_settings":{"template":"highway","default_image_id":0,"font":"","enabled":false},"version":2},"jetpack_post_was_ever_published":false},"categories":[61],"tags":[4,7,10,17,62,41,24],"series":[],"class_list":["post-9916","post","type-post","status-publish","format-standard","hentry","category-blogs-de-guatemala","tag-blog","tag-diseno","tag-guatemala","tag-historia","tag-maraton","tag-verdad","tag-vida"],"episode_featured_image":false,"episode_player_image":"https:\/\/i0.wp.com\/quechilero.com\/blog\/imagenes\/podcast.png?fit=1831%2C1831&ssl=1","download_link":"","player_link":"","audio_player":false,"episode_data":{"playerMode":"dark","subscribeUrls":{"amazon":{"key":"amazon","url":"","label":"Amazon","class":"amazon","icon":"amazon.png"},"apple_podcasts":{"key":"apple_podcasts","url":"","label":"Apple Podcasts","class":"apple_podcasts","icon":"apple-podcasts.png"},"castbox":{"key":"castbox","url":"","label":"CastBox","class":"castbox","icon":"castbox.png"},"deezer":{"key":"deezer","url":"","label":"Deezer","class":"deezer","icon":"deezer.png"},"google_podcasts":{"key":"google_podcasts","url":"","label":"Google Podcasts","class":"google_podcasts","icon":"google-podcasts.png"},"listen_notes":{"key":"listen_notes","url":"","label":"Listen Notes","class":"listen_notes","icon":"listen-notes.png"},"pandora":{"key":"pandora","url":"","label":"Pandora","class":"pandora","icon":"pandora.png"},"podbean":{"key":"podbean","url":"","label":"Podbean","class":"podbean","icon":"podbean.png"},"podcast_republic":{"key":"podcast_republic","url":"","label":"Podcast Republic","class":"podcast_republic","icon":"podcast-republic.png"},"rss":{"key":"rss","url":"","label":"RSS","class":"rss","icon":"rss.png"},"spotify":{"key":"spotify","url":"","label":"Spotify","class":"spotify","icon":"spotify.png"},"stitcher":{"key":"stitcher","url":"","label":"Stitcher","class":"stitcher","icon":"stitcher.png"},"tunein":{"key":"tunein","url":"","label":"TuneIn","class":"tunein","icon":"tunein.png"},"youtube":{"key":"youtube","url":"","label":"YouTube","class":"youtube","icon":"youtube.png"},"iheartradio":{"key":"iheartradio","url":"","label":"iHeartRadio","class":"iheartradio","icon":"iheartradio.png"},"ivoox":{"key":"ivoox","url":"","label":"iVoox","class":"ivoox","icon":"ivoox.png"}},"rssFeedUrl":"https:\/\/quechilero.com\/blog\/feed\/podcast\/si-la-vida-nos-da-limones","embedCode":"<blockquote class=\"wp-embedded-content\" data-secret=\"wVJUX7SNHn\"><a href=\"https:\/\/quechilero.com\/blog\/2011\/08\/04\/maraton-de-blogs-el-centro-histerico\/\">Marat\u00f3n de Blogs: El Centro Hist\u00e9rico<\/a><\/blockquote><iframe sandbox=\"allow-scripts\" security=\"restricted\" src=\"https:\/\/quechilero.com\/blog\/2011\/08\/04\/maraton-de-blogs-el-centro-histerico\/embed\/#?secret=wVJUX7SNHn\" width=\"500\" height=\"350\" title=\"\u00abMarat\u00f3n de Blogs: El Centro Hist\u00e9rico\u00bb \u2014 Si la Vida nos da Limones...\" data-secret=\"wVJUX7SNHn\" frameborder=\"0\" marginwidth=\"0\" marginheight=\"0\" scrolling=\"no\" class=\"wp-embedded-content\"><\/iframe><script>\n\/*! This file is auto-generated *\/\n!function(d,l){\"use strict\";l.querySelector&&d.addEventListener&&\"undefined\"!=typeof URL&&(d.wp=d.wp||{},d.wp.receiveEmbedMessage||(d.wp.receiveEmbedMessage=function(e){var t=e.data;if((t||t.secret||t.message||t.value)&&!\/[^a-zA-Z0-9]\/.test(t.secret)){for(var s,r,n,a=l.querySelectorAll('iframe[data-secret=\"'+t.secret+'\"]'),o=l.querySelectorAll('blockquote[data-secret=\"'+t.secret+'\"]'),c=new RegExp(\"^https?:$\",\"i\"),i=0;i<o.length;i++)o[i].style.display=\"none\";for(i=0;i<a.length;i++)s=a[i],e.source===s.contentWindow&&(s.removeAttribute(\"style\"),\"height\"===t.message?(1e3<(r=parseInt(t.value,10))?r=1e3:~~r<200&&(r=200),s.height=r):\"link\"===t.message&&(r=new URL(s.getAttribute(\"src\")),n=new URL(t.value),c.test(n.protocol))&&n.host===r.host&&l.activeElement===s&&(d.top.location.href=t.value))}},d.addEventListener(\"message\",d.wp.receiveEmbedMessage,!1),l.addEventListener(\"DOMContentLoaded\",function(){for(var e,t,s=l.querySelectorAll(\"iframe.wp-embedded-content\"),r=0;r<s.length;r++)(t=(e=s[r]).getAttribute(\"data-secret\"))||(t=Math.random().toString(36).substring(2,12),e.src+=\"#?secret=\"+t,e.setAttribute(\"data-secret\",t)),e.contentWindow.postMessage({message:\"ready\",secret:t},\"*\")},!1)))}(window,document);\n\/\/# sourceURL=https:\/\/quechilero.com\/blog\/wp-includes\/js\/wp-embed.min.js\n<\/script>\n"},"jetpack_publicize_connections":[],"jetpack_shortlink":"https:\/\/wp.me\/pDKli-2zW","jetpack_sharing_enabled":true,"jetpack-related-posts":[{"id":9973,"url":"https:\/\/quechilero.com\/blog\/2011\/07\/31\/maraton-de-blogs-2011\/","url_meta":{"origin":9916,"position":0},"title":"Marat\u00f3n de Blogs 2011","author":"Pepe Barrascout Ortiz","date":"31 julio 2011","format":false,"excerpt":"En el 2011 llevamos a cabo la sexta edici\u00f3n del Marat\u00f3n de Blogs, una actividad tradicional, que tiene como principal objetivo, dar a conocer \u00a0buenos e interesantes blogs que son publicados por guatemaltecos, la variedad de temas es lo que los hace por dem\u00e1s interesantes, porque podemos encontrar para todos\u2026","rel":"","context":"En \u00abBlogs de Guatemala\u00bb","block_context":{"text":"Blogs de Guatemala","link":"https:\/\/quechilero.com\/blog\/category\/blogs-de-guatemala\/"},"img":{"alt_text":"","src":"https:\/\/i0.wp.com\/i392.photobucket.com\/albums\/pp7\/pepejaguar\/maraton\/maraton2011.png?resize=350%2C200","width":350,"height":200},"classes":[]},{"id":617,"url":"https:\/\/quechilero.com\/blog\/2007\/07\/31\/maraton-de-blogs-de-guatemala\/","url_meta":{"origin":9916,"position":1},"title":"Marat\u00f3n de Blogs de Guatemala","author":"Pepe Barrascout Ortiz","date":"31 julio 2007","format":false,"excerpt":"Hace un a\u00f1o aproximadamente, Oscar (DesdeGuate) organiz\u00f3 una Marat\u00f3n de Blogs Guatemaltecos, cuyo objetivo fue el dar a conocer a otros Blogs de Guatemala, impulsar su desarrollo y creaci\u00f3n de nuevos blogs. En esa oportunidad, uno de mis textos \"Ping Pong Matrix\" fue parte de ese marat\u00f3n, cuando mi blog\u2026","rel":"","context":"En \u00abLimones\u00bb","block_context":{"text":"Limones","link":"https:\/\/quechilero.com\/blog\/category\/limones\/"},"img":{"alt_text":"","src":"","width":0,"height":0},"classes":[]},{"id":9929,"url":"https:\/\/quechilero.com\/blog\/2011\/08\/23\/maraton-de-blogs-guatemala-daily-photo\/","url_meta":{"origin":9916,"position":2},"title":"Marat\u00f3n de Blogs: Guatemala Daily Photo","author":"Pepe Barrascout Ortiz","date":"23 agosto 2011","format":false,"excerpt":"Completando la trilog\u00eda\u00a0en abril de 2011 se publica el primer art\u00edculo de Guatemala Daily Photo, es el tercer proyecto\u00a0que Rudy Gir\u00f3n\u00a0apoya fuertemente, con el objetivo de promover lo bueno que tiene Guatemala, usando como herramienta de divulgaci\u00f3n la fotograf\u00eda. Guatemala Daily Photo\u00a0es dirigido por Hugo Muralles, quien recibe colaboraciones de\u2026","rel":"","context":"En \u00abBlogs de Guatemala\u00bb","block_context":{"text":"Blogs de Guatemala","link":"https:\/\/quechilero.com\/blog\/category\/blogs-de-guatemala\/"},"img":{"alt_text":"","src":"https:\/\/i0.wp.com\/i392.photobucket.com\/albums\/pp7\/pepejaguar\/maraton\/guatemala-daily.png?resize=350%2C200","width":350,"height":200,"srcset":"https:\/\/i0.wp.com\/i392.photobucket.com\/albums\/pp7\/pepejaguar\/maraton\/guatemala-daily.png?resize=350%2C200 1x, https:\/\/i0.wp.com\/i392.photobucket.com\/albums\/pp7\/pepejaguar\/maraton\/guatemala-daily.png?resize=525%2C300 1.5x"},"classes":[]},{"id":9790,"url":"https:\/\/quechilero.com\/blog\/2011\/07\/24\/inicia-el-maraton-de-blogs-2011\/","url_meta":{"origin":9916,"position":3},"title":"Inicia el Marat\u00f3n de Blogs 2011","author":"Pepe Barrascout Ortiz","date":"24 julio 2011","format":false,"excerpt":"En el a\u00f1o 2006, cuando se lanz\u00f3 el Primer Marat\u00f3n de Blogs, no ten\u00eda idea que seis a\u00f1os despu\u00e9s, tendr\u00eda el gusto de seguir con esta tradicional actividad, que tiene como objetivo principal, dar a conocer los blogs que son producidos por guatemaltecos. Y es que tenemos tantas cosas que\u2026","rel":"","context":"En \u00abBlogs de Guatemala\u00bb","block_context":{"text":"Blogs de Guatemala","link":"https:\/\/quechilero.com\/blog\/category\/blogs-de-guatemala\/"},"img":{"alt_text":"","src":"https:\/\/i0.wp.com\/i392.photobucket.com\/albums\/pp7\/pepejaguar\/maraton\/maraton2011.png?resize=350%2C200","width":350,"height":200},"classes":[]},{"id":5203,"url":"https:\/\/quechilero.com\/blog\/2010\/08\/02\/maraton-de-blogs-mi-blog\/","url_meta":{"origin":9916,"position":4},"title":"Marat\u00f3n de Blogs: Mi Blog","author":"Pepe Barrascout Ortiz","date":"2 agosto 2010","format":false,"excerpt":"Mi Blog, es una recopilaci\u00f3n de las experiencias y pensamientos, en los que su autora, comparte con el grupo de lectores, que regularmente visitan y comentan en el blog. Son variados los temas, como pensamientos salen de su mente para ir a parar al teclado que los env\u00eda al blog,\u2026","rel":"","context":"En \u00abBlogs de Guatemala\u00bb","block_context":{"text":"Blogs de Guatemala","link":"https:\/\/quechilero.com\/blog\/category\/blogs-de-guatemala\/"},"img":{"alt_text":"","src":"https:\/\/i0.wp.com\/i392.photobucket.com\/albums\/pp7\/pepejaguar\/maraton\/miblog.png?resize=350%2C200","width":350,"height":200,"srcset":"https:\/\/i0.wp.com\/i392.photobucket.com\/albums\/pp7\/pepejaguar\/maraton\/miblog.png?resize=350%2C200 1x, https:\/\/i0.wp.com\/i392.photobucket.com\/albums\/pp7\/pepejaguar\/maraton\/miblog.png?resize=525%2C300 1.5x"},"classes":[]},{"id":3263,"url":"https:\/\/quechilero.com\/blog\/2009\/08\/21\/maraton-de-blogs-blog-guatemala\/","url_meta":{"origin":9916,"position":5},"title":"Marat\u00f3n de Blogs: Blog Guatemala","author":"Pepe Barrascout Ortiz","date":"21 agosto 2009","format":false,"excerpt":"Con mas de 3 a\u00f1os de actividad (febrero 2006) y de la mano de Hugo M\u00e9ndez, Blog Guatemala se ha dedicado a presentar el lado bonito de nuestro pa\u00eds, los temas de inter\u00e9s no se hacen esperar y d\u00eda a d\u00eda, son muchos los art\u00edculos de fondo que podemos leer\u2026","rel":"","context":"En \u00abBlogs de Guatemala\u00bb","block_context":{"text":"Blogs de Guatemala","link":"https:\/\/quechilero.com\/blog\/category\/blogs-de-guatemala\/"},"img":{"alt_text":"Marat\u00f3n de Blogs 2009","src":"https:\/\/i0.wp.com\/i392.photobucket.com\/albums\/pp7\/pepejaguar\/maraton2009\/maraton2009.jpg?resize=350%2C200","width":350,"height":200,"srcset":"https:\/\/i0.wp.com\/i392.photobucket.com\/albums\/pp7\/pepejaguar\/maraton2009\/maraton2009.jpg?resize=350%2C200 1x, https:\/\/i0.wp.com\/i392.photobucket.com\/albums\/pp7\/pepejaguar\/maraton2009\/maraton2009.jpg?resize=525%2C300 1.5x"},"classes":[]}],"jetpack_featured_media_url":"","_links":{"self":[{"href":"https:\/\/quechilero.com\/blog\/wp-json\/wp\/v2\/posts\/9916","targetHints":{"allow":["GET"]}}],"collection":[{"href":"https:\/\/quechilero.com\/blog\/wp-json\/wp\/v2\/posts"}],"about":[{"href":"https:\/\/quechilero.com\/blog\/wp-json\/wp\/v2\/types\/post"}],"author":[{"embeddable":true,"href":"https:\/\/quechilero.com\/blog\/wp-json\/wp\/v2\/users\/1"}],"replies":[{"embeddable":true,"href":"https:\/\/quechilero.com\/blog\/wp-json\/wp\/v2\/comments?post=9916"}],"version-history":[{"count":0,"href":"https:\/\/quechilero.com\/blog\/wp-json\/wp\/v2\/posts\/9916\/revisions"}],"wp:attachment":[{"href":"https:\/\/quechilero.com\/blog\/wp-json\/wp\/v2\/media?parent=9916"}],"wp:term":[{"taxonomy":"category","embeddable":true,"href":"https:\/\/quechilero.com\/blog\/wp-json\/wp\/v2\/categories?post=9916"},{"taxonomy":"post_tag","embeddable":true,"href":"https:\/\/quechilero.com\/blog\/wp-json\/wp\/v2\/tags?post=9916"},{"taxonomy":"series","embeddable":true,"href":"https:\/\/quechilero.com\/blog\/wp-json\/wp\/v2\/series?post=9916"}],"curies":[{"name":"wp","href":"https:\/\/api.w.org\/{rel}","templated":true}]}}