{"id":9895,"date":"2011-08-19T09:00:17","date_gmt":"2011-08-19T15:00:17","guid":{"rendered":"http:\/\/quechilero.com\/blog\/?p=9895"},"modified":"2011-08-19T09:00:17","modified_gmt":"2011-08-19T15:00:17","slug":"maraton-de-blogs-el-peladero","status":"publish","type":"post","link":"https:\/\/quechilero.com\/blog\/2011\/08\/19\/maraton-de-blogs-el-peladero\/","title":{"rendered":"Marat\u00f3n de Blogs: El Peladero"},"content":{"rendered":"<p><a title=\"Marat\u00f3n de Blogs: El Centro Hist\u00e9rico\" href=\"http:\/\/elpeladero.sinremordimiento.com\/\" target=\"_blank\"><img data-recalc-dims=\"1\" loading=\"lazy\" decoding=\"async\" class=\"alignnone\" src=\"https:\/\/i0.wp.com\/i392.photobucket.com\/albums\/pp7\/pepejaguar\/maraton\/peladero.png?resize=560%2C280\" alt=\"\" width=\"560\" height=\"280\" \/><\/a><\/p>\n<p>Hasta hace poco descubr\u00ed <a title=\"Marat\u00f3n de Blogs: El Peladero\" href=\"http:\/\/elpeladero.sinremordimiento.com\/\">El Peladero<\/a>, gracias a una recomendaci\u00f3n que me hicieron. Sin embargo, desde el 2007 se han venido publicando diferentes art\u00edculos que manifiestan la opini\u00f3n del autor. La frecuencia de publicaci\u00f3n es bastante baja, en promedio unos doce art\u00edculos por a\u00f1o, probablemente por eso no lo hab\u00eda visto antes.<\/p>\n<p>Precisamente en el a\u00f1o 2007,\u00a0<a title=\"Marat\u00f3n de Blogs: El Peladero\" href=\"http:\/\/elpeladero.sinremordimiento.com\/\">El Peladero<\/a>\u00a0public\u00f3 un art\u00edculo titulado <em>\u00bfPor que votar?<\/em>\u00a0y este a\u00f1o publica otro titulado <em>\u00bfpor quien botar? (sic)<\/em>. Plagado de textos que reflejan la opini\u00f3n personal del autor,\u00a0<a title=\"Marat\u00f3n de Blogs: El Peladero\" href=\"http:\/\/elpeladero.sinremordimiento.com\/\">El Peladero<\/a>\u00a0en muchos de sus art\u00edculos, toca temas relacionados con la <em>pol\u00edtica nacional<\/em>\u00a0escritos de forma <em>coloquial<\/em>\u00a0y en algunos casos hasta <em>humor\u00edstica<\/em>.<\/p>\n<p>La lectura de los diferentes textos, es f\u00e1cil y amena y\u00a0<a title=\"Marat\u00f3n de Blogs: El Peladero\" href=\"http:\/\/elpeladero.sinremordimiento.com\/\">El Peladero<\/a>\u00a0cumple con hacer honor a su nombre, tan <em>criollo<\/em>, como el contenido de la publicaci\u00f3n en general. En cuanto al dise\u00f1o, no hay mucho que decir, pues utiliza la plantilla b\u00e1sica que de WordPress, pr\u00e1cticamente no hay ilustraciones en los textos, aunque realmente no se necesita en la mayor\u00eda. La <em>nube de etiquetas<\/em>\u00a0est\u00e1 un poco saturada y se dificulta la lectura, por lo dem\u00e1s, lo que destaca son los art\u00edculos.<\/p>\n<p>Un texto reciente bastante interesante de\u00a0<a title=\"Marat\u00f3n de Blogs: El Peladero\" href=\"http:\/\/elpeladero.sinremordimiento.com\/\">El Peladero<\/a>, es una reflexi\u00f3n sobre el <em>Voto en Blanco<\/em>. Tambi\u00e9n podremos encontrar t\u00edtulos como: <em>Segundas Oportunidades, Oraci\u00f3n Poderosa, Diferencia de Clases, Acuerdos Impl\u00edcitos, Ayuda Divina, Independencia si<\/em>,\u00a0entre otros muchos.<\/p>\n<p>Para quienes anden en b\u00fasqueda de una lectura diferente, los invito a visitar\u00a0<a title=\"Marat\u00f3n de Blogs: El Peladero\" href=\"http:\/\/elpeladero.sinremordimiento.com\/\">El Peladero<\/a>\u00a0y participar comentando los textos ah\u00ed publicados.<\/p>\n<p>Ap\u00f3ya en:\u00a0<a class=\"plano\" title=\"Comp\u00e1rtelo en Twitter\" href=\"http:\/\/twitter.com\/home?status=Marat\u00f3n de Blogs 2011: Apoyando a El Peladero - http:\/\/quechilero.com\/blog\/2011\/08\/19\/maraton-de-blogs-el-peladero\/\"><img data-recalc-dims=\"1\" loading=\"lazy\" decoding=\"async\" class=\"alignnone\" src=\"https:\/\/i0.wp.com\/quechilero.com\/blog\/wp-content\/themes\/crybook\/images\/twitter.png?resize=16%2C16\" alt=\"Twitter\" width=\"16\" height=\"16\" \/> Twitter<\/a> <a class=\"plano\" href=\"http:\/\/www.facebook.com\/sharer.php?u=http:\/\/quechilero.com\/blog\/2011\/08\/19\/maraton-de-blogs-el-peladero\/&amp;t=Marat\u00f3n de Blogs: Apoyando a El Peladero\"><img data-recalc-dims=\"1\" loading=\"lazy\" decoding=\"async\" class=\"alignnone\" src=\"https:\/\/i0.wp.com\/quechilero.com\/blog\/wp-content\/themes\/crybook\/images\/facebook.png?resize=16%2C16\" alt=\"Facebook\" width=\"16\" height=\"16\" \/> Facebook<\/a><\/p>\n<p><a title=\"Marat\u00f3n de Blogs 2011\" href=\"http:\/\/quechilero.com\/blog\/2011\/07\/31\/maraton-de-blogs-2011\/\">Lee aqu\u00ed, mas rese\u00f1as del Marat\u00f3n de Blogs 2011<\/a>.<\/p>\n<p><a title=\"Marat\u00f3n de Blogs\" href=\"http:\/\/quechilero.com\/blog\/?s=Marat%C3%B3n+de+Blogs\"><img data-recalc-dims=\"1\" loading=\"lazy\" decoding=\"async\" class=\"alignnone\" src=\"https:\/\/i0.wp.com\/i392.photobucket.com\/albums\/pp7\/pepejaguar\/maraton\/maraton2011.png?resize=460%2C125\" alt=\"\" width=\"460\" height=\"125\" \/><\/a><\/p>\n","protected":false},"excerpt":{"rendered":"<p>Hasta hace poco descubr\u00ed El Peladero, gracias a una recomendaci\u00f3n que me hicieron. Sin embargo, desde el 2007 se han venido publicando diferentes art\u00edculos que manifiestan la opini\u00f3n del autor. La frecuencia de publicaci\u00f3n es bastante baja, en promedio unos doce art\u00edculos por a\u00f1o, probablemente por eso no lo hab\u00eda visto antes. Precisamente en el &#8230; <a title=\"Marat\u00f3n de Blogs: El Peladero\" class=\"read-more\" href=\"https:\/\/quechilero.com\/blog\/2011\/08\/19\/maraton-de-blogs-el-peladero\/\" aria-label=\"Leer m\u00e1s sobre Marat\u00f3n de Blogs: El Peladero\">Leer m\u00e1s<\/a><\/p>\n","protected":false},"author":1,"featured_media":0,"comment_status":"open","ping_status":"open","sticky":false,"template":"","format":"standard","meta":{"advanced_seo_description":"","jetpack_seo_html_title":"","jetpack_seo_noindex":false,"jetpack_seo_schema_type":"","episode_type":"","audio_file":"","podmotor_file_id":"","podmotor_episode_id":"","cover_image":"","cover_image_id":"","duration":"","filesize":"","filesize_raw":"","date_recorded":"","explicit":"","block":"","_jetpack_newsletter_access":"","_jetpack_dont_email_post_to_subs":false,"_jetpack_newsletter_tier_id":0,"_jetpack_memberships_contains_paywalled_content":false,"_jetpack_feature_clip_id":0,"_jetpack_memberships_contains_paid_content":false,"footnotes":"","jetpack_publicize_message":"","jetpack_publicize_feature_enabled":true,"jetpack_social_post_already_shared":false,"jetpack_social_options":{"image_generator_settings":{"template":"highway","default_image_id":0,"font":"","enabled":false},"version":2},"jetpack_post_was_ever_published":false},"categories":[61],"tags":[37,4,7,81,62,86,6],"series":[],"class_list":["post-9895","post","type-post","status-publish","format-standard","hentry","category-blogs-de-guatemala","tag-ayuda","tag-blog","tag-diseno","tag-lectura","tag-maraton","tag-oracion","tag-wordpress"],"episode_featured_image":false,"episode_player_image":"https:\/\/i0.wp.com\/quechilero.com\/blog\/imagenes\/podcast.png?fit=1831%2C1831&ssl=1","download_link":"","player_link":"","audio_player":false,"episode_data":{"playerMode":"dark","subscribeUrls":{"amazon":{"key":"amazon","url":"","label":"Amazon","class":"amazon","icon":"amazon.png"},"apple_podcasts":{"key":"apple_podcasts","url":"","label":"Apple Podcasts","class":"apple_podcasts","icon":"apple-podcasts.png"},"castbox":{"key":"castbox","url":"","label":"CastBox","class":"castbox","icon":"castbox.png"},"deezer":{"key":"deezer","url":"","label":"Deezer","class":"deezer","icon":"deezer.png"},"google_podcasts":{"key":"google_podcasts","url":"","label":"Google Podcasts","class":"google_podcasts","icon":"google-podcasts.png"},"listen_notes":{"key":"listen_notes","url":"","label":"Listen Notes","class":"listen_notes","icon":"listen-notes.png"},"pandora":{"key":"pandora","url":"","label":"Pandora","class":"pandora","icon":"pandora.png"},"podbean":{"key":"podbean","url":"","label":"Podbean","class":"podbean","icon":"podbean.png"},"podcast_republic":{"key":"podcast_republic","url":"","label":"Podcast Republic","class":"podcast_republic","icon":"podcast-republic.png"},"rss":{"key":"rss","url":"","label":"RSS","class":"rss","icon":"rss.png"},"spotify":{"key":"spotify","url":"","label":"Spotify","class":"spotify","icon":"spotify.png"},"stitcher":{"key":"stitcher","url":"","label":"Stitcher","class":"stitcher","icon":"stitcher.png"},"tunein":{"key":"tunein","url":"","label":"TuneIn","class":"tunein","icon":"tunein.png"},"youtube":{"key":"youtube","url":"","label":"YouTube","class":"youtube","icon":"youtube.png"},"iheartradio":{"key":"iheartradio","url":"","label":"iHeartRadio","class":"iheartradio","icon":"iheartradio.png"},"ivoox":{"key":"ivoox","url":"","label":"iVoox","class":"ivoox","icon":"ivoox.png"}},"rssFeedUrl":"https:\/\/quechilero.com\/blog\/feed\/podcast\/si-la-vida-nos-da-limones","embedCode":"<blockquote class=\"wp-embedded-content\" data-secret=\"xzlLrYgUkO\"><a href=\"https:\/\/quechilero.com\/blog\/2011\/08\/19\/maraton-de-blogs-el-peladero\/\">Marat\u00f3n de Blogs: El Peladero<\/a><\/blockquote><iframe sandbox=\"allow-scripts\" security=\"restricted\" src=\"https:\/\/quechilero.com\/blog\/2011\/08\/19\/maraton-de-blogs-el-peladero\/embed\/#?secret=xzlLrYgUkO\" width=\"500\" height=\"350\" title=\"\u00abMarat\u00f3n de Blogs: El Peladero\u00bb \u2014 Si la Vida nos da Limones...\" data-secret=\"xzlLrYgUkO\" frameborder=\"0\" marginwidth=\"0\" marginheight=\"0\" scrolling=\"no\" class=\"wp-embedded-content\"><\/iframe><script>\n\/*! This file is auto-generated *\/\n!function(d,l){\"use strict\";l.querySelector&&d.addEventListener&&\"undefined\"!=typeof URL&&(d.wp=d.wp||{},d.wp.receiveEmbedMessage||(d.wp.receiveEmbedMessage=function(e){var t=e.data;if((t||t.secret||t.message||t.value)&&!\/[^a-zA-Z0-9]\/.test(t.secret)){for(var s,r,n,a=l.querySelectorAll('iframe[data-secret=\"'+t.secret+'\"]'),o=l.querySelectorAll('blockquote[data-secret=\"'+t.secret+'\"]'),c=new RegExp(\"^https?:$\",\"i\"),i=0;i<o.length;i++)o[i].style.display=\"none\";for(i=0;i<a.length;i++)s=a[i],e.source===s.contentWindow&&(s.removeAttribute(\"style\"),\"height\"===t.message?(1e3<(r=parseInt(t.value,10))?r=1e3:~~r<200&&(r=200),s.height=r):\"link\"===t.message&&(r=new URL(s.getAttribute(\"src\")),n=new URL(t.value),c.test(n.protocol))&&n.host===r.host&&l.activeElement===s&&(d.top.location.href=t.value))}},d.addEventListener(\"message\",d.wp.receiveEmbedMessage,!1),l.addEventListener(\"DOMContentLoaded\",function(){for(var e,t,s=l.querySelectorAll(\"iframe.wp-embedded-content\"),r=0;r<s.length;r++)(t=(e=s[r]).getAttribute(\"data-secret\"))||(t=Math.random().toString(36).substring(2,12),e.src+=\"#?secret=\"+t,e.setAttribute(\"data-secret\",t)),e.contentWindow.postMessage({message:\"ready\",secret:t},\"*\")},!1)))}(window,document);\n\/\/# sourceURL=https:\/\/quechilero.com\/blog\/wp-includes\/js\/wp-embed.min.js\n<\/script>\n"},"jetpack_publicize_connections":[],"jetpack_shortlink":"https:\/\/wp.me\/pDKli-2zB","jetpack_sharing_enabled":true,"jetpack-related-posts":[{"id":9973,"url":"https:\/\/quechilero.com\/blog\/2011\/07\/31\/maraton-de-blogs-2011\/","url_meta":{"origin":9895,"position":0},"title":"Marat\u00f3n de Blogs 2011","author":"Pepe Barrascout Ortiz","date":"31 julio 2011","format":false,"excerpt":"En el 2011 llevamos a cabo la sexta edici\u00f3n del Marat\u00f3n de Blogs, una actividad tradicional, que tiene como principal objetivo, dar a conocer \u00a0buenos e interesantes blogs que son publicados por guatemaltecos, la variedad de temas es lo que los hace por dem\u00e1s interesantes, porque podemos encontrar para todos\u2026","rel":"","context":"En \u00abBlogs de Guatemala\u00bb","block_context":{"text":"Blogs de Guatemala","link":"https:\/\/quechilero.com\/blog\/category\/blogs-de-guatemala\/"},"img":{"alt_text":"","src":"https:\/\/i0.wp.com\/i392.photobucket.com\/albums\/pp7\/pepejaguar\/maraton\/maraton2011.png?resize=350%2C200","width":350,"height":200},"classes":[]},{"id":9931,"url":"https:\/\/quechilero.com\/blog\/2011\/08\/25\/maraton-de-blogs-luchas-libres-y-mas\/","url_meta":{"origin":9895,"position":1},"title":"Marat\u00f3n de Blogs: Luchas Libres y m\u00e1s","author":"Pepe Barrascout Ortiz","date":"25 agosto 2011","format":false,"excerpt":"Luchas Libres y m\u00e1s es un blog de opini\u00f3n que desde septiembre de 2007, publica con regular frecuencia y a un promedio de unos diez art\u00edculos al mes, aunque en los \u00faltimos meses ha bajado a unos cinco aproximadamente. Teniendo como marco el lago de Atitl\u00e1n,\u00a0Luchas Libres y m\u00e1s\u00a0expresa los\u2026","rel":"","context":"En \u00abBlogs de Guatemala\u00bb","block_context":{"text":"Blogs de Guatemala","link":"https:\/\/quechilero.com\/blog\/category\/blogs-de-guatemala\/"},"img":{"alt_text":"","src":"https:\/\/i0.wp.com\/i392.photobucket.com\/albums\/pp7\/pepejaguar\/maraton\/lucha-libre.png?resize=350%2C200","width":350,"height":200,"srcset":"https:\/\/i0.wp.com\/i392.photobucket.com\/albums\/pp7\/pepejaguar\/maraton\/lucha-libre.png?resize=350%2C200 1x, https:\/\/i0.wp.com\/i392.photobucket.com\/albums\/pp7\/pepejaguar\/maraton\/lucha-libre.png?resize=525%2C300 1.5x"},"classes":[]},{"id":9893,"url":"https:\/\/quechilero.com\/blog\/2011\/08\/03\/maraton-de-blogs-una-hoja-de-papel-3\/","url_meta":{"origin":9895,"position":2},"title":"Marat\u00f3n de Blogs: Una Hoja de Papel","author":"Pepe Barrascout Ortiz","date":"3 agosto 2011","format":false,"excerpt":"Una Hoja de Papel es el blog que Sakis Gonz\u00e1lez\u00a0utiliza para compartir sus opiniones sobre una gran variedad de temas. Con su lema \"Las buenas ideas se escriben\", encontramos una muy buena cantidad de art\u00edculos principalmente de reflexi\u00f3n, que ponen a pensar a lector, con un mensaje positivo, dejan al\u2026","rel":"","context":"En \u00abBlogs de Guatemala\u00bb","block_context":{"text":"Blogs de Guatemala","link":"https:\/\/quechilero.com\/blog\/category\/blogs-de-guatemala\/"},"img":{"alt_text":"","src":"https:\/\/i0.wp.com\/i392.photobucket.com\/albums\/pp7\/pepejaguar\/maraton\/una-hoja-de-papel.jpg?resize=350%2C200","width":350,"height":200,"srcset":"https:\/\/i0.wp.com\/i392.photobucket.com\/albums\/pp7\/pepejaguar\/maraton\/una-hoja-de-papel.jpg?resize=350%2C200 1x, https:\/\/i0.wp.com\/i392.photobucket.com\/albums\/pp7\/pepejaguar\/maraton\/una-hoja-de-papel.jpg?resize=525%2C300 1.5x"},"classes":[]},{"id":9923,"url":"https:\/\/quechilero.com\/blog\/2011\/08\/16\/maraton-de-blogs-el-ultimo-de-paz-3\/","url_meta":{"origin":9895,"position":3},"title":"Marat\u00f3n de Blogs: El \u00faltimo De Paz","author":"Pepe Barrascout Ortiz","date":"16 agosto 2011","format":false,"excerpt":"Somos lo que hacemos d\u00eda a d\u00eda. De modo que la excelencia no es un acto, sino un h\u00e1bito.\u00a0Con esta frase de Arist\u00f3teles, El \u00faltimo De Paz, da la bienvenida a sus lectores. Lo primero que se nota al ver el blog, es el uso de una plantilla con dise\u00f1o,\u2026","rel":"","context":"En \u00abBlogs de Guatemala\u00bb","block_context":{"text":"Blogs de Guatemala","link":"https:\/\/quechilero.com\/blog\/category\/blogs-de-guatemala\/"},"img":{"alt_text":"","src":"https:\/\/i0.wp.com\/i392.photobucket.com\/albums\/pp7\/pepejaguar\/maraton\/ultimo-de-paz.png?resize=350%2C200","width":350,"height":200,"srcset":"https:\/\/i0.wp.com\/i392.photobucket.com\/albums\/pp7\/pepejaguar\/maraton\/ultimo-de-paz.png?resize=350%2C200 1x, https:\/\/i0.wp.com\/i392.photobucket.com\/albums\/pp7\/pepejaguar\/maraton\/ultimo-de-paz.png?resize=525%2C300 1.5x"},"classes":[]},{"id":5394,"url":"https:\/\/quechilero.com\/blog\/2010\/08\/30\/maraton-de-blogs-fe-de-rata-2\/","url_meta":{"origin":9895,"position":4},"title":"Marat\u00f3n de Blogs: Fe de Rata","author":"Pepe Barrascout Ortiz","date":"30 agosto 2010","format":false,"excerpt":"Fe de Rata, es el blog escrito por Juan Pablo Dard\u00f3n, fue uno de los blogs mas apoyados durante el\u00a0Marat\u00f3n de Blogs 2009, en esa oportunidad el reconocimiento\u00a0consisti\u00f3 en el nombre de dominio\u00a0www.jpdardon.com que actualmente utiliza. A un a\u00f1o, Fe de Rata, no ha deca\u00eddo, por el contrar\u00edo, sigue publicando\u2026","rel":"","context":"En \u00abBlogs de Guatemala\u00bb","block_context":{"text":"Blogs de Guatemala","link":"https:\/\/quechilero.com\/blog\/category\/blogs-de-guatemala\/"},"img":{"alt_text":"","src":"https:\/\/i0.wp.com\/i392.photobucket.com\/albums\/pp7\/pepejaguar\/maraton\/federata.png?resize=350%2C200","width":350,"height":200,"srcset":"https:\/\/i0.wp.com\/i392.photobucket.com\/albums\/pp7\/pepejaguar\/maraton\/federata.png?resize=350%2C200 1x, https:\/\/i0.wp.com\/i392.photobucket.com\/albums\/pp7\/pepejaguar\/maraton\/federata.png?resize=525%2C300 1.5x"},"classes":[]},{"id":3259,"url":"https:\/\/quechilero.com\/blog\/2009\/08\/19\/maraton-de-blogs-voces-equilibradas\/","url_meta":{"origin":9895,"position":5},"title":"Marat\u00f3n de Blogs: Voces Equilibradas","author":"Pepe Barrascout Ortiz","date":"19 agosto 2009","format":false,"excerpt":"Voces Equilibradas es el blog que desde Miami, publica Roberto Lone, manifestando su particular punto de vista, sobre temas de inter\u00e9s general y de apoyo a los guatemaltecos. En Voces Equilibradas podemos encontrar una media de tres art\u00edculos publicados al mes, sin embargo Roberto es un comentarista y lector asiduo\u2026","rel":"","context":"En \u00abBlogs de Guatemala\u00bb","block_context":{"text":"Blogs de Guatemala","link":"https:\/\/quechilero.com\/blog\/category\/blogs-de-guatemala\/"},"img":{"alt_text":"Marat\u00f3n de Blogs 2009","src":"https:\/\/i0.wp.com\/i392.photobucket.com\/albums\/pp7\/pepejaguar\/maraton2009\/maraton2009.jpg?resize=350%2C200","width":350,"height":200,"srcset":"https:\/\/i0.wp.com\/i392.photobucket.com\/albums\/pp7\/pepejaguar\/maraton2009\/maraton2009.jpg?resize=350%2C200 1x, https:\/\/i0.wp.com\/i392.photobucket.com\/albums\/pp7\/pepejaguar\/maraton2009\/maraton2009.jpg?resize=525%2C300 1.5x"},"classes":[]}],"jetpack_featured_media_url":"","_links":{"self":[{"href":"https:\/\/quechilero.com\/blog\/wp-json\/wp\/v2\/posts\/9895","targetHints":{"allow":["GET"]}}],"collection":[{"href":"https:\/\/quechilero.com\/blog\/wp-json\/wp\/v2\/posts"}],"about":[{"href":"https:\/\/quechilero.com\/blog\/wp-json\/wp\/v2\/types\/post"}],"author":[{"embeddable":true,"href":"https:\/\/quechilero.com\/blog\/wp-json\/wp\/v2\/users\/1"}],"replies":[{"embeddable":true,"href":"https:\/\/quechilero.com\/blog\/wp-json\/wp\/v2\/comments?post=9895"}],"version-history":[{"count":0,"href":"https:\/\/quechilero.com\/blog\/wp-json\/wp\/v2\/posts\/9895\/revisions"}],"wp:attachment":[{"href":"https:\/\/quechilero.com\/blog\/wp-json\/wp\/v2\/media?parent=9895"}],"wp:term":[{"taxonomy":"category","embeddable":true,"href":"https:\/\/quechilero.com\/blog\/wp-json\/wp\/v2\/categories?post=9895"},{"taxonomy":"post_tag","embeddable":true,"href":"https:\/\/quechilero.com\/blog\/wp-json\/wp\/v2\/tags?post=9895"},{"taxonomy":"series","embeddable":true,"href":"https:\/\/quechilero.com\/blog\/wp-json\/wp\/v2\/series?post=9895"}],"curies":[{"name":"wp","href":"https:\/\/api.w.org\/{rel}","templated":true}]}}