{"id":982,"date":"2008-06-05T11:49:20","date_gmt":"2008-06-05T17:49:20","guid":{"rendered":"http:\/\/quechilero.com\/blog\/?p=982"},"modified":"2008-06-05T11:49:20","modified_gmt":"2008-06-05T17:49:20","slug":"valle-de-la-muerte","status":"publish","type":"post","link":"https:\/\/quechilero.com\/blog\/2008\/06\/05\/valle-de-la-muerte\/","title":{"rendered":"Valle de la Muerte"},"content":{"rendered":"<p>En California hay un sitio conocido con el nombre de Valle de la Muerte. Es  uno de los lugares m\u00e1s calurosos del planeta. Tanto que el 10 de julio del a\u00f1o  1913 se registr\u00f3 all\u00ed una temperatura de 56.7 grados cent\u00edgrados, la segunda m\u00e1s  c\u00e1lida que se ha medido despu\u00e9s de una de 58.0 en un lugar de Libia llamado  Azizia, en el a\u00f1o de 1922. Seg\u00fan los expertos, se han presentado temperaturas  m\u00e1s ardientes pero no han quedado registradas.<\/p>\n<p>Cuando hall\u00e9 estos datos, me puse a pensar cu\u00e1n f\u00e1cil se le sube la  temperatura a los seres belicosos y de mal car\u00e1cter. Aquellos a los que no hay  que sacarles la piedra porque siempre la mantienen afuera. Personas que casi  siempre est\u00e1n mal consigo mismas y por eso est\u00e1n mal con los dem\u00e1s. Necesitan  ganar paz interior.<\/p>\n<p>\u00bfC\u00f3mo? Con un diario cultivo espiritual, con la presencia de Dios, d\u00e1ndole  prioridad al amor y creciendo en el mismo. No es f\u00e1cil, pero m\u00e1s dif\u00edcil es  hacer de la vida un infierno en la tierra.<\/p>\n<p><strong><em>Gonzalo Gallo Gonz\u00e1lez<\/em><\/strong><\/p>\n","protected":false},"excerpt":{"rendered":"<p>En California hay un sitio conocido con el nombre de Valle de la Muerte. Es uno de los lugares m\u00e1s calurosos del planeta. Tanto que el 10 de julio del a\u00f1o 1913 se registr\u00f3 all\u00ed una temperatura de 56.7 grados cent\u00edgrados, la segunda m\u00e1s c\u00e1lida que se ha medido despu\u00e9s de una de 58.0 en &#8230; <a title=\"Valle de la Muerte\" class=\"read-more\" href=\"https:\/\/quechilero.com\/blog\/2008\/06\/05\/valle-de-la-muerte\/\" aria-label=\"Leer m\u00e1s sobre Valle de la Muerte\">Leer m\u00e1s<\/a><\/p>\n","protected":false},"author":1,"featured_media":0,"comment_status":"open","ping_status":"open","sticky":false,"template":"","format":"standard","meta":{"advanced_seo_description":"","jetpack_seo_html_title":"","jetpack_seo_noindex":false,"jetpack_seo_schema_type":"","episode_type":"","audio_file":"","podmotor_file_id":"","podmotor_episode_id":"","cover_image":"","cover_image_id":"","duration":"","filesize":"","filesize_raw":"","date_recorded":"","explicit":"","block":"","_jetpack_newsletter_access":"","_jetpack_dont_email_post_to_subs":false,"_jetpack_newsletter_tier_id":0,"_jetpack_memberships_contains_paywalled_content":false,"_jetpack_feature_clip_id":0,"_jetpack_memberships_contains_paid_content":false,"footnotes":"","jetpack_publicize_message":"","jetpack_publicize_feature_enabled":true,"jetpack_social_post_already_shared":false,"jetpack_social_options":{"image_generator_settings":{"template":"highway","default_image_id":0,"font":"","enabled":false},"version":2},"jetpack_post_was_ever_published":false},"categories":[2],"tags":[15,51,50,40,24],"series":[],"class_list":["post-982","post","type-post","status-publish","format-standard","hentry","category-limones","tag-amor","tag-dios","tag-muerte","tag-paz","tag-vida"],"episode_featured_image":false,"episode_player_image":"https:\/\/i0.wp.com\/quechilero.com\/blog\/imagenes\/podcast.png?fit=1831%2C1831&ssl=1","download_link":"","player_link":"","audio_player":false,"episode_data":{"playerMode":"dark","subscribeUrls":{"amazon":{"key":"amazon","url":"","label":"Amazon","class":"amazon","icon":"amazon.png"},"apple_podcasts":{"key":"apple_podcasts","url":"","label":"Apple Podcasts","class":"apple_podcasts","icon":"apple-podcasts.png"},"castbox":{"key":"castbox","url":"","label":"CastBox","class":"castbox","icon":"castbox.png"},"deezer":{"key":"deezer","url":"","label":"Deezer","class":"deezer","icon":"deezer.png"},"google_podcasts":{"key":"google_podcasts","url":"","label":"Google Podcasts","class":"google_podcasts","icon":"google-podcasts.png"},"listen_notes":{"key":"listen_notes","url":"","label":"Listen Notes","class":"listen_notes","icon":"listen-notes.png"},"pandora":{"key":"pandora","url":"","label":"Pandora","class":"pandora","icon":"pandora.png"},"podbean":{"key":"podbean","url":"","label":"Podbean","class":"podbean","icon":"podbean.png"},"podcast_republic":{"key":"podcast_republic","url":"","label":"Podcast Republic","class":"podcast_republic","icon":"podcast-republic.png"},"rss":{"key":"rss","url":"","label":"RSS","class":"rss","icon":"rss.png"},"spotify":{"key":"spotify","url":"","label":"Spotify","class":"spotify","icon":"spotify.png"},"stitcher":{"key":"stitcher","url":"","label":"Stitcher","class":"stitcher","icon":"stitcher.png"},"tunein":{"key":"tunein","url":"","label":"TuneIn","class":"tunein","icon":"tunein.png"},"youtube":{"key":"youtube","url":"","label":"YouTube","class":"youtube","icon":"youtube.png"},"iheartradio":{"key":"iheartradio","url":"","label":"iHeartRadio","class":"iheartradio","icon":"iheartradio.png"},"ivoox":{"key":"ivoox","url":"","label":"iVoox","class":"ivoox","icon":"ivoox.png"}},"rssFeedUrl":"https:\/\/quechilero.com\/blog\/feed\/podcast\/si-la-vida-nos-da-limones","embedCode":"<blockquote class=\"wp-embedded-content\" data-secret=\"61wmAxjtHB\"><a href=\"https:\/\/quechilero.com\/blog\/2008\/06\/05\/valle-de-la-muerte\/\">Valle de la Muerte<\/a><\/blockquote><iframe sandbox=\"allow-scripts\" security=\"restricted\" src=\"https:\/\/quechilero.com\/blog\/2008\/06\/05\/valle-de-la-muerte\/embed\/#?secret=61wmAxjtHB\" width=\"500\" height=\"350\" title=\"\u00abValle de la Muerte\u00bb \u2014 Si la Vida nos da Limones...\" data-secret=\"61wmAxjtHB\" frameborder=\"0\" marginwidth=\"0\" marginheight=\"0\" scrolling=\"no\" class=\"wp-embedded-content\"><\/iframe><script>\n\/*! This file is auto-generated *\/\n!function(d,l){\"use strict\";l.querySelector&&d.addEventListener&&\"undefined\"!=typeof URL&&(d.wp=d.wp||{},d.wp.receiveEmbedMessage||(d.wp.receiveEmbedMessage=function(e){var t=e.data;if((t||t.secret||t.message||t.value)&&!\/[^a-zA-Z0-9]\/.test(t.secret)){for(var s,r,n,a=l.querySelectorAll('iframe[data-secret=\"'+t.secret+'\"]'),o=l.querySelectorAll('blockquote[data-secret=\"'+t.secret+'\"]'),c=new RegExp(\"^https?:$\",\"i\"),i=0;i<o.length;i++)o[i].style.display=\"none\";for(i=0;i<a.length;i++)s=a[i],e.source===s.contentWindow&&(s.removeAttribute(\"style\"),\"height\"===t.message?(1e3<(r=parseInt(t.value,10))?r=1e3:~~r<200&&(r=200),s.height=r):\"link\"===t.message&&(r=new URL(s.getAttribute(\"src\")),n=new URL(t.value),c.test(n.protocol))&&n.host===r.host&&l.activeElement===s&&(d.top.location.href=t.value))}},d.addEventListener(\"message\",d.wp.receiveEmbedMessage,!1),l.addEventListener(\"DOMContentLoaded\",function(){for(var e,t,s=l.querySelectorAll(\"iframe.wp-embedded-content\"),r=0;r<s.length;r++)(t=(e=s[r]).getAttribute(\"data-secret\"))||(t=Math.random().toString(36).substring(2,12),e.src+=\"#?secret=\"+t,e.setAttribute(\"data-secret\",t)),e.contentWindow.postMessage({message:\"ready\",secret:t},\"*\")},!1)))}(window,document);\n\/\/# sourceURL=https:\/\/quechilero.com\/blog\/wp-includes\/js\/wp-embed.min.js\n<\/script>\n"},"jetpack_publicize_connections":[],"jetpack_shortlink":"https:\/\/wp.me\/pDKli-fQ","jetpack_sharing_enabled":true,"jetpack-related-posts":[{"id":20073,"url":"https:\/\/quechilero.com\/blog\/2015\/04\/27\/celulares-en-la-tumba\/","url_meta":{"origin":982,"position":0},"title":"Celulares en la tumba","author":"Pepe Barrascout Ortiz","date":"27 abril 2015","format":false,"excerpt":"Seg\u00fan un estudio de la cadena brit\u00e1nica BBC, cada vez m\u00e1s personas solicitan que los entierren con sus celulares. Esta tendencia naci\u00f3 en Sud\u00e1frica, inform\u00f3 Mart\u00edn Raymond, Director del Estudio. Esta se est\u00e1 dando porque las personas tienen temor de sufrir hechizos o brujer\u00edas que los dejen en un estado\u2026","rel":"","context":"En \u00abLimones\u00bb","block_context":{"text":"Limones","link":"https:\/\/quechilero.com\/blog\/category\/limones\/"},"img":{"alt_text":"","src":"","width":0,"height":0},"classes":[]},{"id":15561,"url":"https:\/\/quechilero.com\/blog\/2012\/12\/29\/comunicacion\/","url_meta":{"origin":982,"position":1},"title":"Comunicaci\u00f3n","author":"Pepe Barrascout Ortiz","date":"29 diciembre 2012","format":false,"excerpt":"Vol\u00e1bamos en un aeroplano de la ciudad de Denver, estado de Colorado, a la de Chicago, estado de Illinois. Por radio se le dijo al piloto que al llegar a esta ciudad no podr\u00eda aterrizar porque hab\u00eda muchas nubes y las condiciones atmosf\u00e9ricas en general no eran favorables. Cuando llegamos\u2026","rel":"","context":"En \u00abLimones\u00bb","block_context":{"text":"Limones","link":"https:\/\/quechilero.com\/blog\/category\/limones\/"},"img":{"alt_text":"","src":"","width":0,"height":0},"classes":[]},{"id":1028,"url":"https:\/\/quechilero.com\/blog\/2008\/07\/24\/a-costa-de-los-demas\/","url_meta":{"origin":982,"position":2},"title":"A costa de los dem\u00e1s","author":"Pepe Barrascout Ortiz","date":"24 julio 2008","format":false,"excerpt":"Se cuenta que un disc\u00edpulo se acerc\u00f3 un d\u00eda a Mahoma y le dijo: \"Maestro, mis seis hermanos est\u00e1n dormidos y yo solo he permanecido despierto para adorar a Al\u00e1\" Mahoma le respondi\u00f3: \"M\u00e1s te valiera haber estado dormido, si tu adoraci\u00f3n a Al\u00e1 consiste en acusaciones contra tus hermanos\".\u2026","rel":"","context":"En \u00abLimones\u00bb","block_context":{"text":"Limones","link":"https:\/\/quechilero.com\/blog\/category\/limones\/"},"img":{"alt_text":"","src":"","width":0,"height":0},"classes":[]},{"id":22,"url":"https:\/\/quechilero.com\/blog\/2006\/07\/02\/que-calor\/","url_meta":{"origin":982,"position":3},"title":"\u00a1Que Calor!","author":"Pepe Barrascout Ortiz","date":"2 julio 2006","format":false,"excerpt":"Hoy ha sido el d\u00eda m\u00e1s caluroso del a\u00f1o, estamos a 31\u00ba C (87.8\u00ba F) en la sombra, son las 17:03 (hora de Guatemala) y la temperatura simplemente es sofocante, lo sorprendente es que no ha cambiado ni un grado desde medio d\u00eda. Es un calor sofocante, h\u00famedo, pegajoso y\u2026","rel":"","context":"En \u00abLimones\u00bb","block_context":{"text":"Limones","link":"https:\/\/quechilero.com\/blog\/category\/limones\/"},"img":{"alt_text":"invernadero","src":"https:\/\/i0.wp.com\/static.flickr.com\/55\/180285433_cd9547eb89_o.jpg?resize=350%2C200","width":350,"height":200},"classes":[]},{"id":846,"url":"https:\/\/quechilero.com\/blog\/2008\/01\/15\/senor-de-esquipulas\/","url_meta":{"origin":982,"position":4},"title":"Se\u00f1or de Esquipulas","author":"Pepe Barrascout Ortiz","date":"15 enero 2008","format":false,"excerpt":"\"En la Ciudad de Santiago de Guatemala, en veinte \u00e9 nueve del mes de agosto, del a\u00f1o de mil, \u00e9 quinientos \u00e9 noventa \u00e9 cuatro a\u00f1os, Crist\u00f3bal de Morales, Provisor de este Obispado, concert\u00f3 con Quirio Cata\u00f1o oficial de escultor, que haga pra el pueblo de Esquipulas un Crucifijo de\u2026","rel":"","context":"En \u00abLimones\u00bb","block_context":{"text":"Limones","link":"https:\/\/quechilero.com\/blog\/category\/limones\/"},"img":{"alt_text":"","src":"","width":0,"height":0},"classes":[]},{"id":17588,"url":"https:\/\/quechilero.com\/blog\/2013\/12\/16\/si-puedes-sobrevivir-recuerda-que-te-amo\/","url_meta":{"origin":982,"position":5},"title":"Si puedes sobrevivir, recuerda que te Amo","author":"Pepe Barrascout Ortiz","date":"16 diciembre 2013","format":false,"excerpt":"Despu\u00e9s de un gran terremoto, cuando los rescatistas comenzaron a buscar sobrevivientes entre las ruinas de la casa de una joven mujer, vieron el cuerpo de ella por uno de los orificios de las ruinas de la casa. Les pareci\u00f3 extra\u00f1a la postura del cuerpo, estaba sobre sus rodillas y\u2026","rel":"","context":"En \u00abLimones\u00bb","block_context":{"text":"Limones","link":"https:\/\/quechilero.com\/blog\/category\/limones\/"},"img":{"alt_text":"","src":"","width":0,"height":0},"classes":[]}],"jetpack_featured_media_url":"","_links":{"self":[{"href":"https:\/\/quechilero.com\/blog\/wp-json\/wp\/v2\/posts\/982","targetHints":{"allow":["GET"]}}],"collection":[{"href":"https:\/\/quechilero.com\/blog\/wp-json\/wp\/v2\/posts"}],"about":[{"href":"https:\/\/quechilero.com\/blog\/wp-json\/wp\/v2\/types\/post"}],"author":[{"embeddable":true,"href":"https:\/\/quechilero.com\/blog\/wp-json\/wp\/v2\/users\/1"}],"replies":[{"embeddable":true,"href":"https:\/\/quechilero.com\/blog\/wp-json\/wp\/v2\/comments?post=982"}],"version-history":[{"count":0,"href":"https:\/\/quechilero.com\/blog\/wp-json\/wp\/v2\/posts\/982\/revisions"}],"wp:attachment":[{"href":"https:\/\/quechilero.com\/blog\/wp-json\/wp\/v2\/media?parent=982"}],"wp:term":[{"taxonomy":"category","embeddable":true,"href":"https:\/\/quechilero.com\/blog\/wp-json\/wp\/v2\/categories?post=982"},{"taxonomy":"post_tag","embeddable":true,"href":"https:\/\/quechilero.com\/blog\/wp-json\/wp\/v2\/tags?post=982"},{"taxonomy":"series","embeddable":true,"href":"https:\/\/quechilero.com\/blog\/wp-json\/wp\/v2\/series?post=982"}],"curies":[{"name":"wp","href":"https:\/\/api.w.org\/{rel}","templated":true}]}}