{"id":980,"date":"2008-06-01T11:48:53","date_gmt":"2008-06-01T17:48:53","guid":{"rendered":"http:\/\/quechilero.com\/blog\/?p=980"},"modified":"2008-06-01T11:48:53","modified_gmt":"2008-06-01T17:48:53","slug":"nunca-es-demasiado-tarde","status":"publish","type":"post","link":"https:\/\/quechilero.com\/blog\/2008\/06\/01\/nunca-es-demasiado-tarde\/","title":{"rendered":"Nunca es demasiado tarde"},"content":{"rendered":"<p>Di\u00f3genes Laercio, en su libro vidas y opiniones de fil\u00f3sofos eminentes, relata una historia sobre Lacydes, el pensador de la antig\u00fcedad.<\/p>\n<p>Seg\u00fan la historia, comenz\u00f3 de muy avanzada edad a estudiar geometr\u00eda. Alguien le pregunt\u00f3: \u00ab\u00bfEs entonces ahora oportuno que aprenda usted?\u00bb \u00abSi no lo es hoy\u00bb, contest\u00f3 el fil\u00f3sofo, \u00ab\u00bfcu\u00e1ndo lo ser\u00e1?\u00bb.<\/p>\n<p>Todos esperamos siempre el momento oportuno: el tiempo adecuado para hacer una buena obra, para comenzar a actuar. En realidad, no es porque el momento no sea oportuno, sino por nuestra falta de decisi\u00f3n. Nunca es demasiado temprano ni demasiado tarde para decidirnos a hacer algo bueno, para orientarnos en una direcci\u00f3n nueva y positiva, encaminada hacia Dios.<\/p>\n","protected":false},"excerpt":{"rendered":"<p>Di\u00f3genes Laercio, en su libro vidas y opiniones de fil\u00f3sofos eminentes, relata una historia sobre Lacydes, el pensador de la antig\u00fcedad. Seg\u00fan la historia, comenz\u00f3 de muy avanzada edad a estudiar geometr\u00eda. Alguien le pregunt\u00f3: \u00ab\u00bfEs entonces ahora oportuno que aprenda usted?\u00bb \u00abSi no lo es hoy\u00bb, contest\u00f3 el fil\u00f3sofo, \u00ab\u00bfcu\u00e1ndo lo ser\u00e1?\u00bb. Todos esperamos &#8230; <a title=\"Nunca es demasiado tarde\" class=\"read-more\" href=\"https:\/\/quechilero.com\/blog\/2008\/06\/01\/nunca-es-demasiado-tarde\/\" aria-label=\"Leer m\u00e1s sobre Nunca es demasiado tarde\">Leer m\u00e1s<\/a><\/p>\n","protected":false},"author":1,"featured_media":0,"comment_status":"open","ping_status":"open","sticky":false,"template":"","format":"standard","meta":{"advanced_seo_description":"","jetpack_seo_html_title":"","jetpack_seo_noindex":false,"jetpack_seo_schema_type":"","episode_type":"","audio_file":"","podmotor_file_id":"","podmotor_episode_id":"","cover_image":"","cover_image_id":"","duration":"","filesize":"","filesize_raw":"","date_recorded":"","explicit":"","block":"","_jetpack_newsletter_access":"","_jetpack_dont_email_post_to_subs":false,"_jetpack_newsletter_tier_id":0,"_jetpack_memberships_contains_paywalled_content":false,"_jetpack_feature_clip_id":0,"_jetpack_memberships_contains_paid_content":false,"footnotes":"","jetpack_publicize_message":"","jetpack_publicize_feature_enabled":true,"jetpack_social_post_already_shared":false,"jetpack_social_options":{"image_generator_settings":{"template":"highway","default_image_id":0,"font":"","enabled":false},"version":2},"jetpack_post_was_ever_published":false},"categories":[2],"tags":[51,17,72,5,24],"series":[],"class_list":["post-980","post","type-post","status-publish","format-standard","hentry","category-limones","tag-dios","tag-historia","tag-libro","tag-tiempo","tag-vida"],"episode_featured_image":false,"episode_player_image":"https:\/\/i0.wp.com\/quechilero.com\/blog\/imagenes\/podcast.png?fit=1831%2C1831&ssl=1","download_link":"","player_link":"","audio_player":false,"episode_data":{"playerMode":"dark","subscribeUrls":{"amazon":{"key":"amazon","url":"","label":"Amazon","class":"amazon","icon":"amazon.png"},"apple_podcasts":{"key":"apple_podcasts","url":"","label":"Apple Podcasts","class":"apple_podcasts","icon":"apple-podcasts.png"},"castbox":{"key":"castbox","url":"","label":"CastBox","class":"castbox","icon":"castbox.png"},"deezer":{"key":"deezer","url":"","label":"Deezer","class":"deezer","icon":"deezer.png"},"google_podcasts":{"key":"google_podcasts","url":"","label":"Google Podcasts","class":"google_podcasts","icon":"google-podcasts.png"},"listen_notes":{"key":"listen_notes","url":"","label":"Listen Notes","class":"listen_notes","icon":"listen-notes.png"},"pandora":{"key":"pandora","url":"","label":"Pandora","class":"pandora","icon":"pandora.png"},"podbean":{"key":"podbean","url":"","label":"Podbean","class":"podbean","icon":"podbean.png"},"podcast_republic":{"key":"podcast_republic","url":"","label":"Podcast Republic","class":"podcast_republic","icon":"podcast-republic.png"},"rss":{"key":"rss","url":"","label":"RSS","class":"rss","icon":"rss.png"},"spotify":{"key":"spotify","url":"","label":"Spotify","class":"spotify","icon":"spotify.png"},"stitcher":{"key":"stitcher","url":"","label":"Stitcher","class":"stitcher","icon":"stitcher.png"},"tunein":{"key":"tunein","url":"","label":"TuneIn","class":"tunein","icon":"tunein.png"},"youtube":{"key":"youtube","url":"","label":"YouTube","class":"youtube","icon":"youtube.png"},"iheartradio":{"key":"iheartradio","url":"","label":"iHeartRadio","class":"iheartradio","icon":"iheartradio.png"},"ivoox":{"key":"ivoox","url":"","label":"iVoox","class":"ivoox","icon":"ivoox.png"}},"rssFeedUrl":"https:\/\/quechilero.com\/blog\/feed\/podcast\/si-la-vida-nos-da-limones","embedCode":"<blockquote class=\"wp-embedded-content\" data-secret=\"O0kPd4TDZX\"><a href=\"https:\/\/quechilero.com\/blog\/2008\/06\/01\/nunca-es-demasiado-tarde\/\">Nunca es demasiado tarde<\/a><\/blockquote><iframe sandbox=\"allow-scripts\" security=\"restricted\" src=\"https:\/\/quechilero.com\/blog\/2008\/06\/01\/nunca-es-demasiado-tarde\/embed\/#?secret=O0kPd4TDZX\" width=\"500\" height=\"350\" title=\"\u00abNunca es demasiado tarde\u00bb \u2014 Si la Vida nos da Limones...\" data-secret=\"O0kPd4TDZX\" frameborder=\"0\" marginwidth=\"0\" marginheight=\"0\" scrolling=\"no\" class=\"wp-embedded-content\"><\/iframe><script>\n\/*! This file is auto-generated *\/\n!function(d,l){\"use strict\";l.querySelector&&d.addEventListener&&\"undefined\"!=typeof URL&&(d.wp=d.wp||{},d.wp.receiveEmbedMessage||(d.wp.receiveEmbedMessage=function(e){var t=e.data;if((t||t.secret||t.message||t.value)&&!\/[^a-zA-Z0-9]\/.test(t.secret)){for(var s,r,n,a=l.querySelectorAll('iframe[data-secret=\"'+t.secret+'\"]'),o=l.querySelectorAll('blockquote[data-secret=\"'+t.secret+'\"]'),c=new RegExp(\"^https?:$\",\"i\"),i=0;i<o.length;i++)o[i].style.display=\"none\";for(i=0;i<a.length;i++)s=a[i],e.source===s.contentWindow&&(s.removeAttribute(\"style\"),\"height\"===t.message?(1e3<(r=parseInt(t.value,10))?r=1e3:~~r<200&&(r=200),s.height=r):\"link\"===t.message&&(r=new URL(s.getAttribute(\"src\")),n=new URL(t.value),c.test(n.protocol))&&n.host===r.host&&l.activeElement===s&&(d.top.location.href=t.value))}},d.addEventListener(\"message\",d.wp.receiveEmbedMessage,!1),l.addEventListener(\"DOMContentLoaded\",function(){for(var e,t,s=l.querySelectorAll(\"iframe.wp-embedded-content\"),r=0;r<s.length;r++)(t=(e=s[r]).getAttribute(\"data-secret\"))||(t=Math.random().toString(36).substring(2,12),e.src+=\"#?secret=\"+t,e.setAttribute(\"data-secret\",t)),e.contentWindow.postMessage({message:\"ready\",secret:t},\"*\")},!1)))}(window,document);\n\/\/# sourceURL=https:\/\/quechilero.com\/blog\/wp-includes\/js\/wp-embed.min.js\n<\/script>\n"},"jetpack_publicize_connections":[],"jetpack_shortlink":"https:\/\/wp.me\/pDKli-fO","jetpack_sharing_enabled":true,"jetpack-related-posts":[{"id":11450,"url":"https:\/\/quechilero.com\/blog\/2011\/12\/22\/la-ventana-de-la-oportunidad\/","url_meta":{"origin":980,"position":0},"title":"La ventana de la oportunidad","author":"Pepe Barrascout Ortiz","date":"22 diciembre 2011","format":false,"excerpt":"Son muy pocas las personas u organizaciones que desean cambiar cuando hay prosperidad y paz. A menudo es la necesidad la que precipita los cambios significativos. Petronio, ten\u00eda una perspectiva muy diferente sobre los resultados del cambio. \u00c9l dijo: Nos entrenamos arduamente.. . pero cada vez que comenz\u00e1bamos a formarnos\u2026","rel":"","context":"En \u00abLimones\u00bb","block_context":{"text":"Limones","link":"https:\/\/quechilero.com\/blog\/category\/limones\/"},"img":{"alt_text":"","src":"","width":0,"height":0},"classes":[]},{"id":16711,"url":"https:\/\/quechilero.com\/blog\/2013\/05\/18\/%ef%bb%bfalegrate-por-el-dia-de-hoy\/","url_meta":{"origin":980,"position":1},"title":"\ufeffAl\u00e9grate por el d\u00eda de hoy","author":"Pepe Barrascout Ortiz","date":"18 mayo 2013","format":false,"excerpt":"En su libro titulado The Tapestry (El tapiz), Edith Schaeffer describe un verano en que su esposo Francis pas\u00f3 tres meses en Europa. Durante ese tiempo, en el que lo extra\u00f1\u00f3 mucho, Edith y su hermana Janet llevaron a sus hijos a vivir en una antigua escuela en Cape Cod.\u2026","rel":"","context":"En \u00abLimones\u00bb","block_context":{"text":"Limones","link":"https:\/\/quechilero.com\/blog\/category\/limones\/"},"img":{"alt_text":"","src":"","width":0,"height":0},"classes":[]},{"id":1047,"url":"https:\/\/quechilero.com\/blog\/2008\/10\/05\/no-dejar-para-despues\/","url_meta":{"origin":980,"position":2},"title":"No dejar para despu\u00e9s","author":"Pepe Barrascout Ortiz","date":"5 octubre 2008","format":false,"excerpt":"Hace un tiempo, en una actividad en un hotel, nos regalaron a los asistentes un bol\u00edgrafo de una marca muy reconocida. Era muy elegante, ba\u00f1ado en oro y con el nombre inscrito. En fin, un gran regalo. Luego de salir de la actividad decid\u00ed guardarlo para una actividad especial. A\u2026","rel":"","context":"En \u00abLimones\u00bb","block_context":{"text":"Limones","link":"https:\/\/quechilero.com\/blog\/category\/limones\/"},"img":{"alt_text":"","src":"","width":0,"height":0},"classes":[]},{"id":530,"url":"https:\/\/quechilero.com\/blog\/2007\/04\/26\/agridulce\/","url_meta":{"origin":980,"position":3},"title":"Agridulce","author":"Pepe Barrascout Ortiz","date":"26 abril 2007","format":false,"excerpt":"Dice un viejo refr\u00e1n: \"Ni poco que no alumbre, ni tanto que queme al Santo\". Lo que hace m\u00e1s intensa y emocionante la vida, es el sabor agridulce que tiene: los momentos de gozo y paz que nos regala, as\u00ed como los retos, tropiezos y laberintos que a veces nos\u2026","rel":"","context":"En \u00abLimones\u00bb","block_context":{"text":"Limones","link":"https:\/\/quechilero.com\/blog\/category\/limones\/"},"img":{"alt_text":"","src":"","width":0,"height":0},"classes":[]},{"id":20061,"url":"https:\/\/quechilero.com\/blog\/2015\/04\/21\/manos-atadas\/","url_meta":{"origin":980,"position":4},"title":"Manos atadas","author":"Pepe Barrascout Ortiz","date":"21 abril 2015","format":false,"excerpt":"Cuenta la historia, que hab\u00eda una vez un hombre normal, un hombre como cualquiera de nosotros. Un hombre con cualidades, virtudes y defectos. Un hombre como t\u00fa y como yo. Una noche, repentinamente llamaron a su puerta y cuando abri\u00f3, se encontr\u00f3 con un grupo de personas que hab\u00edan venido\u2026","rel":"","context":"En \u00abLimones\u00bb","block_context":{"text":"Limones","link":"https:\/\/quechilero.com\/blog\/category\/limones\/"},"img":{"alt_text":"","src":"","width":0,"height":0},"classes":[]},{"id":21244,"url":"https:\/\/quechilero.com\/blog\/2015\/06\/30\/volar-sobre-el-pantano\/","url_meta":{"origin":980,"position":5},"title":"Volar sobre el pantano","author":"Pepe Barrascout Ortiz","date":"30 junio 2015","format":false,"excerpt":"Si sientes que la vida no tiene sentido, que los problemas te est\u00e1n acabando, memoriza esta par\u00e1bola: Un p\u00e1jaro que viv\u00eda resignado en un \u00e1rbol podrido en medio del pantano, se hab\u00eda acostumbrado a estar ah\u00ed. Com\u00eda gusanos del fango y se hallaba siempre sucio por el pestilente lodo. Sus\u2026","rel":"","context":"En \u00abLimones\u00bb","block_context":{"text":"Limones","link":"https:\/\/quechilero.com\/blog\/category\/limones\/"},"img":{"alt_text":"","src":"","width":0,"height":0},"classes":[]}],"jetpack_featured_media_url":"","_links":{"self":[{"href":"https:\/\/quechilero.com\/blog\/wp-json\/wp\/v2\/posts\/980","targetHints":{"allow":["GET"]}}],"collection":[{"href":"https:\/\/quechilero.com\/blog\/wp-json\/wp\/v2\/posts"}],"about":[{"href":"https:\/\/quechilero.com\/blog\/wp-json\/wp\/v2\/types\/post"}],"author":[{"embeddable":true,"href":"https:\/\/quechilero.com\/blog\/wp-json\/wp\/v2\/users\/1"}],"replies":[{"embeddable":true,"href":"https:\/\/quechilero.com\/blog\/wp-json\/wp\/v2\/comments?post=980"}],"version-history":[{"count":0,"href":"https:\/\/quechilero.com\/blog\/wp-json\/wp\/v2\/posts\/980\/revisions"}],"wp:attachment":[{"href":"https:\/\/quechilero.com\/blog\/wp-json\/wp\/v2\/media?parent=980"}],"wp:term":[{"taxonomy":"category","embeddable":true,"href":"https:\/\/quechilero.com\/blog\/wp-json\/wp\/v2\/categories?post=980"},{"taxonomy":"post_tag","embeddable":true,"href":"https:\/\/quechilero.com\/blog\/wp-json\/wp\/v2\/tags?post=980"},{"taxonomy":"series","embeddable":true,"href":"https:\/\/quechilero.com\/blog\/wp-json\/wp\/v2\/series?post=980"}],"curies":[{"name":"wp","href":"https:\/\/api.w.org\/{rel}","templated":true}]}}