{"id":9742,"date":"2011-07-17T08:00:48","date_gmt":"2011-07-17T14:00:48","guid":{"rendered":"http:\/\/quechilero.com\/blog\/?p=9742"},"modified":"2011-07-17T08:00:48","modified_gmt":"2011-07-17T14:00:48","slug":"como-comienzan-las-guerras","status":"publish","type":"post","link":"https:\/\/quechilero.com\/blog\/2011\/07\/17\/como-comienzan-las-guerras\/","title":{"rendered":"\u00bfC\u00f3mo comienzan las guerras?"},"content":{"rendered":"<p>Un ni\u00f1o, al o\u00edr hablar de la guerra, pregunt\u00f3 a su pap\u00e1 c\u00f3mo hab\u00eda comenzado. El pap\u00e1, pacientemente, se sent\u00f3 y empez\u00f3 a explicarle:<\/p>\n<p>&#8211; <em>\u00abImaginemos que M\u00e9xico se enoja con Guatemala&#8230;\u00bb<\/em><\/p>\n<p>La mam\u00e1, que o\u00eda la pl\u00e1tica, le interrumpi\u00f3 bruscamente:<\/p>\n<p>&#8211; <em>\u00abPero M\u00e9xico y Guatemala no est\u00e1n enojados.\u00bb<\/em><\/p>\n<p>&#8211; <em>\u00abLo s\u00e9, pero es un caso hipot\u00e9tico.\u00bb<\/em>, respondi\u00f3 el pap\u00e1.<\/p>\n<p>&#8211; <em>\u00abPero as\u00ed confundes al ni\u00f1o.\u00bb<\/em>, reclam\u00f3 la mam\u00e1.<\/p>\n<p>&#8211; <em>\u00ab\u00a1No mujer, no!\u00bb<\/em><\/p>\n<p>&#8211; <em>\u00ab\u00a1S\u00ed hombre, s\u00ed!\u00bb<\/em><\/p>\n<p>&#8211; <em>\u00ab\u00a1Te digo que no! Es insoportable el modo como t\u00fa\u2026<\/em>\u00bb<\/p>\n<p>Y entonces intervino el ni\u00f1o:<\/p>\n<p>&#8211; <em>\u00abNo te preocupes, pap\u00e1. \u00a1Ya entend\u00ed c\u00f3mo comienza una guerra!\u00bb<\/em><\/p>\n","protected":false},"excerpt":{"rendered":"<p>Un ni\u00f1o, al o\u00edr hablar de la guerra, pregunt\u00f3 a su pap\u00e1 c\u00f3mo hab\u00eda comenzado. El pap\u00e1, pacientemente, se sent\u00f3 y empez\u00f3 a explicarle: &#8211; \u00abImaginemos que M\u00e9xico se enoja con Guatemala&#8230;\u00bb La mam\u00e1, que o\u00eda la pl\u00e1tica, le interrumpi\u00f3 bruscamente: &#8211; \u00abPero M\u00e9xico y Guatemala no est\u00e1n enojados.\u00bb &#8211; \u00abLo s\u00e9, pero es un &#8230; <a title=\"\u00bfC\u00f3mo comienzan las guerras?\" class=\"read-more\" href=\"https:\/\/quechilero.com\/blog\/2011\/07\/17\/como-comienzan-las-guerras\/\" aria-label=\"Leer m\u00e1s sobre \u00bfC\u00f3mo comienzan las guerras?\">Leer m\u00e1s<\/a><\/p>\n","protected":false},"author":1,"featured_media":0,"comment_status":"open","ping_status":"open","sticky":false,"template":"","format":"standard","meta":{"advanced_seo_description":"","jetpack_seo_html_title":"","jetpack_seo_noindex":false,"jetpack_seo_schema_type":"","episode_type":"","audio_file":"","podmotor_file_id":"","podmotor_episode_id":"","cover_image":"","cover_image_id":"","duration":"","filesize":"","filesize_raw":"","date_recorded":"","explicit":"","block":"","_jetpack_newsletter_access":"","_jetpack_dont_email_post_to_subs":false,"_jetpack_newsletter_tier_id":0,"_jetpack_memberships_contains_paywalled_content":false,"_jetpack_feature_clip_id":0,"_jetpack_memberships_contains_paid_content":false,"footnotes":"","jetpack_publicize_message":"","jetpack_publicize_feature_enabled":true,"jetpack_social_post_already_shared":false,"jetpack_social_options":{"image_generator_settings":{"template":"highway","default_image_id":0,"font":"","enabled":false},"version":2},"jetpack_post_was_ever_published":false},"categories":[2],"tags":[10,18,20],"series":[],"class_list":["post-9742","post","type-post","status-publish","format-standard","hentry","category-limones","tag-guatemala","tag-hombre","tag-mujer"],"episode_featured_image":false,"episode_player_image":"https:\/\/i0.wp.com\/quechilero.com\/blog\/imagenes\/podcast.png?fit=1831%2C1831&ssl=1","download_link":"","player_link":"","audio_player":false,"episode_data":{"playerMode":"dark","subscribeUrls":{"amazon":{"key":"amazon","url":"","label":"Amazon","class":"amazon","icon":"amazon.png"},"apple_podcasts":{"key":"apple_podcasts","url":"","label":"Apple Podcasts","class":"apple_podcasts","icon":"apple-podcasts.png"},"castbox":{"key":"castbox","url":"","label":"CastBox","class":"castbox","icon":"castbox.png"},"deezer":{"key":"deezer","url":"","label":"Deezer","class":"deezer","icon":"deezer.png"},"google_podcasts":{"key":"google_podcasts","url":"","label":"Google Podcasts","class":"google_podcasts","icon":"google-podcasts.png"},"listen_notes":{"key":"listen_notes","url":"","label":"Listen Notes","class":"listen_notes","icon":"listen-notes.png"},"pandora":{"key":"pandora","url":"","label":"Pandora","class":"pandora","icon":"pandora.png"},"podbean":{"key":"podbean","url":"","label":"Podbean","class":"podbean","icon":"podbean.png"},"podcast_republic":{"key":"podcast_republic","url":"","label":"Podcast Republic","class":"podcast_republic","icon":"podcast-republic.png"},"rss":{"key":"rss","url":"","label":"RSS","class":"rss","icon":"rss.png"},"spotify":{"key":"spotify","url":"","label":"Spotify","class":"spotify","icon":"spotify.png"},"stitcher":{"key":"stitcher","url":"","label":"Stitcher","class":"stitcher","icon":"stitcher.png"},"tunein":{"key":"tunein","url":"","label":"TuneIn","class":"tunein","icon":"tunein.png"},"youtube":{"key":"youtube","url":"","label":"YouTube","class":"youtube","icon":"youtube.png"},"iheartradio":{"key":"iheartradio","url":"","label":"iHeartRadio","class":"iheartradio","icon":"iheartradio.png"},"ivoox":{"key":"ivoox","url":"","label":"iVoox","class":"ivoox","icon":"ivoox.png"}},"rssFeedUrl":"https:\/\/quechilero.com\/blog\/feed\/podcast\/si-la-vida-nos-da-limones","embedCode":"<blockquote class=\"wp-embedded-content\" data-secret=\"6zw4C1Peo7\"><a href=\"https:\/\/quechilero.com\/blog\/2011\/07\/17\/como-comienzan-las-guerras\/\">\u00bfC\u00f3mo comienzan las guerras?<\/a><\/blockquote><iframe sandbox=\"allow-scripts\" security=\"restricted\" src=\"https:\/\/quechilero.com\/blog\/2011\/07\/17\/como-comienzan-las-guerras\/embed\/#?secret=6zw4C1Peo7\" width=\"500\" height=\"350\" title=\"\u00ab\u00bfC\u00f3mo comienzan las guerras?\u00bb \u2014 Si la Vida nos da Limones...\" data-secret=\"6zw4C1Peo7\" frameborder=\"0\" marginwidth=\"0\" marginheight=\"0\" scrolling=\"no\" class=\"wp-embedded-content\"><\/iframe><script>\n\/*! This file is auto-generated *\/\n!function(d,l){\"use strict\";l.querySelector&&d.addEventListener&&\"undefined\"!=typeof URL&&(d.wp=d.wp||{},d.wp.receiveEmbedMessage||(d.wp.receiveEmbedMessage=function(e){var t=e.data;if((t||t.secret||t.message||t.value)&&!\/[^a-zA-Z0-9]\/.test(t.secret)){for(var s,r,n,a=l.querySelectorAll('iframe[data-secret=\"'+t.secret+'\"]'),o=l.querySelectorAll('blockquote[data-secret=\"'+t.secret+'\"]'),c=new RegExp(\"^https?:$\",\"i\"),i=0;i<o.length;i++)o[i].style.display=\"none\";for(i=0;i<a.length;i++)s=a[i],e.source===s.contentWindow&&(s.removeAttribute(\"style\"),\"height\"===t.message?(1e3<(r=parseInt(t.value,10))?r=1e3:~~r<200&&(r=200),s.height=r):\"link\"===t.message&&(r=new URL(s.getAttribute(\"src\")),n=new URL(t.value),c.test(n.protocol))&&n.host===r.host&&l.activeElement===s&&(d.top.location.href=t.value))}},d.addEventListener(\"message\",d.wp.receiveEmbedMessage,!1),l.addEventListener(\"DOMContentLoaded\",function(){for(var e,t,s=l.querySelectorAll(\"iframe.wp-embedded-content\"),r=0;r<s.length;r++)(t=(e=s[r]).getAttribute(\"data-secret\"))||(t=Math.random().toString(36).substring(2,12),e.src+=\"#?secret=\"+t,e.setAttribute(\"data-secret\",t)),e.contentWindow.postMessage({message:\"ready\",secret:t},\"*\")},!1)))}(window,document);\n\/\/# sourceURL=https:\/\/quechilero.com\/blog\/wp-includes\/js\/wp-embed.min.js\n<\/script>\n"},"jetpack_publicize_connections":[],"jetpack_shortlink":"https:\/\/wp.me\/pDKli-2x8","jetpack_sharing_enabled":true,"jetpack-related-posts":[{"id":66,"url":"https:\/\/quechilero.com\/blog\/2006\/07\/30\/porque-mtv-no-es-bueno-para-los-padres\/","url_meta":{"origin":9742,"position":0},"title":"Porqu\u00e9 MTv no es bueno para los padres.","author":"Pepe Barrascout Ortiz","date":"30 julio 2006","format":false,"excerpt":"Interesante relato urbano adaptado que encontr\u00e9 navegano por la red: Fragemento de una charla en autobus en Argentina: Ana: No s\u00e9 que hacer. Mi vieja lleg\u00f3 ri\u00e9ndose mientras me dec\u00eda que hab\u00eda visto un programa en Mtv que seg\u00fan ella se llama ?Cuidado que tu cuarto te invado? Vicky: tu\u2026","rel":"","context":"En \u00abLimones\u00bb","block_context":{"text":"Limones","link":"https:\/\/quechilero.com\/blog\/category\/limones\/"},"img":{"alt_text":"","src":"","width":0,"height":0},"classes":[]},{"id":997,"url":"https:\/\/quechilero.com\/blog\/2008\/06\/17\/que-es-un-papa\/","url_meta":{"origin":9742,"position":1},"title":"\u00bfQu\u00e9 es un pap\u00e1?","author":"Pepe Barrascout Ortiz","date":"17 junio 2008","format":false,"excerpt":"Un pap\u00e1, lo que se llama pap\u00e1, es una combinaci\u00f3n extra\u00f1a de raz\u00f3n y sentimiento. Es aquel que sabe orientar y exigir, pero al mismo tiempo sabe amar. Es aquel que al minuto de haber rega\u00f1ado con severidad, sonr\u00ede y gui\u00f1a el ojo con ternura. Es el que sabe decir\u2026","rel":"","context":"En \u00abLimones\u00bb","block_context":{"text":"Limones","link":"https:\/\/quechilero.com\/blog\/category\/limones\/"},"img":{"alt_text":"","src":"","width":0,"height":0},"classes":[]},{"id":355,"url":"https:\/\/quechilero.com\/blog\/2006\/12\/22\/ninos-baratos-papas-caros\/","url_meta":{"origin":9742,"position":2},"title":"Ni\u00f1os baratos, pap\u00e1s caros","author":"Pepe Barrascout Ortiz","date":"22 diciembre 2006","format":false,"excerpt":"El peri\u00f3dico estadounidense The Wall Street Journal public\u00f3 recientemente un art\u00edculo titulado: \"Para los ni\u00f1os, 'valioso' no significa 'caro'\". El autor, Jeff Opdyke narra dos hechos que le impresionaron. Estaba pensando qu\u00e9 hacer con su hijo de 7 a\u00f1os durante el fin de semana. Se le ocurri\u00f3 llevarlo a un\u2026","rel":"","context":"En \u00abLimones\u00bb","block_context":{"text":"Limones","link":"https:\/\/quechilero.com\/blog\/category\/limones\/"},"img":{"alt_text":"","src":"","width":0,"height":0},"classes":[]},{"id":985,"url":"https:\/\/quechilero.com\/blog\/2008\/06\/13\/mi-papa-es-un-sonador\/","url_meta":{"origin":9742,"position":3},"title":"Mi Pap\u00e1 es un so\u00f1ador","author":"Pepe Barrascout Ortiz","date":"13 junio 2008","format":false,"excerpt":"Una ni\u00f1ita se encontraba al costado de una multitud, mientras su pap\u00e1 testificaba acerca de c\u00f3mo Jesucristo hab\u00eda influenciado en \u00e9l. Explicaba c\u00f3mo el Se\u00f1or lo hab\u00eda salvado y rescatado de su anterior estilo de vida como alcoh\u00f3lico. Entre los presentes hab\u00eda un desvergonzado que no pod\u00eda soportar m\u00e1s o\u00edr\u2026","rel":"","context":"En \u00abLimones\u00bb","block_context":{"text":"Limones","link":"https:\/\/quechilero.com\/blog\/category\/limones\/"},"img":{"alt_text":"","src":"","width":0,"height":0},"classes":[]},{"id":17741,"url":"https:\/\/quechilero.com\/blog\/2014\/02\/16\/momentos-felices\/","url_meta":{"origin":9742,"position":4},"title":"Momentos Felices","author":"Pepe Barrascout Ortiz","date":"16 febrero 2014","format":false,"excerpt":"Una vez una familia plane\u00f3 unas vacaciones a la costa oeste durante meses. A \u00faltimo momento, el padre no pudo ir por responsabilidades de trabajo. La madre insisti\u00f3 en que ella era capaz de manejar, as\u00ed que ella y los ni\u00f1os avanzaron con el viaje. El padre ayud\u00f3 a planear\u2026","rel":"","context":"En \u00abLimones\u00bb","block_context":{"text":"Limones","link":"https:\/\/quechilero.com\/blog\/category\/limones\/"},"img":{"alt_text":"","src":"","width":0,"height":0},"classes":[]},{"id":9546,"url":"https:\/\/quechilero.com\/blog\/2011\/06\/25\/dia-del-maestro\/","url_meta":{"origin":9742,"position":5},"title":"D\u00eda del Maestro","author":"Pepe Barrascout Ortiz","date":"25 junio 2011","format":false,"excerpt":"Como un homenaje a mis colegas maestros, comparto estos art\u00edculos, que a lo largo de cinco a\u00f1os, he publicado en Si la vida nos da limones..., pero solo a aquellos que con \u00e1nimo y energ\u00eda, vocaci\u00f3n y entrega, d\u00eda a d\u00eda, asisten puntuales a la cita que tienen con la\u2026","rel":"","context":"En \u00abLimones\u00bb","block_context":{"text":"Limones","link":"https:\/\/quechilero.com\/blog\/category\/limones\/"},"img":{"alt_text":"","src":"","width":0,"height":0},"classes":[]}],"jetpack_featured_media_url":"","_links":{"self":[{"href":"https:\/\/quechilero.com\/blog\/wp-json\/wp\/v2\/posts\/9742","targetHints":{"allow":["GET"]}}],"collection":[{"href":"https:\/\/quechilero.com\/blog\/wp-json\/wp\/v2\/posts"}],"about":[{"href":"https:\/\/quechilero.com\/blog\/wp-json\/wp\/v2\/types\/post"}],"author":[{"embeddable":true,"href":"https:\/\/quechilero.com\/blog\/wp-json\/wp\/v2\/users\/1"}],"replies":[{"embeddable":true,"href":"https:\/\/quechilero.com\/blog\/wp-json\/wp\/v2\/comments?post=9742"}],"version-history":[{"count":0,"href":"https:\/\/quechilero.com\/blog\/wp-json\/wp\/v2\/posts\/9742\/revisions"}],"wp:attachment":[{"href":"https:\/\/quechilero.com\/blog\/wp-json\/wp\/v2\/media?parent=9742"}],"wp:term":[{"taxonomy":"category","embeddable":true,"href":"https:\/\/quechilero.com\/blog\/wp-json\/wp\/v2\/categories?post=9742"},{"taxonomy":"post_tag","embeddable":true,"href":"https:\/\/quechilero.com\/blog\/wp-json\/wp\/v2\/tags?post=9742"},{"taxonomy":"series","embeddable":true,"href":"https:\/\/quechilero.com\/blog\/wp-json\/wp\/v2\/series?post=9742"}],"curies":[{"name":"wp","href":"https:\/\/api.w.org\/{rel}","templated":true}]}}