{"id":9674,"date":"2011-07-15T12:00:38","date_gmt":"2011-07-15T18:00:38","guid":{"rendered":"http:\/\/quechilero.com\/blog\/?p=9674"},"modified":"2011-07-15T12:00:38","modified_gmt":"2011-07-15T18:00:38","slug":"mas-alla-de","status":"publish","type":"post","link":"https:\/\/quechilero.com\/blog\/2011\/07\/15\/mas-alla-de\/","title":{"rendered":"Mas all\u00e1 de&#8230;"},"content":{"rendered":"<p><a href=\"http:\/\/s392.photobucket.com\/albums\/pp7\/pepejaguar\/blog\/?action=view&amp;current=bn.png\"><img data-recalc-dims=\"1\" loading=\"lazy\" decoding=\"async\" class=\"alignnone\" src=\"https:\/\/i0.wp.com\/i392.photobucket.com\/albums\/pp7\/pepejaguar\/blog\/bn.png?resize=560%2C350\" alt=\"\" width=\"560\" height=\"350\" \/><\/a><\/p>\n<p>Muchas veces, tratamos de ser lo m\u00e1s pragm\u00e1ticos posibles y nuestras decisiones las basamos muy r\u00edgidamente, <em>o es de una forma o es de otra, sin intermedios<\/em>, sin embargo no podemos aplicar ese criterio a todos los aspectos de la vida, puede haber una tercera opci\u00f3n, otra alternativa, otra forma de hacerlo, otra forma de resolverlo.<\/p>\n<p>Encontrar el balance adecuado entre estas alternativas, es lo que al final de cuentas, nos lleva un paso mas cerca de la perfecci\u00f3n. Cuando algo est\u00e9 muy complicado, a tal punto que creemos que no hay otra salida, salgamos del cuadro, saltemos del escenario y volv\u00e1monos hacia el punto de vista del espectador, seguramente, tendremos una visi\u00f3n mas amplia del asunto que nos ocupa.<\/p>\n<p><em>\u00bfSaben que quise decir con la imagen que ilustra este texto?, mis amigos dise\u00f1adores,\u00a0expliquen por favor<\/em> \ud83d\ude09<\/p>\n","protected":false},"excerpt":{"rendered":"<p>Muchas veces, tratamos de ser lo m\u00e1s pragm\u00e1ticos posibles y nuestras decisiones las basamos muy r\u00edgidamente, o es de una forma o es de otra, sin intermedios, sin embargo no podemos aplicar ese criterio a todos los aspectos de la vida, puede haber una tercera opci\u00f3n, otra alternativa, otra forma de hacerlo, otra forma de &#8230; <a title=\"Mas all\u00e1 de&#8230;\" class=\"read-more\" href=\"https:\/\/quechilero.com\/blog\/2011\/07\/15\/mas-alla-de\/\" aria-label=\"Leer m\u00e1s sobre Mas all\u00e1 de&#8230;\">Leer m\u00e1s<\/a><\/p>\n","protected":false},"author":1,"featured_media":0,"comment_status":"open","ping_status":"open","sticky":false,"template":"","format":"standard","meta":{"advanced_seo_description":"","jetpack_seo_html_title":"","jetpack_seo_noindex":false,"jetpack_seo_schema_type":"","episode_type":"","audio_file":"","podmotor_file_id":"","podmotor_episode_id":"","cover_image":"","cover_image_id":"","duration":"","filesize":"","filesize_raw":"","date_recorded":"","explicit":"","block":"","_jetpack_newsletter_access":"","_jetpack_dont_email_post_to_subs":false,"_jetpack_newsletter_tier_id":0,"_jetpack_memberships_contains_paywalled_content":false,"_jetpack_feature_clip_id":0,"_jetpack_memberships_contains_paid_content":false,"footnotes":"","jetpack_publicize_message":"","jetpack_publicize_feature_enabled":true,"jetpack_social_post_already_shared":false,"jetpack_social_options":{"image_generator_settings":{"template":"highway","default_image_id":0,"font":"","enabled":false},"version":2},"jetpack_post_was_ever_published":false},"categories":[2],"tags":[11,51,24],"series":[],"class_list":["post-9674","post","type-post","status-publish","format-standard","hentry","category-limones","tag-amigo","tag-dios","tag-vida"],"episode_featured_image":false,"episode_player_image":"https:\/\/i0.wp.com\/quechilero.com\/blog\/imagenes\/podcast.png?fit=1831%2C1831&ssl=1","download_link":"","player_link":"","audio_player":false,"episode_data":{"playerMode":"dark","subscribeUrls":{"amazon":{"key":"amazon","url":"","label":"Amazon","class":"amazon","icon":"amazon.png"},"apple_podcasts":{"key":"apple_podcasts","url":"","label":"Apple Podcasts","class":"apple_podcasts","icon":"apple-podcasts.png"},"castbox":{"key":"castbox","url":"","label":"CastBox","class":"castbox","icon":"castbox.png"},"deezer":{"key":"deezer","url":"","label":"Deezer","class":"deezer","icon":"deezer.png"},"google_podcasts":{"key":"google_podcasts","url":"","label":"Google Podcasts","class":"google_podcasts","icon":"google-podcasts.png"},"listen_notes":{"key":"listen_notes","url":"","label":"Listen Notes","class":"listen_notes","icon":"listen-notes.png"},"pandora":{"key":"pandora","url":"","label":"Pandora","class":"pandora","icon":"pandora.png"},"podbean":{"key":"podbean","url":"","label":"Podbean","class":"podbean","icon":"podbean.png"},"podcast_republic":{"key":"podcast_republic","url":"","label":"Podcast Republic","class":"podcast_republic","icon":"podcast-republic.png"},"rss":{"key":"rss","url":"","label":"RSS","class":"rss","icon":"rss.png"},"spotify":{"key":"spotify","url":"","label":"Spotify","class":"spotify","icon":"spotify.png"},"stitcher":{"key":"stitcher","url":"","label":"Stitcher","class":"stitcher","icon":"stitcher.png"},"tunein":{"key":"tunein","url":"","label":"TuneIn","class":"tunein","icon":"tunein.png"},"youtube":{"key":"youtube","url":"","label":"YouTube","class":"youtube","icon":"youtube.png"},"iheartradio":{"key":"iheartradio","url":"","label":"iHeartRadio","class":"iheartradio","icon":"iheartradio.png"},"ivoox":{"key":"ivoox","url":"","label":"iVoox","class":"ivoox","icon":"ivoox.png"}},"rssFeedUrl":"https:\/\/quechilero.com\/blog\/feed\/podcast\/si-la-vida-nos-da-limones","embedCode":"<blockquote class=\"wp-embedded-content\" data-secret=\"lKC8SDgCXs\"><a href=\"https:\/\/quechilero.com\/blog\/2011\/07\/15\/mas-alla-de\/\">Mas all\u00e1 de&#8230;<\/a><\/blockquote><iframe sandbox=\"allow-scripts\" security=\"restricted\" src=\"https:\/\/quechilero.com\/blog\/2011\/07\/15\/mas-alla-de\/embed\/#?secret=lKC8SDgCXs\" width=\"500\" height=\"350\" title=\"\u00abMas all\u00e1 de&#8230;\u00bb \u2014 Si la Vida nos da Limones...\" data-secret=\"lKC8SDgCXs\" frameborder=\"0\" marginwidth=\"0\" marginheight=\"0\" scrolling=\"no\" class=\"wp-embedded-content\"><\/iframe><script>\n\/*! This file is auto-generated *\/\n!function(d,l){\"use strict\";l.querySelector&&d.addEventListener&&\"undefined\"!=typeof URL&&(d.wp=d.wp||{},d.wp.receiveEmbedMessage||(d.wp.receiveEmbedMessage=function(e){var t=e.data;if((t||t.secret||t.message||t.value)&&!\/[^a-zA-Z0-9]\/.test(t.secret)){for(var s,r,n,a=l.querySelectorAll('iframe[data-secret=\"'+t.secret+'\"]'),o=l.querySelectorAll('blockquote[data-secret=\"'+t.secret+'\"]'),c=new RegExp(\"^https?:$\",\"i\"),i=0;i<o.length;i++)o[i].style.display=\"none\";for(i=0;i<a.length;i++)s=a[i],e.source===s.contentWindow&&(s.removeAttribute(\"style\"),\"height\"===t.message?(1e3<(r=parseInt(t.value,10))?r=1e3:~~r<200&&(r=200),s.height=r):\"link\"===t.message&&(r=new URL(s.getAttribute(\"src\")),n=new URL(t.value),c.test(n.protocol))&&n.host===r.host&&l.activeElement===s&&(d.top.location.href=t.value))}},d.addEventListener(\"message\",d.wp.receiveEmbedMessage,!1),l.addEventListener(\"DOMContentLoaded\",function(){for(var e,t,s=l.querySelectorAll(\"iframe.wp-embedded-content\"),r=0;r<s.length;r++)(t=(e=s[r]).getAttribute(\"data-secret\"))||(t=Math.random().toString(36).substring(2,12),e.src+=\"#?secret=\"+t,e.setAttribute(\"data-secret\",t)),e.contentWindow.postMessage({message:\"ready\",secret:t},\"*\")},!1)))}(window,document);\n\/\/# sourceURL=https:\/\/quechilero.com\/blog\/wp-includes\/js\/wp-embed.min.js\n<\/script>\n"},"jetpack_publicize_connections":[],"jetpack_shortlink":"https:\/\/wp.me\/pDKli-2w2","jetpack_sharing_enabled":true,"jetpack-related-posts":[{"id":3487,"url":"https:\/\/quechilero.com\/blog\/2009\/09\/04\/te-prometo-anarquia-la-entrevista\/","url_meta":{"origin":9674,"position":0},"title":"Te prometo anarqu\u00eda: la entrevista","author":"Pepe Barrascout Ortiz","date":"4 septiembre 2009","format":false,"excerpt":"Te prometo anarqu\u00eda es una propuesta art\u00edstica, de la que ya hablamos anteriormente en el Marat\u00f3n de Blogs 2009, ahora aprovecho para seguir promoviendo este espacio, con una entrevista con Rafael Romero el creador de Te prometo anarqu\u00eda. \u00bfCu\u00e1l es el concepto de Te prometo anarqu\u00eda? Naci\u00f3 como una inquietud\u2026","rel":"","context":"En \u00abLimones\u00bb","block_context":{"text":"Limones","link":"https:\/\/quechilero.com\/blog\/category\/limones\/"},"img":{"alt_text":"","src":"","width":0,"height":0},"classes":[]},{"id":27284,"url":"https:\/\/quechilero.com\/blog\/2014\/02\/04\/podcast-en-la-vida-de-san-agustin-episodio-41\/","url_meta":{"origin":9674,"position":1},"title":"Podcast: En la Vida de San Agust\u00edn, episodio 41","author":"Pepe Barrascout Ortiz","date":"4 febrero 2014","format":false,"excerpt":"M\u00e1s sobre la vocaci\u00f3n al matrimonio Heraclio confiesa a Agust\u00edn que algunos formandos piensan que menosprecia a las mujeres. La exposici\u00f3n de Agust\u00edn esclarece este punto. Habla tambi\u00e9n sobre el acuerdo de continencia entre esposos, la oraci\u00f3n continua y el modo de conseguir la integridad mental, f\u00edsica y emocional. ***\u2026","rel":"","context":"En \u00abPodcast\u00bb","block_context":{"text":"Podcast","link":"https:\/\/quechilero.com\/blog\/category\/podcast\/"},"img":{"alt_text":"Las 6 de la ma\u00f1ana. Podcast","src":"https:\/\/i0.wp.com\/lh3.googleusercontent.com\/-MuDpgG_t8tg\/Uics8DjfI0I\/AAAAAAAACFg\/DQ_9XUG-gUE\/s800\/san-agustin.png?resize=350%2C200&ssl=1","width":350,"height":200,"srcset":"https:\/\/i0.wp.com\/lh3.googleusercontent.com\/-MuDpgG_t8tg\/Uics8DjfI0I\/AAAAAAAACFg\/DQ_9XUG-gUE\/s800\/san-agustin.png?resize=350%2C200&ssl=1 1x, https:\/\/i0.wp.com\/lh3.googleusercontent.com\/-MuDpgG_t8tg\/Uics8DjfI0I\/AAAAAAAACFg\/DQ_9XUG-gUE\/s800\/san-agustin.png?resize=525%2C300&ssl=1 1.5x"},"classes":[]},{"id":16037,"url":"https:\/\/quechilero.com\/blog\/2013\/02\/22\/cuarto-para-las-doce\/","url_meta":{"origin":9674,"position":2},"title":"Cuarto para las doce","author":"Pepe Barrascout Ortiz","date":"22 febrero 2013","format":false,"excerpt":"\u00bfHas observado que el panorama suele verse m\u00e1s negro poco antes de ocurrir un viraje positivo? El hombre de negocios afirma que justo antes de hacer su fortuna, estaba a punto de claudicar. Le llegaba el agua al cuello cuando, de repente, todo empez\u00f3 a cambiar. A punto de renunciar,\u2026","rel":"","context":"En \u00abLimones\u00bb","block_context":{"text":"Limones","link":"https:\/\/quechilero.com\/blog\/category\/limones\/"},"img":{"alt_text":"","src":"","width":0,"height":0},"classes":[]},{"id":31213,"url":"https:\/\/quechilero.com\/blog\/2023\/04\/09\/la-musica\/","url_meta":{"origin":9674,"position":3},"title":"La m\u00fasica","author":"Pepe Barrascout Ortiz","date":"9 abril 2023","format":false,"excerpt":"En otras ocasiones he comentado sobre la m\u00fasica en el gimnasio. En este episodio, hablo con m\u00e1s detalle del tema, sin faltar un an\u00e1lisis somero por cierto, sobre el tipo de m\u00fasica, el volumen, incluso comento sobre los bits de la m\u00fasica y algunos otros detalles t\u00e9cnicos al respecto. En\u2026","rel":"","context":"En \u00abDaily Gym\u00bb","block_context":{"text":"Daily Gym","link":"https:\/\/quechilero.com\/blog\/category\/podcast\/daily-gym\/"},"img":{"alt_text":"Daily Gym Podcast","src":"https:\/\/i0.wp.com\/quechilero.com\/blog\/imagenes\/DailyGym.jpg?fit=1200%2C675&ssl=1&resize=350%2C200","width":350,"height":200,"srcset":"https:\/\/i0.wp.com\/quechilero.com\/blog\/imagenes\/DailyGym.jpg?fit=1200%2C675&ssl=1&resize=350%2C200 1x, https:\/\/i0.wp.com\/quechilero.com\/blog\/imagenes\/DailyGym.jpg?fit=1200%2C675&ssl=1&resize=525%2C300 1.5x, https:\/\/i0.wp.com\/quechilero.com\/blog\/imagenes\/DailyGym.jpg?fit=1200%2C675&ssl=1&resize=700%2C400 2x, https:\/\/i0.wp.com\/quechilero.com\/blog\/imagenes\/DailyGym.jpg?fit=1200%2C675&ssl=1&resize=1050%2C600 3x"},"classes":[]},{"id":3245,"url":"https:\/\/quechilero.com\/blog\/2009\/08\/11\/maraton-de-blogs-mira-pue\/","url_meta":{"origin":9674,"position":4},"title":"Marat\u00f3n de Blogs: Mir\u00e1 pue&#8230;","author":"Pepe Barrascout Ortiz","date":"11 agosto 2009","format":false,"excerpt":"Mir\u00e1 pue es un blog bastante interesante en el que uno se queda enganchado desde el principio, eso fue precisamente lo que me pas\u00f3 a mi, desde la primera vez que lo le\u00ed. Poco a poco fui conociendo las aventuras y peripecias, de Andre\u00edta su joven, alegre y din\u00e1mica autora.\u2026","rel":"","context":"En \u00abBlogs de Guatemala\u00bb","block_context":{"text":"Blogs de Guatemala","link":"https:\/\/quechilero.com\/blog\/category\/blogs-de-guatemala\/"},"img":{"alt_text":"Marat\u00f3n de Blogs 2009","src":"https:\/\/i0.wp.com\/i392.photobucket.com\/albums\/pp7\/pepejaguar\/maraton2009\/maraton2009.jpg?resize=350%2C200","width":350,"height":200,"srcset":"https:\/\/i0.wp.com\/i392.photobucket.com\/albums\/pp7\/pepejaguar\/maraton2009\/maraton2009.jpg?resize=350%2C200 1x, https:\/\/i0.wp.com\/i392.photobucket.com\/albums\/pp7\/pepejaguar\/maraton2009\/maraton2009.jpg?resize=525%2C300 1.5x"},"classes":[]},{"id":5887,"url":"https:\/\/quechilero.com\/blog\/2010\/12\/22\/desconectarse-para-conectarse\/","url_meta":{"origin":9674,"position":5},"title":"Desconectarse para Conectarse","author":"Pepe Barrascout Ortiz","date":"22 diciembre 2010","format":false,"excerpt":"El avance y desarrollo a toda velocidad, de las nuevas tecnolog\u00edas, han tra\u00eddo muchas ventajas, en muchos casos, nos ayudan a eliminar fronteras, a mejorar la comunicaci\u00f3n y a estar mas en contacto, sin embargo, con las \"redes sociales\", parad\u00f3jicamente, las personas dejan de ser mas sociables. Con cientos y\u2026","rel":"","context":"En \u00abLimones\u00bb","block_context":{"text":"Limones","link":"https:\/\/quechilero.com\/blog\/category\/limones\/"},"img":{"alt_text":"","src":"","width":0,"height":0},"classes":[]}],"jetpack_featured_media_url":"","_links":{"self":[{"href":"https:\/\/quechilero.com\/blog\/wp-json\/wp\/v2\/posts\/9674","targetHints":{"allow":["GET"]}}],"collection":[{"href":"https:\/\/quechilero.com\/blog\/wp-json\/wp\/v2\/posts"}],"about":[{"href":"https:\/\/quechilero.com\/blog\/wp-json\/wp\/v2\/types\/post"}],"author":[{"embeddable":true,"href":"https:\/\/quechilero.com\/blog\/wp-json\/wp\/v2\/users\/1"}],"replies":[{"embeddable":true,"href":"https:\/\/quechilero.com\/blog\/wp-json\/wp\/v2\/comments?post=9674"}],"version-history":[{"count":0,"href":"https:\/\/quechilero.com\/blog\/wp-json\/wp\/v2\/posts\/9674\/revisions"}],"wp:attachment":[{"href":"https:\/\/quechilero.com\/blog\/wp-json\/wp\/v2\/media?parent=9674"}],"wp:term":[{"taxonomy":"category","embeddable":true,"href":"https:\/\/quechilero.com\/blog\/wp-json\/wp\/v2\/categories?post=9674"},{"taxonomy":"post_tag","embeddable":true,"href":"https:\/\/quechilero.com\/blog\/wp-json\/wp\/v2\/tags?post=9674"},{"taxonomy":"series","embeddable":true,"href":"https:\/\/quechilero.com\/blog\/wp-json\/wp\/v2\/series?post=9674"}],"curies":[{"name":"wp","href":"https:\/\/api.w.org\/{rel}","templated":true}]}}