{"id":9552,"date":"2011-06-26T12:00:11","date_gmt":"2011-06-26T18:00:11","guid":{"rendered":"http:\/\/quechilero.com\/blog\/?p=9552"},"modified":"2011-06-26T12:00:11","modified_gmt":"2011-06-26T18:00:11","slug":"procesion-de-corpus-christi","status":"publish","type":"post","link":"https:\/\/quechilero.com\/blog\/2011\/06\/26\/procesion-de-corpus-christi\/","title":{"rendered":"Procesi\u00f3n de Corpus Christi"},"content":{"rendered":"<p><a href=\"https:\/\/picasaweb.google.com\/lh\/photo\/LaQV2ETlPKWvPDTwRTkrow?feat=directlink\"><img data-recalc-dims=\"1\" decoding=\"async\" class=\" alignnone\" src=\"https:\/\/i0.wp.com\/lh6.googleusercontent.com\/-SuVnIyeSrfI\/Tgdz0lnMyYI\/AAAAAAAAAuc\/joWZpT-OcjM\/s800\/sant%2525C3%2525ADsimo-sacramento.jpg?w=560&#038;ssl=1\" alt=\"\"  \/><\/a><\/p>\n<p><strong>Participar en la procesi\u00f3n con el Sant\u00edsimo<\/strong><\/p>\n<p>La procesi\u00f3n con el Sant\u00edsimo consiste en hacer un homenaje agradecido, p\u00fablico y multitudinario de la presencia real de Cristo en la Eucarist\u00eda. Se acostumbra sacar en procesi\u00f3n al Sant\u00edsimo Sacramento por las calles y las plazas o dentro de la parroquia o Iglesia, para afirmar el misterio del Dios con nosotros en la Eucarist\u00eda.<br \/>\nEsta costumbre ayuda a que los valores fundamentales de la fe cat\u00f3lica se acent\u00faen con la presencia real y personal de Cristo en la Eucarist\u00eda.<\/p>\n<p><strong>La Hora Santa<\/strong><\/p>\n<p>Es una manera pr\u00e1ctica y muy bella de adorar a Jes\u00fas Sacramentado. El Papa Juan Pablo II la celebra, al igual que la mayor\u00eda de las Parroquias de todo el mundo, los jueves al anochecer, para demostrar a Cristo Eucarist\u00eda amor y agradecimiento y reparar las actitudes de indiferencia y las faltas de respeto que recibe de uno mismo y de los dem\u00e1s hombres.<\/p>\n<p>Consiste en realizar una peque\u00f1a reflexi\u00f3n evang\u00e9lica, en presencia de Jes\u00fas Sacramentado y, al final, se rezan unas letan\u00edas especiales para demostrarle a Jes\u00fas nuestro amor.<\/p>\n<p>Se puede celebrar de manera formal con el Sant\u00edsimo Sacramento solemnemente expuesto en la custodia, con incienso y con cantos, o de manera informal con la Hostia dentro del Sagrario. Cualquiera de las dos maneras agrada a Jes\u00fas.<br \/>\nSe inicia con la exposici\u00f3n del Sant\u00edsimo Sacramento o, en su defecto, con una oraci\u00f3n inicial a Jesucristo estando todos arrodillados frente al Sagrario.<\/p>\n<p>A continuaci\u00f3n, se procede a la lectura de un pasaje del Evangelio y al comentario del mismo por parte de alguno de los participantes.<br \/>\nLuego, se reflexiona adorando a Jes\u00fas, Rey del Universo, en la Eucarist\u00eda.<\/p>\n<p>Se termina con las invocaciones y las letan\u00edas correspondientes y, en el caso de que la Hora Eucar\u00edstica se haya hecho delante del Sant\u00edsimo solemnemente expuesto, el sacerdote da la bendici\u00f3n con el Sant\u00edsimo; en caso contrario, se finaliza la Hora Santa con una plegaria conocida de agradecimiento.<\/p>\n<p>Mas Informaci\u00f3n en <a title=\"Celebraci\u00f3n de Corpus Christi\" href=\"http:\/\/es.catholic.net\/celebraciones\/120\/301\/articulo.php?id=1214\" target=\"_blank\">Catholic.net<\/a> | Fotograf\u00eda: <a title=\"La Sagrada Eucarist\u00eda\" href=\"http:\/\/www.facebook.com\/photo.php?fbid=232298356790006&amp;set=a.102414799778363.5231.100000295309000&amp;type=1\" target=\"_blank\">La Chachi<\/a><\/p>\n","protected":false},"excerpt":{"rendered":"<p>Participar en la procesi\u00f3n con el Sant\u00edsimo La procesi\u00f3n con el Sant\u00edsimo consiste en hacer un homenaje agradecido, p\u00fablico y multitudinario de la presencia real de Cristo en la Eucarist\u00eda. Se acostumbra sacar en procesi\u00f3n al Sant\u00edsimo Sacramento por las calles y las plazas o dentro de la parroquia o Iglesia, para afirmar el misterio &#8230; <a title=\"Procesi\u00f3n de Corpus Christi\" class=\"read-more\" href=\"https:\/\/quechilero.com\/blog\/2011\/06\/26\/procesion-de-corpus-christi\/\" aria-label=\"Leer m\u00e1s sobre Procesi\u00f3n de Corpus Christi\">Leer m\u00e1s<\/a><\/p>\n","protected":false},"author":1,"featured_media":0,"comment_status":"open","ping_status":"open","sticky":false,"template":"","format":"standard","meta":{"advanced_seo_description":"","jetpack_seo_html_title":"","jetpack_seo_noindex":false,"jetpack_seo_schema_type":"","episode_type":"","audio_file":"","podmotor_file_id":"","podmotor_episode_id":"","cover_image":"","cover_image_id":"","duration":"","filesize":"","filesize_raw":"","date_recorded":"","explicit":"","block":"","_jetpack_newsletter_access":"","_jetpack_dont_email_post_to_subs":false,"_jetpack_newsletter_tier_id":0,"_jetpack_memberships_contains_paywalled_content":false,"_jetpack_feature_clip_id":0,"_jetpack_memberships_contains_paid_content":false,"footnotes":"","jetpack_publicize_message":"","jetpack_publicize_feature_enabled":true,"jetpack_social_post_already_shared":false,"jetpack_social_options":{"image_generator_settings":{"template":"highway","default_image_id":0,"font":"","enabled":false},"version":2},"jetpack_post_was_ever_published":false},"categories":[2],"tags":[15,37,51,32,90,8,18,74,81,86],"series":[],"class_list":["post-9552","post","type-post","status-publish","format-standard","hentry","category-limones","tag-amor","tag-ayuda","tag-dios","tag-especial","tag-evangelio","tag-fotografia","tag-hombre","tag-jesus","tag-lectura","tag-oracion"],"episode_featured_image":false,"episode_player_image":"https:\/\/i0.wp.com\/quechilero.com\/blog\/imagenes\/podcast.png?fit=1831%2C1831&ssl=1","download_link":"","player_link":"","audio_player":false,"episode_data":{"playerMode":"dark","subscribeUrls":{"amazon":{"key":"amazon","url":"","label":"Amazon","class":"amazon","icon":"amazon.png"},"apple_podcasts":{"key":"apple_podcasts","url":"","label":"Apple Podcasts","class":"apple_podcasts","icon":"apple-podcasts.png"},"castbox":{"key":"castbox","url":"","label":"CastBox","class":"castbox","icon":"castbox.png"},"deezer":{"key":"deezer","url":"","label":"Deezer","class":"deezer","icon":"deezer.png"},"google_podcasts":{"key":"google_podcasts","url":"","label":"Google Podcasts","class":"google_podcasts","icon":"google-podcasts.png"},"listen_notes":{"key":"listen_notes","url":"","label":"Listen Notes","class":"listen_notes","icon":"listen-notes.png"},"pandora":{"key":"pandora","url":"","label":"Pandora","class":"pandora","icon":"pandora.png"},"podbean":{"key":"podbean","url":"","label":"Podbean","class":"podbean","icon":"podbean.png"},"podcast_republic":{"key":"podcast_republic","url":"","label":"Podcast Republic","class":"podcast_republic","icon":"podcast-republic.png"},"rss":{"key":"rss","url":"","label":"RSS","class":"rss","icon":"rss.png"},"spotify":{"key":"spotify","url":"","label":"Spotify","class":"spotify","icon":"spotify.png"},"stitcher":{"key":"stitcher","url":"","label":"Stitcher","class":"stitcher","icon":"stitcher.png"},"tunein":{"key":"tunein","url":"","label":"TuneIn","class":"tunein","icon":"tunein.png"},"youtube":{"key":"youtube","url":"","label":"YouTube","class":"youtube","icon":"youtube.png"},"iheartradio":{"key":"iheartradio","url":"","label":"iHeartRadio","class":"iheartradio","icon":"iheartradio.png"},"ivoox":{"key":"ivoox","url":"","label":"iVoox","class":"ivoox","icon":"ivoox.png"}},"rssFeedUrl":"https:\/\/quechilero.com\/blog\/feed\/podcast\/si-la-vida-nos-da-limones","embedCode":"<blockquote class=\"wp-embedded-content\" data-secret=\"vOrZlunkYf\"><a href=\"https:\/\/quechilero.com\/blog\/2011\/06\/26\/procesion-de-corpus-christi\/\">Procesi\u00f3n de Corpus Christi<\/a><\/blockquote><iframe sandbox=\"allow-scripts\" security=\"restricted\" src=\"https:\/\/quechilero.com\/blog\/2011\/06\/26\/procesion-de-corpus-christi\/embed\/#?secret=vOrZlunkYf\" width=\"500\" height=\"350\" title=\"\u00abProcesi\u00f3n de Corpus Christi\u00bb \u2014 Si la Vida nos da Limones...\" data-secret=\"vOrZlunkYf\" frameborder=\"0\" marginwidth=\"0\" marginheight=\"0\" scrolling=\"no\" class=\"wp-embedded-content\"><\/iframe><script>\n\/*! This file is auto-generated *\/\n!function(d,l){\"use strict\";l.querySelector&&d.addEventListener&&\"undefined\"!=typeof URL&&(d.wp=d.wp||{},d.wp.receiveEmbedMessage||(d.wp.receiveEmbedMessage=function(e){var t=e.data;if((t||t.secret||t.message||t.value)&&!\/[^a-zA-Z0-9]\/.test(t.secret)){for(var s,r,n,a=l.querySelectorAll('iframe[data-secret=\"'+t.secret+'\"]'),o=l.querySelectorAll('blockquote[data-secret=\"'+t.secret+'\"]'),c=new RegExp(\"^https?:$\",\"i\"),i=0;i<o.length;i++)o[i].style.display=\"none\";for(i=0;i<a.length;i++)s=a[i],e.source===s.contentWindow&&(s.removeAttribute(\"style\"),\"height\"===t.message?(1e3<(r=parseInt(t.value,10))?r=1e3:~~r<200&&(r=200),s.height=r):\"link\"===t.message&&(r=new URL(s.getAttribute(\"src\")),n=new URL(t.value),c.test(n.protocol))&&n.host===r.host&&l.activeElement===s&&(d.top.location.href=t.value))}},d.addEventListener(\"message\",d.wp.receiveEmbedMessage,!1),l.addEventListener(\"DOMContentLoaded\",function(){for(var e,t,s=l.querySelectorAll(\"iframe.wp-embedded-content\"),r=0;r<s.length;r++)(t=(e=s[r]).getAttribute(\"data-secret\"))||(t=Math.random().toString(36).substring(2,12),e.src+=\"#?secret=\"+t,e.setAttribute(\"data-secret\",t)),e.contentWindow.postMessage({message:\"ready\",secret:t},\"*\")},!1)))}(window,document);\n\/\/# sourceURL=https:\/\/quechilero.com\/blog\/wp-includes\/js\/wp-embed.min.js\n<\/script>\n"},"jetpack_publicize_connections":[],"jetpack_shortlink":"https:\/\/wp.me\/pDKli-2u4","jetpack_sharing_enabled":true,"jetpack-related-posts":[{"id":16725,"url":"https:\/\/quechilero.com\/blog\/2013\/05\/26\/solemnidad-de-corpus-christi\/","url_meta":{"origin":9552,"position":0},"title":"Solemnidad de Corpus Christi","author":"Pepe Barrascout Ortiz","date":"26 mayo 2013","format":false,"excerpt":"Con esta importante celebraci\u00f3n comprendemos mejor la instituci\u00f3n de la Sagrada Eucarist\u00eda, cumpliendo la promesa de Cristo de entregarse a s\u00ed mismo por la salvaci\u00f3n de la humanidad Corpus Christi es \"Cuerpo de Cristo\" en lat\u00edn. Esta fiesta conmemora la instituci\u00f3n de la Santa Eucarist\u00eda y se celebra en la\u2026","rel":"","context":"En \u00abLimones\u00bb","block_context":{"text":"Limones","link":"https:\/\/quechilero.com\/blog\/category\/limones\/"},"img":{"alt_text":"","src":"","width":0,"height":0},"classes":[]},{"id":399,"url":"https:\/\/quechilero.com\/blog\/2006\/12\/12\/virgen-de-guadalupe\/","url_meta":{"origin":9552,"position":1},"title":"Virgen de Guadalupe","author":"Pepe Barrascout Ortiz","date":"12 diciembre 2006","format":false,"excerpt":"\"Madre Sant\u00edsima de Guadalupe. Madre de Jes\u00fas, cond\u00facenos hacia tu Divino Hijo por el camino del Evangelio, para que nuestra vida sea el cumplimiento generoso de la voluntad de Dios Cond\u00facenos a Jes\u00fas, que se nos manifiesta y se nos da en la Palabra revelada y en el Pan de\u2026","rel":"","context":"En \u00abLimones\u00bb","block_context":{"text":"Limones","link":"https:\/\/quechilero.com\/blog\/category\/limones\/"},"img":{"alt_text":"Virgen de Guadalupe","src":"https:\/\/i0.wp.com\/static.flickr.com\/130\/320598978_2a0d7b2785.jpg?resize=350%2C200","width":350,"height":200},"classes":[]},{"id":17987,"url":"https:\/\/quechilero.com\/blog\/2014\/06\/26\/infinitamente-sea-alabado-mi-jesus-sacramentado\/","url_meta":{"origin":9552,"position":2},"title":"Infinitamente sea alabado, mi Jes\u00fas Sacramentado","author":"Pepe Barrascout Ortiz","date":"26 junio 2014","format":false,"excerpt":"https:\/\/youtu.be\/lu8FF_tOpOw Alabemos al Sant\u00edsimo Sacramento del altar, y a Mar\u00eda concebida, sin pecado original, y a Mar\u00eda concebida, sin pecado original. En los cielos y en la tierra sea por siempre alabado, el coraz\u00f3n amoroso de Jes\u00fas Sacramentado, el coraz\u00f3n amoroso de Jes\u00fas Sacramentado. Alabemos al Sant\u00edsimo Sacramento del altar,\u2026","rel":"","context":"En \u00abVideoBlog\u00bb","block_context":{"text":"VideoBlog","link":"https:\/\/quechilero.com\/blog\/category\/videoblog\/"},"img":{"alt_text":"","src":"https:\/\/i0.wp.com\/img.youtube.com\/vi\/lu8FF_tOpOw\/0.jpg?resize=350%2C200","width":350,"height":200},"classes":[]},{"id":21401,"url":"https:\/\/quechilero.com\/blog\/2015\/07\/31\/este-es-mi-cuerpo-esta-es-mi-sangre\/","url_meta":{"origin":9552,"position":3},"title":"\u00a1Este es mi cuerpo, esta es mi sangre!","author":"Pepe Barrascout Ortiz","date":"31 julio 2015","format":false,"excerpt":"Una vez m\u00e1s ante ti, Se\u00f1or. Hoy es un d\u00eda grande para ti, para nosotros, para tu Iglesia. Es la solemnidad donde se exalta y glorifica la presencia de tu Cuerpo, tu Sangre y tu Divinidad en el Sacramento de la Eucarist\u00eda. \u00a1Hoy es Corpus Christi! \u00bfQu\u00e9 te podemos decir,\u2026","rel":"","context":"En \u00abLimones\u00bb","block_context":{"text":"Limones","link":"https:\/\/quechilero.com\/blog\/category\/limones\/"},"img":{"alt_text":"","src":"","width":0,"height":0},"classes":[]},{"id":461,"url":"https:\/\/quechilero.com\/blog\/2007\/02\/21\/el-santo-rosario\/","url_meta":{"origin":9552,"position":4},"title":"El Santo Rosario","author":"Pepe Barrascout Ortiz","date":"21 febrero 2007","format":false,"excerpt":"Preparaci\u00f3n: * Nos hacemos la se\u00f1al de la Cruz * Nos ponemos en presencia de Dios y para que la oraci\u00f3n llegue al Cielo, pedimos humildemente perd\u00f3n al Se\u00f1or por nuestras faltas (en silencio). Rezamos el Acto de Contrici\u00f3n (el \"P\u00e9same\") * Decimos: \"En el primer misterio recordamos...\" (nombramos el\u2026","rel":"","context":"En \u00abLimones\u00bb","block_context":{"text":"Limones","link":"https:\/\/quechilero.com\/blog\/category\/limones\/"},"img":{"alt_text":"","src":"","width":0,"height":0},"classes":[]},{"id":16713,"url":"https:\/\/quechilero.com\/blog\/2013\/05\/19\/la-%ef%bb%bfvisitacion-de-la-santisima-virgen-maria\/","url_meta":{"origin":9552,"position":5},"title":"La \ufeffVisitaci\u00f3n de la Sant\u00edsima Virgen Mar\u00eda","author":"Pepe Barrascout Ortiz","date":"19 mayo 2013","format":false,"excerpt":"Al mismo tiempo que el \u00c1ngel Gabriel anunci\u00f3 a Mar\u00eda la Encarnaci\u00f3n del Hijo de Dios, le dio la noticia de que su parienta Isabel, est\u00e9ril y de edad avanzada, ten\u00eda en su vientre, hac\u00eda seis meses, un hijo destinado a ser el Precursor del Mes\u00edas. Mar\u00eda, llena de gracia\u2026","rel":"","context":"En \u00abLimones\u00bb","block_context":{"text":"Limones","link":"https:\/\/quechilero.com\/blog\/category\/limones\/"},"img":{"alt_text":"","src":"","width":0,"height":0},"classes":[]}],"jetpack_featured_media_url":"","_links":{"self":[{"href":"https:\/\/quechilero.com\/blog\/wp-json\/wp\/v2\/posts\/9552","targetHints":{"allow":["GET"]}}],"collection":[{"href":"https:\/\/quechilero.com\/blog\/wp-json\/wp\/v2\/posts"}],"about":[{"href":"https:\/\/quechilero.com\/blog\/wp-json\/wp\/v2\/types\/post"}],"author":[{"embeddable":true,"href":"https:\/\/quechilero.com\/blog\/wp-json\/wp\/v2\/users\/1"}],"replies":[{"embeddable":true,"href":"https:\/\/quechilero.com\/blog\/wp-json\/wp\/v2\/comments?post=9552"}],"version-history":[{"count":0,"href":"https:\/\/quechilero.com\/blog\/wp-json\/wp\/v2\/posts\/9552\/revisions"}],"wp:attachment":[{"href":"https:\/\/quechilero.com\/blog\/wp-json\/wp\/v2\/media?parent=9552"}],"wp:term":[{"taxonomy":"category","embeddable":true,"href":"https:\/\/quechilero.com\/blog\/wp-json\/wp\/v2\/categories?post=9552"},{"taxonomy":"post_tag","embeddable":true,"href":"https:\/\/quechilero.com\/blog\/wp-json\/wp\/v2\/tags?post=9552"},{"taxonomy":"series","embeddable":true,"href":"https:\/\/quechilero.com\/blog\/wp-json\/wp\/v2\/series?post=9552"}],"curies":[{"name":"wp","href":"https:\/\/api.w.org\/{rel}","templated":true}]}}