{"id":954,"date":"2008-05-26T16:44:19","date_gmt":"2008-05-26T22:44:19","guid":{"rendered":"http:\/\/www.quechilero.com\/blog\/?p=954"},"modified":"2008-05-26T16:44:19","modified_gmt":"2008-05-26T22:44:19","slug":"efecto-cara-cortada","status":"publish","type":"post","link":"https:\/\/quechilero.com\/blog\/2008\/05\/26\/efecto-cara-cortada\/","title":{"rendered":"Efecto \u00abcara cortada\u00bb"},"content":{"rendered":"<p>Video tutorial, que en forma f\u00e1cil y sencilla, muestra como hacer el efecto <strong>cara cortada<\/strong> en nuestras fotograf\u00edas. B\u00e1sicamente utiliza un par de capas, algunas opacidades y otro par de trucos mas. Muy bueno.<\/p>\n<p><object classid=\"clsid:d27cdb6e-ae6d-11cf-96b8-444553540000\" width=\"425\" height=\"355\" codebase=\"http:\/\/download.macromedia.com\/pub\/shockwave\/cabs\/flash\/swflash.cab#version=6,0,40,0\"><param name=\"wmode\" value=\"transparent\" \/><param name=\"src\" value=\"http:\/\/www.youtube.com\/v\/gcX6fzxHw00&amp;hl=es\" \/><\/object><\/p>\n","protected":false},"excerpt":{"rendered":"<p>Video tutorial, que en forma f\u00e1cil y sencilla, muestra como hacer el efecto cara cortada en nuestras fotograf\u00edas. B\u00e1sicamente utiliza un par de capas, algunas opacidades y otro par de trucos mas. Muy bueno.<\/p>\n","protected":false},"author":1,"featured_media":0,"comment_status":"open","ping_status":"open","sticky":false,"template":"","format":"standard","meta":{"advanced_seo_description":"","jetpack_seo_html_title":"","jetpack_seo_noindex":false,"jetpack_seo_schema_type":"","episode_type":"","audio_file":"","podmotor_file_id":"","podmotor_episode_id":"","cover_image":"","cover_image_id":"","duration":"","filesize":"","filesize_raw":"","date_recorded":"","explicit":"","block":"","_jetpack_newsletter_access":"","_jetpack_dont_email_post_to_subs":false,"_jetpack_newsletter_tier_id":0,"_jetpack_memberships_contains_paywalled_content":false,"_jetpack_feature_clip_id":0,"_jetpack_memberships_contains_paid_content":false,"footnotes":"","jetpack_publicize_message":"","jetpack_publicize_feature_enabled":true,"jetpack_social_post_already_shared":false,"jetpack_social_options":{"image_generator_settings":{"template":"highway","default_image_id":0,"font":"","enabled":false},"version":2},"jetpack_post_was_ever_published":false},"categories":[2],"tags":[8,76,25,53],"series":[],"class_list":["post-954","post","type-post","status-publish","format-standard","hentry","category-limones","tag-fotografia","tag-tutorial","tag-video","tag-youtube"],"episode_featured_image":false,"episode_player_image":"https:\/\/i0.wp.com\/quechilero.com\/blog\/imagenes\/podcast.png?fit=1831%2C1831&ssl=1","download_link":"","player_link":"","audio_player":false,"episode_data":{"playerMode":"dark","subscribeUrls":{"amazon":{"key":"amazon","url":"","label":"Amazon","class":"amazon","icon":"amazon.png"},"apple_podcasts":{"key":"apple_podcasts","url":"","label":"Apple Podcasts","class":"apple_podcasts","icon":"apple-podcasts.png"},"castbox":{"key":"castbox","url":"","label":"CastBox","class":"castbox","icon":"castbox.png"},"deezer":{"key":"deezer","url":"","label":"Deezer","class":"deezer","icon":"deezer.png"},"google_podcasts":{"key":"google_podcasts","url":"","label":"Google Podcasts","class":"google_podcasts","icon":"google-podcasts.png"},"listen_notes":{"key":"listen_notes","url":"","label":"Listen Notes","class":"listen_notes","icon":"listen-notes.png"},"pandora":{"key":"pandora","url":"","label":"Pandora","class":"pandora","icon":"pandora.png"},"podbean":{"key":"podbean","url":"","label":"Podbean","class":"podbean","icon":"podbean.png"},"podcast_republic":{"key":"podcast_republic","url":"","label":"Podcast Republic","class":"podcast_republic","icon":"podcast-republic.png"},"rss":{"key":"rss","url":"","label":"RSS","class":"rss","icon":"rss.png"},"spotify":{"key":"spotify","url":"","label":"Spotify","class":"spotify","icon":"spotify.png"},"stitcher":{"key":"stitcher","url":"","label":"Stitcher","class":"stitcher","icon":"stitcher.png"},"tunein":{"key":"tunein","url":"","label":"TuneIn","class":"tunein","icon":"tunein.png"},"youtube":{"key":"youtube","url":"","label":"YouTube","class":"youtube","icon":"youtube.png"},"iheartradio":{"key":"iheartradio","url":"","label":"iHeartRadio","class":"iheartradio","icon":"iheartradio.png"},"ivoox":{"key":"ivoox","url":"","label":"iVoox","class":"ivoox","icon":"ivoox.png"}},"rssFeedUrl":"https:\/\/quechilero.com\/blog\/feed\/podcast\/si-la-vida-nos-da-limones","embedCode":"<blockquote class=\"wp-embedded-content\" data-secret=\"RyBfNbrXIB\"><a href=\"https:\/\/quechilero.com\/blog\/2008\/05\/26\/efecto-cara-cortada\/\">Efecto \u00abcara cortada\u00bb<\/a><\/blockquote><iframe sandbox=\"allow-scripts\" security=\"restricted\" src=\"https:\/\/quechilero.com\/blog\/2008\/05\/26\/efecto-cara-cortada\/embed\/#?secret=RyBfNbrXIB\" width=\"500\" height=\"350\" title=\"\u00abEfecto \u00abcara cortada\u00bb\u00bb \u2014 Si la Vida nos da Limones...\" data-secret=\"RyBfNbrXIB\" frameborder=\"0\" marginwidth=\"0\" marginheight=\"0\" scrolling=\"no\" class=\"wp-embedded-content\"><\/iframe><script>\n\/*! This file is auto-generated *\/\n!function(d,l){\"use strict\";l.querySelector&&d.addEventListener&&\"undefined\"!=typeof URL&&(d.wp=d.wp||{},d.wp.receiveEmbedMessage||(d.wp.receiveEmbedMessage=function(e){var t=e.data;if((t||t.secret||t.message||t.value)&&!\/[^a-zA-Z0-9]\/.test(t.secret)){for(var s,r,n,a=l.querySelectorAll('iframe[data-secret=\"'+t.secret+'\"]'),o=l.querySelectorAll('blockquote[data-secret=\"'+t.secret+'\"]'),c=new RegExp(\"^https?:$\",\"i\"),i=0;i<o.length;i++)o[i].style.display=\"none\";for(i=0;i<a.length;i++)s=a[i],e.source===s.contentWindow&&(s.removeAttribute(\"style\"),\"height\"===t.message?(1e3<(r=parseInt(t.value,10))?r=1e3:~~r<200&&(r=200),s.height=r):\"link\"===t.message&&(r=new URL(s.getAttribute(\"src\")),n=new URL(t.value),c.test(n.protocol))&&n.host===r.host&&l.activeElement===s&&(d.top.location.href=t.value))}},d.addEventListener(\"message\",d.wp.receiveEmbedMessage,!1),l.addEventListener(\"DOMContentLoaded\",function(){for(var e,t,s=l.querySelectorAll(\"iframe.wp-embedded-content\"),r=0;r<s.length;r++)(t=(e=s[r]).getAttribute(\"data-secret\"))||(t=Math.random().toString(36).substring(2,12),e.src+=\"#?secret=\"+t,e.setAttribute(\"data-secret\",t)),e.contentWindow.postMessage({message:\"ready\",secret:t},\"*\")},!1)))}(window,document);\n\/\/# sourceURL=https:\/\/quechilero.com\/blog\/wp-includes\/js\/wp-embed.min.js\n<\/script>\n"},"jetpack_publicize_connections":[],"jetpack_shortlink":"https:\/\/wp.me\/pDKli-fo","jetpack_sharing_enabled":true,"jetpack-related-posts":[{"id":961,"url":"https:\/\/quechilero.com\/blog\/2008\/06\/10\/efecto-polaroid\/","url_meta":{"origin":954,"position":0},"title":"Efecto Polaroid","author":"Pepe Barrascout Ortiz","date":"10 junio 2008","format":false,"excerpt":"Agregar el efecto polaroid a una fotograf\u00eda es sumamente f\u00e1cil, siguiendo las instrucciones de este video tutorial","rel":"","context":"En \u00abLimones\u00bb","block_context":{"text":"Limones","link":"https:\/\/quechilero.com\/blog\/category\/limones\/"},"img":{"alt_text":"","src":"","width":0,"height":0},"classes":[]},{"id":974,"url":"https:\/\/quechilero.com\/blog\/2008\/07\/06\/efectos-y-dibujos-vectoriales\/","url_meta":{"origin":954,"position":1},"title":"Efectos y dibujos vectoriales","author":"Pepe Barrascout Ortiz","date":"6 julio 2008","format":false,"excerpt":"Video tutorial que detalladamente nos explica como hacer uso de ciertos filtros para lograr efectos vectoriales y de estilo en nuestras composiciones. Tambi\u00e9n podemos ver como convertir una fotograf\u00eda en un dibujo vectorial https:\/\/youtu.be\/u9mt9-xY4HM","rel":"","context":"En \u00abVideoBlog\u00bb","block_context":{"text":"VideoBlog","link":"https:\/\/quechilero.com\/blog\/category\/videoblog\/"},"img":{"alt_text":"","src":"https:\/\/i0.wp.com\/img.youtube.com\/vi\/u9mt9-xY4HM\/0.jpg?resize=350%2C200","width":350,"height":200},"classes":[]},{"id":963,"url":"https:\/\/quechilero.com\/blog\/2008\/06\/14\/transformar-fotografia-en-arte-pop\/","url_meta":{"origin":954,"position":2},"title":"Transformar fotograf\u00eda en Arte Pop","author":"Pepe Barrascout Ortiz","date":"14 junio 2008","format":false,"excerpt":"Un efecto interesant\u00edsimo que se muestra en este video tutorial, donde explica en detalle como transformar una fotograf\u00eda en un estilo de arte pop, muy bueno. https:\/\/youtu.be\/SNBDcUUDGLM","rel":"","context":"En \u00abLimones\u00bb","block_context":{"text":"Limones","link":"https:\/\/quechilero.com\/blog\/category\/limones\/"},"img":{"alt_text":"","src":"https:\/\/i0.wp.com\/img.youtube.com\/vi\/SNBDcUUDGLM\/0.jpg?resize=350%2C200","width":350,"height":200},"classes":[]},{"id":953,"url":"https:\/\/quechilero.com\/blog\/2008\/05\/24\/decolorizacion-selectiva\/","url_meta":{"origin":954,"position":3},"title":"Decolorizaci\u00f3n selectiva","author":"Pepe Barrascout Ortiz","date":"24 mayo 2008","format":false,"excerpt":"Otro video tutorial del cambio de partes de una imagen en escala de grises, una t\u00e9cnica conocida como \"selectiva decoloraci\u00f3n\", con esta t\u00e9cnica se pueden lograr efectos sorprendentes en nuestras fotograf\u00edas.","rel":"","context":"En \u00abLimones\u00bb","block_context":{"text":"Limones","link":"https:\/\/quechilero.com\/blog\/category\/limones\/"},"img":{"alt_text":"","src":"","width":0,"height":0},"classes":[]},{"id":956,"url":"https:\/\/quechilero.com\/blog\/2008\/05\/30\/ampliando-sombras-con-curvas\/","url_meta":{"origin":954,"position":4},"title":"Ampliando sombras con curvas","author":"Pepe Barrascout Ortiz","date":"30 mayo 2008","format":false,"excerpt":"Este magn\u00edfico video tutorial, explica f\u00e1cilmente como ampliar las sombras y extenderlas en nuestras fotograf\u00edas, utilizando la herramienta de curvas. Con la herramienta curvas, se pueden lograr efectos interesantes en nuestras composiciones.","rel":"","context":"En \u00abLimones\u00bb","block_context":{"text":"Limones","link":"https:\/\/quechilero.com\/blog\/category\/limones\/"},"img":{"alt_text":"","src":"","width":0,"height":0},"classes":[]},{"id":958,"url":"https:\/\/quechilero.com\/blog\/2008\/06\/04\/fotografia-a-dibujo\/","url_meta":{"origin":954,"position":5},"title":"Fotograf\u00eda a dibujo","author":"Pepe Barrascout Ortiz","date":"4 junio 2008","format":false,"excerpt":"Este video tutorial muestra como convertir una fotograf\u00eda a sketch o dibujo coloreado. Muy buen tutorial, f\u00e1cil y sencillo de utilizar.","rel":"","context":"En \u00abLimones\u00bb","block_context":{"text":"Limones","link":"https:\/\/quechilero.com\/blog\/category\/limones\/"},"img":{"alt_text":"","src":"","width":0,"height":0},"classes":[]}],"jetpack_featured_media_url":"","_links":{"self":[{"href":"https:\/\/quechilero.com\/blog\/wp-json\/wp\/v2\/posts\/954","targetHints":{"allow":["GET"]}}],"collection":[{"href":"https:\/\/quechilero.com\/blog\/wp-json\/wp\/v2\/posts"}],"about":[{"href":"https:\/\/quechilero.com\/blog\/wp-json\/wp\/v2\/types\/post"}],"author":[{"embeddable":true,"href":"https:\/\/quechilero.com\/blog\/wp-json\/wp\/v2\/users\/1"}],"replies":[{"embeddable":true,"href":"https:\/\/quechilero.com\/blog\/wp-json\/wp\/v2\/comments?post=954"}],"version-history":[{"count":0,"href":"https:\/\/quechilero.com\/blog\/wp-json\/wp\/v2\/posts\/954\/revisions"}],"wp:attachment":[{"href":"https:\/\/quechilero.com\/blog\/wp-json\/wp\/v2\/media?parent=954"}],"wp:term":[{"taxonomy":"category","embeddable":true,"href":"https:\/\/quechilero.com\/blog\/wp-json\/wp\/v2\/categories?post=954"},{"taxonomy":"post_tag","embeddable":true,"href":"https:\/\/quechilero.com\/blog\/wp-json\/wp\/v2\/tags?post=954"},{"taxonomy":"series","embeddable":true,"href":"https:\/\/quechilero.com\/blog\/wp-json\/wp\/v2\/series?post=954"}],"curies":[{"name":"wp","href":"https:\/\/api.w.org\/{rel}","templated":true}]}}