{"id":945,"date":"2008-05-13T13:23:26","date_gmt":"2008-05-13T19:23:26","guid":{"rendered":"http:\/\/www.quechilero.com\/blog\/?p=945"},"modified":"2008-05-13T13:23:26","modified_gmt":"2008-05-13T19:23:26","slug":"colores-rgb","status":"publish","type":"post","link":"https:\/\/quechilero.com\/blog\/2008\/05\/13\/colores-rgb\/","title":{"rendered":"Colores RGB"},"content":{"rendered":"<p>Colores RGB, por si a alguien se le olvidan cuales son \ud83d\ude00<\/p>\n<p><img data-recalc-dims=\"1\" decoding=\"async\" src=\"https:\/\/i0.wp.com\/img102.imageshack.us\/img102\/248\/rgbjz8.jpg?w=500\" alt=\"\"  \/><\/p>\n<p>Ahora a conseguir los CMYK \ud83d\ude09<\/p>\n","protected":false},"excerpt":{"rendered":"<p>Colores RGB, por si a alguien se le olvidan cuales son \ud83d\ude00 Ahora a conseguir los CMYK \ud83d\ude09<\/p>\n","protected":false},"author":1,"featured_media":0,"comment_status":"open","ping_status":"open","sticky":false,"template":"","format":"standard","meta":{"advanced_seo_description":"","jetpack_seo_html_title":"","jetpack_seo_noindex":false,"jetpack_seo_schema_type":"","episode_type":"","audio_file":"","podmotor_file_id":"","podmotor_episode_id":"","cover_image":"","cover_image_id":"","duration":"","filesize":"","filesize_raw":"","date_recorded":"","explicit":"","block":"","_jetpack_newsletter_access":"","_jetpack_dont_email_post_to_subs":false,"_jetpack_newsletter_tier_id":0,"_jetpack_memberships_contains_paywalled_content":false,"_jetpack_feature_clip_id":0,"_jetpack_memberships_contains_paid_content":false,"footnotes":"","jetpack_publicize_message":"","jetpack_publicize_feature_enabled":true,"jetpack_social_post_already_shared":false,"jetpack_social_options":{"image_generator_settings":{"template":"highway","default_image_id":0,"font":"","enabled":false},"version":2},"jetpack_post_was_ever_published":false},"categories":[2],"tags":[24],"series":[],"class_list":["post-945","post","type-post","status-publish","format-standard","hentry","category-limones","tag-vida"],"episode_featured_image":false,"episode_player_image":"https:\/\/i0.wp.com\/quechilero.com\/blog\/imagenes\/podcast.png?fit=1831%2C1831&ssl=1","download_link":"","player_link":"","audio_player":false,"episode_data":{"playerMode":"dark","subscribeUrls":{"amazon":{"key":"amazon","url":"","label":"Amazon","class":"amazon","icon":"amazon.png"},"apple_podcasts":{"key":"apple_podcasts","url":"","label":"Apple Podcasts","class":"apple_podcasts","icon":"apple-podcasts.png"},"castbox":{"key":"castbox","url":"","label":"CastBox","class":"castbox","icon":"castbox.png"},"deezer":{"key":"deezer","url":"","label":"Deezer","class":"deezer","icon":"deezer.png"},"google_podcasts":{"key":"google_podcasts","url":"","label":"Google Podcasts","class":"google_podcasts","icon":"google-podcasts.png"},"listen_notes":{"key":"listen_notes","url":"","label":"Listen Notes","class":"listen_notes","icon":"listen-notes.png"},"pandora":{"key":"pandora","url":"","label":"Pandora","class":"pandora","icon":"pandora.png"},"podbean":{"key":"podbean","url":"","label":"Podbean","class":"podbean","icon":"podbean.png"},"podcast_republic":{"key":"podcast_republic","url":"","label":"Podcast Republic","class":"podcast_republic","icon":"podcast-republic.png"},"rss":{"key":"rss","url":"","label":"RSS","class":"rss","icon":"rss.png"},"spotify":{"key":"spotify","url":"","label":"Spotify","class":"spotify","icon":"spotify.png"},"stitcher":{"key":"stitcher","url":"","label":"Stitcher","class":"stitcher","icon":"stitcher.png"},"tunein":{"key":"tunein","url":"","label":"TuneIn","class":"tunein","icon":"tunein.png"},"youtube":{"key":"youtube","url":"","label":"YouTube","class":"youtube","icon":"youtube.png"},"iheartradio":{"key":"iheartradio","url":"","label":"iHeartRadio","class":"iheartradio","icon":"iheartradio.png"},"ivoox":{"key":"ivoox","url":"","label":"iVoox","class":"ivoox","icon":"ivoox.png"}},"rssFeedUrl":"https:\/\/quechilero.com\/blog\/feed\/podcast\/si-la-vida-nos-da-limones","embedCode":"<blockquote class=\"wp-embedded-content\" data-secret=\"VIpflbHBr5\"><a href=\"https:\/\/quechilero.com\/blog\/2008\/05\/13\/colores-rgb\/\">Colores RGB<\/a><\/blockquote><iframe sandbox=\"allow-scripts\" security=\"restricted\" src=\"https:\/\/quechilero.com\/blog\/2008\/05\/13\/colores-rgb\/embed\/#?secret=VIpflbHBr5\" width=\"500\" height=\"350\" title=\"\u00abColores RGB\u00bb \u2014 Si la Vida nos da Limones...\" data-secret=\"VIpflbHBr5\" frameborder=\"0\" marginwidth=\"0\" marginheight=\"0\" scrolling=\"no\" class=\"wp-embedded-content\"><\/iframe><script>\n\/*! This file is auto-generated *\/\n!function(d,l){\"use strict\";l.querySelector&&d.addEventListener&&\"undefined\"!=typeof URL&&(d.wp=d.wp||{},d.wp.receiveEmbedMessage||(d.wp.receiveEmbedMessage=function(e){var t=e.data;if((t||t.secret||t.message||t.value)&&!\/[^a-zA-Z0-9]\/.test(t.secret)){for(var s,r,n,a=l.querySelectorAll('iframe[data-secret=\"'+t.secret+'\"]'),o=l.querySelectorAll('blockquote[data-secret=\"'+t.secret+'\"]'),c=new RegExp(\"^https?:$\",\"i\"),i=0;i<o.length;i++)o[i].style.display=\"none\";for(i=0;i<a.length;i++)s=a[i],e.source===s.contentWindow&&(s.removeAttribute(\"style\"),\"height\"===t.message?(1e3<(r=parseInt(t.value,10))?r=1e3:~~r<200&&(r=200),s.height=r):\"link\"===t.message&&(r=new URL(s.getAttribute(\"src\")),n=new URL(t.value),c.test(n.protocol))&&n.host===r.host&&l.activeElement===s&&(d.top.location.href=t.value))}},d.addEventListener(\"message\",d.wp.receiveEmbedMessage,!1),l.addEventListener(\"DOMContentLoaded\",function(){for(var e,t,s=l.querySelectorAll(\"iframe.wp-embedded-content\"),r=0;r<s.length;r++)(t=(e=s[r]).getAttribute(\"data-secret\"))||(t=Math.random().toString(36).substring(2,12),e.src+=\"#?secret=\"+t,e.setAttribute(\"data-secret\",t)),e.contentWindow.postMessage({message:\"ready\",secret:t},\"*\")},!1)))}(window,document);\n\/\/# sourceURL=https:\/\/quechilero.com\/blog\/wp-includes\/js\/wp-embed.min.js\n<\/script>\n"},"jetpack_publicize_connections":[],"jetpack_shortlink":"https:\/\/wp.me\/pDKli-ff","jetpack_sharing_enabled":true,"jetpack-related-posts":[{"id":563,"url":"https:\/\/quechilero.com\/blog\/2007\/05\/30\/un-arco-iris-para-ti\/","url_meta":{"origin":945,"position":0},"title":"Un Arco iris para ti","author":"Pepe Barrascout Ortiz","date":"30 mayo 2007","format":false,"excerpt":"Un Arco iris muy especial para ti... Cada nube tiene una guarnici\u00f3n de plata... Y cada d\u00eda lluvioso deja un brillo especial... \u00a1Un Arco iris! El ROJO es el color del amor, del romance y la pasi\u00f3n, de rosas hermosas y de la sangre que lleva la vida. El ANARANJADO\u2026","rel":"","context":"En \u00abLimones\u00bb","block_context":{"text":"Limones","link":"https:\/\/quechilero.com\/blog\/category\/limones\/"},"img":{"alt_text":"","src":"","width":0,"height":0},"classes":[]},{"id":843,"url":"https:\/\/quechilero.com\/blog\/2008\/01\/29\/un-arco-iris-para-ti-2\/","url_meta":{"origin":945,"position":1},"title":"Un Arco iris para ti","author":"Pepe Barrascout Ortiz","date":"29 enero 2008","format":false,"excerpt":"Un Arco iris muy especial para ti... Cada nube tiene una guarnici\u00f3n de plata... Y cada d\u00eda lluvioso deja un brillo especial... \u00a1Un Arco iris! El ROJO es el color del amor, del romance y la pasi\u00f3n, de rosas hermosas y de la sangre que lleva la vida. El ANARANJADO\u2026","rel":"","context":"En \u00abLimones\u00bb","block_context":{"text":"Limones","link":"https:\/\/quechilero.com\/blog\/category\/limones\/"},"img":{"alt_text":"","src":"","width":0,"height":0},"classes":[]},{"id":17724,"url":"https:\/\/quechilero.com\/blog\/2014\/02\/06\/un-dia-en-colores\/","url_meta":{"origin":945,"position":2},"title":"Un d\u00eda en colores","author":"Pepe Barrascout Ortiz","date":"6 febrero 2014","format":false,"excerpt":"Un d\u00eda puede ser un momento m\u00e1s. Un d\u00eda puede tener el color que diga tu coraz\u00f3n; nublado, lleno de vida, azul como las ilusiones, rosa como los sue\u00f1os... Pero un d\u00eda siempre ser\u00e1 un instante, si todos los d\u00edas de tu vida son iguales al final de tu vida.\u2026","rel":"","context":"En \u00abLimones\u00bb","block_context":{"text":"Limones","link":"https:\/\/quechilero.com\/blog\/category\/limones\/"},"img":{"alt_text":"","src":"","width":0,"height":0},"classes":[]},{"id":21442,"url":"https:\/\/quechilero.com\/blog\/2015\/08\/17\/un-dia-en-colores-2\/","url_meta":{"origin":945,"position":3},"title":"Un d\u00eda en colores","author":"Pepe Barrascout Ortiz","date":"17 agosto 2015","format":false,"excerpt":"Un d\u00eda puede ser un momento m\u00e1s. Un d\u00eda puede tener el color que diga tu coraz\u00f3n; nublado, lleno de vida, azul como las ilusiones, rosa como los sue\u00f1os... Pero un d\u00eda siempre ser\u00e1 un instante, si todos los d\u00edas de tu vida son iguales al final de tu vida.\u2026","rel":"","context":"En \u00abLimones\u00bb","block_context":{"text":"Limones","link":"https:\/\/quechilero.com\/blog\/category\/limones\/"},"img":{"alt_text":"","src":"","width":0,"height":0},"classes":[]},{"id":546,"url":"https:\/\/quechilero.com\/blog\/2007\/05\/13\/eternidad\/","url_meta":{"origin":945,"position":4},"title":"Eternidad","author":"Pepe Barrascout Ortiz","date":"13 mayo 2007","format":false,"excerpt":"Lo que tengo no me pertenece aunque forme parte de m\u00ed. Todo lo que soy me fue prestado por el Creador, para que pueda repartir con aquellos que entran en mi vida. Nadie cruza nuestro camino por casualidad. Y nosotros no entramos en la vida de alguien sin ninguna raz\u00f3n.\u2026","rel":"","context":"En \u00abLimones\u00bb","block_context":{"text":"Limones","link":"https:\/\/quechilero.com\/blog\/category\/limones\/"},"img":{"alt_text":"","src":"","width":0,"height":0},"classes":[]},{"id":823,"url":"https:\/\/quechilero.com\/blog\/2008\/01\/01\/eternidad-2\/","url_meta":{"origin":945,"position":5},"title":"Eternidad","author":"Pepe Barrascout Ortiz","date":"1 enero 2008","format":false,"excerpt":"Lo que tengo no me pertenece aunque forme parte de m\u00ed. Todo lo que soy me fue prestado por el Creador, para que pueda repartir con aquellos que entran en mi vida. Nadie cruza nuestro camino por casualidad. Y nosotros no entramos en la vida de alguien sin ninguna raz\u00f3n.\u2026","rel":"","context":"En \u00abLimones\u00bb","block_context":{"text":"Limones","link":"https:\/\/quechilero.com\/blog\/category\/limones\/"},"img":{"alt_text":"","src":"","width":0,"height":0},"classes":[]}],"jetpack_featured_media_url":"","_links":{"self":[{"href":"https:\/\/quechilero.com\/blog\/wp-json\/wp\/v2\/posts\/945","targetHints":{"allow":["GET"]}}],"collection":[{"href":"https:\/\/quechilero.com\/blog\/wp-json\/wp\/v2\/posts"}],"about":[{"href":"https:\/\/quechilero.com\/blog\/wp-json\/wp\/v2\/types\/post"}],"author":[{"embeddable":true,"href":"https:\/\/quechilero.com\/blog\/wp-json\/wp\/v2\/users\/1"}],"replies":[{"embeddable":true,"href":"https:\/\/quechilero.com\/blog\/wp-json\/wp\/v2\/comments?post=945"}],"version-history":[{"count":0,"href":"https:\/\/quechilero.com\/blog\/wp-json\/wp\/v2\/posts\/945\/revisions"}],"wp:attachment":[{"href":"https:\/\/quechilero.com\/blog\/wp-json\/wp\/v2\/media?parent=945"}],"wp:term":[{"taxonomy":"category","embeddable":true,"href":"https:\/\/quechilero.com\/blog\/wp-json\/wp\/v2\/categories?post=945"},{"taxonomy":"post_tag","embeddable":true,"href":"https:\/\/quechilero.com\/blog\/wp-json\/wp\/v2\/tags?post=945"},{"taxonomy":"series","embeddable":true,"href":"https:\/\/quechilero.com\/blog\/wp-json\/wp\/v2\/series?post=945"}],"curies":[{"name":"wp","href":"https:\/\/api.w.org\/{rel}","templated":true}]}}