{"id":9405,"date":"2011-12-08T08:00:02","date_gmt":"2011-12-08T14:00:02","guid":{"rendered":"http:\/\/quechilero.com\/blog\/?p=9405"},"modified":"2011-12-08T08:00:02","modified_gmt":"2011-12-08T14:00:02","slug":"trabajo-en-equipo","status":"publish","type":"post","link":"https:\/\/quechilero.com\/blog\/2011\/12\/08\/trabajo-en-equipo\/","title":{"rendered":"Trabajo en equipo"},"content":{"rendered":"<p><span class=\"embed-youtube\" style=\"text-align:center; display: block;\"><iframe loading=\"lazy\" class=\"youtube-player\" width=\"1200\" height=\"675\" src=\"https:\/\/www.youtube.com\/embed\/mgCIKGIYJ1A?version=3&#038;rel=1&#038;showsearch=0&#038;showinfo=1&#038;iv_load_policy=1&#038;fs=1&#038;hl=es-ES&#038;autohide=2&#038;wmode=transparent\" allowfullscreen=\"true\" style=\"border:0;\" sandbox=\"allow-scripts allow-same-origin allow-popups allow-presentation allow-popups-to-escape-sandbox\"><\/iframe><\/span><\/p>\n<p>El <em>trabajo en equipo<\/em>, es fundamental, para lograr mejores y mas eficientes resultados. Se puede trabajar solo, pero nadie podr\u00e1 lograr mas, que cuando trabaja en equipo. Aunque esto es ciertamente muy dif\u00edcil, porque siempre habr\u00e1n personas que no les interese, es bueno realizar el intento, a fin de lograr mas y mejores beneficios para el colectivo.<\/p>\n<p>Definitivamente, es un factor fundamental, el hecho que no los intereses particulares no ri\u00f1an con los intereses del grupo, porque este es precisamente, el fin de cualquier trabajo en equipo. Esto se aplica por igual a una gran corporaci\u00f3n, como a una peque\u00f1a empresa.<\/p>\n<p>Es la familia, el <em>primer equipo<\/em>\u00a0al que pertenecemos y es importante que desde esa temprana edad, aprendamos a relacionarnos adecuadamente, a trabajar como corresponde y a realizar nuestras labores en equipo.<\/p>\n<p>Esta publicidad fue creada por la agencia<em> Duval Guillaume Brussels<\/em>, para una empresa de transporte p\u00fablico llamada <em>De lijn<\/em>.<\/p>\n<p>Visto en <a title=\"Trabajo en Equipo\" href=\"http:\/\/freshiclean.blogspot.com\/2011\/06\/hormigas.html\" target=\"_blank\">Fresh &amp; Clean<\/a><\/p>\n","protected":false},"excerpt":{"rendered":"<p>El trabajo en equipo, es fundamental, para lograr mejores y mas eficientes resultados. Se puede trabajar solo, pero nadie podr\u00e1 lograr mas, que cuando trabaja en equipo. Aunque esto es ciertamente muy dif\u00edcil, porque siempre habr\u00e1n personas que no les interese, es bueno realizar el intento, a fin de lograr mas y mejores beneficios para &#8230; <a title=\"Trabajo en equipo\" class=\"read-more\" href=\"https:\/\/quechilero.com\/blog\/2011\/12\/08\/trabajo-en-equipo\/\" aria-label=\"Leer m\u00e1s sobre Trabajo en equipo\">Leer m\u00e1s<\/a><\/p>\n","protected":false},"author":1,"featured_media":0,"comment_status":"open","ping_status":"open","sticky":false,"template":"","format":"standard","meta":{"advanced_seo_description":"","jetpack_seo_html_title":"","jetpack_seo_noindex":false,"jetpack_seo_schema_type":"","episode_type":"","audio_file":"","podmotor_file_id":"","podmotor_episode_id":"","cover_image":"","cover_image_id":"","duration":"","filesize":"","filesize_raw":"","date_recorded":"","explicit":"","block":"","_jetpack_newsletter_access":"","_jetpack_dont_email_post_to_subs":false,"_jetpack_newsletter_tier_id":0,"_jetpack_memberships_contains_paywalled_content":false,"_jetpack_feature_clip_id":0,"_jetpack_memberships_contains_paid_content":false,"footnotes":"","jetpack_publicize_message":"","jetpack_publicize_feature_enabled":true,"jetpack_social_post_already_shared":false,"jetpack_social_options":{"image_generator_settings":{"template":"highway","default_image_id":0,"font":"","enabled":false},"version":2},"jetpack_post_was_ever_published":false},"categories":[2],"tags":[16,86,3,36,53],"series":[],"class_list":["post-9405","post","type-post","status-publish","format-standard","hentry","category-limones","tag-equipo","tag-oracion","tag-resultados","tag-trabajo","tag-youtube"],"episode_featured_image":false,"episode_player_image":"https:\/\/i0.wp.com\/quechilero.com\/blog\/imagenes\/podcast.png?fit=1831%2C1831&ssl=1","download_link":"","player_link":"","audio_player":false,"episode_data":{"playerMode":"dark","subscribeUrls":{"amazon":{"key":"amazon","url":"","label":"Amazon","class":"amazon","icon":"amazon.png"},"apple_podcasts":{"key":"apple_podcasts","url":"","label":"Apple Podcasts","class":"apple_podcasts","icon":"apple-podcasts.png"},"castbox":{"key":"castbox","url":"","label":"CastBox","class":"castbox","icon":"castbox.png"},"deezer":{"key":"deezer","url":"","label":"Deezer","class":"deezer","icon":"deezer.png"},"google_podcasts":{"key":"google_podcasts","url":"","label":"Google Podcasts","class":"google_podcasts","icon":"google-podcasts.png"},"listen_notes":{"key":"listen_notes","url":"","label":"Listen Notes","class":"listen_notes","icon":"listen-notes.png"},"pandora":{"key":"pandora","url":"","label":"Pandora","class":"pandora","icon":"pandora.png"},"podbean":{"key":"podbean","url":"","label":"Podbean","class":"podbean","icon":"podbean.png"},"podcast_republic":{"key":"podcast_republic","url":"","label":"Podcast Republic","class":"podcast_republic","icon":"podcast-republic.png"},"rss":{"key":"rss","url":"","label":"RSS","class":"rss","icon":"rss.png"},"spotify":{"key":"spotify","url":"","label":"Spotify","class":"spotify","icon":"spotify.png"},"stitcher":{"key":"stitcher","url":"","label":"Stitcher","class":"stitcher","icon":"stitcher.png"},"tunein":{"key":"tunein","url":"","label":"TuneIn","class":"tunein","icon":"tunein.png"},"youtube":{"key":"youtube","url":"","label":"YouTube","class":"youtube","icon":"youtube.png"},"iheartradio":{"key":"iheartradio","url":"","label":"iHeartRadio","class":"iheartradio","icon":"iheartradio.png"},"ivoox":{"key":"ivoox","url":"","label":"iVoox","class":"ivoox","icon":"ivoox.png"}},"rssFeedUrl":"https:\/\/quechilero.com\/blog\/feed\/podcast\/si-la-vida-nos-da-limones","embedCode":"<blockquote class=\"wp-embedded-content\" data-secret=\"5wezY9CVJy\"><a href=\"https:\/\/quechilero.com\/blog\/2011\/12\/08\/trabajo-en-equipo\/\">Trabajo en equipo<\/a><\/blockquote><iframe sandbox=\"allow-scripts\" security=\"restricted\" src=\"https:\/\/quechilero.com\/blog\/2011\/12\/08\/trabajo-en-equipo\/embed\/#?secret=5wezY9CVJy\" width=\"500\" height=\"350\" title=\"\u00abTrabajo en equipo\u00bb \u2014 Si la Vida nos da Limones...\" data-secret=\"5wezY9CVJy\" frameborder=\"0\" marginwidth=\"0\" marginheight=\"0\" scrolling=\"no\" class=\"wp-embedded-content\"><\/iframe><script>\n\/*! This file is auto-generated *\/\n!function(d,l){\"use strict\";l.querySelector&&d.addEventListener&&\"undefined\"!=typeof URL&&(d.wp=d.wp||{},d.wp.receiveEmbedMessage||(d.wp.receiveEmbedMessage=function(e){var t=e.data;if((t||t.secret||t.message||t.value)&&!\/[^a-zA-Z0-9]\/.test(t.secret)){for(var s,r,n,a=l.querySelectorAll('iframe[data-secret=\"'+t.secret+'\"]'),o=l.querySelectorAll('blockquote[data-secret=\"'+t.secret+'\"]'),c=new RegExp(\"^https?:$\",\"i\"),i=0;i<o.length;i++)o[i].style.display=\"none\";for(i=0;i<a.length;i++)s=a[i],e.source===s.contentWindow&&(s.removeAttribute(\"style\"),\"height\"===t.message?(1e3<(r=parseInt(t.value,10))?r=1e3:~~r<200&&(r=200),s.height=r):\"link\"===t.message&&(r=new URL(s.getAttribute(\"src\")),n=new URL(t.value),c.test(n.protocol))&&n.host===r.host&&l.activeElement===s&&(d.top.location.href=t.value))}},d.addEventListener(\"message\",d.wp.receiveEmbedMessage,!1),l.addEventListener(\"DOMContentLoaded\",function(){for(var e,t,s=l.querySelectorAll(\"iframe.wp-embedded-content\"),r=0;r<s.length;r++)(t=(e=s[r]).getAttribute(\"data-secret\"))||(t=Math.random().toString(36).substring(2,12),e.src+=\"#?secret=\"+t,e.setAttribute(\"data-secret\",t)),e.contentWindow.postMessage({message:\"ready\",secret:t},\"*\")},!1)))}(window,document);\n\/\/# sourceURL=https:\/\/quechilero.com\/blog\/wp-includes\/js\/wp-embed.min.js\n<\/script>\n"},"jetpack_publicize_connections":[],"jetpack_shortlink":"https:\/\/wp.me\/pDKli-2rH","jetpack_sharing_enabled":true,"jetpack-related-posts":[{"id":921,"url":"https:\/\/quechilero.com\/blog\/2008\/04\/03\/recomendaciones-para-un-buen-equipo-de-trabajo\/","url_meta":{"origin":9405,"position":0},"title":"Recomendaciones para un Buen Equipo de Trabajo","author":"Pepe Barrascout Ortiz","date":"3 abril 2008","format":false,"excerpt":"Mary Lou Retton, la campeona de gimnasia, hizo un curioso acr\u00f3stico con la palabra equipo en Ingl\u00e9s. El t\u00e9rmino es \"Team\" y ella lo interpret\u00f3 as\u00ed: T: Together E: Everyone A: Achieves M: More Traducido al Espa\u00f1ol, el mensaje significa: \"Juntos cada uno logra m\u00e1s\". Ella, como todos los triunfadores,\u2026","rel":"","context":"En \u00abLimones\u00bb","block_context":{"text":"Limones","link":"https:\/\/quechilero.com\/blog\/category\/limones\/"},"img":{"alt_text":"","src":"","width":0,"height":0},"classes":[]},{"id":479,"url":"https:\/\/quechilero.com\/blog\/2007\/03\/06\/como-alcanzar-el-exito-usando-nuestras-fortalezas\/","url_meta":{"origin":9405,"position":1},"title":"C\u00f3mo alcanzar el \u00e9xito usando nuestras fortalezas","author":"Pepe Barrascout Ortiz","date":"6 marzo 2007","format":false,"excerpt":"Pensemos en un buen delantero de un equipo de f\u00fatbol obligado a jugar de portero o un excelente bombero manejando una ambulancia. \u00bfC\u00f3mo se sentir\u00edan en una posici\u00f3n en la que no son expertos...? \u00bfQu\u00e9 le sucede a nuestro equipo cuando sus miembros est\u00e1n constantemente fuera de su posici\u00f3n? Puede\u2026","rel":"","context":"En \u00abLimones\u00bb","block_context":{"text":"Limones","link":"https:\/\/quechilero.com\/blog\/category\/limones\/"},"img":{"alt_text":"","src":"","width":0,"height":0},"classes":[]},{"id":16854,"url":"https:\/\/quechilero.com\/blog\/2013\/07\/29\/ubuntu-2\/","url_meta":{"origin":9405,"position":2},"title":"Ubuntu","author":"Pepe Barrascout Ortiz","date":"29 julio 2013","format":false,"excerpt":"Que excelente ser\u00eda que en nuestras empresas u organizaciones todo el personal aprendi\u00e9ramos a vivir con un estilo de vida Ubuntu para desarrollar el trabajo en equipo. Hace algunas semanas le\u00ed la siguiente historia que me ha dejado reflexionando mucho sobre nuestras actitudes en los equipos de trabajo. La historia\u2026","rel":"","context":"En \u00abLimones\u00bb","block_context":{"text":"Limones","link":"https:\/\/quechilero.com\/blog\/category\/limones\/"},"img":{"alt_text":"","src":"","width":0,"height":0},"classes":[]},{"id":9896,"url":"https:\/\/quechilero.com\/blog\/2011\/08\/06\/maraton-de-blogs-ilifebelt\/","url_meta":{"origin":9405,"position":3},"title":"Marat\u00f3n de Blogs: Ilifebelt","author":"Pepe Barrascout Ortiz","date":"6 agosto 2011","format":false,"excerpt":"Ilifebelt es una agencia de mercadeo local, que sin embargo quiere dar la apariencia\u00a0de ser extranjera, desde el nombre \"salvavidas\" al que le han agragado una \"i\", como para suponer que es una especie de salvavidas virtual\u00a0o del mundo virtual, muchos de los detalles del sitio, tratan de reforzar la\u2026","rel":"","context":"En \u00abBlogs de Guatemala\u00bb","block_context":{"text":"Blogs de Guatemala","link":"https:\/\/quechilero.com\/blog\/category\/blogs-de-guatemala\/"},"img":{"alt_text":"","src":"https:\/\/i0.wp.com\/i392.photobucket.com\/albums\/pp7\/pepejaguar\/maraton\/ilifebelt.png?resize=350%2C200","width":350,"height":200,"srcset":"https:\/\/i0.wp.com\/i392.photobucket.com\/albums\/pp7\/pepejaguar\/maraton\/ilifebelt.png?resize=350%2C200 1x, https:\/\/i0.wp.com\/i392.photobucket.com\/albums\/pp7\/pepejaguar\/maraton\/ilifebelt.png?resize=525%2C300 1.5x"},"classes":[]},{"id":4316,"url":"https:\/\/quechilero.com\/blog\/2010\/01\/25\/pagina-del-congreso-aloja-software-malintencionado\/","url_meta":{"origin":9405,"position":4},"title":"P\u00e1gina del Congreso aloja software malintencionado","author":"Pepe Barrascout Ortiz","date":"25 enero 2010","format":false,"excerpt":"Por cuestiones de trabajo me encontraba realizando el redise\u00f1o y adaptaci\u00f3n de un sitio web, y uno de sus enlaces externos, era hacia el Congreso de la Rep\u00fablica de Guatemala, espec\u00edficamente a la propuesta de ley para el comercio electr\u00f3nico. Como de todos es sabido, el comercio electr\u00f3nico en Guatemala\u2026","rel":"","context":"En \u00abLimones\u00bb","block_context":{"text":"Limones","link":"https:\/\/quechilero.com\/blog\/category\/limones\/"},"img":{"alt_text":"","src":"","width":0,"height":0},"classes":[]},{"id":803,"url":"https:\/\/quechilero.com\/blog\/2007\/12\/11\/formas-economicas-de-motivar\/","url_meta":{"origin":9405,"position":5},"title":"Formas econ\u00f3micas de motivar","author":"Pepe Barrascout Ortiz","date":"11 diciembre 2007","format":false,"excerpt":"Una sonrisa. Un simple y sincero 'gracias'. Una carta personal al empleado con copias al supervisor del empleado. Hacer un reconocimiento p\u00fablico delante de sus pares. Hacer un reconocimiento p\u00fablico delante de un Jefe. Mostrar directamente al empleado responsable de la prestaci\u00f3n de ese servicio, una carta de agradecimiento de\u2026","rel":"","context":"En \u00abLimones\u00bb","block_context":{"text":"Limones","link":"https:\/\/quechilero.com\/blog\/category\/limones\/"},"img":{"alt_text":"","src":"","width":0,"height":0},"classes":[]}],"jetpack_featured_media_url":"","_links":{"self":[{"href":"https:\/\/quechilero.com\/blog\/wp-json\/wp\/v2\/posts\/9405","targetHints":{"allow":["GET"]}}],"collection":[{"href":"https:\/\/quechilero.com\/blog\/wp-json\/wp\/v2\/posts"}],"about":[{"href":"https:\/\/quechilero.com\/blog\/wp-json\/wp\/v2\/types\/post"}],"author":[{"embeddable":true,"href":"https:\/\/quechilero.com\/blog\/wp-json\/wp\/v2\/users\/1"}],"replies":[{"embeddable":true,"href":"https:\/\/quechilero.com\/blog\/wp-json\/wp\/v2\/comments?post=9405"}],"version-history":[{"count":0,"href":"https:\/\/quechilero.com\/blog\/wp-json\/wp\/v2\/posts\/9405\/revisions"}],"wp:attachment":[{"href":"https:\/\/quechilero.com\/blog\/wp-json\/wp\/v2\/media?parent=9405"}],"wp:term":[{"taxonomy":"category","embeddable":true,"href":"https:\/\/quechilero.com\/blog\/wp-json\/wp\/v2\/categories?post=9405"},{"taxonomy":"post_tag","embeddable":true,"href":"https:\/\/quechilero.com\/blog\/wp-json\/wp\/v2\/tags?post=9405"},{"taxonomy":"series","embeddable":true,"href":"https:\/\/quechilero.com\/blog\/wp-json\/wp\/v2\/series?post=9405"}],"curies":[{"name":"wp","href":"https:\/\/api.w.org\/{rel}","templated":true}]}}