{"id":936,"date":"2008-04-14T09:15:09","date_gmt":"2008-04-14T15:15:09","guid":{"rendered":"http:\/\/www.quechilero.com\/blog\/2008\/04\/14\/el-precio-de-la-eternidad\/"},"modified":"2008-04-14T09:15:09","modified_gmt":"2008-04-14T15:15:09","slug":"el-precio-de-la-eternidad","status":"publish","type":"post","link":"https:\/\/quechilero.com\/blog\/2008\/04\/14\/el-precio-de-la-eternidad\/","title":{"rendered":"El precio de la Eternidad"},"content":{"rendered":"<p>\u00abPara poder vivir, una ni\u00f1a perder\u00e1 un ojo\u00bb. Este encabezado en los diarios  se refer\u00eda a Nalini, una ni\u00f1a de 11 meses de edad que naci\u00f3 con carnosidades  malignas en ambos ojos.<\/p>\n<p>Su m\u00e9dico decidi\u00f3 que era necesario que perdiera el ojo izquierdo,  oper\u00e1ndolo, y aplicar inmediatamente un tratamiento de rayos X en el ojo  derecho.<\/p>\n<p>Los ex\u00e1menes que se le hicieron revelaron que ambas carnosidades estaban \u00aben  estado muy avanzado\u00bb, pero el m\u00e9dico ten\u00eda la esperanza de que la carnosidad del  ojo derecho pod\u00eda detenerse \u00aby lograr algo de vista \u00fatil\u00bb.<\/p>\n<p>Es siempre impresionante ver los sacrificios que se hacen por salvar una  vida. Pero m\u00e1s importante entonces es hacer un sacrificio a\u00fan m\u00e1s grande para  salvar la vida que comienza despu\u00e9s de la muerte&#8230; y que nunca termina.<\/p>\n","protected":false},"excerpt":{"rendered":"<p>\u00abPara poder vivir, una ni\u00f1a perder\u00e1 un ojo\u00bb. Este encabezado en los diarios se refer\u00eda a Nalini, una ni\u00f1a de 11 meses de edad que naci\u00f3 con carnosidades malignas en ambos ojos. Su m\u00e9dico decidi\u00f3 que era necesario que perdiera el ojo izquierdo, oper\u00e1ndolo, y aplicar inmediatamente un tratamiento de rayos X en el ojo &#8230; <a title=\"El precio de la Eternidad\" class=\"read-more\" href=\"https:\/\/quechilero.com\/blog\/2008\/04\/14\/el-precio-de-la-eternidad\/\" aria-label=\"Leer m\u00e1s sobre El precio de la Eternidad\">Leer m\u00e1s<\/a><\/p>\n","protected":false},"author":1,"featured_media":0,"comment_status":"open","ping_status":"open","sticky":false,"template":"","format":"standard","meta":{"advanced_seo_description":"","jetpack_seo_html_title":"","jetpack_seo_noindex":false,"jetpack_seo_schema_type":"","episode_type":"","audio_file":"","podmotor_file_id":"","podmotor_episode_id":"","cover_image":"","cover_image_id":"","duration":"","filesize":"","filesize_raw":"","date_recorded":"","explicit":"","block":"","_jetpack_newsletter_access":"","_jetpack_dont_email_post_to_subs":false,"_jetpack_newsletter_tier_id":0,"_jetpack_memberships_contains_paywalled_content":false,"_jetpack_feature_clip_id":0,"_jetpack_memberships_contains_paid_content":false,"footnotes":"","jetpack_publicize_message":"","jetpack_publicize_feature_enabled":true,"jetpack_social_post_already_shared":false,"jetpack_social_options":{"image_generator_settings":{"template":"highway","default_image_id":0,"font":"","enabled":false},"version":2},"jetpack_post_was_ever_published":false},"categories":[2],"tags":[50,24],"series":[],"class_list":["post-936","post","type-post","status-publish","format-standard","hentry","category-limones","tag-muerte","tag-vida"],"episode_featured_image":false,"episode_player_image":"https:\/\/i0.wp.com\/quechilero.com\/blog\/imagenes\/podcast.png?fit=1831%2C1831&ssl=1","download_link":"","player_link":"","audio_player":false,"episode_data":{"playerMode":"dark","subscribeUrls":{"amazon":{"key":"amazon","url":"","label":"Amazon","class":"amazon","icon":"amazon.png"},"apple_podcasts":{"key":"apple_podcasts","url":"","label":"Apple Podcasts","class":"apple_podcasts","icon":"apple-podcasts.png"},"castbox":{"key":"castbox","url":"","label":"CastBox","class":"castbox","icon":"castbox.png"},"deezer":{"key":"deezer","url":"","label":"Deezer","class":"deezer","icon":"deezer.png"},"google_podcasts":{"key":"google_podcasts","url":"","label":"Google Podcasts","class":"google_podcasts","icon":"google-podcasts.png"},"listen_notes":{"key":"listen_notes","url":"","label":"Listen Notes","class":"listen_notes","icon":"listen-notes.png"},"pandora":{"key":"pandora","url":"","label":"Pandora","class":"pandora","icon":"pandora.png"},"podbean":{"key":"podbean","url":"","label":"Podbean","class":"podbean","icon":"podbean.png"},"podcast_republic":{"key":"podcast_republic","url":"","label":"Podcast Republic","class":"podcast_republic","icon":"podcast-republic.png"},"rss":{"key":"rss","url":"","label":"RSS","class":"rss","icon":"rss.png"},"spotify":{"key":"spotify","url":"","label":"Spotify","class":"spotify","icon":"spotify.png"},"stitcher":{"key":"stitcher","url":"","label":"Stitcher","class":"stitcher","icon":"stitcher.png"},"tunein":{"key":"tunein","url":"","label":"TuneIn","class":"tunein","icon":"tunein.png"},"youtube":{"key":"youtube","url":"","label":"YouTube","class":"youtube","icon":"youtube.png"},"iheartradio":{"key":"iheartradio","url":"","label":"iHeartRadio","class":"iheartradio","icon":"iheartradio.png"},"ivoox":{"key":"ivoox","url":"","label":"iVoox","class":"ivoox","icon":"ivoox.png"}},"rssFeedUrl":"https:\/\/quechilero.com\/blog\/feed\/podcast\/si-la-vida-nos-da-limones","embedCode":"<blockquote class=\"wp-embedded-content\" data-secret=\"xIdx836ZKN\"><a href=\"https:\/\/quechilero.com\/blog\/2008\/04\/14\/el-precio-de-la-eternidad\/\">El precio de la Eternidad<\/a><\/blockquote><iframe sandbox=\"allow-scripts\" security=\"restricted\" src=\"https:\/\/quechilero.com\/blog\/2008\/04\/14\/el-precio-de-la-eternidad\/embed\/#?secret=xIdx836ZKN\" width=\"500\" height=\"350\" title=\"\u00abEl precio de la Eternidad\u00bb \u2014 Si la Vida nos da Limones...\" data-secret=\"xIdx836ZKN\" frameborder=\"0\" marginwidth=\"0\" marginheight=\"0\" scrolling=\"no\" class=\"wp-embedded-content\"><\/iframe><script>\n\/*! This file is auto-generated *\/\n!function(d,l){\"use strict\";l.querySelector&&d.addEventListener&&\"undefined\"!=typeof URL&&(d.wp=d.wp||{},d.wp.receiveEmbedMessage||(d.wp.receiveEmbedMessage=function(e){var t=e.data;if((t||t.secret||t.message||t.value)&&!\/[^a-zA-Z0-9]\/.test(t.secret)){for(var s,r,n,a=l.querySelectorAll('iframe[data-secret=\"'+t.secret+'\"]'),o=l.querySelectorAll('blockquote[data-secret=\"'+t.secret+'\"]'),c=new RegExp(\"^https?:$\",\"i\"),i=0;i<o.length;i++)o[i].style.display=\"none\";for(i=0;i<a.length;i++)s=a[i],e.source===s.contentWindow&&(s.removeAttribute(\"style\"),\"height\"===t.message?(1e3<(r=parseInt(t.value,10))?r=1e3:~~r<200&&(r=200),s.height=r):\"link\"===t.message&&(r=new URL(s.getAttribute(\"src\")),n=new URL(t.value),c.test(n.protocol))&&n.host===r.host&&l.activeElement===s&&(d.top.location.href=t.value))}},d.addEventListener(\"message\",d.wp.receiveEmbedMessage,!1),l.addEventListener(\"DOMContentLoaded\",function(){for(var e,t,s=l.querySelectorAll(\"iframe.wp-embedded-content\"),r=0;r<s.length;r++)(t=(e=s[r]).getAttribute(\"data-secret\"))||(t=Math.random().toString(36).substring(2,12),e.src+=\"#?secret=\"+t,e.setAttribute(\"data-secret\",t)),e.contentWindow.postMessage({message:\"ready\",secret:t},\"*\")},!1)))}(window,document);\n\/\/# sourceURL=https:\/\/quechilero.com\/blog\/wp-includes\/js\/wp-embed.min.js\n<\/script>\n"},"jetpack_publicize_connections":[],"jetpack_shortlink":"https:\/\/wp.me\/pDKli-f6","jetpack_sharing_enabled":true,"jetpack-related-posts":[{"id":7297,"url":"https:\/\/quechilero.com\/blog\/2011\/02\/20\/amad-a-vuestros-enemigos\/","url_meta":{"origin":936,"position":0},"title":"Amad a vuestros enemigos","author":"Pepe Barrascout Ortiz","date":"20 febrero 2011","format":false,"excerpt":"Evangelio seg\u00fan San Mateo 5:38-48 Hab\u00e9is o\u00eddo que se dijo: Ojo por ojo y diente por diente. Pues yo os digo: no resist\u00e1is al mal; antes bien, al que te abofetee en la mejilla derecha ofr\u00e9cele tambi\u00e9n la otra: al que quiera pleitear contigo para quitarte la t\u00fanica d\u00e9jale tambi\u00e9n\u2026","rel":"","context":"En \u00abLimones\u00bb","block_context":{"text":"Limones","link":"https:\/\/quechilero.com\/blog\/category\/limones\/"},"img":{"alt_text":"","src":"","width":0,"height":0},"classes":[]},{"id":21243,"url":"https:\/\/quechilero.com\/blog\/2015\/06\/29\/el-alfiler-y-la-aguja\/","url_meta":{"origin":936,"position":1},"title":"El alfiler y la aguja","author":"Pepe Barrascout Ortiz","date":"29 junio 2015","format":false,"excerpt":"Un alfiler y una aguja, encontr\u00e1ndose en una cesta de labores y no teniendo nada qu\u00e9 hacer, empezaron a re\u00f1ir, entabl\u00e1ndose la siguiente disputa: - \u00bfDe qu\u00e9 utilidad eres t\u00fa? -dijo el alfiler a la aguja- \u00bfY c\u00f3mo piensas pasar la vida sin cabeza? - Y a ti -respondi\u00f3 la\u2026","rel":"","context":"En \u00abLimones\u00bb","block_context":{"text":"Limones","link":"https:\/\/quechilero.com\/blog\/category\/limones\/"},"img":{"alt_text":"","src":"","width":0,"height":0},"classes":[]},{"id":935,"url":"https:\/\/quechilero.com\/blog\/2008\/04\/13\/el-fondo-de-la-tragedia\/","url_meta":{"origin":936,"position":2},"title":"El fondo de la tragedia","author":"Pepe Barrascout Ortiz","date":"13 abril 2008","format":false,"excerpt":"Recientemente una explosi\u00f3n mat\u00f3 a una joven madre que acababa de dar a luz su tercer hijo. El m\u00e9dico cayo inconsciente, pero pudieron sacar del cuarto al ni\u00f1o sin que sufriera ning\u00fan da\u00f1o. Aparentemente la tragedia fue ocasionada por una chispa que incendi\u00f3 el gas anest\u00e9sico que es altamente inflamable.\u2026","rel":"","context":"En \u00abLimones\u00bb","block_context":{"text":"Limones","link":"https:\/\/quechilero.com\/blog\/category\/limones\/"},"img":{"alt_text":"","src":"","width":0,"height":0},"classes":[]},{"id":7579,"url":"https:\/\/quechilero.com\/blog\/2011\/03\/11\/reflexiones-de-cuaresma-dia-3\/","url_meta":{"origin":936,"position":3},"title":"Reflexiones de Cuaresma d\u00eda 3","author":"Pepe Barrascout Ortiz","date":"11 marzo 2011","format":false,"excerpt":"Oraci\u00f3n inicial Se\u00f1or m\u00edo, Jesucristo, creo firmemente que est\u00e1s aqu\u00ed; en estos pocos minutos de oraci\u00f3n que empiezo ahora quiero pedirte y agradecerte. Pedirte\u00a0la gracia de darme m\u00e1s cuenta de que T\u00fa vives, me escuchas y me amas; tanto, que has querido morir libremente por m\u00ed en la cruz y\u2026","rel":"","context":"En \u00abLimones por mano\u00bb","block_context":{"text":"Limones por mano","link":"https:\/\/quechilero.com\/blog\/category\/limones-por-mano\/"},"img":{"alt_text":"","src":"","width":0,"height":0},"classes":[]},{"id":17594,"url":"https:\/\/quechilero.com\/blog\/2013\/12\/22\/navidad-alguien-que-me-espera-con-carino\/","url_meta":{"origin":936,"position":4},"title":"Navidad: alguien que me espera con cari\u00f1o","author":"Pepe Barrascout Ortiz","date":"22 diciembre 2013","format":false,"excerpt":"Produce una gozosa paz en el alma saber que alguien nos espera, nos ama, nos busca. Significa que nuestra vida tiene sentido, que somos importantes para otro, que no vivimos simplemente por inercia, que hay una meta hermosa por la que vale la pena nuestro esfuerzo. Al dirigir sus palabras\u2026","rel":"","context":"En \u00abLimones\u00bb","block_context":{"text":"Limones","link":"https:\/\/quechilero.com\/blog\/category\/limones\/"},"img":{"alt_text":"","src":"","width":0,"height":0},"classes":[]},{"id":15262,"url":"https:\/\/quechilero.com\/blog\/2012\/12\/18\/el-ojo\/","url_meta":{"origin":936,"position":5},"title":"El Ojo","author":"Pepe Barrascout Ortiz","date":"18 diciembre 2012","format":false,"excerpt":"Dijo el Ojo un d\u00eda: - Veo m\u00e1s all\u00e1 de estos valles una monta\u00f1a velada por niebla azul. \u00bfVerdad que es hermosa? El O\u00eddo se puso a escuchar, y despu\u00e9s de haber escuchado atentamente durante un tiempo dijo: - Pero \u00bfd\u00f3nde est\u00e1 esa monta\u00f1a? \u00a1Yo no la oigo! Entonces habl\u00f3\u2026","rel":"","context":"En \u00abLimones\u00bb","block_context":{"text":"Limones","link":"https:\/\/quechilero.com\/blog\/category\/limones\/"},"img":{"alt_text":"","src":"","width":0,"height":0},"classes":[]}],"jetpack_featured_media_url":"","_links":{"self":[{"href":"https:\/\/quechilero.com\/blog\/wp-json\/wp\/v2\/posts\/936","targetHints":{"allow":["GET"]}}],"collection":[{"href":"https:\/\/quechilero.com\/blog\/wp-json\/wp\/v2\/posts"}],"about":[{"href":"https:\/\/quechilero.com\/blog\/wp-json\/wp\/v2\/types\/post"}],"author":[{"embeddable":true,"href":"https:\/\/quechilero.com\/blog\/wp-json\/wp\/v2\/users\/1"}],"replies":[{"embeddable":true,"href":"https:\/\/quechilero.com\/blog\/wp-json\/wp\/v2\/comments?post=936"}],"version-history":[{"count":0,"href":"https:\/\/quechilero.com\/blog\/wp-json\/wp\/v2\/posts\/936\/revisions"}],"wp:attachment":[{"href":"https:\/\/quechilero.com\/blog\/wp-json\/wp\/v2\/media?parent=936"}],"wp:term":[{"taxonomy":"category","embeddable":true,"href":"https:\/\/quechilero.com\/blog\/wp-json\/wp\/v2\/categories?post=936"},{"taxonomy":"post_tag","embeddable":true,"href":"https:\/\/quechilero.com\/blog\/wp-json\/wp\/v2\/tags?post=936"},{"taxonomy":"series","embeddable":true,"href":"https:\/\/quechilero.com\/blog\/wp-json\/wp\/v2\/series?post=936"}],"curies":[{"name":"wp","href":"https:\/\/api.w.org\/{rel}","templated":true}]}}