{"id":935,"date":"2008-04-13T09:14:47","date_gmt":"2008-04-13T15:14:47","guid":{"rendered":"http:\/\/www.quechilero.com\/blog\/2008\/04\/13\/el-fondo-de-la-tragedia\/"},"modified":"2008-04-13T09:14:47","modified_gmt":"2008-04-13T15:14:47","slug":"el-fondo-de-la-tragedia","status":"publish","type":"post","link":"https:\/\/quechilero.com\/blog\/2008\/04\/13\/el-fondo-de-la-tragedia\/","title":{"rendered":"El fondo de la tragedia"},"content":{"rendered":"<p>Recientemente una explosi\u00f3n mat\u00f3 a una joven madre que acababa de dar a luz  su tercer hijo. El m\u00e9dico cayo inconsciente, pero pudieron sacar del cuarto al  ni\u00f1o sin que sufriera ning\u00fan da\u00f1o.<\/p>\n<p>Aparentemente la tragedia fue ocasionada por una chispa que incendi\u00f3 el gas  anest\u00e9sico que es altamente inflamable.<\/p>\n<p>Sin embargo, la mujer llev\u00f3 a cabo su prop\u00f3sito en la vida transmitiendo  nueva vida.<\/p>\n<p>Pocos de nosotros seremos llamados a morir para que otros vivan. Pero lo  menos que podemos hacer es un sacrificio para lograr la paz y as\u00ed evitar que  muchos mueran en el futuro.<\/p>\n<p>La labor pacificadora no es f\u00e1cil. Cuesta muchas inconveniencias y  sufrimientos. Pero ser\u00e1 un sacrificio que valga para toda la eternidad.<\/p>\n","protected":false},"excerpt":{"rendered":"<p>Recientemente una explosi\u00f3n mat\u00f3 a una joven madre que acababa de dar a luz su tercer hijo. El m\u00e9dico cayo inconsciente, pero pudieron sacar del cuarto al ni\u00f1o sin que sufriera ning\u00fan da\u00f1o. Aparentemente la tragedia fue ocasionada por una chispa que incendi\u00f3 el gas anest\u00e9sico que es altamente inflamable. Sin embargo, la mujer llev\u00f3 &#8230; <a title=\"El fondo de la tragedia\" class=\"read-more\" href=\"https:\/\/quechilero.com\/blog\/2008\/04\/13\/el-fondo-de-la-tragedia\/\" aria-label=\"Leer m\u00e1s sobre El fondo de la tragedia\">Leer m\u00e1s<\/a><\/p>\n","protected":false},"author":1,"featured_media":0,"comment_status":"open","ping_status":"open","sticky":false,"template":"","format":"standard","meta":{"advanced_seo_description":"","jetpack_seo_html_title":"","jetpack_seo_noindex":false,"jetpack_seo_schema_type":"","episode_type":"","audio_file":"","podmotor_file_id":"","podmotor_episode_id":"","cover_image":"","cover_image_id":"","duration":"","filesize":"","filesize_raw":"","date_recorded":"","explicit":"","block":"","_jetpack_newsletter_access":"","_jetpack_dont_email_post_to_subs":false,"_jetpack_newsletter_tier_id":0,"_jetpack_memberships_contains_paywalled_content":false,"_jetpack_feature_clip_id":0,"_jetpack_memberships_contains_paid_content":false,"footnotes":"","jetpack_publicize_message":"","jetpack_publicize_feature_enabled":true,"jetpack_social_post_already_shared":false,"jetpack_social_options":{"image_generator_settings":{"template":"highway","default_image_id":0,"font":"","enabled":false},"version":2},"jetpack_post_was_ever_published":false},"categories":[2],"tags":[39,20,40,24],"series":[],"class_list":["post-935","post","type-post","status-publish","format-standard","hentry","category-limones","tag-madre","tag-mujer","tag-paz","tag-vida"],"episode_featured_image":false,"episode_player_image":"https:\/\/i0.wp.com\/quechilero.com\/blog\/imagenes\/podcast.png?fit=1831%2C1831&ssl=1","download_link":"","player_link":"","audio_player":false,"episode_data":{"playerMode":"dark","subscribeUrls":{"amazon":{"key":"amazon","url":"","label":"Amazon","class":"amazon","icon":"amazon.png"},"apple_podcasts":{"key":"apple_podcasts","url":"","label":"Apple Podcasts","class":"apple_podcasts","icon":"apple-podcasts.png"},"castbox":{"key":"castbox","url":"","label":"CastBox","class":"castbox","icon":"castbox.png"},"deezer":{"key":"deezer","url":"","label":"Deezer","class":"deezer","icon":"deezer.png"},"google_podcasts":{"key":"google_podcasts","url":"","label":"Google Podcasts","class":"google_podcasts","icon":"google-podcasts.png"},"listen_notes":{"key":"listen_notes","url":"","label":"Listen Notes","class":"listen_notes","icon":"listen-notes.png"},"pandora":{"key":"pandora","url":"","label":"Pandora","class":"pandora","icon":"pandora.png"},"podbean":{"key":"podbean","url":"","label":"Podbean","class":"podbean","icon":"podbean.png"},"podcast_republic":{"key":"podcast_republic","url":"","label":"Podcast Republic","class":"podcast_republic","icon":"podcast-republic.png"},"rss":{"key":"rss","url":"","label":"RSS","class":"rss","icon":"rss.png"},"spotify":{"key":"spotify","url":"","label":"Spotify","class":"spotify","icon":"spotify.png"},"stitcher":{"key":"stitcher","url":"","label":"Stitcher","class":"stitcher","icon":"stitcher.png"},"tunein":{"key":"tunein","url":"","label":"TuneIn","class":"tunein","icon":"tunein.png"},"youtube":{"key":"youtube","url":"","label":"YouTube","class":"youtube","icon":"youtube.png"},"iheartradio":{"key":"iheartradio","url":"","label":"iHeartRadio","class":"iheartradio","icon":"iheartradio.png"},"ivoox":{"key":"ivoox","url":"","label":"iVoox","class":"ivoox","icon":"ivoox.png"}},"rssFeedUrl":"https:\/\/quechilero.com\/blog\/feed\/podcast\/si-la-vida-nos-da-limones","embedCode":"<blockquote class=\"wp-embedded-content\" data-secret=\"Hlitbpsskw\"><a href=\"https:\/\/quechilero.com\/blog\/2008\/04\/13\/el-fondo-de-la-tragedia\/\">El fondo de la tragedia<\/a><\/blockquote><iframe sandbox=\"allow-scripts\" security=\"restricted\" src=\"https:\/\/quechilero.com\/blog\/2008\/04\/13\/el-fondo-de-la-tragedia\/embed\/#?secret=Hlitbpsskw\" width=\"500\" height=\"350\" title=\"\u00abEl fondo de la tragedia\u00bb \u2014 Si la Vida nos da Limones...\" data-secret=\"Hlitbpsskw\" frameborder=\"0\" marginwidth=\"0\" marginheight=\"0\" scrolling=\"no\" class=\"wp-embedded-content\"><\/iframe><script>\n\/*! This file is auto-generated *\/\n!function(d,l){\"use strict\";l.querySelector&&d.addEventListener&&\"undefined\"!=typeof URL&&(d.wp=d.wp||{},d.wp.receiveEmbedMessage||(d.wp.receiveEmbedMessage=function(e){var t=e.data;if((t||t.secret||t.message||t.value)&&!\/[^a-zA-Z0-9]\/.test(t.secret)){for(var s,r,n,a=l.querySelectorAll('iframe[data-secret=\"'+t.secret+'\"]'),o=l.querySelectorAll('blockquote[data-secret=\"'+t.secret+'\"]'),c=new RegExp(\"^https?:$\",\"i\"),i=0;i<o.length;i++)o[i].style.display=\"none\";for(i=0;i<a.length;i++)s=a[i],e.source===s.contentWindow&&(s.removeAttribute(\"style\"),\"height\"===t.message?(1e3<(r=parseInt(t.value,10))?r=1e3:~~r<200&&(r=200),s.height=r):\"link\"===t.message&&(r=new URL(s.getAttribute(\"src\")),n=new URL(t.value),c.test(n.protocol))&&n.host===r.host&&l.activeElement===s&&(d.top.location.href=t.value))}},d.addEventListener(\"message\",d.wp.receiveEmbedMessage,!1),l.addEventListener(\"DOMContentLoaded\",function(){for(var e,t,s=l.querySelectorAll(\"iframe.wp-embedded-content\"),r=0;r<s.length;r++)(t=(e=s[r]).getAttribute(\"data-secret\"))||(t=Math.random().toString(36).substring(2,12),e.src+=\"#?secret=\"+t,e.setAttribute(\"data-secret\",t)),e.contentWindow.postMessage({message:\"ready\",secret:t},\"*\")},!1)))}(window,document);\n\/\/# sourceURL=https:\/\/quechilero.com\/blog\/wp-includes\/js\/wp-embed.min.js\n<\/script>\n"},"jetpack_publicize_connections":[],"jetpack_shortlink":"https:\/\/wp.me\/pDKli-f5","jetpack_sharing_enabled":true,"jetpack-related-posts":[{"id":12448,"url":"https:\/\/quechilero.com\/blog\/2012\/06\/16\/el-si\/","url_meta":{"origin":935,"position":0},"title":"El S\u00ed","author":"Pepe Barrascout Ortiz","date":"16 junio 2012","format":false,"excerpt":"Dos letras que expresan mil cosas: aceptar, aprobar, realizar, hacer, asumir, optar, decidir. Decir S\u00cd, tambi\u00e9n implica compromiso, alianza, reto, lucha. El S\u00cd cambia la vida de quien lo pronuncia y de quien lo espera. Mar\u00eda, nuestra Madre del Cielo, pronunci\u00f3 un S\u00cd que transform\u00f3 la historia de la humanidad.\u2026","rel":"","context":"En \u00abLimones\u00bb","block_context":{"text":"Limones","link":"https:\/\/quechilero.com\/blog\/category\/limones\/"},"img":{"alt_text":"","src":"","width":0,"height":0},"classes":[]},{"id":2069,"url":"https:\/\/quechilero.com\/blog\/2008\/12\/12\/virgen-de-guadalupe-2\/","url_meta":{"origin":935,"position":1},"title":"Virgen de Guadalupe","author":"Pepe Barrascout Ortiz","date":"12 diciembre 2008","format":false,"excerpt":"Hoy celebramos la fiesta en honor de nuestra Santa Madre la Virgen de Guadalupe, en este d\u00eda de fiesta deseo compartir una oraci\u00f3n para la reflexi\u00f3n personal, para que nuestra Virgencita de Guadalupe interceda por nosotros, nos cuide y proteja de todo mal. \u00a1Oh Virgen Inmaculada, Madre del verdadero Dios\u2026","rel":"","context":"En \u00abLimones\u00bb","block_context":{"text":"Limones","link":"https:\/\/quechilero.com\/blog\/category\/limones\/"},"img":{"alt_text":"Retablo de la Virgen de Guadalupe, La Merced de la Ciudad de Guatemala","src":"https:\/\/i0.wp.com\/img514.imageshack.us\/img514\/4899\/120105430865b7c46728xv3.jpg?resize=350%2C200","width":350,"height":200},"classes":[]},{"id":21386,"url":"https:\/\/quechilero.com\/blog\/2015\/07\/20\/buscar-lo-mejor\/","url_meta":{"origin":935,"position":2},"title":"Buscar lo mejor","author":"Pepe Barrascout Ortiz","date":"20 julio 2015","format":false,"excerpt":"Somos lo que elegimos, lo que optamos. Dios no impone nada, solamente ofrece, dejando al hombre la libertad de decidir. Muchos prefieren las joyas, los coches, los caminos f\u00e1ciles. Hay sendas para los m\u00e1s variados deseos, pero hay cosas que la herrumbre no corroe. Son los ideales nobles, el bien,\u2026","rel":"","context":"En \u00abLimones\u00bb","block_context":{"text":"Limones","link":"https:\/\/quechilero.com\/blog\/category\/limones\/"},"img":{"alt_text":"","src":"","width":0,"height":0},"classes":[]},{"id":924,"url":"https:\/\/quechilero.com\/blog\/2008\/05\/08\/miedo-a-la-maternidad\/","url_meta":{"origin":935,"position":3},"title":"\u00bfMiedo a la Maternidad?","author":"Pepe Barrascout Ortiz","date":"8 mayo 2008","format":false,"excerpt":"Estoy convencido de que el don m\u00e1s grande que ha recibido la mujer es el de la maternidad. Sin embargo, se encuentra uno hoy muchas mujeres que ven este don bajo el prisma del miedo. Miedo a tener un hijo: el primero, porque es el primero. Miedo a tener muchos,\u2026","rel":"","context":"En \u00abLimones\u00bb","block_context":{"text":"Limones","link":"https:\/\/quechilero.com\/blog\/category\/limones\/"},"img":{"alt_text":"","src":"","width":0,"height":0},"classes":[]},{"id":17588,"url":"https:\/\/quechilero.com\/blog\/2013\/12\/16\/si-puedes-sobrevivir-recuerda-que-te-amo\/","url_meta":{"origin":935,"position":4},"title":"Si puedes sobrevivir, recuerda que te Amo","author":"Pepe Barrascout Ortiz","date":"16 diciembre 2013","format":false,"excerpt":"Despu\u00e9s de un gran terremoto, cuando los rescatistas comenzaron a buscar sobrevivientes entre las ruinas de la casa de una joven mujer, vieron el cuerpo de ella por uno de los orificios de las ruinas de la casa. Les pareci\u00f3 extra\u00f1a la postura del cuerpo, estaba sobre sus rodillas y\u2026","rel":"","context":"En \u00abLimones\u00bb","block_context":{"text":"Limones","link":"https:\/\/quechilero.com\/blog\/category\/limones\/"},"img":{"alt_text":"","src":"","width":0,"height":0},"classes":[]},{"id":4004,"url":"https:\/\/quechilero.com\/blog\/2009\/12\/13\/la-hermosura-del-amor\/","url_meta":{"origin":935,"position":5},"title":"La hermosura del amor","author":"Pepe Barrascout Ortiz","date":"13 diciembre 2009","format":false,"excerpt":"Cuentan que una madre, para salvar a su hijo, entr\u00f3 en un edificio en llamas. Logr\u00f3 salvarlo, pero a costa de perder la belleza de su rostro que las llamas abrazaron. A\u00f1os adelante, el hijo, con toda la inocencia y sinceridad de un ni\u00f1o, pregunt\u00f3 a su madre: - \"Madre,\u2026","rel":"","context":"En \u00abLimones\u00bb","block_context":{"text":"Limones","link":"https:\/\/quechilero.com\/blog\/category\/limones\/"},"img":{"alt_text":"","src":"","width":0,"height":0},"classes":[]}],"jetpack_featured_media_url":"","_links":{"self":[{"href":"https:\/\/quechilero.com\/blog\/wp-json\/wp\/v2\/posts\/935","targetHints":{"allow":["GET"]}}],"collection":[{"href":"https:\/\/quechilero.com\/blog\/wp-json\/wp\/v2\/posts"}],"about":[{"href":"https:\/\/quechilero.com\/blog\/wp-json\/wp\/v2\/types\/post"}],"author":[{"embeddable":true,"href":"https:\/\/quechilero.com\/blog\/wp-json\/wp\/v2\/users\/1"}],"replies":[{"embeddable":true,"href":"https:\/\/quechilero.com\/blog\/wp-json\/wp\/v2\/comments?post=935"}],"version-history":[{"count":0,"href":"https:\/\/quechilero.com\/blog\/wp-json\/wp\/v2\/posts\/935\/revisions"}],"wp:attachment":[{"href":"https:\/\/quechilero.com\/blog\/wp-json\/wp\/v2\/media?parent=935"}],"wp:term":[{"taxonomy":"category","embeddable":true,"href":"https:\/\/quechilero.com\/blog\/wp-json\/wp\/v2\/categories?post=935"},{"taxonomy":"post_tag","embeddable":true,"href":"https:\/\/quechilero.com\/blog\/wp-json\/wp\/v2\/tags?post=935"},{"taxonomy":"series","embeddable":true,"href":"https:\/\/quechilero.com\/blog\/wp-json\/wp\/v2\/series?post=935"}],"curies":[{"name":"wp","href":"https:\/\/api.w.org\/{rel}","templated":true}]}}