{"id":933,"date":"2008-04-11T09:14:04","date_gmt":"2008-04-11T15:14:04","guid":{"rendered":"http:\/\/www.quechilero.com\/blog\/2008\/04\/11\/borra-tus-imaginaciones-de-derrota\/"},"modified":"2008-04-11T09:14:04","modified_gmt":"2008-04-11T15:14:04","slug":"borra-tus-imaginaciones-de-derrota","status":"publish","type":"post","link":"https:\/\/quechilero.com\/blog\/2008\/04\/11\/borra-tus-imaginaciones-de-derrota\/","title":{"rendered":"Borra tus imaginaciones de derrota"},"content":{"rendered":"<p>\u00bfUn sentimiento de incapacidad te atormenta y te paraliza?<\/p>\n<p>Determina salir de ese escollo a que te ha sometido tu pesimismo. Jam\u00e1s  podr\u00e1s saber de qu\u00e9 eres realmente capaz hasta que hayas determinado persistir  hasta lograr tu prop\u00f3sito.<\/p>\n<p>T\u00fa eres un triunfador tenaz que superas tus derrotas imaginarias en la medida  en que afrontes tus dificultades con un an\u00e1lisis objetivo y elijas estrategias  v\u00e1lidas que apliques con persistencia y con activa esperanza.<\/p>\n<p>Res\u00edstete a hinchar tus dificultades con imaginaciones de fracaso. M\u00e1s bien  cuenta con Dios.<\/p>\n<p><strong><em>Del libro \u00ab366 Maravillosas Motivaciones\u00bb , de Tiberio L\u00f3pez  Fern\u00e9ndez<\/em><\/strong><\/p>\n","protected":false},"excerpt":{"rendered":"<p>\u00bfUn sentimiento de incapacidad te atormenta y te paraliza? Determina salir de ese escollo a que te ha sometido tu pesimismo. Jam\u00e1s podr\u00e1s saber de qu\u00e9 eres realmente capaz hasta que hayas determinado persistir hasta lograr tu prop\u00f3sito. T\u00fa eres un triunfador tenaz que superas tus derrotas imaginarias en la medida en que afrontes tus &#8230; <a title=\"Borra tus imaginaciones de derrota\" class=\"read-more\" href=\"https:\/\/quechilero.com\/blog\/2008\/04\/11\/borra-tus-imaginaciones-de-derrota\/\" aria-label=\"Leer m\u00e1s sobre Borra tus imaginaciones de derrota\">Leer m\u00e1s<\/a><\/p>\n","protected":false},"author":1,"featured_media":0,"comment_status":"open","ping_status":"open","sticky":false,"template":"","format":"standard","meta":{"advanced_seo_description":"","jetpack_seo_html_title":"","jetpack_seo_noindex":false,"jetpack_seo_schema_type":"","episode_type":"","audio_file":"","podmotor_file_id":"","podmotor_episode_id":"","cover_image":"","cover_image_id":"","duration":"","filesize":"","filesize_raw":"","date_recorded":"","explicit":"","block":"","_jetpack_newsletter_access":"","_jetpack_dont_email_post_to_subs":false,"_jetpack_newsletter_tier_id":0,"_jetpack_memberships_contains_paywalled_content":false,"_jetpack_feature_clip_id":0,"_jetpack_memberships_contains_paid_content":false,"footnotes":"","jetpack_publicize_message":"","jetpack_publicize_feature_enabled":true,"jetpack_social_post_already_shared":false,"jetpack_social_options":{"image_generator_settings":{"template":"highway","default_image_id":0,"font":"","enabled":false},"version":2},"jetpack_post_was_ever_published":false},"categories":[2],"tags":[51,72,40,82],"series":[],"class_list":["post-933","post","type-post","status-publish","format-standard","hentry","category-limones","tag-dios","tag-libro","tag-paz","tag-sentimiento"],"episode_featured_image":false,"episode_player_image":"https:\/\/i0.wp.com\/quechilero.com\/blog\/imagenes\/podcast.png?fit=1831%2C1831&ssl=1","download_link":"","player_link":"","audio_player":false,"episode_data":{"playerMode":"dark","subscribeUrls":{"amazon":{"key":"amazon","url":"","label":"Amazon","class":"amazon","icon":"amazon.png"},"apple_podcasts":{"key":"apple_podcasts","url":"","label":"Apple Podcasts","class":"apple_podcasts","icon":"apple-podcasts.png"},"castbox":{"key":"castbox","url":"","label":"CastBox","class":"castbox","icon":"castbox.png"},"deezer":{"key":"deezer","url":"","label":"Deezer","class":"deezer","icon":"deezer.png"},"google_podcasts":{"key":"google_podcasts","url":"","label":"Google Podcasts","class":"google_podcasts","icon":"google-podcasts.png"},"listen_notes":{"key":"listen_notes","url":"","label":"Listen Notes","class":"listen_notes","icon":"listen-notes.png"},"pandora":{"key":"pandora","url":"","label":"Pandora","class":"pandora","icon":"pandora.png"},"podbean":{"key":"podbean","url":"","label":"Podbean","class":"podbean","icon":"podbean.png"},"podcast_republic":{"key":"podcast_republic","url":"","label":"Podcast Republic","class":"podcast_republic","icon":"podcast-republic.png"},"rss":{"key":"rss","url":"","label":"RSS","class":"rss","icon":"rss.png"},"spotify":{"key":"spotify","url":"","label":"Spotify","class":"spotify","icon":"spotify.png"},"stitcher":{"key":"stitcher","url":"","label":"Stitcher","class":"stitcher","icon":"stitcher.png"},"tunein":{"key":"tunein","url":"","label":"TuneIn","class":"tunein","icon":"tunein.png"},"youtube":{"key":"youtube","url":"","label":"YouTube","class":"youtube","icon":"youtube.png"},"iheartradio":{"key":"iheartradio","url":"","label":"iHeartRadio","class":"iheartradio","icon":"iheartradio.png"},"ivoox":{"key":"ivoox","url":"","label":"iVoox","class":"ivoox","icon":"ivoox.png"}},"rssFeedUrl":"https:\/\/quechilero.com\/blog\/feed\/podcast\/si-la-vida-nos-da-limones","embedCode":"<blockquote class=\"wp-embedded-content\" data-secret=\"4F45YUA5wx\"><a href=\"https:\/\/quechilero.com\/blog\/2008\/04\/11\/borra-tus-imaginaciones-de-derrota\/\">Borra tus imaginaciones de derrota<\/a><\/blockquote><iframe sandbox=\"allow-scripts\" security=\"restricted\" src=\"https:\/\/quechilero.com\/blog\/2008\/04\/11\/borra-tus-imaginaciones-de-derrota\/embed\/#?secret=4F45YUA5wx\" width=\"500\" height=\"350\" title=\"\u00abBorra tus imaginaciones de derrota\u00bb \u2014 Si la Vida nos da Limones...\" data-secret=\"4F45YUA5wx\" frameborder=\"0\" marginwidth=\"0\" marginheight=\"0\" scrolling=\"no\" class=\"wp-embedded-content\"><\/iframe><script>\n\/*! This file is auto-generated *\/\n!function(d,l){\"use strict\";l.querySelector&&d.addEventListener&&\"undefined\"!=typeof URL&&(d.wp=d.wp||{},d.wp.receiveEmbedMessage||(d.wp.receiveEmbedMessage=function(e){var t=e.data;if((t||t.secret||t.message||t.value)&&!\/[^a-zA-Z0-9]\/.test(t.secret)){for(var s,r,n,a=l.querySelectorAll('iframe[data-secret=\"'+t.secret+'\"]'),o=l.querySelectorAll('blockquote[data-secret=\"'+t.secret+'\"]'),c=new RegExp(\"^https?:$\",\"i\"),i=0;i<o.length;i++)o[i].style.display=\"none\";for(i=0;i<a.length;i++)s=a[i],e.source===s.contentWindow&&(s.removeAttribute(\"style\"),\"height\"===t.message?(1e3<(r=parseInt(t.value,10))?r=1e3:~~r<200&&(r=200),s.height=r):\"link\"===t.message&&(r=new URL(s.getAttribute(\"src\")),n=new URL(t.value),c.test(n.protocol))&&n.host===r.host&&l.activeElement===s&&(d.top.location.href=t.value))}},d.addEventListener(\"message\",d.wp.receiveEmbedMessage,!1),l.addEventListener(\"DOMContentLoaded\",function(){for(var e,t,s=l.querySelectorAll(\"iframe.wp-embedded-content\"),r=0;r<s.length;r++)(t=(e=s[r]).getAttribute(\"data-secret\"))||(t=Math.random().toString(36).substring(2,12),e.src+=\"#?secret=\"+t,e.setAttribute(\"data-secret\",t)),e.contentWindow.postMessage({message:\"ready\",secret:t},\"*\")},!1)))}(window,document);\n\/\/# sourceURL=https:\/\/quechilero.com\/blog\/wp-includes\/js\/wp-embed.min.js\n<\/script>\n"},"jetpack_publicize_connections":[],"jetpack_shortlink":"https:\/\/wp.me\/pDKli-f3","jetpack_sharing_enabled":true,"jetpack-related-posts":[{"id":340,"url":"https:\/\/quechilero.com\/blog\/2006\/12\/14\/como-ser-optimista\/","url_meta":{"origin":933,"position":0},"title":"\u00bfC\u00f3mo ser optimista?","author":"Pepe Barrascout Ortiz","date":"14 diciembre 2006","format":false,"excerpt":"Est\u00e1s en un mundo problem\u00e1tico y te acosan las dificultades. Mas, ser optimista no depende de circunstancias externas, sino de tu posici\u00f3n positiva frente a problemas, conflictos y dificultades. Cultiva la posesi\u00f3n de ti mismo y acost\u00fambrate a imaginar vivamente las posibilidades de abundancia de bienes, satisfacciones y \u00e9xito. Superas\u2026","rel":"","context":"En \u00abLimones\u00bb","block_context":{"text":"Limones","link":"https:\/\/quechilero.com\/blog\/category\/limones\/"},"img":{"alt_text":"","src":"","width":0,"height":0},"classes":[]},{"id":17117,"url":"https:\/\/quechilero.com\/blog\/2013\/09\/09\/para-ti-una-carta\/","url_meta":{"origin":933,"position":1},"title":"Para ti una carta","author":"Pepe Barrascout Ortiz","date":"9 septiembre 2013","format":false,"excerpt":"T\u00fa, que eres un ser humano, eres mi milagro. Y eres fuerte, capaz, inteligente y lleno de dones y talentos. Cu\u00e9ntalos y entusi\u00e1smate con ellos. Recon\u00f3cete. Encu\u00e9ntrate. Ac\u00e9ptate. An\u00edmate. Y piensa que, desde este momento, puedes cambiar tu vida para bien, si te lo propones y te llenas de entusiasmo.\u2026","rel":"","context":"En \u00abLimones\u00bb","block_context":{"text":"Limones","link":"https:\/\/quechilero.com\/blog\/category\/limones\/"},"img":{"alt_text":"","src":"","width":0,"height":0},"classes":[]},{"id":19381,"url":"https:\/\/quechilero.com\/blog\/2014\/09\/22\/la-clave-de-todo-es-la-fe-y-la-confianza-en-dios\/","url_meta":{"origin":933,"position":2},"title":"La clave de todo es la fe y la confianza en Dios","author":"Pepe Barrascout Ortiz","date":"22 septiembre 2014","format":false,"excerpt":"Al Se\u00f1or le apasiona ver si tu fe es verdadera y si est\u00e1s dispuesto a confiar en \u00c9l a pesar de todo. \u00a1Hay veces en que nuestra fe puede llegar a ser probada hasta el l\u00edmite, hasta el extremo, aun hasta la muerte, para probar si es fe de verdad!\u2026","rel":"","context":"En \u00abLimones\u00bb","block_context":{"text":"Limones","link":"https:\/\/quechilero.com\/blog\/category\/limones\/"},"img":{"alt_text":"","src":"","width":0,"height":0},"classes":[]},{"id":20096,"url":"https:\/\/quechilero.com\/blog\/2015\/05\/07\/pueden-las-dificultades-de-la-vida-hacerme-mas-fuerte\/","url_meta":{"origin":933,"position":3},"title":"\u00bfPueden las dificultades de la vida hacerme m\u00e1s fuerte?","author":"Pepe Barrascout Ortiz","date":"7 mayo 2015","format":false,"excerpt":"Cuando Aaron ten\u00eda siete meses de edad, \u00e9l dej\u00f3 de ganar peso. Unos pocos meses despu\u00e9s, su cabello comenz\u00f3 a caerse. Al principio, los m\u00e9dicos les dijeron a los padres de Aaron que \u00e9l iba a ser bajito de adulto, pero que por lo dem\u00e1s, era normal. Luego un pediatra\u2026","rel":"","context":"En \u00abLimones\u00bb","block_context":{"text":"Limones","link":"https:\/\/quechilero.com\/blog\/category\/limones\/"},"img":{"alt_text":"","src":"","width":0,"height":0},"classes":[]},{"id":12436,"url":"https:\/\/quechilero.com\/blog\/2012\/06\/02\/perseverancia\/","url_meta":{"origin":933,"position":4},"title":"Perseverancia","author":"Pepe Barrascout Ortiz","date":"2 junio 2012","format":false,"excerpt":"1816 - Su familia fue forzada a salir de su hogar, a la edad de 7 a\u00f1os tuvo que empezar a trabajar para ayudar con los gastos. 1818 - Su madre muri\u00f3. 1831 - Fracas\u00f3 en todos los negocios que emprendi\u00f3. 1832 - Compiti\u00f3 para la Legislatura estatal y perdi\u00f3.\u2026","rel":"","context":"En \u00abLimones\u00bb","block_context":{"text":"Limones","link":"https:\/\/quechilero.com\/blog\/category\/limones\/"},"img":{"alt_text":"","src":"","width":0,"height":0},"classes":[]},{"id":357,"url":"https:\/\/quechilero.com\/blog\/2006\/12\/21\/sentimientos-de-un-padre\/","url_meta":{"origin":933,"position":5},"title":"Sentimientos de un padre","author":"Pepe Barrascout Ortiz","date":"21 diciembre 2006","format":false,"excerpt":"Los sentimientos de mi hija est\u00e1n heridos. Le digo que para m\u00ed ella es especial. Mi hija est\u00e1 lastimada. Har\u00e9 lo que sea necesario para que se sienta mejor. Mi hija tiene miedo. No dormir\u00e9 mientras no se sienta segura. No soy un h\u00e9roe... soy padre. Cuando un hijo siente\u2026","rel":"","context":"En \u00abLimones\u00bb","block_context":{"text":"Limones","link":"https:\/\/quechilero.com\/blog\/category\/limones\/"},"img":{"alt_text":"","src":"","width":0,"height":0},"classes":[]}],"jetpack_featured_media_url":"","_links":{"self":[{"href":"https:\/\/quechilero.com\/blog\/wp-json\/wp\/v2\/posts\/933","targetHints":{"allow":["GET"]}}],"collection":[{"href":"https:\/\/quechilero.com\/blog\/wp-json\/wp\/v2\/posts"}],"about":[{"href":"https:\/\/quechilero.com\/blog\/wp-json\/wp\/v2\/types\/post"}],"author":[{"embeddable":true,"href":"https:\/\/quechilero.com\/blog\/wp-json\/wp\/v2\/users\/1"}],"replies":[{"embeddable":true,"href":"https:\/\/quechilero.com\/blog\/wp-json\/wp\/v2\/comments?post=933"}],"version-history":[{"count":0,"href":"https:\/\/quechilero.com\/blog\/wp-json\/wp\/v2\/posts\/933\/revisions"}],"wp:attachment":[{"href":"https:\/\/quechilero.com\/blog\/wp-json\/wp\/v2\/media?parent=933"}],"wp:term":[{"taxonomy":"category","embeddable":true,"href":"https:\/\/quechilero.com\/blog\/wp-json\/wp\/v2\/categories?post=933"},{"taxonomy":"post_tag","embeddable":true,"href":"https:\/\/quechilero.com\/blog\/wp-json\/wp\/v2\/tags?post=933"},{"taxonomy":"series","embeddable":true,"href":"https:\/\/quechilero.com\/blog\/wp-json\/wp\/v2\/series?post=933"}],"curies":[{"name":"wp","href":"https:\/\/api.w.org\/{rel}","templated":true}]}}