{"id":925,"date":"2008-05-07T09:41:32","date_gmt":"2008-05-07T15:41:32","guid":{"rendered":"http:\/\/www.quechilero.com\/blog\/2008\/05\/07\/los-hijos-se-van\/"},"modified":"2008-05-07T09:41:32","modified_gmt":"2008-05-07T15:41:32","slug":"los-hijos-se-van","status":"publish","type":"post","link":"https:\/\/quechilero.com\/blog\/2008\/05\/07\/los-hijos-se-van\/","title":{"rendered":"Los Hijos se van&#8230;"},"content":{"rendered":"<p>Hay que aceptarlos con esa condici\u00f3n,<br \/>\nhay que criarlos con esa  idea,<br \/>\nhay que asumir esa realidad.No es que se van&#8230;<br \/>\nes que la vida se los lleva.<\/p>\n<p>Ya no eres su centro.<br \/>\nYa no eres propietario, eres consejero.<br \/>\nNo  diriges, aceptas.<br \/>\nNo mandas, acompa\u00f1as.<br \/>\nNo proyectas, respetas.<\/p>\n<p>Ya necesitan otro amor,<br \/>\notro nido y otras perspectivas.<\/p>\n<p>Ya les crecieron alas y quieren volar.<br \/>\nYa les crecieron las ra\u00edces y  maduraron por dentro.<br \/>\nYa les pas\u00f3 las borrascas de la adolescencia y tomaron  el tim\u00f3n.<\/p>\n<p>Ya miraron de frente la vida y sintieron el llamado,<br \/>\npara vivirla por su  cuenta.<\/p>\n<p>Ya saben que son capaces de las mayores aventuras,<br \/>\ny de la m\u00e1s completa  realizaci\u00f3n.<\/p>\n<p>Ya buscar\u00f3n un amor,<br \/>\nque los respete,<br \/>\nque quiera compartir sin temores  ni angustias<br \/>\nlas altas y las bajas en el camino,<br \/>\nque les endulce el  recorrido<br \/>\ny los ayude en el fin que quieren conseguir.<\/p>\n<p>Y si esa primera experiencia fue equivocada,<br \/>\ntendr\u00e1n la sabidur\u00eda y las  fuerzas para soltarlas,<br \/>\nas\u00ed, otro amor les llegar\u00e1<br \/>\npara compartir sus  vidas en armon\u00eda.<\/p>\n<p>Ya no les caben las ra\u00edces en tu maceta,<br \/>\nni les basta tu abono para  nutrirse,<br \/>\nni tu agua para saciarse,<br \/>\nni tu protecci\u00f3n para vivir.<\/p>\n<p>Quieren crecer en otra dimensi\u00f3n,<br \/>\ndesarrollar su  personalidad,<br \/>\nenfrentar el viento de la vida,<br \/>\nal asombro del amor<br \/>\ny al  rendimiento de sus facultades.<\/p>\n<p>Tienen un camino y quieren explorarlo.<br \/>\nLo importante es que sepan  desandarlo.<\/p>\n<p>Tienen alas y quieren abrirlas.<br \/>\nLo importante es que sean limpias,<br \/>\nde  un vuelo alto y de conciencia recta.<\/p>\n<p>Tienen juventud y quieren vivirla.<br \/>\nLo importante es el coraz\u00f3n  sensible,<br \/>\nla libertad asumida y la pasi\u00f3n a flor de piel.<\/p>\n<p>Que la rienda sea con responsabilidad,<br \/>\ny la formaci\u00f3n, llena de luz.<\/p>\n<p>T\u00fa quedas adentro.<br \/>\nEn el cimiento de su edificio,<br \/>\nen la ra\u00edz de su \u00e1rbol,<br \/>\nen la corteza de su estructura,<br \/>\nen lo profundo de su coraz\u00f3n.<\/p>\n<p>T\u00fa quedas atr\u00e1s.<br \/>\nEn la estela luminosa que deja el barco al partir.<br \/>\nEn  el beso que le mandas.<br \/>\nEn el pa\u00f1uelo que lo despide.<br \/>\nEn la oraci\u00f3n que lo  sigue.<br \/>\n\u00bfEn la l\u00e1grima que los acompa\u00f1a!<\/p>\n<p>T\u00fa quedas siempre en su interior,<br \/>\naunque cambies de lugar.<\/p>\n<p><strong><em>Zenaida Bacardi de Argamasilla<\/em><\/strong><\/p>\n<p><!--~-|**|PrettyHtmlStart|**|-~--><\/p>\n","protected":false},"excerpt":{"rendered":"<p>Hay que aceptarlos con esa condici\u00f3n, hay que criarlos con esa idea, hay que asumir esa realidad.No es que se van&#8230; es que la vida se los lleva. Ya no eres su centro. Ya no eres propietario, eres consejero. No diriges, aceptas. No mandas, acompa\u00f1as. No proyectas, respetas. Ya necesitan otro amor, otro nido y &#8230; <a title=\"Los Hijos se van&#8230;\" class=\"read-more\" href=\"https:\/\/quechilero.com\/blog\/2008\/05\/07\/los-hijos-se-van\/\" aria-label=\"Leer m\u00e1s sobre Los Hijos se van&#8230;\">Leer m\u00e1s<\/a><\/p>\n","protected":false},"author":1,"featured_media":0,"comment_status":"open","ping_status":"open","sticky":false,"template":"","format":"standard","meta":{"advanced_seo_description":"","jetpack_seo_html_title":"","jetpack_seo_noindex":false,"jetpack_seo_schema_type":"","episode_type":"","audio_file":"","podmotor_file_id":"","podmotor_episode_id":"","cover_image":"","cover_image_id":"","duration":"","filesize":"","filesize_raw":"","date_recorded":"","explicit":"","block":"","_jetpack_newsletter_access":"","_jetpack_dont_email_post_to_subs":false,"_jetpack_newsletter_tier_id":0,"_jetpack_memberships_contains_paywalled_content":false,"_jetpack_feature_clip_id":0,"_jetpack_memberships_contains_paid_content":false,"footnotes":"","jetpack_publicize_message":"","jetpack_publicize_feature_enabled":true,"jetpack_social_post_already_shared":false,"jetpack_social_options":{"image_generator_settings":{"template":"highway","default_image_id":0,"font":"","enabled":false},"version":2},"jetpack_post_was_ever_published":false},"categories":[2],"tags":[15,67,9,86,52,24],"series":[],"class_list":["post-925","post","type-post","status-publish","format-standard","hentry","category-limones","tag-amor","tag-crecer","tag-idea","tag-oracion","tag-pasion","tag-vida"],"episode_featured_image":false,"episode_player_image":"https:\/\/i0.wp.com\/quechilero.com\/blog\/imagenes\/podcast.png?fit=1831%2C1831&ssl=1","download_link":"","player_link":"","audio_player":false,"episode_data":{"playerMode":"dark","subscribeUrls":{"amazon":{"key":"amazon","url":"","label":"Amazon","class":"amazon","icon":"amazon.png"},"apple_podcasts":{"key":"apple_podcasts","url":"","label":"Apple Podcasts","class":"apple_podcasts","icon":"apple-podcasts.png"},"castbox":{"key":"castbox","url":"","label":"CastBox","class":"castbox","icon":"castbox.png"},"deezer":{"key":"deezer","url":"","label":"Deezer","class":"deezer","icon":"deezer.png"},"google_podcasts":{"key":"google_podcasts","url":"","label":"Google Podcasts","class":"google_podcasts","icon":"google-podcasts.png"},"listen_notes":{"key":"listen_notes","url":"","label":"Listen Notes","class":"listen_notes","icon":"listen-notes.png"},"pandora":{"key":"pandora","url":"","label":"Pandora","class":"pandora","icon":"pandora.png"},"podbean":{"key":"podbean","url":"","label":"Podbean","class":"podbean","icon":"podbean.png"},"podcast_republic":{"key":"podcast_republic","url":"","label":"Podcast Republic","class":"podcast_republic","icon":"podcast-republic.png"},"rss":{"key":"rss","url":"","label":"RSS","class":"rss","icon":"rss.png"},"spotify":{"key":"spotify","url":"","label":"Spotify","class":"spotify","icon":"spotify.png"},"stitcher":{"key":"stitcher","url":"","label":"Stitcher","class":"stitcher","icon":"stitcher.png"},"tunein":{"key":"tunein","url":"","label":"TuneIn","class":"tunein","icon":"tunein.png"},"youtube":{"key":"youtube","url":"","label":"YouTube","class":"youtube","icon":"youtube.png"},"iheartradio":{"key":"iheartradio","url":"","label":"iHeartRadio","class":"iheartradio","icon":"iheartradio.png"},"ivoox":{"key":"ivoox","url":"","label":"iVoox","class":"ivoox","icon":"ivoox.png"}},"rssFeedUrl":"https:\/\/quechilero.com\/blog\/feed\/podcast\/si-la-vida-nos-da-limones","embedCode":"<blockquote class=\"wp-embedded-content\" data-secret=\"u0nUUpM1w6\"><a href=\"https:\/\/quechilero.com\/blog\/2008\/05\/07\/los-hijos-se-van\/\">Los Hijos se van&#8230;<\/a><\/blockquote><iframe sandbox=\"allow-scripts\" security=\"restricted\" src=\"https:\/\/quechilero.com\/blog\/2008\/05\/07\/los-hijos-se-van\/embed\/#?secret=u0nUUpM1w6\" width=\"500\" height=\"350\" title=\"\u00abLos Hijos se van&#8230;\u00bb \u2014 Si la Vida nos da Limones...\" data-secret=\"u0nUUpM1w6\" frameborder=\"0\" marginwidth=\"0\" marginheight=\"0\" scrolling=\"no\" class=\"wp-embedded-content\"><\/iframe><script>\n\/*! This file is auto-generated *\/\n!function(d,l){\"use strict\";l.querySelector&&d.addEventListener&&\"undefined\"!=typeof URL&&(d.wp=d.wp||{},d.wp.receiveEmbedMessage||(d.wp.receiveEmbedMessage=function(e){var t=e.data;if((t||t.secret||t.message||t.value)&&!\/[^a-zA-Z0-9]\/.test(t.secret)){for(var s,r,n,a=l.querySelectorAll('iframe[data-secret=\"'+t.secret+'\"]'),o=l.querySelectorAll('blockquote[data-secret=\"'+t.secret+'\"]'),c=new RegExp(\"^https?:$\",\"i\"),i=0;i<o.length;i++)o[i].style.display=\"none\";for(i=0;i<a.length;i++)s=a[i],e.source===s.contentWindow&&(s.removeAttribute(\"style\"),\"height\"===t.message?(1e3<(r=parseInt(t.value,10))?r=1e3:~~r<200&&(r=200),s.height=r):\"link\"===t.message&&(r=new URL(s.getAttribute(\"src\")),n=new URL(t.value),c.test(n.protocol))&&n.host===r.host&&l.activeElement===s&&(d.top.location.href=t.value))}},d.addEventListener(\"message\",d.wp.receiveEmbedMessage,!1),l.addEventListener(\"DOMContentLoaded\",function(){for(var e,t,s=l.querySelectorAll(\"iframe.wp-embedded-content\"),r=0;r<s.length;r++)(t=(e=s[r]).getAttribute(\"data-secret\"))||(t=Math.random().toString(36).substring(2,12),e.src+=\"#?secret=\"+t,e.setAttribute(\"data-secret\",t)),e.contentWindow.postMessage({message:\"ready\",secret:t},\"*\")},!1)))}(window,document);\n\/\/# sourceURL=https:\/\/quechilero.com\/blog\/wp-includes\/js\/wp-embed.min.js\n<\/script>\n"},"jetpack_publicize_connections":[],"jetpack_shortlink":"https:\/\/wp.me\/pDKli-eV","jetpack_sharing_enabled":true,"jetpack-related-posts":[{"id":14895,"url":"https:\/\/quechilero.com\/blog\/2012\/10\/29\/debilidades-humanas\/","url_meta":{"origin":925,"position":0},"title":"Debilidades humanas","author":"Pepe Barrascout Ortiz","date":"29 octubre 2012","format":false,"excerpt":"\"Deficiente\" es aquel que no consigue modificar su vida, aceptando las imposiciones de otras personas de la sociedad en que vive, sin tener consciencia de que \u00e9l es due\u00f1o de su destino... \"Loco\" es quien no procura ser feliz con lo que posee. \"Ciego\" es aquel que no ve su\u2026","rel":"","context":"En \u00abLimones\u00bb","block_context":{"text":"Limones","link":"https:\/\/quechilero.com\/blog\/category\/limones\/"},"img":{"alt_text":"","src":"","width":0,"height":0},"classes":[]},{"id":17117,"url":"https:\/\/quechilero.com\/blog\/2013\/09\/09\/para-ti-una-carta\/","url_meta":{"origin":925,"position":1},"title":"Para ti una carta","author":"Pepe Barrascout Ortiz","date":"9 septiembre 2013","format":false,"excerpt":"T\u00fa, que eres un ser humano, eres mi milagro. Y eres fuerte, capaz, inteligente y lleno de dones y talentos. Cu\u00e9ntalos y entusi\u00e1smate con ellos. Recon\u00f3cete. Encu\u00e9ntrate. Ac\u00e9ptate. An\u00edmate. Y piensa que, desde este momento, puedes cambiar tu vida para bien, si te lo propones y te llenas de entusiasmo.\u2026","rel":"","context":"En \u00abLimones\u00bb","block_context":{"text":"Limones","link":"https:\/\/quechilero.com\/blog\/category\/limones\/"},"img":{"alt_text":"","src":"","width":0,"height":0},"classes":[]},{"id":27312,"url":"https:\/\/quechilero.com\/blog\/2013\/10\/15\/podcast-en-la-vida-de-san-agustin-episodio-13\/","url_meta":{"origin":925,"position":2},"title":"Podcast: En la Vida de San Agust\u00edn, episodio 13","author":"Pepe Barrascout Ortiz","date":"15 octubre 2013","format":false,"excerpt":"De la armon\u00eda entre hermanos, con diversas historias personales Escuchamos a Agust\u00edn con todos los que comparten vida en el convento. Se percibe el ambiente fraterno, el conocimiento mutuo y el deseo de crecer unidos en el Amor. Est\u00e1 clara la necesidad de la comunicaci\u00f3n para ser aut\u00e9nticos. *** La\u2026","rel":"","context":"En \u00abPodcast\u00bb","block_context":{"text":"Podcast","link":"https:\/\/quechilero.com\/blog\/category\/podcast\/"},"img":{"alt_text":"Las 6 de la ma\u00f1ana. Podcast","src":"https:\/\/i0.wp.com\/lh3.googleusercontent.com\/-MuDpgG_t8tg\/Uics8DjfI0I\/AAAAAAAACFg\/DQ_9XUG-gUE\/s800\/san-agustin.png?resize=350%2C200&ssl=1","width":350,"height":200,"srcset":"https:\/\/i0.wp.com\/lh3.googleusercontent.com\/-MuDpgG_t8tg\/Uics8DjfI0I\/AAAAAAAACFg\/DQ_9XUG-gUE\/s800\/san-agustin.png?resize=350%2C200&ssl=1 1x, https:\/\/i0.wp.com\/lh3.googleusercontent.com\/-MuDpgG_t8tg\/Uics8DjfI0I\/AAAAAAAACFg\/DQ_9XUG-gUE\/s800\/san-agustin.png?resize=525%2C300&ssl=1 1.5x"},"classes":[]},{"id":17354,"url":"https:\/\/quechilero.com\/blog\/2013\/10\/24\/quien-nos-convierte\/","url_meta":{"origin":925,"position":3},"title":"\u00bfQui\u00e9n nos convierte?","author":"Pepe Barrascout Ortiz","date":"24 octubre 2013","format":false,"excerpt":"Al comenzar la cuaresma se nos invita a la conversi\u00f3n. Pero eso no es un empe\u00f1o voluntarista, ni un c\u00famulo de prop\u00f3sitos que uno mismo tenga que lograr. Es Dios quien nos convierte, cuando le dejamos. Es Dios quien transforma nuestras vidas y les da hondura y plenitud. Es Dios\u2026","rel":"","context":"En \u00abLimones\u00bb","block_context":{"text":"Limones","link":"https:\/\/quechilero.com\/blog\/category\/limones\/"},"img":{"alt_text":"","src":"","width":0,"height":0},"classes":[]},{"id":1400,"url":"https:\/\/quechilero.com\/blog\/2008\/10\/19\/10-cosas-que-he-aprendido-4\/","url_meta":{"origin":925,"position":4},"title":"10 cosas que he aprendido","author":"Pepe Barrascout Ortiz","date":"19 octubre 2008","format":false,"excerpt":"10 cosas importantes que he aprendido He aprendido que bajo la coraza m\u00e1s dura hay alguien que quiere ser apreciado y amado. He aprendido que El Se\u00f1or no lo hizo todo en un d\u00eda. \u00bfQu\u00e9 me hace pensar que yo puedo? He aprendido que ignorar la realidad no cambia la\u2026","rel":"","context":"En \u00abLimones por mano\u00bb","block_context":{"text":"Limones por mano","link":"https:\/\/quechilero.com\/blog\/category\/limones-por-mano\/"},"img":{"alt_text":"","src":"","width":0,"height":0},"classes":[]},{"id":17573,"url":"https:\/\/quechilero.com\/blog\/2013\/12\/10\/el-senor-vino-viene-y-vendra\/","url_meta":{"origin":925,"position":5},"title":"El Se\u00f1or vino, viene y vendr\u00e1","author":"Pepe Barrascout Ortiz","date":"10 diciembre 2013","format":false,"excerpt":"En el Adviento celebramos el misterio de la venida del Se\u00f1or en una actitud gozosa, de vigilancia, de espera y de acogida. Nuestra vida se presenta, con asombro siempre nuevo, ante el misterio entra\u00f1able de un Dios que se ha hecho hombre. Con el Adviento se nos convoca a preparar\u2026","rel":"","context":"En \u00abLimones\u00bb","block_context":{"text":"Limones","link":"https:\/\/quechilero.com\/blog\/category\/limones\/"},"img":{"alt_text":"","src":"","width":0,"height":0},"classes":[]}],"jetpack_featured_media_url":"","_links":{"self":[{"href":"https:\/\/quechilero.com\/blog\/wp-json\/wp\/v2\/posts\/925","targetHints":{"allow":["GET"]}}],"collection":[{"href":"https:\/\/quechilero.com\/blog\/wp-json\/wp\/v2\/posts"}],"about":[{"href":"https:\/\/quechilero.com\/blog\/wp-json\/wp\/v2\/types\/post"}],"author":[{"embeddable":true,"href":"https:\/\/quechilero.com\/blog\/wp-json\/wp\/v2\/users\/1"}],"replies":[{"embeddable":true,"href":"https:\/\/quechilero.com\/blog\/wp-json\/wp\/v2\/comments?post=925"}],"version-history":[{"count":0,"href":"https:\/\/quechilero.com\/blog\/wp-json\/wp\/v2\/posts\/925\/revisions"}],"wp:attachment":[{"href":"https:\/\/quechilero.com\/blog\/wp-json\/wp\/v2\/media?parent=925"}],"wp:term":[{"taxonomy":"category","embeddable":true,"href":"https:\/\/quechilero.com\/blog\/wp-json\/wp\/v2\/categories?post=925"},{"taxonomy":"post_tag","embeddable":true,"href":"https:\/\/quechilero.com\/blog\/wp-json\/wp\/v2\/tags?post=925"},{"taxonomy":"series","embeddable":true,"href":"https:\/\/quechilero.com\/blog\/wp-json\/wp\/v2\/series?post=925"}],"curies":[{"name":"wp","href":"https:\/\/api.w.org\/{rel}","templated":true}]}}