{"id":924,"date":"2008-05-08T09:40:31","date_gmt":"2008-05-08T15:40:31","guid":{"rendered":"http:\/\/www.quechilero.com\/blog\/2008\/05\/08\/miedo-a-la-maternidad\/"},"modified":"2008-05-08T09:40:31","modified_gmt":"2008-05-08T15:40:31","slug":"miedo-a-la-maternidad","status":"publish","type":"post","link":"https:\/\/quechilero.com\/blog\/2008\/05\/08\/miedo-a-la-maternidad\/","title":{"rendered":"\u00bfMiedo a la Maternidad?"},"content":{"rendered":"<p>Estoy convencido de que el don m\u00e1s grande que ha recibido la mujer es el de  la maternidad. Sin embargo, se encuentra uno hoy muchas mujeres que ven este don  bajo el prisma del miedo. Miedo a tener un hijo: el primero, porque es el  primero. Miedo a tener muchos, porque cada uno de ellos representa una nueva  colegiatura, es una nueva boca, es nuevo sacrificio, nuevo esfuerzo.<\/p>\n<p>Hay que reconocer que en la maternidad hay much\u00edsimo sacrificio, much\u00edsima  lucha. Es realmente un reto para la mujer. Pero ah\u00ed mismo encuentra ella su  m\u00e1xima alegr\u00eda, su m\u00e1xima fuerza, donde ella puede realmente realizarse como  mujer.<\/p>\n<p>Esta mentalidad se va viendo sobre todo en las mujeres j\u00f3venes, que se  preocupan demasiado de las dietas, se preocupan demasiado del hospital a donde  van a ir, se preocupan demasiado de cu\u00e1ntos hijos van a tener, se preocupan de  que con el anterior tuvieron problemas, dificultades, etc. en vez de estar  record\u00e1ndose a s\u00ed mismas la gran verdad de ser madres, de dar gracias a Dios por  traer un hijo al mundo, de valorar este don maravilloso que han recibido.<\/p>\n<p>A las mam\u00e1s no les gusta que sus hijos les tengan miedo. Pero a los hijos  tampoco les gusta que las mam\u00e1s les tengan miedo.<\/p>\n<p><strong><em>P. Mariano de Blas, L. C.<\/em><\/strong><\/p>\n","protected":false},"excerpt":{"rendered":"<p>Estoy convencido de que el don m\u00e1s grande que ha recibido la mujer es el de la maternidad. Sin embargo, se encuentra uno hoy muchas mujeres que ven este don bajo el prisma del miedo. Miedo a tener un hijo: el primero, porque es el primero. Miedo a tener muchos, porque cada uno de ellos &#8230; <a title=\"\u00bfMiedo a la Maternidad?\" class=\"read-more\" href=\"https:\/\/quechilero.com\/blog\/2008\/05\/08\/miedo-a-la-maternidad\/\" aria-label=\"Leer m\u00e1s sobre \u00bfMiedo a la Maternidad?\">Leer m\u00e1s<\/a><\/p>\n","protected":false},"author":1,"featured_media":0,"comment_status":"open","ping_status":"open","sticky":false,"template":"","format":"standard","meta":{"advanced_seo_description":"","jetpack_seo_html_title":"","jetpack_seo_noindex":false,"jetpack_seo_schema_type":"","episode_type":"","audio_file":"","podmotor_file_id":"","podmotor_episode_id":"","cover_image":"","cover_image_id":"","duration":"","filesize":"","filesize_raw":"","date_recorded":"","explicit":"","block":"","_jetpack_newsletter_access":"","_jetpack_dont_email_post_to_subs":false,"_jetpack_newsletter_tier_id":0,"_jetpack_memberships_contains_paywalled_content":false,"_jetpack_feature_clip_id":0,"_jetpack_memberships_contains_paid_content":false,"footnotes":"","jetpack_publicize_message":"","jetpack_publicize_feature_enabled":true,"jetpack_social_post_already_shared":false,"jetpack_social_options":{"image_generator_settings":{"template":"highway","default_image_id":0,"font":"","enabled":false},"version":2},"jetpack_post_was_ever_published":false},"categories":[2],"tags":[87,51,49,39,20,21,41],"series":[],"class_list":["post-924","post","type-post","status-publish","format-standard","hentry","category-limones","tag-alegria","tag-dios","tag-esfuerzo","tag-madre","tag-mujer","tag-problema","tag-verdad"],"episode_featured_image":false,"episode_player_image":"https:\/\/i0.wp.com\/quechilero.com\/blog\/imagenes\/podcast.png?fit=1831%2C1831&ssl=1","download_link":"","player_link":"","audio_player":false,"episode_data":{"playerMode":"dark","subscribeUrls":{"amazon":{"key":"amazon","url":"","label":"Amazon","class":"amazon","icon":"amazon.png"},"apple_podcasts":{"key":"apple_podcasts","url":"","label":"Apple Podcasts","class":"apple_podcasts","icon":"apple-podcasts.png"},"castbox":{"key":"castbox","url":"","label":"CastBox","class":"castbox","icon":"castbox.png"},"deezer":{"key":"deezer","url":"","label":"Deezer","class":"deezer","icon":"deezer.png"},"google_podcasts":{"key":"google_podcasts","url":"","label":"Google Podcasts","class":"google_podcasts","icon":"google-podcasts.png"},"listen_notes":{"key":"listen_notes","url":"","label":"Listen Notes","class":"listen_notes","icon":"listen-notes.png"},"pandora":{"key":"pandora","url":"","label":"Pandora","class":"pandora","icon":"pandora.png"},"podbean":{"key":"podbean","url":"","label":"Podbean","class":"podbean","icon":"podbean.png"},"podcast_republic":{"key":"podcast_republic","url":"","label":"Podcast Republic","class":"podcast_republic","icon":"podcast-republic.png"},"rss":{"key":"rss","url":"","label":"RSS","class":"rss","icon":"rss.png"},"spotify":{"key":"spotify","url":"","label":"Spotify","class":"spotify","icon":"spotify.png"},"stitcher":{"key":"stitcher","url":"","label":"Stitcher","class":"stitcher","icon":"stitcher.png"},"tunein":{"key":"tunein","url":"","label":"TuneIn","class":"tunein","icon":"tunein.png"},"youtube":{"key":"youtube","url":"","label":"YouTube","class":"youtube","icon":"youtube.png"},"iheartradio":{"key":"iheartradio","url":"","label":"iHeartRadio","class":"iheartradio","icon":"iheartradio.png"},"ivoox":{"key":"ivoox","url":"","label":"iVoox","class":"ivoox","icon":"ivoox.png"}},"rssFeedUrl":"https:\/\/quechilero.com\/blog\/feed\/podcast\/si-la-vida-nos-da-limones","embedCode":"<blockquote class=\"wp-embedded-content\" data-secret=\"yv9CAkubVz\"><a href=\"https:\/\/quechilero.com\/blog\/2008\/05\/08\/miedo-a-la-maternidad\/\">\u00bfMiedo a la Maternidad?<\/a><\/blockquote><iframe sandbox=\"allow-scripts\" security=\"restricted\" src=\"https:\/\/quechilero.com\/blog\/2008\/05\/08\/miedo-a-la-maternidad\/embed\/#?secret=yv9CAkubVz\" width=\"500\" height=\"350\" title=\"\u00ab\u00bfMiedo a la Maternidad?\u00bb \u2014 Si la Vida nos da Limones...\" data-secret=\"yv9CAkubVz\" frameborder=\"0\" marginwidth=\"0\" marginheight=\"0\" scrolling=\"no\" class=\"wp-embedded-content\"><\/iframe><script>\n\/*! This file is auto-generated *\/\n!function(d,l){\"use strict\";l.querySelector&&d.addEventListener&&\"undefined\"!=typeof URL&&(d.wp=d.wp||{},d.wp.receiveEmbedMessage||(d.wp.receiveEmbedMessage=function(e){var t=e.data;if((t||t.secret||t.message||t.value)&&!\/[^a-zA-Z0-9]\/.test(t.secret)){for(var s,r,n,a=l.querySelectorAll('iframe[data-secret=\"'+t.secret+'\"]'),o=l.querySelectorAll('blockquote[data-secret=\"'+t.secret+'\"]'),c=new RegExp(\"^https?:$\",\"i\"),i=0;i<o.length;i++)o[i].style.display=\"none\";for(i=0;i<a.length;i++)s=a[i],e.source===s.contentWindow&&(s.removeAttribute(\"style\"),\"height\"===t.message?(1e3<(r=parseInt(t.value,10))?r=1e3:~~r<200&&(r=200),s.height=r):\"link\"===t.message&&(r=new URL(s.getAttribute(\"src\")),n=new URL(t.value),c.test(n.protocol))&&n.host===r.host&&l.activeElement===s&&(d.top.location.href=t.value))}},d.addEventListener(\"message\",d.wp.receiveEmbedMessage,!1),l.addEventListener(\"DOMContentLoaded\",function(){for(var e,t,s=l.querySelectorAll(\"iframe.wp-embedded-content\"),r=0;r<s.length;r++)(t=(e=s[r]).getAttribute(\"data-secret\"))||(t=Math.random().toString(36).substring(2,12),e.src+=\"#?secret=\"+t,e.setAttribute(\"data-secret\",t)),e.contentWindow.postMessage({message:\"ready\",secret:t},\"*\")},!1)))}(window,document);\n\/\/# sourceURL=https:\/\/quechilero.com\/blog\/wp-includes\/js\/wp-embed.min.js\n<\/script>\n"},"jetpack_publicize_connections":[],"jetpack_shortlink":"https:\/\/wp.me\/pDKli-eU","jetpack_sharing_enabled":true,"jetpack-related-posts":[{"id":16679,"url":"https:\/\/quechilero.com\/blog\/2013\/04\/30\/mes-de-%ef%bb%bfmaria-madre-de-dios-y-madre-nuestra\/","url_meta":{"origin":924,"position":0},"title":"Mes de \ufeffMar\u00eda, madre de Dios y madre nuestra","author":"Pepe Barrascout Ortiz","date":"30 abril 2013","format":false,"excerpt":"Mar\u00eda fue sin duda, una mujer llena de profunda alegr\u00eda, una alegr\u00eda interior, que le brotaba por su gran fe, su incondicionalidad a los designios de Dios y por supuesto, a su maternidad. La alegr\u00eda de Mar\u00eda la lleva incluso con las cruces de su vida, ya que sabe que\u2026","rel":"","context":"En \u00abLimones\u00bb","block_context":{"text":"Limones","link":"https:\/\/quechilero.com\/blog\/category\/limones\/"},"img":{"alt_text":"","src":"","width":0,"height":0},"classes":[]},{"id":568,"url":"https:\/\/quechilero.com\/blog\/2007\/06\/05\/el-corazon-de-una-mujer\/","url_meta":{"origin":924,"position":1},"title":"El coraz\u00f3n de una mujer","author":"Pepe Barrascout Ortiz","date":"5 junio 2007","format":false,"excerpt":"Cuando el Se\u00f1or hizo a la mujer, era su sexto d\u00eda de trabajo haciendo horas extras... Un \u00c1ngel apareci\u00f3 y dijo \"\u00bfPor qu\u00e9 pasas tanto tiempo en \u00e9sta?\" Y el Se\u00f1or le contest\u00f3 diciendo: \"Has visto el formulario de especificaciones que tiene? Tiene que ser completamente lavable, pero no pl\u00e1stica,\u2026","rel":"","context":"En \u00abLimones\u00bb","block_context":{"text":"Limones","link":"https:\/\/quechilero.com\/blog\/category\/limones\/"},"img":{"alt_text":"","src":"","width":0,"height":0},"classes":[]},{"id":19299,"url":"https:\/\/quechilero.com\/blog\/2014\/12\/08\/basta-que-uno-de-esos-esfuerzos-de-resultado\/","url_meta":{"origin":924,"position":2},"title":"Basta que uno de esos esfuerzos de resultado","author":"Pepe Barrascout Ortiz","date":"8 diciembre 2014","format":false,"excerpt":"El nombre m\u00e1s repetido en las mujeres mexicanas es el de Guadalupe. Por eso muchas celebran su santo el 12 de Diciembre, fecha en que una mujer vestida de princesa, se le apareci\u00f3 a un natural de esta tierra, a Juan Diego, en la Colina del Tepeyac. Santa Mar\u00eda de\u2026","rel":"","context":"En \u00abLimones\u00bb","block_context":{"text":"Limones","link":"https:\/\/quechilero.com\/blog\/category\/limones\/"},"img":{"alt_text":"","src":"","width":0,"height":0},"classes":[]},{"id":16675,"url":"https:\/\/quechilero.com\/blog\/2013\/04\/28\/la-cruz-acoger-sin-reservas-el-plan-de-dios\/","url_meta":{"origin":924,"position":3},"title":"La cruz: acoger sin reservas el plan de Dios","author":"Pepe Barrascout Ortiz","date":"28 abril 2013","format":false,"excerpt":"La cruz no es un producto muy cotizado en nuestros d\u00edas. A inicios del tercer milenio, lo que m\u00e1s se busca y anhela es el bienestar, el placer. Y, sin embargo, muchas veces nos encontramos con hombres y mujeres hastiados, incluso heridos, por la vida. Personas que lo han disfrutado\u2026","rel":"","context":"En \u00abLimones\u00bb","block_context":{"text":"Limones","link":"https:\/\/quechilero.com\/blog\/category\/limones\/"},"img":{"alt_text":"","src":"","width":0,"height":0},"classes":[]},{"id":19663,"url":"https:\/\/quechilero.com\/blog\/2015\/01\/10\/volver-galilea-sin-miedo\/","url_meta":{"origin":924,"position":4},"title":"Volver a Galilea sin miedo","author":"Pepe Barrascout Ortiz","date":"10 enero 2015","format":false,"excerpt":"El Evangelio de la resurrecci\u00f3n de Jesucristo comienza con el ir de las mujeres hacia el sepulcro, temprano en la ma\u00f1ana del d\u00eda despu\u00e9s del s\u00e1bado. Se dirigen a la tumba, para honrar el cuerpo del Se\u00f1or, pero la encuentran abierta y vac\u00eda. Un \u00e1ngel poderoso les dice: \"Vosotras no\u2026","rel":"","context":"En \u00abLimones\u00bb","block_context":{"text":"Limones","link":"https:\/\/quechilero.com\/blog\/category\/limones\/"},"img":{"alt_text":"","src":"","width":0,"height":0},"classes":[]},{"id":879,"url":"https:\/\/quechilero.com\/blog\/2008\/02\/24\/cuaresma-evangelio-24-feb-08\/","url_meta":{"origin":924,"position":5},"title":"Cuaresma &#8211; Evangelio 24 feb 08","author":"Pepe Barrascout Ortiz","date":"24 febrero 2008","format":false,"excerpt":"Evangelio seg\u00fan San Juan 4,5-42. Lleg\u00f3 a una ciudad de Samar\u00eda llamada Sicar, cerca de las tierras que Jacob hab\u00eda dado a su hijo Jos\u00e9. All\u00e1 se encuentra el pozo de Jacob. Jes\u00fas, fatigado del camino, se hab\u00eda sentado junto al pozo. Era la hora del mediod\u00eda. Una mujer de\u2026","rel":"","context":"En \u00abLimones\u00bb","block_context":{"text":"Limones","link":"https:\/\/quechilero.com\/blog\/category\/limones\/"},"img":{"alt_text":"","src":"","width":0,"height":0},"classes":[]}],"jetpack_featured_media_url":"","_links":{"self":[{"href":"https:\/\/quechilero.com\/blog\/wp-json\/wp\/v2\/posts\/924","targetHints":{"allow":["GET"]}}],"collection":[{"href":"https:\/\/quechilero.com\/blog\/wp-json\/wp\/v2\/posts"}],"about":[{"href":"https:\/\/quechilero.com\/blog\/wp-json\/wp\/v2\/types\/post"}],"author":[{"embeddable":true,"href":"https:\/\/quechilero.com\/blog\/wp-json\/wp\/v2\/users\/1"}],"replies":[{"embeddable":true,"href":"https:\/\/quechilero.com\/blog\/wp-json\/wp\/v2\/comments?post=924"}],"version-history":[{"count":0,"href":"https:\/\/quechilero.com\/blog\/wp-json\/wp\/v2\/posts\/924\/revisions"}],"wp:attachment":[{"href":"https:\/\/quechilero.com\/blog\/wp-json\/wp\/v2\/media?parent=924"}],"wp:term":[{"taxonomy":"category","embeddable":true,"href":"https:\/\/quechilero.com\/blog\/wp-json\/wp\/v2\/categories?post=924"},{"taxonomy":"post_tag","embeddable":true,"href":"https:\/\/quechilero.com\/blog\/wp-json\/wp\/v2\/tags?post=924"},{"taxonomy":"series","embeddable":true,"href":"https:\/\/quechilero.com\/blog\/wp-json\/wp\/v2\/series?post=924"}],"curies":[{"name":"wp","href":"https:\/\/api.w.org\/{rel}","templated":true}]}}