{"id":923,"date":"2008-05-09T09:39:08","date_gmt":"2008-05-09T15:39:08","guid":{"rendered":"http:\/\/www.quechilero.com\/blog\/2008\/05\/09\/mama\/"},"modified":"2008-05-09T09:39:08","modified_gmt":"2008-05-09T15:39:08","slug":"mama","status":"publish","type":"post","link":"https:\/\/quechilero.com\/blog\/2008\/05\/09\/mama\/","title":{"rendered":"Mam\u00e1"},"content":{"rendered":"<p>Mam\u00e1&#8230; palabra tan peque\u00f1a y que encierra tantas cosas,<br \/>\ntantos  sentimientos, tantos recuerdos;<br \/>\nMam\u00e1&#8230; palabra m\u00e1gica que usada con  desd\u00e9n<br \/>\nprovoca dolor y furia;<br \/>\nPero al pronunciarla con amor, nos cura de  todo mal.<br \/>\nPalabra peque\u00f1a, palabra primera,<br \/>\ny muchas veces, la \u00faltima  palabra.<\/p>\n<p>\u00bfDe qu\u00e9 se llena nuestro coraz\u00f3n al pensar en ella?<br \/>\n\u00bfPor qu\u00e9 se llenan  nuestros ojos de l\u00e1grimas al recordarla?<br \/>\n\u00bfPor qu\u00e9 al caer gritamos su  nombre?<\/p>\n<p>\u00bfSer\u00e1 porque recordamos su voz y sus dulces brazos<br \/>\nal arrullarnos y  consolarnos cuando \u00e9ramos peque\u00f1os?<\/p>\n<p>\u00bfSer\u00e1 porque siempre estaba ah\u00ed para curarnos un rasp\u00f3n,<br \/>\npara sobarnos una  rodilla,<br \/>\npara levantarnos cuando est\u00e1bamos ca\u00eddos?<\/p>\n<p>\u00bfSer\u00e1 por las noches de desvelo que paso a nuestro lado,<br \/>\npor los aplausos  que nos dio cuando bail\u00e1bamos,<br \/>\nporque re\u00eda con nuestros chistes sin  gracia,<br \/>\npor ser nuestra mejor audiencia?<\/p>\n<p>\u00bfSer\u00e1 por lo poco que necesita para vivir,<br \/>\nun plato de sopa, una caf\u00e9  caliente,<br \/>\nun beso, un te quiero, un perd\u00f3n?<\/p>\n<p>\u00bfSer\u00e1 porque seguimos siendo en sus ojos de mirada tierna,<br \/>\nsus ni\u00f1os de  anta\u00f1o?<\/p>\n<p>\u00bfSer\u00e1 porque a\u00fan hoy, buscamos su aprobaci\u00f3n,<br \/>\nesperamos o\u00edr sus palabras  de aliento,<br \/>\ny nos llena de tristeza su mirada cr\u00edtica?<\/p>\n<p>\u00bfSer\u00e1 por todo esto, ser\u00e1 por algo m\u00e1s?&#8230;<br \/>\nlo cierto es que las mam\u00e1s son  regalos de Dios,<br \/>\nson \u00e1ngeles en la tierra, son seres de luz.<\/p>\n<p>Gracias, Mam\u00e1&#8230;<\/p>\n<p><strong><em>Vivian Madeleine Herrera  Sevillano<\/em><\/strong><\/p>\n","protected":false},"excerpt":{"rendered":"<p>Mam\u00e1&#8230; palabra tan peque\u00f1a y que encierra tantas cosas, tantos sentimientos, tantos recuerdos; Mam\u00e1&#8230; palabra m\u00e1gica que usada con desd\u00e9n provoca dolor y furia; Pero al pronunciarla con amor, nos cura de todo mal. Palabra peque\u00f1a, palabra primera, y muchas veces, la \u00faltima palabra. \u00bfDe qu\u00e9 se llena nuestro coraz\u00f3n al pensar en ella? \u00bfPor &#8230; <a title=\"Mam\u00e1\" class=\"read-more\" href=\"https:\/\/quechilero.com\/blog\/2008\/05\/09\/mama\/\" aria-label=\"Leer m\u00e1s sobre Mam\u00e1\">Leer m\u00e1s<\/a><\/p>\n","protected":false},"author":1,"featured_media":0,"comment_status":"open","ping_status":"open","sticky":false,"template":"","format":"standard","meta":{"advanced_seo_description":"","jetpack_seo_html_title":"","jetpack_seo_noindex":false,"jetpack_seo_schema_type":"","episode_type":"","audio_file":"","podmotor_file_id":"","podmotor_episode_id":"","cover_image":"","cover_image_id":"","duration":"","filesize":"","filesize_raw":"","date_recorded":"","explicit":"","block":"","_jetpack_newsletter_access":"","_jetpack_dont_email_post_to_subs":false,"_jetpack_newsletter_tier_id":0,"_jetpack_memberships_contains_paywalled_content":false,"_jetpack_feature_clip_id":0,"_jetpack_memberships_contains_paid_content":false,"footnotes":"","jetpack_publicize_message":"","jetpack_publicize_feature_enabled":true,"jetpack_social_post_already_shared":false,"jetpack_social_options":{"image_generator_settings":{"template":"highway","default_image_id":0,"font":"","enabled":false},"version":2},"jetpack_post_was_ever_published":false},"categories":[2],"tags":[15,12,51,42,82],"series":[],"class_list":["post-923","post","type-post","status-publish","format-standard","hentry","category-limones","tag-amor","tag-cosas","tag-dios","tag-palabra","tag-sentimiento"],"episode_featured_image":false,"episode_player_image":"https:\/\/i0.wp.com\/quechilero.com\/blog\/imagenes\/podcast.png?fit=1831%2C1831&ssl=1","download_link":"","player_link":"","audio_player":false,"episode_data":{"playerMode":"dark","subscribeUrls":{"amazon":{"key":"amazon","url":"","label":"Amazon","class":"amazon","icon":"amazon.png"},"apple_podcasts":{"key":"apple_podcasts","url":"","label":"Apple Podcasts","class":"apple_podcasts","icon":"apple-podcasts.png"},"castbox":{"key":"castbox","url":"","label":"CastBox","class":"castbox","icon":"castbox.png"},"deezer":{"key":"deezer","url":"","label":"Deezer","class":"deezer","icon":"deezer.png"},"google_podcasts":{"key":"google_podcasts","url":"","label":"Google Podcasts","class":"google_podcasts","icon":"google-podcasts.png"},"listen_notes":{"key":"listen_notes","url":"","label":"Listen Notes","class":"listen_notes","icon":"listen-notes.png"},"pandora":{"key":"pandora","url":"","label":"Pandora","class":"pandora","icon":"pandora.png"},"podbean":{"key":"podbean","url":"","label":"Podbean","class":"podbean","icon":"podbean.png"},"podcast_republic":{"key":"podcast_republic","url":"","label":"Podcast Republic","class":"podcast_republic","icon":"podcast-republic.png"},"rss":{"key":"rss","url":"","label":"RSS","class":"rss","icon":"rss.png"},"spotify":{"key":"spotify","url":"","label":"Spotify","class":"spotify","icon":"spotify.png"},"stitcher":{"key":"stitcher","url":"","label":"Stitcher","class":"stitcher","icon":"stitcher.png"},"tunein":{"key":"tunein","url":"","label":"TuneIn","class":"tunein","icon":"tunein.png"},"youtube":{"key":"youtube","url":"","label":"YouTube","class":"youtube","icon":"youtube.png"},"iheartradio":{"key":"iheartradio","url":"","label":"iHeartRadio","class":"iheartradio","icon":"iheartradio.png"},"ivoox":{"key":"ivoox","url":"","label":"iVoox","class":"ivoox","icon":"ivoox.png"}},"rssFeedUrl":"https:\/\/quechilero.com\/blog\/feed\/podcast\/si-la-vida-nos-da-limones","embedCode":"<blockquote class=\"wp-embedded-content\" data-secret=\"fEkDjjmnZp\"><a href=\"https:\/\/quechilero.com\/blog\/2008\/05\/09\/mama\/\">Mam\u00e1<\/a><\/blockquote><iframe sandbox=\"allow-scripts\" security=\"restricted\" src=\"https:\/\/quechilero.com\/blog\/2008\/05\/09\/mama\/embed\/#?secret=fEkDjjmnZp\" width=\"500\" height=\"350\" title=\"\u00abMam\u00e1\u00bb \u2014 Si la Vida nos da Limones...\" data-secret=\"fEkDjjmnZp\" frameborder=\"0\" marginwidth=\"0\" marginheight=\"0\" scrolling=\"no\" class=\"wp-embedded-content\"><\/iframe><script>\n\/*! This file is auto-generated *\/\n!function(d,l){\"use strict\";l.querySelector&&d.addEventListener&&\"undefined\"!=typeof URL&&(d.wp=d.wp||{},d.wp.receiveEmbedMessage||(d.wp.receiveEmbedMessage=function(e){var t=e.data;if((t||t.secret||t.message||t.value)&&!\/[^a-zA-Z0-9]\/.test(t.secret)){for(var s,r,n,a=l.querySelectorAll('iframe[data-secret=\"'+t.secret+'\"]'),o=l.querySelectorAll('blockquote[data-secret=\"'+t.secret+'\"]'),c=new RegExp(\"^https?:$\",\"i\"),i=0;i<o.length;i++)o[i].style.display=\"none\";for(i=0;i<a.length;i++)s=a[i],e.source===s.contentWindow&&(s.removeAttribute(\"style\"),\"height\"===t.message?(1e3<(r=parseInt(t.value,10))?r=1e3:~~r<200&&(r=200),s.height=r):\"link\"===t.message&&(r=new URL(s.getAttribute(\"src\")),n=new URL(t.value),c.test(n.protocol))&&n.host===r.host&&l.activeElement===s&&(d.top.location.href=t.value))}},d.addEventListener(\"message\",d.wp.receiveEmbedMessage,!1),l.addEventListener(\"DOMContentLoaded\",function(){for(var e,t,s=l.querySelectorAll(\"iframe.wp-embedded-content\"),r=0;r<s.length;r++)(t=(e=s[r]).getAttribute(\"data-secret\"))||(t=Math.random().toString(36).substring(2,12),e.src+=\"#?secret=\"+t,e.setAttribute(\"data-secret\",t)),e.contentWindow.postMessage({message:\"ready\",secret:t},\"*\")},!1)))}(window,document);\n\/\/# sourceURL=https:\/\/quechilero.com\/blog\/wp-includes\/js\/wp-embed.min.js\n<\/script>\n"},"jetpack_publicize_connections":[],"jetpack_shortlink":"https:\/\/wp.me\/sDKli-mama","jetpack_sharing_enabled":true,"jetpack-related-posts":[{"id":17143,"url":"https:\/\/quechilero.com\/blog\/2013\/09\/21\/amor-se-escribe-con-p-2\/","url_meta":{"origin":923,"position":0},"title":"Amor se escribe con \u00abP\u00bb","author":"Pepe Barrascout Ortiz","date":"21 septiembre 2013","format":false,"excerpt":"Porque para amar se debe tener paciencia en los momentos en que el mismo amor te pone a prueba. Porque para olvidar un mal recuerdo debe existir perd\u00f3n antes que el odio visite a aquellos que se aman. Porque para conseguir lo que quieres, debes perseverar hasta alcanzar lo que\u2026","rel":"","context":"En \u00abLimones\u00bb","block_context":{"text":"Limones","link":"https:\/\/quechilero.com\/blog\/category\/limones\/"},"img":{"alt_text":"","src":"","width":0,"height":0},"classes":[]},{"id":2788,"url":"https:\/\/quechilero.com\/blog\/2009\/06\/10\/la-palabra-shalom\/","url_meta":{"origin":923,"position":1},"title":"La palabra SHALOM","author":"Pepe Barrascout Ortiz","date":"10 junio 2009","format":false,"excerpt":"SHALOM es una palabra hebrea que acostumbra a traducirse al portugu\u00e9s\/espa\u00f1ol como \"paz\". Es verdad... Pero su profundidad y significado tiene un alcance mucho mayor. En su ra\u00edz semita (sh-l-m) significa \"estar lleno, sentirse completo, abarcado, en plenitud\". SHALOM no es una simple ausencia de conflicto, entre naciones o entre\u2026","rel":"","context":"En \u00abLimones\u00bb","block_context":{"text":"Limones","link":"https:\/\/quechilero.com\/blog\/category\/limones\/"},"img":{"alt_text":"","src":"","width":0,"height":0},"classes":[]},{"id":3954,"url":"https:\/\/quechilero.com\/blog\/2009\/11\/14\/solo-el-amor-de-una-madre\/","url_meta":{"origin":923,"position":2},"title":"S\u00f3lo el amor de una madre","author":"Pepe Barrascout Ortiz","date":"14 noviembre 2009","format":false,"excerpt":"S\u00f3lo el amor de una madre S\u00f3lo el amor de una Madre apoyar\u00e1, cuando todo el mundo deja de hacerlo. S\u00f3lo el amor de una Madre confiar\u00e1, cuando nadie otro cree. S\u00f3lo el amor de una Madre perdonar\u00e1, cuando ninguno otro entender\u00e1. S\u00f3lo el amor de una Madre honrar\u00e1, no\u2026","rel":"","context":"En \u00abLimones\u00bb","block_context":{"text":"Limones","link":"https:\/\/quechilero.com\/blog\/category\/limones\/"},"img":{"alt_text":"","src":"","width":0,"height":0},"classes":[]},{"id":19523,"url":"https:\/\/quechilero.com\/blog\/2014\/10\/13\/de-la-vejez\/","url_meta":{"origin":923,"position":3},"title":"De la vejez","author":"Pepe Barrascout Ortiz","date":"13 octubre 2014","format":false,"excerpt":"Ana Cintra cuenta que su hijo peque\u00f1o, con la curiosidad de quien oy\u00f3 una nueva palabra pero a\u00fan no entiende su significado, le pregunt\u00f3: \"\u00bfMam\u00e1, que es la vejez?\". En una fracci\u00f3n de segundo antes de la respuesta, Ana hizo un verdadero viaje al pasado. Se acord\u00f3 de los momentos\u2026","rel":"","context":"En \u00abLimones\u00bb","block_context":{"text":"Limones","link":"https:\/\/quechilero.com\/blog\/category\/limones\/"},"img":{"alt_text":"","src":"","width":0,"height":0},"classes":[]},{"id":567,"url":"https:\/\/quechilero.com\/blog\/2007\/06\/04\/vivir-como-si-fuera-el-ultimo-dia\/","url_meta":{"origin":923,"position":4},"title":"Vivir como si fuera el \u00faltimo d\u00eda","author":"Pepe Barrascout Ortiz","date":"4 junio 2007","format":false,"excerpt":"Un chico naci\u00f3 con c\u00e1ncer, un c\u00e1ncer que no ten\u00eda cura. \u00c9l ten\u00eda 17 a\u00f1os y podr\u00eda morir en cualquier momento. Siempre vivi\u00f3 en su casa, bajo el cuidado de su madre. Ya estaba harto y decidi\u00f3 salir solo por una vez. Le pidi\u00f3 permiso a su madre y ella\u2026","rel":"","context":"En \u00abLimones\u00bb","block_context":{"text":"Limones","link":"https:\/\/quechilero.com\/blog\/category\/limones\/"},"img":{"alt_text":"","src":"","width":0,"height":0},"classes":[]},{"id":16683,"url":"https:\/\/quechilero.com\/blog\/2013\/05\/06\/la-%ef%bb%bfmama-mas-mala-del-mundo\/","url_meta":{"origin":923,"position":5},"title":"La \ufeffmam\u00e1 m\u00e1s mala del mundo","author":"Pepe Barrascout Ortiz","date":"6 mayo 2013","format":false,"excerpt":"Siempre estuve segura de que me hab\u00eda tocado la mam\u00e1 m\u00e1s mala del mundo. Desde que era muy peque\u00f1a, me obligaba a desayunar o a tomar algo por la ma\u00f1ana. Antes de ir a la escuela, por lo menos deb\u00eda tomar leche, mientras que otras madres ni se ocupaban de\u2026","rel":"","context":"En \u00abLimones\u00bb","block_context":{"text":"Limones","link":"https:\/\/quechilero.com\/blog\/category\/limones\/"},"img":{"alt_text":"","src":"","width":0,"height":0},"classes":[]}],"jetpack_featured_media_url":"","_links":{"self":[{"href":"https:\/\/quechilero.com\/blog\/wp-json\/wp\/v2\/posts\/923","targetHints":{"allow":["GET"]}}],"collection":[{"href":"https:\/\/quechilero.com\/blog\/wp-json\/wp\/v2\/posts"}],"about":[{"href":"https:\/\/quechilero.com\/blog\/wp-json\/wp\/v2\/types\/post"}],"author":[{"embeddable":true,"href":"https:\/\/quechilero.com\/blog\/wp-json\/wp\/v2\/users\/1"}],"replies":[{"embeddable":true,"href":"https:\/\/quechilero.com\/blog\/wp-json\/wp\/v2\/comments?post=923"}],"version-history":[{"count":0,"href":"https:\/\/quechilero.com\/blog\/wp-json\/wp\/v2\/posts\/923\/revisions"}],"wp:attachment":[{"href":"https:\/\/quechilero.com\/blog\/wp-json\/wp\/v2\/media?parent=923"}],"wp:term":[{"taxonomy":"category","embeddable":true,"href":"https:\/\/quechilero.com\/blog\/wp-json\/wp\/v2\/categories?post=923"},{"taxonomy":"post_tag","embeddable":true,"href":"https:\/\/quechilero.com\/blog\/wp-json\/wp\/v2\/tags?post=923"},{"taxonomy":"series","embeddable":true,"href":"https:\/\/quechilero.com\/blog\/wp-json\/wp\/v2\/series?post=923"}],"curies":[{"name":"wp","href":"https:\/\/api.w.org\/{rel}","templated":true}]}}