{"id":9191,"date":"2011-11-04T08:00:50","date_gmt":"2011-11-04T14:00:50","guid":{"rendered":"http:\/\/quechilero.com\/blog\/?p=9191"},"modified":"2011-11-04T08:00:50","modified_gmt":"2011-11-04T14:00:50","slug":"castigando-al-caballo","status":"publish","type":"post","link":"https:\/\/quechilero.com\/blog\/2011\/11\/04\/castigando-al-caballo\/","title":{"rendered":"Castigando al caballo"},"content":{"rendered":"<p>Un viajero en el Reino de Song meti\u00f3 a su caballo en un arroyo porque \u00e9ste se negaba a avanzar; luego lo volvi\u00f3 a montar para partir. El caballo se neg\u00f3 de nuevo a nadar. Lo castig\u00f3 otra vez en la misma forma. Esto se repiti\u00f3 tres veces.<\/p>\n<p>Ni el m\u00e1s experto jinete habr\u00eda ideado un medio mejor de asustar al caballo; pero si no es un jinete, sino un simple asustador, el caballo se negar\u00e1 a llevarle.<\/p>\n<p><strong>Discursos de L\u00fc Buwei<\/strong><\/p>\n","protected":false},"excerpt":{"rendered":"<p>Un viajero en el Reino de Song meti\u00f3 a su caballo en un arroyo porque \u00e9ste se negaba a avanzar; luego lo volvi\u00f3 a montar para partir. El caballo se neg\u00f3 de nuevo a nadar. Lo castig\u00f3 otra vez en la misma forma. Esto se repiti\u00f3 tres veces. Ni el m\u00e1s experto jinete habr\u00eda ideado &#8230; <a title=\"Castigando al caballo\" class=\"read-more\" href=\"https:\/\/quechilero.com\/blog\/2011\/11\/04\/castigando-al-caballo\/\" aria-label=\"Leer m\u00e1s sobre Castigando al caballo\">Leer m\u00e1s<\/a><\/p>\n","protected":false},"author":1,"featured_media":0,"comment_status":"open","ping_status":"open","sticky":false,"template":"","format":"standard","meta":{"advanced_seo_description":"","jetpack_seo_html_title":"","jetpack_seo_noindex":false,"jetpack_seo_schema_type":"","episode_type":"","audio_file":"","podmotor_file_id":"","podmotor_episode_id":"","cover_image":"","cover_image_id":"","duration":"","filesize":"","filesize_raw":"","date_recorded":"","explicit":"","block":"","_jetpack_newsletter_access":"","_jetpack_dont_email_post_to_subs":false,"_jetpack_newsletter_tier_id":0,"_jetpack_memberships_contains_paywalled_content":false,"_jetpack_feature_clip_id":0,"_jetpack_memberships_contains_paid_content":false,"footnotes":"","jetpack_publicize_message":"","jetpack_publicize_feature_enabled":true,"jetpack_social_post_already_shared":false,"jetpack_social_options":{"image_generator_settings":{"template":"highway","default_image_id":0,"font":"","enabled":false},"version":2},"jetpack_post_was_ever_published":false},"categories":[2],"tags":[9,5],"series":[],"class_list":["post-9191","post","type-post","status-publish","format-standard","hentry","category-limones","tag-idea","tag-tiempo"],"episode_featured_image":false,"episode_player_image":"https:\/\/i0.wp.com\/quechilero.com\/blog\/imagenes\/podcast.png?fit=1831%2C1831&ssl=1","download_link":"","player_link":"","audio_player":false,"episode_data":{"playerMode":"dark","subscribeUrls":{"amazon":{"key":"amazon","url":"","label":"Amazon","class":"amazon","icon":"amazon.png"},"apple_podcasts":{"key":"apple_podcasts","url":"","label":"Apple Podcasts","class":"apple_podcasts","icon":"apple-podcasts.png"},"castbox":{"key":"castbox","url":"","label":"CastBox","class":"castbox","icon":"castbox.png"},"deezer":{"key":"deezer","url":"","label":"Deezer","class":"deezer","icon":"deezer.png"},"google_podcasts":{"key":"google_podcasts","url":"","label":"Google Podcasts","class":"google_podcasts","icon":"google-podcasts.png"},"listen_notes":{"key":"listen_notes","url":"","label":"Listen Notes","class":"listen_notes","icon":"listen-notes.png"},"pandora":{"key":"pandora","url":"","label":"Pandora","class":"pandora","icon":"pandora.png"},"podbean":{"key":"podbean","url":"","label":"Podbean","class":"podbean","icon":"podbean.png"},"podcast_republic":{"key":"podcast_republic","url":"","label":"Podcast Republic","class":"podcast_republic","icon":"podcast-republic.png"},"rss":{"key":"rss","url":"","label":"RSS","class":"rss","icon":"rss.png"},"spotify":{"key":"spotify","url":"","label":"Spotify","class":"spotify","icon":"spotify.png"},"stitcher":{"key":"stitcher","url":"","label":"Stitcher","class":"stitcher","icon":"stitcher.png"},"tunein":{"key":"tunein","url":"","label":"TuneIn","class":"tunein","icon":"tunein.png"},"youtube":{"key":"youtube","url":"","label":"YouTube","class":"youtube","icon":"youtube.png"},"iheartradio":{"key":"iheartradio","url":"","label":"iHeartRadio","class":"iheartradio","icon":"iheartradio.png"},"ivoox":{"key":"ivoox","url":"","label":"iVoox","class":"ivoox","icon":"ivoox.png"}},"rssFeedUrl":"https:\/\/quechilero.com\/blog\/feed\/podcast\/si-la-vida-nos-da-limones","embedCode":"<blockquote class=\"wp-embedded-content\" data-secret=\"PR5NT1i3vu\"><a href=\"https:\/\/quechilero.com\/blog\/2011\/11\/04\/castigando-al-caballo\/\">Castigando al caballo<\/a><\/blockquote><iframe sandbox=\"allow-scripts\" security=\"restricted\" src=\"https:\/\/quechilero.com\/blog\/2011\/11\/04\/castigando-al-caballo\/embed\/#?secret=PR5NT1i3vu\" width=\"500\" height=\"350\" title=\"\u00abCastigando al caballo\u00bb \u2014 Si la Vida nos da Limones...\" data-secret=\"PR5NT1i3vu\" frameborder=\"0\" marginwidth=\"0\" marginheight=\"0\" scrolling=\"no\" class=\"wp-embedded-content\"><\/iframe><script>\n\/*! This file is auto-generated *\/\n!function(d,l){\"use strict\";l.querySelector&&d.addEventListener&&\"undefined\"!=typeof URL&&(d.wp=d.wp||{},d.wp.receiveEmbedMessage||(d.wp.receiveEmbedMessage=function(e){var t=e.data;if((t||t.secret||t.message||t.value)&&!\/[^a-zA-Z0-9]\/.test(t.secret)){for(var s,r,n,a=l.querySelectorAll('iframe[data-secret=\"'+t.secret+'\"]'),o=l.querySelectorAll('blockquote[data-secret=\"'+t.secret+'\"]'),c=new RegExp(\"^https?:$\",\"i\"),i=0;i<o.length;i++)o[i].style.display=\"none\";for(i=0;i<a.length;i++)s=a[i],e.source===s.contentWindow&&(s.removeAttribute(\"style\"),\"height\"===t.message?(1e3<(r=parseInt(t.value,10))?r=1e3:~~r<200&&(r=200),s.height=r):\"link\"===t.message&&(r=new URL(s.getAttribute(\"src\")),n=new URL(t.value),c.test(n.protocol))&&n.host===r.host&&l.activeElement===s&&(d.top.location.href=t.value))}},d.addEventListener(\"message\",d.wp.receiveEmbedMessage,!1),l.addEventListener(\"DOMContentLoaded\",function(){for(var e,t,s=l.querySelectorAll(\"iframe.wp-embedded-content\"),r=0;r<s.length;r++)(t=(e=s[r]).getAttribute(\"data-secret\"))||(t=Math.random().toString(36).substring(2,12),e.src+=\"#?secret=\"+t,e.setAttribute(\"data-secret\",t)),e.contentWindow.postMessage({message:\"ready\",secret:t},\"*\")},!1)))}(window,document);\n\/\/# sourceURL=https:\/\/quechilero.com\/blog\/wp-includes\/js\/wp-embed.min.js\n<\/script>\n"},"jetpack_publicize_connections":[],"jetpack_shortlink":"https:\/\/wp.me\/pDKli-2of","jetpack_sharing_enabled":true,"jetpack-related-posts":[{"id":2441,"url":"https:\/\/quechilero.com\/blog\/2009\/03\/22\/alejandro-magno\/","url_meta":{"origin":9191,"position":0},"title":"Alejandro Magno","author":"Pepe Barrascout Ortiz","date":"22 marzo 2009","format":false,"excerpt":"El mejor retrato de Alejandro Magno nos lo proporciona Plutarco con la an\u00e9cdota del ind\u00f3mito caballo Buc\u00e9falo cuya compra ofrecen a Filipo de Macedonia, el padre de Alejandro. El caballo no permite que se le acerque jinete alguno; es tan rebelde que Filipo est\u00e1 a punto de renunciar definitivamente, cuando\u2026","rel":"","context":"En \u00abLimones\u00bb","block_context":{"text":"Limones","link":"https:\/\/quechilero.com\/blog\/category\/limones\/"},"img":{"alt_text":"","src":"","width":0,"height":0},"classes":[]},{"id":16721,"url":"https:\/\/quechilero.com\/blog\/2013\/05\/23\/falta-de-voluntad-para-el-cambio\/","url_meta":{"origin":9191,"position":1},"title":"Falta de voluntad para el cambio","author":"Pepe Barrascout Ortiz","date":"23 mayo 2013","format":false,"excerpt":"Quiz\u00e1s el enemigo m\u00e1s implacable de los logros, del crecimiento personal y del \u00e9xito es la inflexibilidad. Algunas personas parecen seguir tan enamoradas con el pasado que no pueden entenderse con el presente. No hace mucho, un amigo me mand\u00f3 \"Las diez mejores estrategias para v\u00e9rselas con un caballo muerto\".\u2026","rel":"","context":"En \u00abLimones\u00bb","block_context":{"text":"Limones","link":"https:\/\/quechilero.com\/blog\/category\/limones\/"},"img":{"alt_text":"","src":"","width":0,"height":0},"classes":[]},{"id":19926,"url":"https:\/\/quechilero.com\/blog\/2015\/03\/18\/el-caballo-y-el-venado\/","url_meta":{"origin":9191,"position":2},"title":"El caballo y el venado","author":"Pepe Barrascout Ortiz","date":"18 marzo 2015","format":false,"excerpt":"En un tiempo el caballo ten\u00eda todo el pasto de la llanura solamente para \u00e9l. Sucedi\u00f3 entonces que un venado se meti\u00f3 en su territorio y comparti\u00f3 su pasto. El caballo, deseando vengarse del forastero, pregunt\u00f3 a un hombre si \u00e9l quisiera ayudarle a castigar al venado. El hombre contest\u00f3\u2026","rel":"","context":"En \u00abLimones\u00bb","block_context":{"text":"Limones","link":"https:\/\/quechilero.com\/blog\/category\/limones\/"},"img":{"alt_text":"","src":"","width":0,"height":0},"classes":[]},{"id":16705,"url":"https:\/\/quechilero.com\/blog\/2013\/05\/15\/%ef%bb%bfagarrate\/","url_meta":{"origin":9191,"position":3},"title":"\ufeff\u00a1Ag\u00e1rrate!","author":"Pepe Barrascout Ortiz","date":"15 mayo 2013","format":false,"excerpt":"Una ni\u00f1a peque\u00f1a estaba muy nerviosa ante la perspectiva de montar a caballo por primera vez, a\u00fan cuando iba a montar detr\u00e1s de su abuelo, que era un excelente jinete. Cuando sus padres la ayudaban a montarse en el caballo, ella grit\u00f3: \u00bfQu\u00e9 hago ahora? \u00a1Yo no s\u00e9 montar a\u2026","rel":"","context":"En \u00abLimones\u00bb","block_context":{"text":"Limones","link":"https:\/\/quechilero.com\/blog\/category\/limones\/"},"img":{"alt_text":"","src":"","width":0,"height":0},"classes":[]},{"id":513,"url":"https:\/\/quechilero.com\/blog\/2007\/04\/07\/el-cerdo-y-el-caballo\/","url_meta":{"origin":9191,"position":4},"title":"El cerdo y el caballo","author":"Pepe Barrascout Ortiz","date":"7 abril 2007","format":false,"excerpt":"Hab\u00eda una vez un criador de caballos al que le faltaba uno de una determinada raza. Un d\u00eda se dio cuenta que su vecino ten\u00eda \u00e9ste caballo y lo convenci\u00f3 para que se lo vendiera. Un mes despu\u00e9s el caballo enferm\u00f3 y llam\u00f3 al veterinario que le dijo: - ?Su\u2026","rel":"","context":"En \u00abLimones\u00bb","block_context":{"text":"Limones","link":"https:\/\/quechilero.com\/blog\/category\/limones\/"},"img":{"alt_text":"","src":"","width":0,"height":0},"classes":[]},{"id":16808,"url":"https:\/\/quechilero.com\/blog\/2013\/07\/06\/el-asno-y-el-caballo\/","url_meta":{"origin":9191,"position":5},"title":"El asno y el caballo","author":"Pepe Barrascout Ortiz","date":"6 julio 2013","format":false,"excerpt":"Un hombre sub\u00eda una empinada cuesta llevando de las riendas un asno y un caballo. El asno llevaba una pesada carga, pero el caballo trotaba libremente viendo el panorama. El asno, de cuando en cuando y agobiado por el peso de la carga, suplicaba: - \u00a1Caballo, amigo m\u00edo, ay\u00fadame! No\u2026","rel":"","context":"En \u00abLimones\u00bb","block_context":{"text":"Limones","link":"https:\/\/quechilero.com\/blog\/category\/limones\/"},"img":{"alt_text":"","src":"","width":0,"height":0},"classes":[]}],"jetpack_featured_media_url":"","_links":{"self":[{"href":"https:\/\/quechilero.com\/blog\/wp-json\/wp\/v2\/posts\/9191","targetHints":{"allow":["GET"]}}],"collection":[{"href":"https:\/\/quechilero.com\/blog\/wp-json\/wp\/v2\/posts"}],"about":[{"href":"https:\/\/quechilero.com\/blog\/wp-json\/wp\/v2\/types\/post"}],"author":[{"embeddable":true,"href":"https:\/\/quechilero.com\/blog\/wp-json\/wp\/v2\/users\/1"}],"replies":[{"embeddable":true,"href":"https:\/\/quechilero.com\/blog\/wp-json\/wp\/v2\/comments?post=9191"}],"version-history":[{"count":0,"href":"https:\/\/quechilero.com\/blog\/wp-json\/wp\/v2\/posts\/9191\/revisions"}],"wp:attachment":[{"href":"https:\/\/quechilero.com\/blog\/wp-json\/wp\/v2\/media?parent=9191"}],"wp:term":[{"taxonomy":"category","embeddable":true,"href":"https:\/\/quechilero.com\/blog\/wp-json\/wp\/v2\/categories?post=9191"},{"taxonomy":"post_tag","embeddable":true,"href":"https:\/\/quechilero.com\/blog\/wp-json\/wp\/v2\/tags?post=9191"},{"taxonomy":"series","embeddable":true,"href":"https:\/\/quechilero.com\/blog\/wp-json\/wp\/v2\/series?post=9191"}],"curies":[{"name":"wp","href":"https:\/\/api.w.org\/{rel}","templated":true}]}}