{"id":91,"date":"2006-07-30T17:27:58","date_gmt":"2006-07-30T23:27:58","guid":{"rendered":"http:\/\/quechilero.com\/blog\/2006\/07\/30\/flickr-200000000\/"},"modified":"2006-07-30T17:27:58","modified_gmt":"2006-07-30T23:27:58","slug":"flickr-200000000","status":"publish","type":"post","link":"https:\/\/quechilero.com\/blog\/2006\/07\/30\/flickr-200000000\/","title":{"rendered":"Flickr &#8211; 200,000,000"},"content":{"rendered":"<p>Flickr llega a la imagen 200,000,000 (Dos cientos millones) el 27 de julio, en la forma en la que est\u00e1 creciendo imagino que para antes de fin de a\u00f1o, alcanzar\u00e1 el bill\u00f3n de im\u00e1genes. Particularmente creo que va a ser antes del 20 de noviembre.<\/p>\n<p>\u00bfQue cantidad de <a title=\"Concepto de Terabyte\" target=\"_blank\" href=\"http:\/\/es.wikipedia.org\/wiki\/Terabyte\">terabytes<\/a> estar\u00e1n ocupados por este n\u00famero de imagenes? y \u00bfCuantas im\u00e1genes son repetidas? son dos datos interesantes que alg\u00fan podamos saber.<\/p>\n<p>Esta es la im\u00e1gen 200,000,000.<\/p>\n<p><a title=\"Imagen 200,000,000 de Flickr\" target=\"_blank\" href=\"http:\/\/www.flickr.com\/photos\/d_mantus\/200000000\/\"><img data-recalc-dims=\"1\" decoding=\"async\" border=\"0\" alt=\"Imagen 200,000,000 de Flickr\" title=\"Imagen 200,000,000 de Flickr\" src=\"https:\/\/i0.wp.com\/static.flickr.com\/78\/200000000_36f9c8ff0c_m.jpg?w=1200\" \/><\/a><\/p>\n","protected":false},"excerpt":{"rendered":"<p>Flickr llega a la imagen 200,000,000 (Dos cientos millones) el 27 de julio, en la forma en la que est\u00e1 creciendo imagino que para antes de fin de a\u00f1o, alcanzar\u00e1 el bill\u00f3n de im\u00e1genes. Particularmente creo que va a ser antes del 20 de noviembre. \u00bfQue cantidad de terabytes estar\u00e1n ocupados por este n\u00famero de &#8230; <a title=\"Flickr &#8211; 200,000,000\" class=\"read-more\" href=\"https:\/\/quechilero.com\/blog\/2006\/07\/30\/flickr-200000000\/\" aria-label=\"Leer m\u00e1s sobre Flickr &#8211; 200,000,000\">Leer m\u00e1s<\/a><\/p>\n","protected":false},"author":1,"featured_media":0,"comment_status":"open","ping_status":"open","sticky":false,"template":"","format":"standard","meta":{"advanced_seo_description":"","jetpack_seo_html_title":"","jetpack_seo_noindex":false,"jetpack_seo_schema_type":"","episode_type":"","audio_file":"","podmotor_file_id":"","podmotor_episode_id":"","cover_image":"","cover_image_id":"","duration":"","filesize":"","filesize_raw":"","date_recorded":"","explicit":"","block":"","_jetpack_newsletter_access":"","_jetpack_dont_email_post_to_subs":false,"_jetpack_newsletter_tier_id":0,"_jetpack_memberships_contains_paywalled_content":false,"_jetpack_feature_clip_id":0,"_jetpack_memberships_contains_paid_content":false,"footnotes":"","jetpack_publicize_message":"","jetpack_publicize_feature_enabled":true,"jetpack_social_post_already_shared":false,"jetpack_social_options":{"image_generator_settings":{"template":"highway","default_image_id":0,"font":"","enabled":false},"version":2},"jetpack_post_was_ever_published":false},"categories":[2],"tags":[],"series":[],"class_list":["post-91","post","type-post","status-publish","format-standard","hentry","category-limones"],"episode_featured_image":false,"episode_player_image":"https:\/\/i0.wp.com\/quechilero.com\/blog\/imagenes\/podcast.png?fit=1831%2C1831&ssl=1","download_link":"","player_link":"","audio_player":false,"episode_data":{"playerMode":"dark","subscribeUrls":{"amazon":{"key":"amazon","url":"","label":"Amazon","class":"amazon","icon":"amazon.png"},"apple_podcasts":{"key":"apple_podcasts","url":"","label":"Apple Podcasts","class":"apple_podcasts","icon":"apple-podcasts.png"},"castbox":{"key":"castbox","url":"","label":"CastBox","class":"castbox","icon":"castbox.png"},"deezer":{"key":"deezer","url":"","label":"Deezer","class":"deezer","icon":"deezer.png"},"google_podcasts":{"key":"google_podcasts","url":"","label":"Google Podcasts","class":"google_podcasts","icon":"google-podcasts.png"},"listen_notes":{"key":"listen_notes","url":"","label":"Listen Notes","class":"listen_notes","icon":"listen-notes.png"},"pandora":{"key":"pandora","url":"","label":"Pandora","class":"pandora","icon":"pandora.png"},"podbean":{"key":"podbean","url":"","label":"Podbean","class":"podbean","icon":"podbean.png"},"podcast_republic":{"key":"podcast_republic","url":"","label":"Podcast Republic","class":"podcast_republic","icon":"podcast-republic.png"},"rss":{"key":"rss","url":"","label":"RSS","class":"rss","icon":"rss.png"},"spotify":{"key":"spotify","url":"","label":"Spotify","class":"spotify","icon":"spotify.png"},"stitcher":{"key":"stitcher","url":"","label":"Stitcher","class":"stitcher","icon":"stitcher.png"},"tunein":{"key":"tunein","url":"","label":"TuneIn","class":"tunein","icon":"tunein.png"},"youtube":{"key":"youtube","url":"","label":"YouTube","class":"youtube","icon":"youtube.png"},"iheartradio":{"key":"iheartradio","url":"","label":"iHeartRadio","class":"iheartradio","icon":"iheartradio.png"},"ivoox":{"key":"ivoox","url":"","label":"iVoox","class":"ivoox","icon":"ivoox.png"}},"rssFeedUrl":"https:\/\/quechilero.com\/blog\/feed\/podcast\/si-la-vida-nos-da-limones","embedCode":"<blockquote class=\"wp-embedded-content\" data-secret=\"ZJAmnqUs9Y\"><a href=\"https:\/\/quechilero.com\/blog\/2006\/07\/30\/flickr-200000000\/\">Flickr &#8211; 200,000,000<\/a><\/blockquote><iframe sandbox=\"allow-scripts\" security=\"restricted\" src=\"https:\/\/quechilero.com\/blog\/2006\/07\/30\/flickr-200000000\/embed\/#?secret=ZJAmnqUs9Y\" width=\"500\" height=\"350\" title=\"\u00abFlickr &#8211; 200,000,000\u00bb \u2014 Si la Vida nos da Limones...\" data-secret=\"ZJAmnqUs9Y\" frameborder=\"0\" marginwidth=\"0\" marginheight=\"0\" scrolling=\"no\" class=\"wp-embedded-content\"><\/iframe><script>\n\/*! This file is auto-generated *\/\n!function(d,l){\"use strict\";l.querySelector&&d.addEventListener&&\"undefined\"!=typeof URL&&(d.wp=d.wp||{},d.wp.receiveEmbedMessage||(d.wp.receiveEmbedMessage=function(e){var t=e.data;if((t||t.secret||t.message||t.value)&&!\/[^a-zA-Z0-9]\/.test(t.secret)){for(var s,r,n,a=l.querySelectorAll('iframe[data-secret=\"'+t.secret+'\"]'),o=l.querySelectorAll('blockquote[data-secret=\"'+t.secret+'\"]'),c=new RegExp(\"^https?:$\",\"i\"),i=0;i<o.length;i++)o[i].style.display=\"none\";for(i=0;i<a.length;i++)s=a[i],e.source===s.contentWindow&&(s.removeAttribute(\"style\"),\"height\"===t.message?(1e3<(r=parseInt(t.value,10))?r=1e3:~~r<200&&(r=200),s.height=r):\"link\"===t.message&&(r=new URL(s.getAttribute(\"src\")),n=new URL(t.value),c.test(n.protocol))&&n.host===r.host&&l.activeElement===s&&(d.top.location.href=t.value))}},d.addEventListener(\"message\",d.wp.receiveEmbedMessage,!1),l.addEventListener(\"DOMContentLoaded\",function(){for(var e,t,s=l.querySelectorAll(\"iframe.wp-embedded-content\"),r=0;r<s.length;r++)(t=(e=s[r]).getAttribute(\"data-secret\"))||(t=Math.random().toString(36).substring(2,12),e.src+=\"#?secret=\"+t,e.setAttribute(\"data-secret\",t)),e.contentWindow.postMessage({message:\"ready\",secret:t},\"*\")},!1)))}(window,document);\n\/\/# sourceURL=https:\/\/quechilero.com\/blog\/wp-includes\/js\/wp-embed.min.js\n<\/script>\n"},"jetpack_publicize_connections":[],"jetpack_shortlink":"https:\/\/wp.me\/pDKli-1t","jetpack_sharing_enabled":true,"jetpack-related-posts":[{"id":100,"url":"https:\/\/quechilero.com\/blog\/2006\/08\/01\/firefox-200000000\/","url_meta":{"origin":91,"position":0},"title":"FireFox &#8211; 200,000,000","author":"Pepe Barrascout Ortiz","date":"1 agosto 2006","format":false,"excerpt":"Parece que ese es el n\u00famero de moda en estos d\u00edas, anteayer coment\u00e1bamos que Flickr el sevicio de hospedaje de im\u00e1genes hab\u00eda llegado a la im\u00e1gen 200,000,000, ahora desde Spread Firefox informan que ayer se alcanz\u00f3 este n\u00famero en las descargas del cada vez m\u00e1s popular navegador. Sin embargo como\u2026","rel":"","context":"En \u00abLimones\u00bb","block_context":{"text":"Limones","link":"https:\/\/quechilero.com\/blog\/category\/limones\/"},"img":{"alt_text":"Firefox 200 millones","src":"https:\/\/i0.wp.com\/static.flickr.com\/76\/203896780_981d5072ed.jpg?resize=350%2C200","width":350,"height":200},"classes":[]},{"id":1670,"url":"https:\/\/quechilero.com\/blog\/2008\/09\/15\/libre-al-viento-tu-hermosa-bandera\/","url_meta":{"origin":91,"position":1},"title":"Libre al viento, tu hermosa bandera","author":"Pepe Barrascout Ortiz","date":"15 septiembre 2008","format":false,"excerpt":"Para reflexionar un poco en este d\u00eda, sobre nuestro trabajo en la sociedad, para con nuestros semejantes y para con el mundo. Si trabajamos todos juntos, se puede lograr mas que si cada quien lo hace separado, si ayudamos a los dem\u00e1s, ganamos mas, que si no lo hacemos, construyamos\u2026","rel":"","context":"En \u00abLimones\u00bb","block_context":{"text":"Limones","link":"https:\/\/quechilero.com\/blog\/category\/limones\/"},"img":{"alt_text":"","src":"https:\/\/i0.wp.com\/img357.imageshack.us\/img357\/3079\/bandera11vg8.png?resize=350%2C200","width":350,"height":200},"classes":[]},{"id":9601,"url":"https:\/\/quechilero.com\/blog\/2011\/07\/05\/como-transferir-las-fotos-de-facebook-a-google\/","url_meta":{"origin":91,"position":2},"title":"Como transferir las fotos de Facebook a Google+","author":"Pepe Barrascout Ortiz","date":"5 julio 2011","format":false,"excerpt":"A pesar de algunos peque\u00f1os fallos menores, que no han sido percibidos por la mayor\u00eda de los usuarios y que en la mayor\u00eda de las veces han sido resueltos de forma r\u00e1pida, no hay duda de que Google+ est\u00e1 bien plantado para dar pelea a las actuales redes sociales vigentes\u2026","rel":"","context":"En \u00abLimones\u00bb","block_context":{"text":"Limones","link":"https:\/\/quechilero.com\/blog\/category\/limones\/"},"img":{"alt_text":"","src":"https:\/\/i0.wp.com\/i392.photobucket.com\/albums\/pp7\/pepejaguar\/blog\/googleplus.jpg?resize=350%2C200","width":350,"height":200},"classes":[]},{"id":3800,"url":"https:\/\/quechilero.com\/blog\/2009\/11\/02\/40-anos-de-educacion-en-dos-imagenes\/","url_meta":{"origin":91,"position":3},"title":"40 a\u00f1os de educaci\u00f3n en dos im\u00e1genes","author":"Pepe Barrascout Ortiz","date":"2 noviembre 2009","format":false,"excerpt":"Nuestro sistema educativo actual, adolece de muchas deficiencias y en una gran cantidad de casos, el dinero literalmente ha comprado a la educaci\u00f3n, dejando por un lado los valores morales y los principios educativos. Esta imagen resume de muy buena forma, como ha evolucionado la educaci\u00f3n en los \u00faltimos 40\u2026","rel":"","context":"En \u00abLimones\u00bb","block_context":{"text":"Limones","link":"https:\/\/quechilero.com\/blog\/category\/limones\/"},"img":{"alt_text":"","src":"https:\/\/i0.wp.com\/i392.photobucket.com\/albums\/pp7\/pepejaguar\/blog\/40-aos-de-educacion-350x237.jpg?resize=350%2C200","width":350,"height":200},"classes":[]},{"id":188,"url":"https:\/\/quechilero.com\/blog\/2006\/09\/07\/chapinadas-todavia-hay-lugares\/","url_meta":{"origin":91,"position":4},"title":"Chapinadas &#8211; Las filas son de 3","author":"Pepe Barrascout Ortiz","date":"7 septiembre 2006","format":false,"excerpt":"Se\u00f1o, ah\u00ed donde van dos son tres, c\u00f3rrase todav\u00eda hay lugares, ah\u00ed en la fila de enmedio, se\u00f1or porfa c\u00f3rrase para que pase la do\u00f1a, colaboremos, chavo los lugares son de tres. Y de pensar que hay gente de Europa que viene a Guatemala solo a subirse a estos buses,\u2026","rel":"","context":"En \u00abLimones\u00bb","block_context":{"text":"Limones","link":"https:\/\/quechilero.com\/blog\/category\/limones\/"},"img":{"alt_text":"Camioneta Adentro","src":"https:\/\/i0.wp.com\/static.flickr.com\/85\/219269399_b80eaf878d_o.jpg?resize=350%2C200","width":350,"height":200},"classes":[]},{"id":1254,"url":"https:\/\/quechilero.com\/blog\/2008\/08\/25\/ivan-castro\/","url_meta":{"origin":91,"position":5},"title":"Marat\u00f3n &#8211; Ivan Castro","author":"Pepe Barrascout Ortiz","date":"25 agosto 2008","format":false,"excerpt":"Hablar de Ivan Castro es hablar de palabras mayores en el mundo de la fotograf\u00eda y edici\u00f3n digital. Un profesional de grandes dimensiones y ampliamente reconocido nacional e internacionalmente es prueba de la excelente calidad de su trabajo como fot\u00f3grafo. En su blog Ivan Castro Fotograf\u00eda podemos ver muestras de\u2026","rel":"","context":"En \u00abBlogs de Guatemala\u00bb","block_context":{"text":"Blogs de Guatemala","link":"https:\/\/quechilero.com\/blog\/category\/blogs-de-guatemala\/"},"img":{"alt_text":"","src":"https:\/\/i0.wp.com\/img253.imageshack.us\/img253\/3518\/maratonvr9.jpg?resize=350%2C200","width":350,"height":200},"classes":[]}],"jetpack_featured_media_url":"","_links":{"self":[{"href":"https:\/\/quechilero.com\/blog\/wp-json\/wp\/v2\/posts\/91","targetHints":{"allow":["GET"]}}],"collection":[{"href":"https:\/\/quechilero.com\/blog\/wp-json\/wp\/v2\/posts"}],"about":[{"href":"https:\/\/quechilero.com\/blog\/wp-json\/wp\/v2\/types\/post"}],"author":[{"embeddable":true,"href":"https:\/\/quechilero.com\/blog\/wp-json\/wp\/v2\/users\/1"}],"replies":[{"embeddable":true,"href":"https:\/\/quechilero.com\/blog\/wp-json\/wp\/v2\/comments?post=91"}],"version-history":[{"count":0,"href":"https:\/\/quechilero.com\/blog\/wp-json\/wp\/v2\/posts\/91\/revisions"}],"wp:attachment":[{"href":"https:\/\/quechilero.com\/blog\/wp-json\/wp\/v2\/media?parent=91"}],"wp:term":[{"taxonomy":"category","embeddable":true,"href":"https:\/\/quechilero.com\/blog\/wp-json\/wp\/v2\/categories?post=91"},{"taxonomy":"post_tag","embeddable":true,"href":"https:\/\/quechilero.com\/blog\/wp-json\/wp\/v2\/tags?post=91"},{"taxonomy":"series","embeddable":true,"href":"https:\/\/quechilero.com\/blog\/wp-json\/wp\/v2\/series?post=91"}],"curies":[{"name":"wp","href":"https:\/\/api.w.org\/{rel}","templated":true}]}}