{"id":909,"date":"2008-03-23T09:38:26","date_gmt":"2008-03-23T15:38:26","guid":{"rendered":"http:\/\/www.quechilero.com\/blog\/2008\/03\/23\/cuaresma-evangelio-23-mar-08\/"},"modified":"2008-03-23T09:38:26","modified_gmt":"2008-03-23T15:38:26","slug":"cuaresma-evangelio-23-mar-08","status":"publish","type":"post","link":"https:\/\/quechilero.com\/blog\/2008\/03\/23\/cuaresma-evangelio-23-mar-08\/","title":{"rendered":"Cuaresma &#8211; Evangelio 23 mar 08"},"content":{"rendered":"<p><strong>Evangelio seg\u00fan San Juan 20,1-9.<\/strong><\/p>\n<p>El primer d\u00eda de la semana, de madrugada, cuando todav\u00eda estaba oscuro, Mar\u00eda Magdalena fue al sepulcro y vio que la piedra hab\u00eda sido sacada.<\/p>\n<p>Corri\u00f3 al encuentro de Sim\u00f3n Pedro y del otro disc\u00edpulo al que Jes\u00fas amaba, y les dijo: \u00abSe han llevado del sepulcro al Se\u00f1or y no sabemos d\u00f3nde lo han puesto\u00bb.<\/p>\n<p>Pedro y el otro disc\u00edpulo salieron y fueron al sepulcro.<\/p>\n<p>Corr\u00edan los dos juntos, pero el otro disc\u00edpulo corri\u00f3 m\u00e1s r\u00e1pidamente que Pedro y lleg\u00f3 antes. Asom\u00e1ndose al sepulcro, vio las vendas en el suelo, aunque no entr\u00f3.<\/p>\n<p>Despu\u00e9s lleg\u00f3 Sim\u00f3n Pedro, que lo segu\u00eda, y entr\u00f3 en el sepulcro: vio las vendas en el suelo, y tambi\u00e9n el sudario que hab\u00eda cubierto su cabeza; este no estaba con las vendas, sino enrollado en un lugar aparte.<\/p>\n<p>Luego entr\u00f3 el otro disc\u00edpulo, que hab\u00eda llegado antes al sepulcro: \u00c9l tambi\u00e9n vio y crey\u00f3. Todav\u00eda no hab\u00edan comprendido que, seg\u00fan la Escritura, \u00c9l deb\u00eda resucitar de entre los muertos.<\/p>\n","protected":false},"excerpt":{"rendered":"<p>Evangelio seg\u00fan San Juan 20,1-9. El primer d\u00eda de la semana, de madrugada, cuando todav\u00eda estaba oscuro, Mar\u00eda Magdalena fue al sepulcro y vio que la piedra hab\u00eda sido sacada. Corri\u00f3 al encuentro de Sim\u00f3n Pedro y del otro disc\u00edpulo al que Jes\u00fas amaba, y les dijo: \u00abSe han llevado del sepulcro al Se\u00f1or y &#8230; <a title=\"Cuaresma &#8211; Evangelio 23 mar 08\" class=\"read-more\" href=\"https:\/\/quechilero.com\/blog\/2008\/03\/23\/cuaresma-evangelio-23-mar-08\/\" aria-label=\"Leer m\u00e1s sobre Cuaresma &#8211; Evangelio 23 mar 08\">Leer m\u00e1s<\/a><\/p>\n","protected":false},"author":1,"featured_media":0,"comment_status":"open","ping_status":"open","sticky":false,"template":"","format":"standard","meta":{"advanced_seo_description":"","jetpack_seo_html_title":"","jetpack_seo_noindex":false,"jetpack_seo_schema_type":"","episode_type":"","audio_file":"","podmotor_file_id":"","podmotor_episode_id":"","cover_image":"","cover_image_id":"","duration":"","filesize":"","filesize_raw":"","date_recorded":"","explicit":"","block":"","_jetpack_newsletter_access":"","_jetpack_dont_email_post_to_subs":false,"_jetpack_newsletter_tier_id":0,"_jetpack_memberships_contains_paywalled_content":false,"_jetpack_feature_clip_id":0,"_jetpack_memberships_contains_paid_content":false,"footnotes":"","jetpack_publicize_message":"","jetpack_publicize_feature_enabled":true,"jetpack_social_post_already_shared":false,"jetpack_social_options":{"image_generator_settings":{"template":"highway","default_image_id":0,"font":"","enabled":false},"version":2},"jetpack_post_was_ever_published":false},"categories":[2],"tags":[100,90,74],"series":[],"class_list":["post-909","post","type-post","status-publish","format-standard","hentry","category-limones","tag-cuaresma","tag-evangelio","tag-jesus"],"episode_featured_image":false,"episode_player_image":"https:\/\/i0.wp.com\/quechilero.com\/blog\/imagenes\/podcast.png?fit=1831%2C1831&ssl=1","download_link":"","player_link":"","audio_player":false,"episode_data":{"playerMode":"dark","subscribeUrls":{"amazon":{"key":"amazon","url":"","label":"Amazon","class":"amazon","icon":"amazon.png"},"apple_podcasts":{"key":"apple_podcasts","url":"","label":"Apple Podcasts","class":"apple_podcasts","icon":"apple-podcasts.png"},"castbox":{"key":"castbox","url":"","label":"CastBox","class":"castbox","icon":"castbox.png"},"deezer":{"key":"deezer","url":"","label":"Deezer","class":"deezer","icon":"deezer.png"},"google_podcasts":{"key":"google_podcasts","url":"","label":"Google Podcasts","class":"google_podcasts","icon":"google-podcasts.png"},"listen_notes":{"key":"listen_notes","url":"","label":"Listen Notes","class":"listen_notes","icon":"listen-notes.png"},"pandora":{"key":"pandora","url":"","label":"Pandora","class":"pandora","icon":"pandora.png"},"podbean":{"key":"podbean","url":"","label":"Podbean","class":"podbean","icon":"podbean.png"},"podcast_republic":{"key":"podcast_republic","url":"","label":"Podcast Republic","class":"podcast_republic","icon":"podcast-republic.png"},"rss":{"key":"rss","url":"","label":"RSS","class":"rss","icon":"rss.png"},"spotify":{"key":"spotify","url":"","label":"Spotify","class":"spotify","icon":"spotify.png"},"stitcher":{"key":"stitcher","url":"","label":"Stitcher","class":"stitcher","icon":"stitcher.png"},"tunein":{"key":"tunein","url":"","label":"TuneIn","class":"tunein","icon":"tunein.png"},"youtube":{"key":"youtube","url":"","label":"YouTube","class":"youtube","icon":"youtube.png"},"iheartradio":{"key":"iheartradio","url":"","label":"iHeartRadio","class":"iheartradio","icon":"iheartradio.png"},"ivoox":{"key":"ivoox","url":"","label":"iVoox","class":"ivoox","icon":"ivoox.png"}},"rssFeedUrl":"https:\/\/quechilero.com\/blog\/feed\/podcast\/si-la-vida-nos-da-limones","embedCode":"<blockquote class=\"wp-embedded-content\" data-secret=\"zaDJzRKade\"><a href=\"https:\/\/quechilero.com\/blog\/2008\/03\/23\/cuaresma-evangelio-23-mar-08\/\">Cuaresma &#8211; Evangelio 23 mar 08<\/a><\/blockquote><iframe sandbox=\"allow-scripts\" security=\"restricted\" src=\"https:\/\/quechilero.com\/blog\/2008\/03\/23\/cuaresma-evangelio-23-mar-08\/embed\/#?secret=zaDJzRKade\" width=\"500\" height=\"350\" title=\"\u00abCuaresma &#8211; Evangelio 23 mar 08\u00bb \u2014 Si la Vida nos da Limones...\" data-secret=\"zaDJzRKade\" frameborder=\"0\" marginwidth=\"0\" marginheight=\"0\" scrolling=\"no\" class=\"wp-embedded-content\"><\/iframe><script>\n\/*! This file is auto-generated *\/\n!function(d,l){\"use strict\";l.querySelector&&d.addEventListener&&\"undefined\"!=typeof URL&&(d.wp=d.wp||{},d.wp.receiveEmbedMessage||(d.wp.receiveEmbedMessage=function(e){var t=e.data;if((t||t.secret||t.message||t.value)&&!\/[^a-zA-Z0-9]\/.test(t.secret)){for(var s,r,n,a=l.querySelectorAll('iframe[data-secret=\"'+t.secret+'\"]'),o=l.querySelectorAll('blockquote[data-secret=\"'+t.secret+'\"]'),c=new RegExp(\"^https?:$\",\"i\"),i=0;i<o.length;i++)o[i].style.display=\"none\";for(i=0;i<a.length;i++)s=a[i],e.source===s.contentWindow&&(s.removeAttribute(\"style\"),\"height\"===t.message?(1e3<(r=parseInt(t.value,10))?r=1e3:~~r<200&&(r=200),s.height=r):\"link\"===t.message&&(r=new URL(s.getAttribute(\"src\")),n=new URL(t.value),c.test(n.protocol))&&n.host===r.host&&l.activeElement===s&&(d.top.location.href=t.value))}},d.addEventListener(\"message\",d.wp.receiveEmbedMessage,!1),l.addEventListener(\"DOMContentLoaded\",function(){for(var e,t,s=l.querySelectorAll(\"iframe.wp-embedded-content\"),r=0;r<s.length;r++)(t=(e=s[r]).getAttribute(\"data-secret\"))||(t=Math.random().toString(36).substring(2,12),e.src+=\"#?secret=\"+t,e.setAttribute(\"data-secret\",t)),e.contentWindow.postMessage({message:\"ready\",secret:t},\"*\")},!1)))}(window,document);\n\/\/# sourceURL=https:\/\/quechilero.com\/blog\/wp-includes\/js\/wp-embed.min.js\n<\/script>\n"},"jetpack_publicize_connections":[],"jetpack_shortlink":"https:\/\/wp.me\/pDKli-eF","jetpack_sharing_enabled":true,"jetpack-related-posts":[{"id":908,"url":"https:\/\/quechilero.com\/blog\/2008\/03\/22\/cuaresma-evangelio-22-mar-08\/","url_meta":{"origin":909,"position":0},"title":"Cuaresma &#8211; Evangelio 22 mar 08","author":"Pepe Barrascout Ortiz","date":"22 marzo 2008","format":false,"excerpt":"Evangelio seg\u00fan San Mateo 28,1-10. Pasado el s\u00e1bado, al amanecer del primer d\u00eda de la semana, Mar\u00eda Magdalena y la otra Mar\u00eda fueron a visitar el sepulcro. De pronto, se produjo un gran temblor de tierra: el Angel del Se\u00f1or baj\u00f3 del cielo, hizo rodar la piedra del sepulcro y\u2026","rel":"","context":"En \u00abLimones\u00bb","block_context":{"text":"Limones","link":"https:\/\/quechilero.com\/blog\/category\/limones\/"},"img":{"alt_text":"","src":"","width":0,"height":0},"classes":[]},{"id":902,"url":"https:\/\/quechilero.com\/blog\/2008\/03\/16\/cuaresma-evangelio-16-mar-08\/","url_meta":{"origin":909,"position":1},"title":"Cuaresma &#8211; Evangelio 16 mar 08","author":"Pepe Barrascout Ortiz","date":"16 marzo 2008","format":false,"excerpt":"Evangelio seg\u00fan San Mateo 26,14-75.27,1-66. Entonces uno de los Doce, llamado Judas Iscariote, fue a ver a los sumos sacerdotes y les dijo: \"\u00bfCu\u00e1nto me dar\u00e1n si se lo entrego?\". Y resolvieron darle treinta monedas de plata. Desde ese momento, Judas buscaba una ocasi\u00f3n favorable para entregarlo. El primer d\u00eda\u2026","rel":"","context":"En \u00abLimones\u00bb","block_context":{"text":"Limones","link":"https:\/\/quechilero.com\/blog\/category\/limones\/"},"img":{"alt_text":"","src":"","width":0,"height":0},"classes":[]},{"id":8154,"url":"https:\/\/quechilero.com\/blog\/2011\/04\/24\/reflexiones-de-semana-santa-domingo-de-resurreccion\/","url_meta":{"origin":909,"position":2},"title":"Reflexiones de Semana Santa Domingo de Resurrecci\u00f3n","author":"Pepe Barrascout Ortiz","date":"24 abril 2011","format":false,"excerpt":"Tenemos la suerte de saber, por el evangelio, lo que hizo Jesucristo cada uno de los d\u00edas de esta semana. Aqu\u00ed lo tienes. Es la semana m\u00e1s importante de todo el a\u00f1o. Con cada cosa que hizo y dijo, nos quiso ense\u00f1ar. Habla con \u00c9l de eso. El jueves, viernes\u2026","rel":"","context":"En \u00abLimones por mano\u00bb","block_context":{"text":"Limones por mano","link":"https:\/\/quechilero.com\/blog\/category\/limones-por-mano\/"},"img":{"alt_text":"","src":"","width":0,"height":0},"classes":[]},{"id":907,"url":"https:\/\/quechilero.com\/blog\/2008\/03\/21\/cuaresma-evangelio-21-mar-08\/","url_meta":{"origin":909,"position":3},"title":"Cuaresma &#8211; Evangelio 21 mar 08","author":"Pepe Barrascout Ortiz","date":"21 marzo 2008","format":false,"excerpt":"Evangelio seg\u00fan San Juan 18,1-40.19,1-42. Despu\u00e9s de haber dicho esto, Jes\u00fas fue con sus disc\u00edpulos al otro lado del torrente Cedr\u00f3n. Hab\u00eda en ese lugar una huerta y all\u00e1 entr\u00f3 con ellos. Judas, el traidor, tambi\u00e9n conoc\u00eda el lugar porque Jes\u00fas y sus disc\u00edpulos se reun\u00edan all\u00ed con frecuencia. Entonces\u2026","rel":"","context":"En \u00abLimones\u00bb","block_context":{"text":"Limones","link":"https:\/\/quechilero.com\/blog\/category\/limones\/"},"img":{"alt_text":"","src":"","width":0,"height":0},"classes":[]},{"id":893,"url":"https:\/\/quechilero.com\/blog\/2008\/03\/09\/cuaresma-evangelio-09-mar-08\/","url_meta":{"origin":909,"position":4},"title":"Cuaresma &#8211; Evangelio 09 mar 08","author":"Pepe Barrascout Ortiz","date":"9 marzo 2008","format":false,"excerpt":"Evangelio seg\u00fan San Juan 11,1-45. Hab\u00eda un hombre enfermo, L\u00e1zaro de Betania, del pueblo de Mar\u00eda y de su hermana Marta.\u00a0Mar\u00eda era la misma que derram\u00f3 perfume sobre el Se\u00f1or y le sec\u00f3 los pies con sus cabellos. Su hermano L\u00e1zaro era el que estaba enfermo. Las hermanas enviaron a\u2026","rel":"","context":"En \u00abLimones\u00bb","block_context":{"text":"Limones","link":"https:\/\/quechilero.com\/blog\/category\/limones\/"},"img":{"alt_text":"","src":"","width":0,"height":0},"classes":[]},{"id":904,"url":"https:\/\/quechilero.com\/blog\/2008\/03\/18\/cuaresma-evangelio-18-mar-08\/","url_meta":{"origin":909,"position":5},"title":"Cuaresma &#8211; Evangelio 18 mar 08","author":"Pepe Barrascout Ortiz","date":"18 marzo 2008","format":false,"excerpt":"Evangelio seg\u00fan San Juan 13,21-33.36-38. Despu\u00e9s de decir esto, Jes\u00fas se estremeci\u00f3 y manifest\u00f3 claramente: \"Les aseguro que uno de ustedes me entregar\u00e1\". Los disc\u00edpulos se miraban unos a otros, no sabiendo a qui\u00e9n se refer\u00eda. Uno de ellos -el disc\u00edpulo al que Jes\u00fas amaba- estaba reclinado muy cerca de\u2026","rel":"","context":"En \u00abLimones\u00bb","block_context":{"text":"Limones","link":"https:\/\/quechilero.com\/blog\/category\/limones\/"},"img":{"alt_text":"","src":"","width":0,"height":0},"classes":[]}],"jetpack_featured_media_url":"","_links":{"self":[{"href":"https:\/\/quechilero.com\/blog\/wp-json\/wp\/v2\/posts\/909","targetHints":{"allow":["GET"]}}],"collection":[{"href":"https:\/\/quechilero.com\/blog\/wp-json\/wp\/v2\/posts"}],"about":[{"href":"https:\/\/quechilero.com\/blog\/wp-json\/wp\/v2\/types\/post"}],"author":[{"embeddable":true,"href":"https:\/\/quechilero.com\/blog\/wp-json\/wp\/v2\/users\/1"}],"replies":[{"embeddable":true,"href":"https:\/\/quechilero.com\/blog\/wp-json\/wp\/v2\/comments?post=909"}],"version-history":[{"count":0,"href":"https:\/\/quechilero.com\/blog\/wp-json\/wp\/v2\/posts\/909\/revisions"}],"wp:attachment":[{"href":"https:\/\/quechilero.com\/blog\/wp-json\/wp\/v2\/media?parent=909"}],"wp:term":[{"taxonomy":"category","embeddable":true,"href":"https:\/\/quechilero.com\/blog\/wp-json\/wp\/v2\/categories?post=909"},{"taxonomy":"post_tag","embeddable":true,"href":"https:\/\/quechilero.com\/blog\/wp-json\/wp\/v2\/tags?post=909"},{"taxonomy":"series","embeddable":true,"href":"https:\/\/quechilero.com\/blog\/wp-json\/wp\/v2\/series?post=909"}],"curies":[{"name":"wp","href":"https:\/\/api.w.org\/{rel}","templated":true}]}}