{"id":901,"date":"2008-03-15T09:34:20","date_gmt":"2008-03-15T15:34:20","guid":{"rendered":"http:\/\/www.quechilero.com\/blog\/2008\/03\/15\/cuaresma-evangelio-15-mar-08\/"},"modified":"2008-03-15T09:34:20","modified_gmt":"2008-03-15T15:34:20","slug":"cuaresma-evangelio-15-mar-08","status":"publish","type":"post","link":"https:\/\/quechilero.com\/blog\/2008\/03\/15\/cuaresma-evangelio-15-mar-08\/","title":{"rendered":"Cuaresma &#8211; Evangelio 15 mar 08"},"content":{"rendered":"<p><strong><span style=\"font-size: 12px;\">Evangelio seg\u00fan San Mateo <\/span> <span>1,16.18-21.24. <\/span><\/strong><\/p>\n<p><span style=\"font-size: 12px;\">Jacob fue padre de Jos\u00e9, el esposo de Mar\u00eda, de la cual naci\u00f3 Jes\u00fas, que es llamado Cristo.<br \/>\n<\/span><\/p>\n<p><span style=\"font-size: 12px;\">Este fue el origen de Jesucristo: Mar\u00eda, su madre, estaba comprometida con Jos\u00e9 y, cuando todav\u00eda no hab\u00edan vivido juntos, concibi\u00f3 un hijo por obra del Esp\u00edritu Santo.<br \/>\n<\/span><\/p>\n<p><span style=\"font-size: 12px;\">Jos\u00e9, su esposo, que era un hombre justo y no quer\u00eda denunciarla p\u00fablicamente, resolvi\u00f3 abandonarla en secreto.<br \/>\n<\/span><\/p>\n<p><span style=\"font-size: 12px;\">Mientras pensaba en esto, el Angel del Se\u00f1or se le apareci\u00f3 en sue\u00f1os y le dijo: \u00abJos\u00e9, hijo de David, no temas recibir a Mar\u00eda, tu esposa, porque lo que ha sido engendrado en ella proviene del Esp\u00edritu Santo.<br \/>\n<\/span><\/p>\n<p><span style=\"font-size: 12px;\">Ella dar\u00e1 a luz un hijo, a quien pondr\u00e1s el nombre de Jes\u00fas, porque \u00c9l salvar\u00e1 a su Pueblo de todos sus pecados\u00bb.<br \/>\n<\/span><\/p>\n<p><span style=\"font-size: 12px;\">Al despertar, Jos\u00e9 hizo lo que el Angel del Se\u00f1or le hab\u00eda ordenado: llev\u00f3 a Mar\u00eda a su casa.<\/span><\/p>\n","protected":false},"excerpt":{"rendered":"<p>Evangelio seg\u00fan San Mateo 1,16.18-21.24. Jacob fue padre de Jos\u00e9, el esposo de Mar\u00eda, de la cual naci\u00f3 Jes\u00fas, que es llamado Cristo. Este fue el origen de Jesucristo: Mar\u00eda, su madre, estaba comprometida con Jos\u00e9 y, cuando todav\u00eda no hab\u00edan vivido juntos, concibi\u00f3 un hijo por obra del Esp\u00edritu Santo. Jos\u00e9, su esposo, que &#8230; <a title=\"Cuaresma &#8211; Evangelio 15 mar 08\" class=\"read-more\" href=\"https:\/\/quechilero.com\/blog\/2008\/03\/15\/cuaresma-evangelio-15-mar-08\/\" aria-label=\"Leer m\u00e1s sobre Cuaresma &#8211; Evangelio 15 mar 08\">Leer m\u00e1s<\/a><\/p>\n","protected":false},"author":1,"featured_media":0,"comment_status":"open","ping_status":"open","sticky":false,"template":"","format":"standard","meta":{"advanced_seo_description":"","jetpack_seo_html_title":"","jetpack_seo_noindex":false,"jetpack_seo_schema_type":"","episode_type":"","audio_file":"","podmotor_file_id":"","podmotor_episode_id":"","cover_image":"","cover_image_id":"","duration":"","filesize":"","filesize_raw":"","date_recorded":"","explicit":"","block":"","_jetpack_newsletter_access":"","_jetpack_dont_email_post_to_subs":false,"_jetpack_newsletter_tier_id":0,"_jetpack_memberships_contains_paywalled_content":false,"_jetpack_feature_clip_id":0,"_jetpack_memberships_contains_paid_content":false,"footnotes":"","jetpack_publicize_message":"","jetpack_publicize_feature_enabled":true,"jetpack_social_post_already_shared":false,"jetpack_social_options":{"image_generator_settings":{"template":"highway","default_image_id":0,"font":"","enabled":false},"version":2},"jetpack_post_was_ever_published":false},"categories":[2],"tags":[100,90,18,74,39,56],"series":[],"class_list":["post-901","post","type-post","status-publish","format-standard","hentry","category-limones","tag-cuaresma","tag-evangelio","tag-hombre","tag-jesus","tag-madre","tag-sueno"],"episode_featured_image":false,"episode_player_image":"https:\/\/i0.wp.com\/quechilero.com\/blog\/imagenes\/podcast.png?fit=1831%2C1831&ssl=1","download_link":"","player_link":"","audio_player":false,"episode_data":{"playerMode":"dark","subscribeUrls":{"amazon":{"key":"amazon","url":"","label":"Amazon","class":"amazon","icon":"amazon.png"},"apple_podcasts":{"key":"apple_podcasts","url":"","label":"Apple Podcasts","class":"apple_podcasts","icon":"apple-podcasts.png"},"castbox":{"key":"castbox","url":"","label":"CastBox","class":"castbox","icon":"castbox.png"},"deezer":{"key":"deezer","url":"","label":"Deezer","class":"deezer","icon":"deezer.png"},"google_podcasts":{"key":"google_podcasts","url":"","label":"Google Podcasts","class":"google_podcasts","icon":"google-podcasts.png"},"listen_notes":{"key":"listen_notes","url":"","label":"Listen Notes","class":"listen_notes","icon":"listen-notes.png"},"pandora":{"key":"pandora","url":"","label":"Pandora","class":"pandora","icon":"pandora.png"},"podbean":{"key":"podbean","url":"","label":"Podbean","class":"podbean","icon":"podbean.png"},"podcast_republic":{"key":"podcast_republic","url":"","label":"Podcast Republic","class":"podcast_republic","icon":"podcast-republic.png"},"rss":{"key":"rss","url":"","label":"RSS","class":"rss","icon":"rss.png"},"spotify":{"key":"spotify","url":"","label":"Spotify","class":"spotify","icon":"spotify.png"},"stitcher":{"key":"stitcher","url":"","label":"Stitcher","class":"stitcher","icon":"stitcher.png"},"tunein":{"key":"tunein","url":"","label":"TuneIn","class":"tunein","icon":"tunein.png"},"youtube":{"key":"youtube","url":"","label":"YouTube","class":"youtube","icon":"youtube.png"},"iheartradio":{"key":"iheartradio","url":"","label":"iHeartRadio","class":"iheartradio","icon":"iheartradio.png"},"ivoox":{"key":"ivoox","url":"","label":"iVoox","class":"ivoox","icon":"ivoox.png"}},"rssFeedUrl":"https:\/\/quechilero.com\/blog\/feed\/podcast\/si-la-vida-nos-da-limones","embedCode":"<blockquote class=\"wp-embedded-content\" data-secret=\"e4kyq4QUyL\"><a href=\"https:\/\/quechilero.com\/blog\/2008\/03\/15\/cuaresma-evangelio-15-mar-08\/\">Cuaresma &#8211; Evangelio 15 mar 08<\/a><\/blockquote><iframe sandbox=\"allow-scripts\" security=\"restricted\" src=\"https:\/\/quechilero.com\/blog\/2008\/03\/15\/cuaresma-evangelio-15-mar-08\/embed\/#?secret=e4kyq4QUyL\" width=\"500\" height=\"350\" title=\"\u00abCuaresma &#8211; Evangelio 15 mar 08\u00bb \u2014 Si la Vida nos da Limones...\" data-secret=\"e4kyq4QUyL\" frameborder=\"0\" marginwidth=\"0\" marginheight=\"0\" scrolling=\"no\" class=\"wp-embedded-content\"><\/iframe><script>\n\/*! This file is auto-generated *\/\n!function(d,l){\"use strict\";l.querySelector&&d.addEventListener&&\"undefined\"!=typeof URL&&(d.wp=d.wp||{},d.wp.receiveEmbedMessage||(d.wp.receiveEmbedMessage=function(e){var t=e.data;if((t||t.secret||t.message||t.value)&&!\/[^a-zA-Z0-9]\/.test(t.secret)){for(var s,r,n,a=l.querySelectorAll('iframe[data-secret=\"'+t.secret+'\"]'),o=l.querySelectorAll('blockquote[data-secret=\"'+t.secret+'\"]'),c=new RegExp(\"^https?:$\",\"i\"),i=0;i<o.length;i++)o[i].style.display=\"none\";for(i=0;i<a.length;i++)s=a[i],e.source===s.contentWindow&&(s.removeAttribute(\"style\"),\"height\"===t.message?(1e3<(r=parseInt(t.value,10))?r=1e3:~~r<200&&(r=200),s.height=r):\"link\"===t.message&&(r=new URL(s.getAttribute(\"src\")),n=new URL(t.value),c.test(n.protocol))&&n.host===r.host&&l.activeElement===s&&(d.top.location.href=t.value))}},d.addEventListener(\"message\",d.wp.receiveEmbedMessage,!1),l.addEventListener(\"DOMContentLoaded\",function(){for(var e,t,s=l.querySelectorAll(\"iframe.wp-embedded-content\"),r=0;r<s.length;r++)(t=(e=s[r]).getAttribute(\"data-secret\"))||(t=Math.random().toString(36).substring(2,12),e.src+=\"#?secret=\"+t,e.setAttribute(\"data-secret\",t)),e.contentWindow.postMessage({message:\"ready\",secret:t},\"*\")},!1)))}(window,document);\n\/\/# sourceURL=https:\/\/quechilero.com\/blog\/wp-includes\/js\/wp-embed.min.js\n<\/script>\n"},"jetpack_publicize_connections":[],"jetpack_shortlink":"https:\/\/wp.me\/pDKli-ex","jetpack_sharing_enabled":true,"jetpack-related-posts":[{"id":863,"url":"https:\/\/quechilero.com\/blog\/2008\/02\/10\/cuaresma-evangelio-del-dia-10-feb-08\/","url_meta":{"origin":901,"position":0},"title":"Cuaresma &#8211; Evangelio 10 feb 08","author":"Pepe Barrascout Ortiz","date":"10 febrero 2008","format":false,"excerpt":"Evangelio seg\u00fan San Mateo 4,1-11. Entonces Jes\u00fas fue llevado por el Esp\u00edritu al desierto, para ser tentado por el demonio. Despu\u00e9s de ayunar cuarenta d\u00edas con sus cuarenta noches, sinti\u00f3 hambre. Y el tentador, acerc\u00e1ndose, le dijo: \"Si t\u00fa eres Hijo de Dios, manda que estas piedras se conviertan en\u2026","rel":"","context":"En \u00abLimones\u00bb","block_context":{"text":"Limones","link":"https:\/\/quechilero.com\/blog\/category\/limones\/"},"img":{"alt_text":"","src":"","width":0,"height":0},"classes":[]},{"id":17357,"url":"https:\/\/quechilero.com\/blog\/2013\/10\/27\/una-figura-sencilla-y-humilde\/","url_meta":{"origin":901,"position":1},"title":"Una figura sencilla y humilde","author":"Pepe Barrascout Ortiz","date":"27 octubre 2013","format":false,"excerpt":"San Jos\u00e9 era una figura sencilla y humilde, silenciosa y pobre en apariencia, pero Dios le ha encomendado una misi\u00f3n \u00fanica y maravillosa. Este hombre del silencio es un hombre aparte, a\u00fan en medio de los bienaventurados. Era de estirpe real, de la familia de David. Dios le muestra un\u2026","rel":"","context":"En \u00abLimones\u00bb","block_context":{"text":"Limones","link":"https:\/\/quechilero.com\/blog\/category\/limones\/"},"img":{"alt_text":"","src":"","width":0,"height":0},"classes":[]},{"id":4614,"url":"https:\/\/quechilero.com\/blog\/2010\/04\/02\/viernes-santo\/","url_meta":{"origin":901,"position":2},"title":"Viernes Santo","author":"Pepe Barrascout Ortiz","date":"2 abril 2010","format":false,"excerpt":"La tarde del Viernes Santo presenta el drama inmenso de la muerte de Cristo en el Calvario. La cruz erguida sobre el mundo sigue en pie como signo de salvaci\u00f3n y de esperanza. Con la Pasi\u00f3n de Jes\u00fas seg\u00fan el\u00a0Evangelio de Juan contemplamos el misterio del Crucificado, con el coraz\u00f3n\u2026","rel":"","context":"En \u00abLimones\u00bb","block_context":{"text":"Limones","link":"https:\/\/quechilero.com\/blog\/category\/limones\/"},"img":{"alt_text":"","src":"","width":0,"height":0},"classes":[]},{"id":875,"url":"https:\/\/quechilero.com\/blog\/2008\/02\/20\/cuaresma-evangelio-20-feb-08\/","url_meta":{"origin":901,"position":3},"title":"Cuaresma &#8211; Evangelio 20 feb 08","author":"Pepe Barrascout Ortiz","date":"20 febrero 2008","format":false,"excerpt":"Evangelio seg\u00fan San Mateo 20,17-28. Cuando Jes\u00fas se dispuso a subir a Jerusal\u00e9n, llev\u00f3 consigo s\u00f3lo a los Doce, y en el camino les dijo: \"Ahora subimos a Jerusal\u00e9n, donde el Hijo del hombre va a ser entregado a los sumos sacerdotes y a los escribas. Ellos lo condenar\u00e1n a\u2026","rel":"","context":"En \u00abLimones\u00bb","block_context":{"text":"Limones","link":"https:\/\/quechilero.com\/blog\/category\/limones\/"},"img":{"alt_text":"","src":"","width":0,"height":0},"classes":[]},{"id":861,"url":"https:\/\/quechilero.com\/blog\/2008\/02\/08\/cuaresma-evangelio-del-dia-8-feb-08\/","url_meta":{"origin":901,"position":4},"title":"Cuaresma &#8211; Evangelio 8 feb 08","author":"Pepe Barrascout Ortiz","date":"8 febrero 2008","format":false,"excerpt":"Evangelio seg\u00fan San Mateo 9,14-15. Entonces se acercaron los disc\u00edpulos de Juan y le dijeron: \"\u00bfPor qu\u00e9 tus disc\u00edpulos no ayunan, como lo hacemos nosotros y los fariseos?\". Jes\u00fas les respondi\u00f3: \"\u00bfAcaso los amigos del esposo pueden estar tristes mientras el esposo est\u00e1 con ellos? Llegar\u00e1 el momento en que\u2026","rel":"","context":"En \u00abLimones\u00bb","block_context":{"text":"Limones","link":"https:\/\/quechilero.com\/blog\/category\/limones\/"},"img":{"alt_text":"","src":"","width":0,"height":0},"classes":[]},{"id":908,"url":"https:\/\/quechilero.com\/blog\/2008\/03\/22\/cuaresma-evangelio-22-mar-08\/","url_meta":{"origin":901,"position":5},"title":"Cuaresma &#8211; Evangelio 22 mar 08","author":"Pepe Barrascout Ortiz","date":"22 marzo 2008","format":false,"excerpt":"Evangelio seg\u00fan San Mateo 28,1-10. Pasado el s\u00e1bado, al amanecer del primer d\u00eda de la semana, Mar\u00eda Magdalena y la otra Mar\u00eda fueron a visitar el sepulcro. De pronto, se produjo un gran temblor de tierra: el Angel del Se\u00f1or baj\u00f3 del cielo, hizo rodar la piedra del sepulcro y\u2026","rel":"","context":"En \u00abLimones\u00bb","block_context":{"text":"Limones","link":"https:\/\/quechilero.com\/blog\/category\/limones\/"},"img":{"alt_text":"","src":"","width":0,"height":0},"classes":[]}],"jetpack_featured_media_url":"","_links":{"self":[{"href":"https:\/\/quechilero.com\/blog\/wp-json\/wp\/v2\/posts\/901","targetHints":{"allow":["GET"]}}],"collection":[{"href":"https:\/\/quechilero.com\/blog\/wp-json\/wp\/v2\/posts"}],"about":[{"href":"https:\/\/quechilero.com\/blog\/wp-json\/wp\/v2\/types\/post"}],"author":[{"embeddable":true,"href":"https:\/\/quechilero.com\/blog\/wp-json\/wp\/v2\/users\/1"}],"replies":[{"embeddable":true,"href":"https:\/\/quechilero.com\/blog\/wp-json\/wp\/v2\/comments?post=901"}],"version-history":[{"count":0,"href":"https:\/\/quechilero.com\/blog\/wp-json\/wp\/v2\/posts\/901\/revisions"}],"wp:attachment":[{"href":"https:\/\/quechilero.com\/blog\/wp-json\/wp\/v2\/media?parent=901"}],"wp:term":[{"taxonomy":"category","embeddable":true,"href":"https:\/\/quechilero.com\/blog\/wp-json\/wp\/v2\/categories?post=901"},{"taxonomy":"post_tag","embeddable":true,"href":"https:\/\/quechilero.com\/blog\/wp-json\/wp\/v2\/tags?post=901"},{"taxonomy":"series","embeddable":true,"href":"https:\/\/quechilero.com\/blog\/wp-json\/wp\/v2\/series?post=901"}],"curies":[{"name":"wp","href":"https:\/\/api.w.org\/{rel}","templated":true}]}}