{"id":895,"date":"2008-03-11T09:00:14","date_gmt":"2008-03-11T15:00:14","guid":{"rendered":"http:\/\/www.quechilero.com\/blog\/2008\/03\/11\/cuaresma-evangelio-11-mar-08\/"},"modified":"2008-03-11T09:00:14","modified_gmt":"2008-03-11T15:00:14","slug":"cuaresma-evangelio-11-mar-08","status":"publish","type":"post","link":"https:\/\/quechilero.com\/blog\/2008\/03\/11\/cuaresma-evangelio-11-mar-08\/","title":{"rendered":"Cuaresma &#8211; Evangelio 11 mar 08"},"content":{"rendered":"<p><strong>Evangelio seg\u00fan San Juan 8,21-30.<\/strong><\/p>\n<p>Jes\u00fas les dijo tambi\u00e9n: \u00abYo me voy, y ustedes me buscar\u00e1n y morir\u00e1n en su pecado. Adonde yo voy, ustedes no pueden ir\u00bb.<br \/>\nLos jud\u00edos se preguntaban: \u00ab\u00bfPensar\u00e1 matarse para decir: &#8216;Adonde yo voy, ustedes no pueden ir&#8217;?\u00bb.<\/p>\n<p>Jes\u00fas continu\u00f3: \u00abUstedes son de aqu\u00ed abajo, yo soy de lo alto. Ustedes son de este mundo, yo no soy de este mundo. Por eso les he dicho: &#8216;Ustedes morir\u00e1n en sus pecados&#8217;. Porque si no creen que Yo Soy, morir\u00e1n en sus pecados\u00bb.<\/p>\n<p>Los jud\u00edos le preguntaron: \u00ab\u00bfQui\u00e9n eres t\u00fa?\u00bb. Jes\u00fas les respondi\u00f3: \u00abEsto es precisamente lo que les estoy diciendo desde el comienzo. De ustedes, tengo mucho que decir, mucho que juzgar. Pero aquel que me envi\u00f3 es veraz, y lo que aprend\u00ed de \u00c9l es lo que digo al mundo\u00bb.<\/p>\n<p>Ellos no comprendieron que Jes\u00fas se refer\u00eda al Padre. Despu\u00e9s les dijo: \u00abCuando ustedes hayan levantado en alto al Hijo del hombre, entonces sabr\u00e1n que Yo Soy y que no hago nada por m\u00ed mismo, sino que digo lo que el Padre me ense\u00f1\u00f3.<\/p>\n<p>El que me envi\u00f3 est\u00e1 conmigo y no me ha dejado solo, porque yo hago siempre lo que le agrada\u00bb. Mientras hablaba as\u00ed, muchos creyeron en \u00c9l.<\/p>\n","protected":false},"excerpt":{"rendered":"<p>Evangelio seg\u00fan San Juan 8,21-30. Jes\u00fas les dijo tambi\u00e9n: \u00abYo me voy, y ustedes me buscar\u00e1n y morir\u00e1n en su pecado. Adonde yo voy, ustedes no pueden ir\u00bb. Los jud\u00edos se preguntaban: \u00ab\u00bfPensar\u00e1 matarse para decir: &#8216;Adonde yo voy, ustedes no pueden ir&#8217;?\u00bb. Jes\u00fas continu\u00f3: \u00abUstedes son de aqu\u00ed abajo, yo soy de lo alto. &#8230; <a title=\"Cuaresma &#8211; Evangelio 11 mar 08\" class=\"read-more\" href=\"https:\/\/quechilero.com\/blog\/2008\/03\/11\/cuaresma-evangelio-11-mar-08\/\" aria-label=\"Leer m\u00e1s sobre Cuaresma &#8211; Evangelio 11 mar 08\">Leer m\u00e1s<\/a><\/p>\n","protected":false},"author":1,"featured_media":0,"comment_status":"open","ping_status":"open","sticky":false,"template":"","format":"standard","meta":{"advanced_seo_description":"","jetpack_seo_html_title":"","jetpack_seo_noindex":false,"jetpack_seo_schema_type":"","episode_type":"","audio_file":"","podmotor_file_id":"","podmotor_episode_id":"","cover_image":"","cover_image_id":"","duration":"","filesize":"","filesize_raw":"","date_recorded":"","explicit":"","block":"","_jetpack_newsletter_access":"","_jetpack_dont_email_post_to_subs":false,"_jetpack_newsletter_tier_id":0,"_jetpack_memberships_contains_paywalled_content":false,"_jetpack_feature_clip_id":0,"_jetpack_memberships_contains_paid_content":false,"footnotes":"","jetpack_publicize_message":"","jetpack_publicize_feature_enabled":true,"jetpack_social_post_already_shared":false,"jetpack_social_options":{"image_generator_settings":{"template":"highway","default_image_id":0,"font":"","enabled":false},"version":2},"jetpack_post_was_ever_published":false},"categories":[2],"tags":[100,90,18,74],"series":[],"class_list":["post-895","post","type-post","status-publish","format-standard","hentry","category-limones","tag-cuaresma","tag-evangelio","tag-hombre","tag-jesus"],"episode_featured_image":false,"episode_player_image":"https:\/\/i0.wp.com\/quechilero.com\/blog\/imagenes\/podcast.png?fit=1831%2C1831&ssl=1","download_link":"","player_link":"","audio_player":false,"episode_data":{"playerMode":"dark","subscribeUrls":{"amazon":{"key":"amazon","url":"","label":"Amazon","class":"amazon","icon":"amazon.png"},"apple_podcasts":{"key":"apple_podcasts","url":"","label":"Apple Podcasts","class":"apple_podcasts","icon":"apple-podcasts.png"},"castbox":{"key":"castbox","url":"","label":"CastBox","class":"castbox","icon":"castbox.png"},"deezer":{"key":"deezer","url":"","label":"Deezer","class":"deezer","icon":"deezer.png"},"google_podcasts":{"key":"google_podcasts","url":"","label":"Google Podcasts","class":"google_podcasts","icon":"google-podcasts.png"},"listen_notes":{"key":"listen_notes","url":"","label":"Listen Notes","class":"listen_notes","icon":"listen-notes.png"},"pandora":{"key":"pandora","url":"","label":"Pandora","class":"pandora","icon":"pandora.png"},"podbean":{"key":"podbean","url":"","label":"Podbean","class":"podbean","icon":"podbean.png"},"podcast_republic":{"key":"podcast_republic","url":"","label":"Podcast Republic","class":"podcast_republic","icon":"podcast-republic.png"},"rss":{"key":"rss","url":"","label":"RSS","class":"rss","icon":"rss.png"},"spotify":{"key":"spotify","url":"","label":"Spotify","class":"spotify","icon":"spotify.png"},"stitcher":{"key":"stitcher","url":"","label":"Stitcher","class":"stitcher","icon":"stitcher.png"},"tunein":{"key":"tunein","url":"","label":"TuneIn","class":"tunein","icon":"tunein.png"},"youtube":{"key":"youtube","url":"","label":"YouTube","class":"youtube","icon":"youtube.png"},"iheartradio":{"key":"iheartradio","url":"","label":"iHeartRadio","class":"iheartradio","icon":"iheartradio.png"},"ivoox":{"key":"ivoox","url":"","label":"iVoox","class":"ivoox","icon":"ivoox.png"}},"rssFeedUrl":"https:\/\/quechilero.com\/blog\/feed\/podcast\/si-la-vida-nos-da-limones","embedCode":"<blockquote class=\"wp-embedded-content\" data-secret=\"YzV0Qj1b5I\"><a href=\"https:\/\/quechilero.com\/blog\/2008\/03\/11\/cuaresma-evangelio-11-mar-08\/\">Cuaresma &#8211; Evangelio 11 mar 08<\/a><\/blockquote><iframe sandbox=\"allow-scripts\" security=\"restricted\" src=\"https:\/\/quechilero.com\/blog\/2008\/03\/11\/cuaresma-evangelio-11-mar-08\/embed\/#?secret=YzV0Qj1b5I\" width=\"500\" height=\"350\" title=\"\u00abCuaresma &#8211; Evangelio 11 mar 08\u00bb \u2014 Si la Vida nos da Limones...\" data-secret=\"YzV0Qj1b5I\" frameborder=\"0\" marginwidth=\"0\" marginheight=\"0\" scrolling=\"no\" class=\"wp-embedded-content\"><\/iframe><script>\n\/*! This file is auto-generated *\/\n!function(d,l){\"use strict\";l.querySelector&&d.addEventListener&&\"undefined\"!=typeof URL&&(d.wp=d.wp||{},d.wp.receiveEmbedMessage||(d.wp.receiveEmbedMessage=function(e){var t=e.data;if((t||t.secret||t.message||t.value)&&!\/[^a-zA-Z0-9]\/.test(t.secret)){for(var s,r,n,a=l.querySelectorAll('iframe[data-secret=\"'+t.secret+'\"]'),o=l.querySelectorAll('blockquote[data-secret=\"'+t.secret+'\"]'),c=new RegExp(\"^https?:$\",\"i\"),i=0;i<o.length;i++)o[i].style.display=\"none\";for(i=0;i<a.length;i++)s=a[i],e.source===s.contentWindow&&(s.removeAttribute(\"style\"),\"height\"===t.message?(1e3<(r=parseInt(t.value,10))?r=1e3:~~r<200&&(r=200),s.height=r):\"link\"===t.message&&(r=new URL(s.getAttribute(\"src\")),n=new URL(t.value),c.test(n.protocol))&&n.host===r.host&&l.activeElement===s&&(d.top.location.href=t.value))}},d.addEventListener(\"message\",d.wp.receiveEmbedMessage,!1),l.addEventListener(\"DOMContentLoaded\",function(){for(var e,t,s=l.querySelectorAll(\"iframe.wp-embedded-content\"),r=0;r<s.length;r++)(t=(e=s[r]).getAttribute(\"data-secret\"))||(t=Math.random().toString(36).substring(2,12),e.src+=\"#?secret=\"+t,e.setAttribute(\"data-secret\",t)),e.contentWindow.postMessage({message:\"ready\",secret:t},\"*\")},!1)))}(window,document);\n\/\/# sourceURL=https:\/\/quechilero.com\/blog\/wp-includes\/js\/wp-embed.min.js\n<\/script>\n"},"jetpack_publicize_connections":[],"jetpack_shortlink":"https:\/\/wp.me\/pDKli-er","jetpack_sharing_enabled":true,"jetpack-related-posts":[{"id":904,"url":"https:\/\/quechilero.com\/blog\/2008\/03\/18\/cuaresma-evangelio-18-mar-08\/","url_meta":{"origin":895,"position":0},"title":"Cuaresma &#8211; Evangelio 18 mar 08","author":"Pepe Barrascout Ortiz","date":"18 marzo 2008","format":false,"excerpt":"Evangelio seg\u00fan San Juan 13,21-33.36-38. Despu\u00e9s de decir esto, Jes\u00fas se estremeci\u00f3 y manifest\u00f3 claramente: \"Les aseguro que uno de ustedes me entregar\u00e1\". Los disc\u00edpulos se miraban unos a otros, no sabiendo a qui\u00e9n se refer\u00eda. Uno de ellos -el disc\u00edpulo al que Jes\u00fas amaba- estaba reclinado muy cerca de\u2026","rel":"","context":"En \u00abLimones\u00bb","block_context":{"text":"Limones","link":"https:\/\/quechilero.com\/blog\/category\/limones\/"},"img":{"alt_text":"","src":"","width":0,"height":0},"classes":[]},{"id":898,"url":"https:\/\/quechilero.com\/blog\/2008\/03\/13\/cuaresma-evangelio-13-mar-08\/","url_meta":{"origin":895,"position":1},"title":"Cuaresma &#8211; Evangelio 13 mar 08","author":"Pepe Barrascout Ortiz","date":"13 marzo 2008","format":false,"excerpt":"Evangelio seg\u00fan San Juan 8,51-59. Les aseguro que el que es fiel a mi palabra, no morir\u00e1 jam\u00e1s\". Los jud\u00edos le dijeron: \"Ahora s\u00ed estamos seguros de que est\u00e1s endemoniado. Abraham muri\u00f3, los profetas tambi\u00e9n, y t\u00fa dices: 'El que es fiel a mi palabra, no morir\u00e1 jam\u00e1s'. \u00bfAcaso eres\u2026","rel":"","context":"En \u00abLimones\u00bb","block_context":{"text":"Limones","link":"https:\/\/quechilero.com\/blog\/category\/limones\/"},"img":{"alt_text":"","src":"","width":0,"height":0},"classes":[]},{"id":896,"url":"https:\/\/quechilero.com\/blog\/2008\/03\/12\/cuaresma-evangelio-12-mar-08\/","url_meta":{"origin":895,"position":2},"title":"Cuaresma &#8211; Evangelio 12 mar 08","author":"Pepe Barrascout Ortiz","date":"12 marzo 2008","format":false,"excerpt":"Evangelio seg\u00fan San Juan 8,31-42. Jes\u00fas dijo a aquellos jud\u00edos que hab\u00edan cre\u00eddo en \u00c9l: \"Si ustedes permanecen fieles a mi palabra, ser\u00e1n verdaderamente mis disc\u00edpulos: conocer\u00e1n la verdad y la verdad los har\u00e1 libres\". Ellos le respondieron: \"Somos descendientes de Abraham y jam\u00e1s hemos sido esclavos de nadie. \u00bfC\u00f3mo\u2026","rel":"","context":"En \u00abLimones\u00bb","block_context":{"text":"Limones","link":"https:\/\/quechilero.com\/blog\/category\/limones\/"},"img":{"alt_text":"","src":"","width":0,"height":0},"classes":[]},{"id":886,"url":"https:\/\/quechilero.com\/blog\/2008\/03\/02\/cuaresma-evangelio-02-mar-08\/","url_meta":{"origin":895,"position":3},"title":"Cuaresma &#8211; Evangelio 02 mar 08","author":"Pepe Barrascout Ortiz","date":"2 marzo 2008","format":false,"excerpt":"Evangelio seg\u00fan San Juan 9,1-41. Al pasar, vio a un hombre ciego de nacimiento. Sus disc\u00edpulos le preguntaron: \"Maestro, \u00bfqui\u00e9n ha pecado, \u00c9l o sus padres, para que haya nacido ciego?\". \"Ni \u00c9l ni sus padres han pecado, respondi\u00f3 Jes\u00fas; naci\u00f3 as\u00ed para que se manifiesten en \u00c9l las obras\u2026","rel":"","context":"En \u00abLimones\u00bb","block_context":{"text":"Limones","link":"https:\/\/quechilero.com\/blog\/category\/limones\/"},"img":{"alt_text":"","src":"","width":0,"height":0},"classes":[]},{"id":893,"url":"https:\/\/quechilero.com\/blog\/2008\/03\/09\/cuaresma-evangelio-09-mar-08\/","url_meta":{"origin":895,"position":4},"title":"Cuaresma &#8211; Evangelio 09 mar 08","author":"Pepe Barrascout Ortiz","date":"9 marzo 2008","format":false,"excerpt":"Evangelio seg\u00fan San Juan 11,1-45. Hab\u00eda un hombre enfermo, L\u00e1zaro de Betania, del pueblo de Mar\u00eda y de su hermana Marta.\u00a0Mar\u00eda era la misma que derram\u00f3 perfume sobre el Se\u00f1or y le sec\u00f3 los pies con sus cabellos. Su hermano L\u00e1zaro era el que estaba enfermo. Las hermanas enviaron a\u2026","rel":"","context":"En \u00abLimones\u00bb","block_context":{"text":"Limones","link":"https:\/\/quechilero.com\/blog\/category\/limones\/"},"img":{"alt_text":"","src":"","width":0,"height":0},"classes":[]},{"id":879,"url":"https:\/\/quechilero.com\/blog\/2008\/02\/24\/cuaresma-evangelio-24-feb-08\/","url_meta":{"origin":895,"position":5},"title":"Cuaresma &#8211; Evangelio 24 feb 08","author":"Pepe Barrascout Ortiz","date":"24 febrero 2008","format":false,"excerpt":"Evangelio seg\u00fan San Juan 4,5-42. Lleg\u00f3 a una ciudad de Samar\u00eda llamada Sicar, cerca de las tierras que Jacob hab\u00eda dado a su hijo Jos\u00e9. All\u00e1 se encuentra el pozo de Jacob. Jes\u00fas, fatigado del camino, se hab\u00eda sentado junto al pozo. Era la hora del mediod\u00eda. Una mujer de\u2026","rel":"","context":"En \u00abLimones\u00bb","block_context":{"text":"Limones","link":"https:\/\/quechilero.com\/blog\/category\/limones\/"},"img":{"alt_text":"","src":"","width":0,"height":0},"classes":[]}],"jetpack_featured_media_url":"","_links":{"self":[{"href":"https:\/\/quechilero.com\/blog\/wp-json\/wp\/v2\/posts\/895","targetHints":{"allow":["GET"]}}],"collection":[{"href":"https:\/\/quechilero.com\/blog\/wp-json\/wp\/v2\/posts"}],"about":[{"href":"https:\/\/quechilero.com\/blog\/wp-json\/wp\/v2\/types\/post"}],"author":[{"embeddable":true,"href":"https:\/\/quechilero.com\/blog\/wp-json\/wp\/v2\/users\/1"}],"replies":[{"embeddable":true,"href":"https:\/\/quechilero.com\/blog\/wp-json\/wp\/v2\/comments?post=895"}],"version-history":[{"count":0,"href":"https:\/\/quechilero.com\/blog\/wp-json\/wp\/v2\/posts\/895\/revisions"}],"wp:attachment":[{"href":"https:\/\/quechilero.com\/blog\/wp-json\/wp\/v2\/media?parent=895"}],"wp:term":[{"taxonomy":"category","embeddable":true,"href":"https:\/\/quechilero.com\/blog\/wp-json\/wp\/v2\/categories?post=895"},{"taxonomy":"post_tag","embeddable":true,"href":"https:\/\/quechilero.com\/blog\/wp-json\/wp\/v2\/tags?post=895"},{"taxonomy":"series","embeddable":true,"href":"https:\/\/quechilero.com\/blog\/wp-json\/wp\/v2\/series?post=895"}],"curies":[{"name":"wp","href":"https:\/\/api.w.org\/{rel}","templated":true}]}}