{"id":894,"date":"2008-03-10T09:00:45","date_gmt":"2008-03-10T15:00:45","guid":{"rendered":"http:\/\/www.quechilero.com\/blog\/2008\/03\/10\/cuaresma-evangelio-10-mar-08\/"},"modified":"2008-03-10T09:00:45","modified_gmt":"2008-03-10T15:00:45","slug":"cuaresma-evangelio-10-mar-08","status":"publish","type":"post","link":"https:\/\/quechilero.com\/blog\/2008\/03\/10\/cuaresma-evangelio-10-mar-08\/","title":{"rendered":"Cuaresma &#8211; Evangelio 10 mar 08"},"content":{"rendered":"<p><strong>Evangelio seg\u00fan San Juan 8,1-11.<\/strong><\/p>\n<p>Jes\u00fas fue al monte de los Olivos. Al amanecer volvi\u00f3 al Templo, y todo el pueblo acud\u00eda a \u00c9l. Entonces se sent\u00f3 y comenz\u00f3 a ense\u00f1arles. Los escribas y los fariseos le trajeron a una mujer que hab\u00eda sido sorprendida en adulterio y, poni\u00e9ndola en medio de todos, dijeron a Jes\u00fas: \u00abMaestro, esta mujer ha sido sorprendida en flagrante adulterio.<\/p>\n<p>Mois\u00e9s, en la Ley, nos orden\u00f3 apedrear a esta clase de mujeres. Y t\u00fa, \u00bfqu\u00e9 dices?\u00bb. Dec\u00edan esto para ponerlo a prueba, a fin de poder acusarlo. Pero Jes\u00fas, inclin\u00e1ndose, comenz\u00f3 a escribir en el suelo con el dedo. Como insist\u00edan, se enderez\u00f3 y les dijo: \u00abEl que no tenga pecado, que arroje la primera piedra\u00bb.<\/p>\n<p>E inclin\u00e1ndose nuevamente, sigui\u00f3 escribiendo en el suelo. Al o\u00edr estas palabras, todos se retiraron, uno tras otro, comenzando por los m\u00e1s ancianos. Jes\u00fas qued\u00f3 solo con la mujer, que permanec\u00eda all\u00e1, e incorpor\u00e1ndose, le pregunt\u00f3: \u00abMujer, \u00bfd\u00f3nde est\u00e1n tus acusadores? \u00bfAlguien te ha condenado?\u00bb.<\/p>\n<p>Ella le respondi\u00f3: \u00abNadie, Se\u00f1or\u00bb. \u00abYo tampoco te condeno, le dijo Jes\u00fas. Vete, no peques m\u00e1s en adelante\u00bb.<\/p>\n","protected":false},"excerpt":{"rendered":"<p>Evangelio seg\u00fan San Juan 8,1-11. Jes\u00fas fue al monte de los Olivos. Al amanecer volvi\u00f3 al Templo, y todo el pueblo acud\u00eda a \u00c9l. Entonces se sent\u00f3 y comenz\u00f3 a ense\u00f1arles. Los escribas y los fariseos le trajeron a una mujer que hab\u00eda sido sorprendida en adulterio y, poni\u00e9ndola en medio de todos, dijeron a &#8230; <a title=\"Cuaresma &#8211; Evangelio 10 mar 08\" class=\"read-more\" href=\"https:\/\/quechilero.com\/blog\/2008\/03\/10\/cuaresma-evangelio-10-mar-08\/\" aria-label=\"Leer m\u00e1s sobre Cuaresma &#8211; Evangelio 10 mar 08\">Leer m\u00e1s<\/a><\/p>\n","protected":false},"author":1,"featured_media":0,"comment_status":"open","ping_status":"open","sticky":false,"template":"","format":"standard","meta":{"advanced_seo_description":"","jetpack_seo_html_title":"","jetpack_seo_noindex":false,"jetpack_seo_schema_type":"","episode_type":"","audio_file":"","podmotor_file_id":"","podmotor_episode_id":"","cover_image":"","cover_image_id":"","duration":"","filesize":"","filesize_raw":"","date_recorded":"","explicit":"","block":"","_jetpack_newsletter_access":"","_jetpack_dont_email_post_to_subs":false,"_jetpack_newsletter_tier_id":0,"_jetpack_memberships_contains_paywalled_content":false,"_jetpack_feature_clip_id":0,"_jetpack_memberships_contains_paid_content":false,"footnotes":"","jetpack_publicize_message":"","jetpack_publicize_feature_enabled":true,"jetpack_social_post_already_shared":false,"jetpack_social_options":{"image_generator_settings":{"template":"highway","default_image_id":0,"font":"","enabled":false},"version":2},"jetpack_post_was_ever_published":false},"categories":[2],"tags":[100,90,74,20,42],"series":[],"class_list":["post-894","post","type-post","status-publish","format-standard","hentry","category-limones","tag-cuaresma","tag-evangelio","tag-jesus","tag-mujer","tag-palabra"],"episode_featured_image":false,"episode_player_image":"https:\/\/i0.wp.com\/quechilero.com\/blog\/imagenes\/podcast.png?fit=1831%2C1831&ssl=1","download_link":"","player_link":"","audio_player":false,"episode_data":{"playerMode":"dark","subscribeUrls":{"amazon":{"key":"amazon","url":"","label":"Amazon","class":"amazon","icon":"amazon.png"},"apple_podcasts":{"key":"apple_podcasts","url":"","label":"Apple Podcasts","class":"apple_podcasts","icon":"apple-podcasts.png"},"castbox":{"key":"castbox","url":"","label":"CastBox","class":"castbox","icon":"castbox.png"},"deezer":{"key":"deezer","url":"","label":"Deezer","class":"deezer","icon":"deezer.png"},"google_podcasts":{"key":"google_podcasts","url":"","label":"Google Podcasts","class":"google_podcasts","icon":"google-podcasts.png"},"listen_notes":{"key":"listen_notes","url":"","label":"Listen Notes","class":"listen_notes","icon":"listen-notes.png"},"pandora":{"key":"pandora","url":"","label":"Pandora","class":"pandora","icon":"pandora.png"},"podbean":{"key":"podbean","url":"","label":"Podbean","class":"podbean","icon":"podbean.png"},"podcast_republic":{"key":"podcast_republic","url":"","label":"Podcast Republic","class":"podcast_republic","icon":"podcast-republic.png"},"rss":{"key":"rss","url":"","label":"RSS","class":"rss","icon":"rss.png"},"spotify":{"key":"spotify","url":"","label":"Spotify","class":"spotify","icon":"spotify.png"},"stitcher":{"key":"stitcher","url":"","label":"Stitcher","class":"stitcher","icon":"stitcher.png"},"tunein":{"key":"tunein","url":"","label":"TuneIn","class":"tunein","icon":"tunein.png"},"youtube":{"key":"youtube","url":"","label":"YouTube","class":"youtube","icon":"youtube.png"},"iheartradio":{"key":"iheartradio","url":"","label":"iHeartRadio","class":"iheartradio","icon":"iheartradio.png"},"ivoox":{"key":"ivoox","url":"","label":"iVoox","class":"ivoox","icon":"ivoox.png"}},"rssFeedUrl":"https:\/\/quechilero.com\/blog\/feed\/podcast\/si-la-vida-nos-da-limones","embedCode":"<blockquote class=\"wp-embedded-content\" data-secret=\"paaV2pyXwq\"><a href=\"https:\/\/quechilero.com\/blog\/2008\/03\/10\/cuaresma-evangelio-10-mar-08\/\">Cuaresma &#8211; Evangelio 10 mar 08<\/a><\/blockquote><iframe sandbox=\"allow-scripts\" security=\"restricted\" src=\"https:\/\/quechilero.com\/blog\/2008\/03\/10\/cuaresma-evangelio-10-mar-08\/embed\/#?secret=paaV2pyXwq\" width=\"500\" height=\"350\" title=\"\u00abCuaresma &#8211; Evangelio 10 mar 08\u00bb \u2014 Si la Vida nos da Limones...\" data-secret=\"paaV2pyXwq\" frameborder=\"0\" marginwidth=\"0\" marginheight=\"0\" scrolling=\"no\" class=\"wp-embedded-content\"><\/iframe><script>\n\/*! This file is auto-generated *\/\n!function(d,l){\"use strict\";l.querySelector&&d.addEventListener&&\"undefined\"!=typeof URL&&(d.wp=d.wp||{},d.wp.receiveEmbedMessage||(d.wp.receiveEmbedMessage=function(e){var t=e.data;if((t||t.secret||t.message||t.value)&&!\/[^a-zA-Z0-9]\/.test(t.secret)){for(var s,r,n,a=l.querySelectorAll('iframe[data-secret=\"'+t.secret+'\"]'),o=l.querySelectorAll('blockquote[data-secret=\"'+t.secret+'\"]'),c=new RegExp(\"^https?:$\",\"i\"),i=0;i<o.length;i++)o[i].style.display=\"none\";for(i=0;i<a.length;i++)s=a[i],e.source===s.contentWindow&&(s.removeAttribute(\"style\"),\"height\"===t.message?(1e3<(r=parseInt(t.value,10))?r=1e3:~~r<200&&(r=200),s.height=r):\"link\"===t.message&&(r=new URL(s.getAttribute(\"src\")),n=new URL(t.value),c.test(n.protocol))&&n.host===r.host&&l.activeElement===s&&(d.top.location.href=t.value))}},d.addEventListener(\"message\",d.wp.receiveEmbedMessage,!1),l.addEventListener(\"DOMContentLoaded\",function(){for(var e,t,s=l.querySelectorAll(\"iframe.wp-embedded-content\"),r=0;r<s.length;r++)(t=(e=s[r]).getAttribute(\"data-secret\"))||(t=Math.random().toString(36).substring(2,12),e.src+=\"#?secret=\"+t,e.setAttribute(\"data-secret\",t)),e.contentWindow.postMessage({message:\"ready\",secret:t},\"*\")},!1)))}(window,document);\n\/\/# sourceURL=https:\/\/quechilero.com\/blog\/wp-includes\/js\/wp-embed.min.js\n<\/script>\n"},"jetpack_publicize_connections":[],"jetpack_shortlink":"https:\/\/wp.me\/pDKli-eq","jetpack_sharing_enabled":true,"jetpack-related-posts":[{"id":862,"url":"https:\/\/quechilero.com\/blog\/2008\/02\/09\/cuaresma-evangelio-del-dia-9-feb-08\/","url_meta":{"origin":894,"position":0},"title":"Cuaresma &#8211; Evangelio 9 feb 08","author":"Pepe Barrascout Ortiz","date":"9 febrero 2008","format":false,"excerpt":"Evangelio seg\u00fan San Lucas 5,27-32. Despu\u00e9s Jes\u00fas sali\u00f3 y vio a un publicano llamado Lev\u00ed, que estaba sentado junto a la mesa de recaudaci\u00f3n de impuestos, y le dijo: \"S\u00edgueme\". El, dej\u00e1ndolo todo, se levant\u00f3 y lo sigui\u00f3. Lev\u00ed ofreci\u00f3 a Jes\u00fas un gran banquete en su casa. Hab\u00eda numerosos\u2026","rel":"","context":"En \u00abLimones\u00bb","block_context":{"text":"Limones","link":"https:\/\/quechilero.com\/blog\/category\/limones\/"},"img":{"alt_text":"","src":"","width":0,"height":0},"classes":[]},{"id":881,"url":"https:\/\/quechilero.com\/blog\/2008\/02\/26\/cuaresma-evangelio-26-feb-08\/","url_meta":{"origin":894,"position":1},"title":"Cuaresma &#8211; Evangelio 26 feb 08","author":"Pepe Barrascout Ortiz","date":"26 febrero 2008","format":false,"excerpt":"Evangelio seg\u00fan San Mateo 18,21-35. Entonces se adelant\u00f3 Pedro y le dijo: \"Se\u00f1or, \u00bfcu\u00e1ntas veces tendr\u00e1 que perdonar a mi hermano las ofensas que me haga? \u00bfHasta siete veces?\". Jes\u00fas le respondi\u00f3: \"No te digo hasta siete veces, sino hasta setenta veces siete. Por eso, el Reino de los Cielos\u2026","rel":"","context":"En \u00abLimones\u00bb","block_context":{"text":"Limones","link":"https:\/\/quechilero.com\/blog\/category\/limones\/"},"img":{"alt_text":"","src":"","width":0,"height":0},"classes":[]},{"id":879,"url":"https:\/\/quechilero.com\/blog\/2008\/02\/24\/cuaresma-evangelio-24-feb-08\/","url_meta":{"origin":894,"position":2},"title":"Cuaresma &#8211; Evangelio 24 feb 08","author":"Pepe Barrascout Ortiz","date":"24 febrero 2008","format":false,"excerpt":"Evangelio seg\u00fan San Juan 4,5-42. Lleg\u00f3 a una ciudad de Samar\u00eda llamada Sicar, cerca de las tierras que Jacob hab\u00eda dado a su hijo Jos\u00e9. All\u00e1 se encuentra el pozo de Jacob. Jes\u00fas, fatigado del camino, se hab\u00eda sentado junto al pozo. Era la hora del mediod\u00eda. Una mujer de\u2026","rel":"","context":"En \u00abLimones\u00bb","block_context":{"text":"Limones","link":"https:\/\/quechilero.com\/blog\/category\/limones\/"},"img":{"alt_text":"","src":"","width":0,"height":0},"classes":[]},{"id":878,"url":"https:\/\/quechilero.com\/blog\/2008\/02\/23\/cuaresma-evangelio-23-feb-08\/","url_meta":{"origin":894,"position":3},"title":"Cuaresma &#8211; Evangelio 23 feb 08","author":"Pepe Barrascout Ortiz","date":"23 febrero 2008","format":false,"excerpt":"Evangelio seg\u00fan San Lucas 15,1-3.11-32. Todos los publicanos y pecadores se acercaban a Jes\u00fas para escucharlo. Los fariseos y los escribas murmuraban, diciendo: \"Este hombre recibe a los pecadores y come con ellos\". Jes\u00fas les dijo entonces esta par\u00e1bola: Jes\u00fas dijo tambi\u00e9n: \"Un hombre ten\u00eda dos hijos. El menor de\u2026","rel":"","context":"En \u00abLimones\u00bb","block_context":{"text":"Limones","link":"https:\/\/quechilero.com\/blog\/category\/limones\/"},"img":{"alt_text":"","src":"","width":0,"height":0},"classes":[]},{"id":884,"url":"https:\/\/quechilero.com\/blog\/2008\/02\/29\/cuaresma-evangelio-29-feb-08\/","url_meta":{"origin":894,"position":4},"title":"Cuaresma &#8211; Evangelio 29 feb 08","author":"Pepe Barrascout Ortiz","date":"29 febrero 2008","format":false,"excerpt":"Evangelio seg\u00fan San Marcos 12,28-34. Un escriba que los oy\u00f3 discutir, al ver que les hab\u00eda respondido bien, se acerc\u00f3 y le pregunt\u00f3: \"\u00bfCu\u00e1l es el primero de los mandamientos?\". Jes\u00fas respondi\u00f3: \"El primero es: Escucha, Israel: el Se\u00f1or nuestro Dios es el \u00fanico Se\u00f1or; y t\u00fa amar\u00e1s al Se\u00f1or,\u2026","rel":"","context":"En \u00abLimones\u00bb","block_context":{"text":"Limones","link":"https:\/\/quechilero.com\/blog\/category\/limones\/"},"img":{"alt_text":"","src":"","width":0,"height":0},"classes":[]},{"id":874,"url":"https:\/\/quechilero.com\/blog\/2008\/02\/19\/cuaresma-evangelio-19-feb-08\/","url_meta":{"origin":894,"position":5},"title":"Cuaresma &#8211; Evangelio 19 feb 08","author":"Pepe Barrascout Ortiz","date":"19 febrero 2008","format":false,"excerpt":"Evangelio seg\u00fan San Mateo 23,1-12. Entonces Jes\u00fas dijo a la multitud y a sus disc\u00edpulos: \"Los escribas y fariseos ocupan la c\u00e1tedra de Mois\u00e9s; ustedes hagan y cumplan todo lo que ellos les digan, pero no se gu\u00eden por sus obras, porque no hacen lo que dicen. Atan pesadas cargas\u2026","rel":"","context":"En \u00abLimones\u00bb","block_context":{"text":"Limones","link":"https:\/\/quechilero.com\/blog\/category\/limones\/"},"img":{"alt_text":"","src":"","width":0,"height":0},"classes":[]}],"jetpack_featured_media_url":"","_links":{"self":[{"href":"https:\/\/quechilero.com\/blog\/wp-json\/wp\/v2\/posts\/894","targetHints":{"allow":["GET"]}}],"collection":[{"href":"https:\/\/quechilero.com\/blog\/wp-json\/wp\/v2\/posts"}],"about":[{"href":"https:\/\/quechilero.com\/blog\/wp-json\/wp\/v2\/types\/post"}],"author":[{"embeddable":true,"href":"https:\/\/quechilero.com\/blog\/wp-json\/wp\/v2\/users\/1"}],"replies":[{"embeddable":true,"href":"https:\/\/quechilero.com\/blog\/wp-json\/wp\/v2\/comments?post=894"}],"version-history":[{"count":0,"href":"https:\/\/quechilero.com\/blog\/wp-json\/wp\/v2\/posts\/894\/revisions"}],"wp:attachment":[{"href":"https:\/\/quechilero.com\/blog\/wp-json\/wp\/v2\/media?parent=894"}],"wp:term":[{"taxonomy":"category","embeddable":true,"href":"https:\/\/quechilero.com\/blog\/wp-json\/wp\/v2\/categories?post=894"},{"taxonomy":"post_tag","embeddable":true,"href":"https:\/\/quechilero.com\/blog\/wp-json\/wp\/v2\/tags?post=894"},{"taxonomy":"series","embeddable":true,"href":"https:\/\/quechilero.com\/blog\/wp-json\/wp\/v2\/series?post=894"}],"curies":[{"name":"wp","href":"https:\/\/api.w.org\/{rel}","templated":true}]}}