{"id":882,"date":"2008-02-27T09:00:22","date_gmt":"2008-02-27T15:00:22","guid":{"rendered":"http:\/\/www.quechilero.com\/blog\/2008\/02\/27\/cuaresma-evangelio-27-feb-08\/"},"modified":"2008-02-27T09:00:22","modified_gmt":"2008-02-27T15:00:22","slug":"cuaresma-evangelio-27-feb-08","status":"publish","type":"post","link":"https:\/\/quechilero.com\/blog\/2008\/02\/27\/cuaresma-evangelio-27-feb-08\/","title":{"rendered":"Cuaresma &#8211; Evangelio 27 feb 08"},"content":{"rendered":"<p><strong>Evangelio seg\u00fan San Mateo 5,17-19.<\/strong><\/p>\n<p>No piensen que vine para abolir la Ley o los Profetas: yo no he venido a abolir, sino a dar cumplimiento.<\/p>\n<p>Les aseguro que no desaparecer\u00e1 ni una i ni una coma de la Ley, antes que desaparezcan el cielo y la tierra, hasta que todo se realice.<\/p>\n<p>El que no cumpla el m\u00e1s peque\u00f1o de estos mandamientos, y ense\u00f1e a los otros a hacer lo mismo, ser\u00e1 considerado el menor en el Reino de los Cielos. En cambio, el que los cumpla y ense\u00f1e, ser\u00e1 considerado grande en el Reino de los Cielos.<\/p>\n","protected":false},"excerpt":{"rendered":"<p>Evangelio seg\u00fan San Mateo 5,17-19. No piensen que vine para abolir la Ley o los Profetas: yo no he venido a abolir, sino a dar cumplimiento. Les aseguro que no desaparecer\u00e1 ni una i ni una coma de la Ley, antes que desaparezcan el cielo y la tierra, hasta que todo se realice. El que &#8230; <a title=\"Cuaresma &#8211; Evangelio 27 feb 08\" class=\"read-more\" href=\"https:\/\/quechilero.com\/blog\/2008\/02\/27\/cuaresma-evangelio-27-feb-08\/\" aria-label=\"Leer m\u00e1s sobre Cuaresma &#8211; Evangelio 27 feb 08\">Leer m\u00e1s<\/a><\/p>\n","protected":false},"author":1,"featured_media":0,"comment_status":"open","ping_status":"open","sticky":false,"template":"","format":"standard","meta":{"advanced_seo_description":"","jetpack_seo_html_title":"","jetpack_seo_noindex":false,"jetpack_seo_schema_type":"","episode_type":"","audio_file":"","podmotor_file_id":"","podmotor_episode_id":"","cover_image":"","cover_image_id":"","duration":"","filesize":"","filesize_raw":"","date_recorded":"","explicit":"","block":"","_jetpack_newsletter_access":"","_jetpack_dont_email_post_to_subs":false,"_jetpack_newsletter_tier_id":0,"_jetpack_memberships_contains_paywalled_content":false,"_jetpack_feature_clip_id":0,"_jetpack_memberships_contains_paid_content":false,"footnotes":"","jetpack_publicize_message":"","jetpack_publicize_feature_enabled":true,"jetpack_social_post_already_shared":false,"jetpack_social_options":{"image_generator_settings":{"template":"highway","default_image_id":0,"font":"","enabled":false},"version":2},"jetpack_post_was_ever_published":false},"categories":[2],"tags":[100,90],"series":[],"class_list":["post-882","post","type-post","status-publish","format-standard","hentry","category-limones","tag-cuaresma","tag-evangelio"],"episode_featured_image":false,"episode_player_image":"https:\/\/i0.wp.com\/quechilero.com\/blog\/imagenes\/podcast.png?fit=1831%2C1831&ssl=1","download_link":"","player_link":"","audio_player":false,"episode_data":{"playerMode":"dark","subscribeUrls":{"amazon":{"key":"amazon","url":"","label":"Amazon","class":"amazon","icon":"amazon.png"},"apple_podcasts":{"key":"apple_podcasts","url":"","label":"Apple Podcasts","class":"apple_podcasts","icon":"apple-podcasts.png"},"castbox":{"key":"castbox","url":"","label":"CastBox","class":"castbox","icon":"castbox.png"},"deezer":{"key":"deezer","url":"","label":"Deezer","class":"deezer","icon":"deezer.png"},"google_podcasts":{"key":"google_podcasts","url":"","label":"Google Podcasts","class":"google_podcasts","icon":"google-podcasts.png"},"listen_notes":{"key":"listen_notes","url":"","label":"Listen Notes","class":"listen_notes","icon":"listen-notes.png"},"pandora":{"key":"pandora","url":"","label":"Pandora","class":"pandora","icon":"pandora.png"},"podbean":{"key":"podbean","url":"","label":"Podbean","class":"podbean","icon":"podbean.png"},"podcast_republic":{"key":"podcast_republic","url":"","label":"Podcast Republic","class":"podcast_republic","icon":"podcast-republic.png"},"rss":{"key":"rss","url":"","label":"RSS","class":"rss","icon":"rss.png"},"spotify":{"key":"spotify","url":"","label":"Spotify","class":"spotify","icon":"spotify.png"},"stitcher":{"key":"stitcher","url":"","label":"Stitcher","class":"stitcher","icon":"stitcher.png"},"tunein":{"key":"tunein","url":"","label":"TuneIn","class":"tunein","icon":"tunein.png"},"youtube":{"key":"youtube","url":"","label":"YouTube","class":"youtube","icon":"youtube.png"},"iheartradio":{"key":"iheartradio","url":"","label":"iHeartRadio","class":"iheartradio","icon":"iheartradio.png"},"ivoox":{"key":"ivoox","url":"","label":"iVoox","class":"ivoox","icon":"ivoox.png"}},"rssFeedUrl":"https:\/\/quechilero.com\/blog\/feed\/podcast\/si-la-vida-nos-da-limones","embedCode":"<blockquote class=\"wp-embedded-content\" data-secret=\"fNaOt5Ursk\"><a href=\"https:\/\/quechilero.com\/blog\/2008\/02\/27\/cuaresma-evangelio-27-feb-08\/\">Cuaresma &#8211; Evangelio 27 feb 08<\/a><\/blockquote><iframe sandbox=\"allow-scripts\" security=\"restricted\" src=\"https:\/\/quechilero.com\/blog\/2008\/02\/27\/cuaresma-evangelio-27-feb-08\/embed\/#?secret=fNaOt5Ursk\" width=\"500\" height=\"350\" title=\"\u00abCuaresma &#8211; Evangelio 27 feb 08\u00bb \u2014 Si la Vida nos da Limones...\" data-secret=\"fNaOt5Ursk\" frameborder=\"0\" marginwidth=\"0\" marginheight=\"0\" scrolling=\"no\" class=\"wp-embedded-content\"><\/iframe><script>\n\/*! This file is auto-generated *\/\n!function(d,l){\"use strict\";l.querySelector&&d.addEventListener&&\"undefined\"!=typeof URL&&(d.wp=d.wp||{},d.wp.receiveEmbedMessage||(d.wp.receiveEmbedMessage=function(e){var t=e.data;if((t||t.secret||t.message||t.value)&&!\/[^a-zA-Z0-9]\/.test(t.secret)){for(var s,r,n,a=l.querySelectorAll('iframe[data-secret=\"'+t.secret+'\"]'),o=l.querySelectorAll('blockquote[data-secret=\"'+t.secret+'\"]'),c=new RegExp(\"^https?:$\",\"i\"),i=0;i<o.length;i++)o[i].style.display=\"none\";for(i=0;i<a.length;i++)s=a[i],e.source===s.contentWindow&&(s.removeAttribute(\"style\"),\"height\"===t.message?(1e3<(r=parseInt(t.value,10))?r=1e3:~~r<200&&(r=200),s.height=r):\"link\"===t.message&&(r=new URL(s.getAttribute(\"src\")),n=new URL(t.value),c.test(n.protocol))&&n.host===r.host&&l.activeElement===s&&(d.top.location.href=t.value))}},d.addEventListener(\"message\",d.wp.receiveEmbedMessage,!1),l.addEventListener(\"DOMContentLoaded\",function(){for(var e,t,s=l.querySelectorAll(\"iframe.wp-embedded-content\"),r=0;r<s.length;r++)(t=(e=s[r]).getAttribute(\"data-secret\"))||(t=Math.random().toString(36).substring(2,12),e.src+=\"#?secret=\"+t,e.setAttribute(\"data-secret\",t)),e.contentWindow.postMessage({message:\"ready\",secret:t},\"*\")},!1)))}(window,document);\n\/\/# sourceURL=https:\/\/quechilero.com\/blog\/wp-includes\/js\/wp-embed.min.js\n<\/script>\n"},"jetpack_publicize_connections":[],"jetpack_shortlink":"https:\/\/wp.me\/pDKli-ee","jetpack_sharing_enabled":true,"jetpack-related-posts":[{"id":865,"url":"https:\/\/quechilero.com\/blog\/2008\/02\/12\/cuaresma-evangelio-del-dia-12-feb-08\/","url_meta":{"origin":882,"position":0},"title":"Cuaresma &#8211; Evangelio 12 feb 08","author":"Pepe Barrascout Ortiz","date":"12 febrero 2008","format":false,"excerpt":"Evangelio seg\u00fan San Mateo 6,7-15. Cuando oren, no hablen mucho, como hacen los paganos: ellos creen que por mucho hablar ser\u00e1n escuchados. No hagan como ellos, porque el Padre que est\u00e1 en el cielo sabe bien qu\u00e9 es lo que les hace falta, antes de que se lo pidan. Ustedes\u2026","rel":"","context":"En \u00abLimones\u00bb","block_context":{"text":"Limones","link":"https:\/\/quechilero.com\/blog\/category\/limones\/"},"img":{"alt_text":"","src":"","width":0,"height":0},"classes":[]},{"id":877,"url":"https:\/\/quechilero.com\/blog\/2008\/02\/22\/cuaresma-evangelio-22-feb-08\/","url_meta":{"origin":882,"position":1},"title":"Cuaresma &#8211; Evangelio 22 feb 08","author":"Pepe Barrascout Ortiz","date":"22 febrero 2008","format":false,"excerpt":"Evangelio seg\u00fan San Mateo 16,13-19. Al llegar a la regi\u00f3n de Cesarea de Filipo, Jes\u00fas pregunt\u00f3 a sus disc\u00edpulos: \"\u00bfQu\u00e9 dice la gente sobre el Hijo del hombre? \u00bfQui\u00e9n dicen que es?\". Ellos le respondieron: \"Unos dicen que es Juan el Bautista; otros, El\u00edas; y otros, Jerem\u00edas o alguno de\u2026","rel":"","context":"En \u00abLimones\u00bb","block_context":{"text":"Limones","link":"https:\/\/quechilero.com\/blog\/category\/limones\/"},"img":{"alt_text":"","src":"","width":0,"height":0},"classes":[]},{"id":868,"url":"https:\/\/quechilero.com\/blog\/2008\/02\/15\/cuaresma-evangelio-15-feb-08\/","url_meta":{"origin":882,"position":2},"title":"Cuaresma &#8211; Evangelio 15 feb 08","author":"Pepe Barrascout Ortiz","date":"15 febrero 2008","format":false,"excerpt":"Evangelio seg\u00fan San Mateo 5,20-26. Les aseguro que si la justicia de ustedes no es superior a la de los escribas y fariseos, no entrar\u00e1n en el Reino de los Cielos. Ustedes han o\u00eddo que se dijo a los antepasados: No matar\u00e1s, y el que mata, debe ser llevado ante\u2026","rel":"","context":"En \u00abLimones\u00bb","block_context":{"text":"Limones","link":"https:\/\/quechilero.com\/blog\/category\/limones\/"},"img":{"alt_text":"","src":"","width":0,"height":0},"classes":[]},{"id":883,"url":"https:\/\/quechilero.com\/blog\/2008\/02\/28\/cuaresma-evangelio-28-feb-08\/","url_meta":{"origin":882,"position":3},"title":"Cuaresma &#8211; Evangelio 28 feb 08","author":"Pepe Barrascout Ortiz","date":"28 febrero 2008","format":false,"excerpt":"Evangelio seg\u00fan San Lucas 11,14-23. Jes\u00fas estaba expulsando a un demonio que era mudo. Apenas sali\u00f3 el demonio, el mudo empez\u00f3 a hablar. La muchedumbre qued\u00f3 admirada, pero algunos de ellos dec\u00edan: \"Este expulsa a los demonios por el poder de Belzebul, el Pr\u00edncipe de los demonios\". Otros, para ponerlo\u2026","rel":"","context":"En \u00abLimones\u00bb","block_context":{"text":"Limones","link":"https:\/\/quechilero.com\/blog\/category\/limones\/"},"img":{"alt_text":"","src":"","width":0,"height":0},"classes":[]},{"id":869,"url":"https:\/\/quechilero.com\/blog\/2008\/02\/16\/cuaresma-evangelio-16-feb-08\/","url_meta":{"origin":882,"position":4},"title":"Cuaresma &#8211; Evangelio 16 feb 08","author":"Pepe Barrascout Ortiz","date":"16 febrero 2008","format":false,"excerpt":"Evangelio seg\u00fan San Mateo 5,43-48. Ustedes han o\u00eddo que se dijo: Amar\u00e1s a tu pr\u00f3jimo y odiar\u00e1s a tu enemigo. Pero yo les digo: Amen a sus enemigos, rueguen por sus perseguidores; as\u00ed ser\u00e1n hijos del Padre que est\u00e1 en el cielo, porque \u00c9l hace salir el sol sobre malos\u2026","rel":"","context":"En \u00abLimones\u00bb","block_context":{"text":"Limones","link":"https:\/\/quechilero.com\/blog\/category\/limones\/"},"img":{"alt_text":"","src":"","width":0,"height":0},"classes":[]},{"id":881,"url":"https:\/\/quechilero.com\/blog\/2008\/02\/26\/cuaresma-evangelio-26-feb-08\/","url_meta":{"origin":882,"position":5},"title":"Cuaresma &#8211; Evangelio 26 feb 08","author":"Pepe Barrascout Ortiz","date":"26 febrero 2008","format":false,"excerpt":"Evangelio seg\u00fan San Mateo 18,21-35. Entonces se adelant\u00f3 Pedro y le dijo: \"Se\u00f1or, \u00bfcu\u00e1ntas veces tendr\u00e1 que perdonar a mi hermano las ofensas que me haga? \u00bfHasta siete veces?\". Jes\u00fas le respondi\u00f3: \"No te digo hasta siete veces, sino hasta setenta veces siete. Por eso, el Reino de los Cielos\u2026","rel":"","context":"En \u00abLimones\u00bb","block_context":{"text":"Limones","link":"https:\/\/quechilero.com\/blog\/category\/limones\/"},"img":{"alt_text":"","src":"","width":0,"height":0},"classes":[]}],"jetpack_featured_media_url":"","_links":{"self":[{"href":"https:\/\/quechilero.com\/blog\/wp-json\/wp\/v2\/posts\/882","targetHints":{"allow":["GET"]}}],"collection":[{"href":"https:\/\/quechilero.com\/blog\/wp-json\/wp\/v2\/posts"}],"about":[{"href":"https:\/\/quechilero.com\/blog\/wp-json\/wp\/v2\/types\/post"}],"author":[{"embeddable":true,"href":"https:\/\/quechilero.com\/blog\/wp-json\/wp\/v2\/users\/1"}],"replies":[{"embeddable":true,"href":"https:\/\/quechilero.com\/blog\/wp-json\/wp\/v2\/comments?post=882"}],"version-history":[{"count":0,"href":"https:\/\/quechilero.com\/blog\/wp-json\/wp\/v2\/posts\/882\/revisions"}],"wp:attachment":[{"href":"https:\/\/quechilero.com\/blog\/wp-json\/wp\/v2\/media?parent=882"}],"wp:term":[{"taxonomy":"category","embeddable":true,"href":"https:\/\/quechilero.com\/blog\/wp-json\/wp\/v2\/categories?post=882"},{"taxonomy":"post_tag","embeddable":true,"href":"https:\/\/quechilero.com\/blog\/wp-json\/wp\/v2\/tags?post=882"},{"taxonomy":"series","embeddable":true,"href":"https:\/\/quechilero.com\/blog\/wp-json\/wp\/v2\/series?post=882"}],"curies":[{"name":"wp","href":"https:\/\/api.w.org\/{rel}","templated":true}]}}