{"id":881,"date":"2008-02-26T09:00:13","date_gmt":"2008-02-26T15:00:13","guid":{"rendered":"http:\/\/www.quechilero.com\/blog\/2008\/02\/26\/cuaresma-evangelio-26-feb-08\/"},"modified":"2008-02-26T09:00:13","modified_gmt":"2008-02-26T15:00:13","slug":"cuaresma-evangelio-26-feb-08","status":"publish","type":"post","link":"https:\/\/quechilero.com\/blog\/2008\/02\/26\/cuaresma-evangelio-26-feb-08\/","title":{"rendered":"Cuaresma &#8211; Evangelio 26 feb 08"},"content":{"rendered":"<p><strong>Evangelio seg\u00fan San Mateo 18,21-35.<\/strong><\/p>\n<p>Entonces se adelant\u00f3 Pedro y le dijo: \u00abSe\u00f1or, \u00bfcu\u00e1ntas veces tendr\u00e1 que perdonar a mi hermano las ofensas que me haga? \u00bfHasta siete veces?\u00bb.<\/p>\n<p>Jes\u00fas le respondi\u00f3: \u00abNo te digo hasta siete veces, sino hasta setenta veces siete.<\/p>\n<p>Por eso, el Reino de los Cielos se parece a un rey que quiso arreglar las cuentas con sus servidores.<\/p>\n<p>Comenzada la tarea, le presentaron a uno que deb\u00eda diez mil talentos.<\/p>\n<p>Como no pod\u00eda pagar, el rey mand\u00f3 que fuera vendido junto con su mujer, sus hijos y todo lo que ten\u00eda, para saldar la deuda.<\/p>\n<p>El servidor se arroj\u00f3 a sus pies, dici\u00e9ndole: \u00abSe\u00f1or, dame un plazo y te pagar\u00e1 todo\u00bb.<\/p>\n<p>El rey se compadeci\u00f3, lo dej\u00f3 ir y, adem\u00e1s, le perdon\u00f3 la deuda.<\/p>\n<p>Al salir, este servidor encontr\u00f3 a uno de sus compa\u00f1eros que le deb\u00eda cien denarios y, tom\u00e1ndolo del cuello hasta ahogarlo, le dijo: &#8216;P\u00f3game lo que me debes&#8217;.<\/p>\n<p>El otro se arroj\u00f3 a sus pies y le suplic\u00f3: &#8216;Dame un plazo y te pagar\u00e1 la deuda&#8217;.<\/p>\n<p>Pero \u00c9l no quiso, sino que lo hizo poner en la c\u00e1rcel hasta que pagara lo que deb\u00eda.<\/p>\n<p>Los dem\u00e1s servidores, al ver lo que hab\u00eda sucedido, se apenaron mucho y fueron a contarlo a su se\u00f1or.<\/p>\n<p>Este lo mand\u00f3 llamar y le dijo: &#8216;\u00a1Miserable! Me suplicaste, y te perdon\u00f3 la deuda.<\/p>\n<p>\u00bfNo deb\u00edas tambi\u00e9n t\u00fa tener compasi\u00f3n de tu compa\u00f1ero, como yo me compadec\u00ed de t\u00ed?&#8217;.<\/p>\n<p>E indignado, el rey lo entreg\u00f3 en manos de los verdugos hasta que pagara todo lo que deb\u00eda.<\/p>\n<p>Lo mismo har\u00e1 tambi\u00e9n mi Padre celestial con ustedes, si no perdonan de coraz\u00f3n a sus hermanos\u00bb.<\/p>\n","protected":false},"excerpt":{"rendered":"<p>Evangelio seg\u00fan San Mateo 18,21-35. Entonces se adelant\u00f3 Pedro y le dijo: \u00abSe\u00f1or, \u00bfcu\u00e1ntas veces tendr\u00e1 que perdonar a mi hermano las ofensas que me haga? \u00bfHasta siete veces?\u00bb. Jes\u00fas le respondi\u00f3: \u00abNo te digo hasta siete veces, sino hasta setenta veces siete. Por eso, el Reino de los Cielos se parece a un rey &#8230; <a title=\"Cuaresma &#8211; Evangelio 26 feb 08\" class=\"read-more\" href=\"https:\/\/quechilero.com\/blog\/2008\/02\/26\/cuaresma-evangelio-26-feb-08\/\" aria-label=\"Leer m\u00e1s sobre Cuaresma &#8211; Evangelio 26 feb 08\">Leer m\u00e1s<\/a><\/p>\n","protected":false},"author":1,"featured_media":0,"comment_status":"open","ping_status":"open","sticky":false,"template":"","format":"standard","meta":{"advanced_seo_description":"","jetpack_seo_html_title":"","jetpack_seo_noindex":false,"jetpack_seo_schema_type":"","episode_type":"","audio_file":"","podmotor_file_id":"","podmotor_episode_id":"","cover_image":"","cover_image_id":"","duration":"","filesize":"","filesize_raw":"","date_recorded":"","explicit":"","block":"","_jetpack_newsletter_access":"","_jetpack_dont_email_post_to_subs":false,"_jetpack_newsletter_tier_id":0,"_jetpack_memberships_contains_paywalled_content":false,"_jetpack_feature_clip_id":0,"_jetpack_memberships_contains_paid_content":false,"footnotes":"","jetpack_publicize_message":"","jetpack_publicize_feature_enabled":true,"jetpack_social_post_already_shared":false,"jetpack_social_options":{"image_generator_settings":{"template":"highway","default_image_id":0,"font":"","enabled":false},"version":2},"jetpack_post_was_ever_published":false},"categories":[2],"tags":[100,90,74,20,52,58],"series":[],"class_list":["post-881","post","type-post","status-publish","format-standard","hentry","category-limones","tag-cuaresma","tag-evangelio","tag-jesus","tag-mujer","tag-pasion","tag-regla"],"episode_featured_image":false,"episode_player_image":"https:\/\/i0.wp.com\/quechilero.com\/blog\/imagenes\/podcast.png?fit=1831%2C1831&ssl=1","download_link":"","player_link":"","audio_player":false,"episode_data":{"playerMode":"dark","subscribeUrls":{"amazon":{"key":"amazon","url":"","label":"Amazon","class":"amazon","icon":"amazon.png"},"apple_podcasts":{"key":"apple_podcasts","url":"","label":"Apple Podcasts","class":"apple_podcasts","icon":"apple-podcasts.png"},"castbox":{"key":"castbox","url":"","label":"CastBox","class":"castbox","icon":"castbox.png"},"deezer":{"key":"deezer","url":"","label":"Deezer","class":"deezer","icon":"deezer.png"},"google_podcasts":{"key":"google_podcasts","url":"","label":"Google Podcasts","class":"google_podcasts","icon":"google-podcasts.png"},"listen_notes":{"key":"listen_notes","url":"","label":"Listen Notes","class":"listen_notes","icon":"listen-notes.png"},"pandora":{"key":"pandora","url":"","label":"Pandora","class":"pandora","icon":"pandora.png"},"podbean":{"key":"podbean","url":"","label":"Podbean","class":"podbean","icon":"podbean.png"},"podcast_republic":{"key":"podcast_republic","url":"","label":"Podcast Republic","class":"podcast_republic","icon":"podcast-republic.png"},"rss":{"key":"rss","url":"","label":"RSS","class":"rss","icon":"rss.png"},"spotify":{"key":"spotify","url":"","label":"Spotify","class":"spotify","icon":"spotify.png"},"stitcher":{"key":"stitcher","url":"","label":"Stitcher","class":"stitcher","icon":"stitcher.png"},"tunein":{"key":"tunein","url":"","label":"TuneIn","class":"tunein","icon":"tunein.png"},"youtube":{"key":"youtube","url":"","label":"YouTube","class":"youtube","icon":"youtube.png"},"iheartradio":{"key":"iheartradio","url":"","label":"iHeartRadio","class":"iheartradio","icon":"iheartradio.png"},"ivoox":{"key":"ivoox","url":"","label":"iVoox","class":"ivoox","icon":"ivoox.png"}},"rssFeedUrl":"https:\/\/quechilero.com\/blog\/feed\/podcast\/si-la-vida-nos-da-limones","embedCode":"<blockquote class=\"wp-embedded-content\" data-secret=\"bs0edeCW9l\"><a href=\"https:\/\/quechilero.com\/blog\/2008\/02\/26\/cuaresma-evangelio-26-feb-08\/\">Cuaresma &#8211; Evangelio 26 feb 08<\/a><\/blockquote><iframe sandbox=\"allow-scripts\" security=\"restricted\" src=\"https:\/\/quechilero.com\/blog\/2008\/02\/26\/cuaresma-evangelio-26-feb-08\/embed\/#?secret=bs0edeCW9l\" width=\"500\" height=\"350\" title=\"\u00abCuaresma &#8211; Evangelio 26 feb 08\u00bb \u2014 Si la Vida nos da Limones...\" data-secret=\"bs0edeCW9l\" frameborder=\"0\" marginwidth=\"0\" marginheight=\"0\" scrolling=\"no\" class=\"wp-embedded-content\"><\/iframe><script>\n\/*! This file is auto-generated *\/\n!function(d,l){\"use strict\";l.querySelector&&d.addEventListener&&\"undefined\"!=typeof URL&&(d.wp=d.wp||{},d.wp.receiveEmbedMessage||(d.wp.receiveEmbedMessage=function(e){var t=e.data;if((t||t.secret||t.message||t.value)&&!\/[^a-zA-Z0-9]\/.test(t.secret)){for(var s,r,n,a=l.querySelectorAll('iframe[data-secret=\"'+t.secret+'\"]'),o=l.querySelectorAll('blockquote[data-secret=\"'+t.secret+'\"]'),c=new RegExp(\"^https?:$\",\"i\"),i=0;i<o.length;i++)o[i].style.display=\"none\";for(i=0;i<a.length;i++)s=a[i],e.source===s.contentWindow&&(s.removeAttribute(\"style\"),\"height\"===t.message?(1e3<(r=parseInt(t.value,10))?r=1e3:~~r<200&&(r=200),s.height=r):\"link\"===t.message&&(r=new URL(s.getAttribute(\"src\")),n=new URL(t.value),c.test(n.protocol))&&n.host===r.host&&l.activeElement===s&&(d.top.location.href=t.value))}},d.addEventListener(\"message\",d.wp.receiveEmbedMessage,!1),l.addEventListener(\"DOMContentLoaded\",function(){for(var e,t,s=l.querySelectorAll(\"iframe.wp-embedded-content\"),r=0;r<s.length;r++)(t=(e=s[r]).getAttribute(\"data-secret\"))||(t=Math.random().toString(36).substring(2,12),e.src+=\"#?secret=\"+t,e.setAttribute(\"data-secret\",t)),e.contentWindow.postMessage({message:\"ready\",secret:t},\"*\")},!1)))}(window,document);\n\/\/# sourceURL=https:\/\/quechilero.com\/blog\/wp-includes\/js\/wp-embed.min.js\n<\/script>\n"},"jetpack_publicize_connections":[],"jetpack_shortlink":"https:\/\/wp.me\/pDKli-ed","jetpack_sharing_enabled":true,"jetpack-related-posts":[{"id":887,"url":"https:\/\/quechilero.com\/blog\/2008\/03\/03\/cuaresma-evangelio-03-mar-08\/","url_meta":{"origin":881,"position":0},"title":"Cuaresma &#8211; Evangelio 03 mar 08","author":"Pepe Barrascout Ortiz","date":"3 marzo 2008","format":false,"excerpt":"Evangelio seg\u00fan San Juan 4,43-54. Transcurridos los dos d\u00edas, Jes\u00fas parti\u00f3 hacia Galilea. El mismo hab\u00eda declarado que un profeta no goza de prestigio en su propio pueblo. Pero cuando lleg\u00f3, los galileos lo recibieron bien, porque hab\u00edan visto todo lo que hab\u00eda hecho en Jerusal\u00e9n durante la Pascua; ellos\u2026","rel":"","context":"En \u00abLimones\u00bb","block_context":{"text":"Limones","link":"https:\/\/quechilero.com\/blog\/category\/limones\/"},"img":{"alt_text":"","src":"","width":0,"height":0},"classes":[]},{"id":907,"url":"https:\/\/quechilero.com\/blog\/2008\/03\/21\/cuaresma-evangelio-21-mar-08\/","url_meta":{"origin":881,"position":1},"title":"Cuaresma &#8211; Evangelio 21 mar 08","author":"Pepe Barrascout Ortiz","date":"21 marzo 2008","format":false,"excerpt":"Evangelio seg\u00fan San Juan 18,1-40.19,1-42. Despu\u00e9s de haber dicho esto, Jes\u00fas fue con sus disc\u00edpulos al otro lado del torrente Cedr\u00f3n. Hab\u00eda en ese lugar una huerta y all\u00e1 entr\u00f3 con ellos. Judas, el traidor, tambi\u00e9n conoc\u00eda el lugar porque Jes\u00fas y sus disc\u00edpulos se reun\u00edan all\u00ed con frecuencia. Entonces\u2026","rel":"","context":"En \u00abLimones\u00bb","block_context":{"text":"Limones","link":"https:\/\/quechilero.com\/blog\/category\/limones\/"},"img":{"alt_text":"","src":"","width":0,"height":0},"classes":[]},{"id":874,"url":"https:\/\/quechilero.com\/blog\/2008\/02\/19\/cuaresma-evangelio-19-feb-08\/","url_meta":{"origin":881,"position":2},"title":"Cuaresma &#8211; Evangelio 19 feb 08","author":"Pepe Barrascout Ortiz","date":"19 febrero 2008","format":false,"excerpt":"Evangelio seg\u00fan San Mateo 23,1-12. Entonces Jes\u00fas dijo a la multitud y a sus disc\u00edpulos: \"Los escribas y fariseos ocupan la c\u00e1tedra de Mois\u00e9s; ustedes hagan y cumplan todo lo que ellos les digan, pero no se gu\u00eden por sus obras, porque no hacen lo que dicen. Atan pesadas cargas\u2026","rel":"","context":"En \u00abLimones\u00bb","block_context":{"text":"Limones","link":"https:\/\/quechilero.com\/blog\/category\/limones\/"},"img":{"alt_text":"","src":"","width":0,"height":0},"classes":[]},{"id":894,"url":"https:\/\/quechilero.com\/blog\/2008\/03\/10\/cuaresma-evangelio-10-mar-08\/","url_meta":{"origin":881,"position":3},"title":"Cuaresma &#8211; Evangelio 10 mar 08","author":"Pepe Barrascout Ortiz","date":"10 marzo 2008","format":false,"excerpt":"Evangelio seg\u00fan San Juan 8,1-11. Jes\u00fas fue al monte de los Olivos. Al amanecer volvi\u00f3 al Templo, y todo el pueblo acud\u00eda a \u00c9l. Entonces se sent\u00f3 y comenz\u00f3 a ense\u00f1arles. Los escribas y los fariseos le trajeron a una mujer que hab\u00eda sido sorprendida en adulterio y, poni\u00e9ndola en\u2026","rel":"","context":"En \u00abLimones\u00bb","block_context":{"text":"Limones","link":"https:\/\/quechilero.com\/blog\/category\/limones\/"},"img":{"alt_text":"","src":"","width":0,"height":0},"classes":[]},{"id":875,"url":"https:\/\/quechilero.com\/blog\/2008\/02\/20\/cuaresma-evangelio-20-feb-08\/","url_meta":{"origin":881,"position":4},"title":"Cuaresma &#8211; Evangelio 20 feb 08","author":"Pepe Barrascout Ortiz","date":"20 febrero 2008","format":false,"excerpt":"Evangelio seg\u00fan San Mateo 20,17-28. Cuando Jes\u00fas se dispuso a subir a Jerusal\u00e9n, llev\u00f3 consigo s\u00f3lo a los Doce, y en el camino les dijo: \"Ahora subimos a Jerusal\u00e9n, donde el Hijo del hombre va a ser entregado a los sumos sacerdotes y a los escribas. Ellos lo condenar\u00e1n a\u2026","rel":"","context":"En \u00abLimones\u00bb","block_context":{"text":"Limones","link":"https:\/\/quechilero.com\/blog\/category\/limones\/"},"img":{"alt_text":"","src":"","width":0,"height":0},"classes":[]},{"id":904,"url":"https:\/\/quechilero.com\/blog\/2008\/03\/18\/cuaresma-evangelio-18-mar-08\/","url_meta":{"origin":881,"position":5},"title":"Cuaresma &#8211; Evangelio 18 mar 08","author":"Pepe Barrascout Ortiz","date":"18 marzo 2008","format":false,"excerpt":"Evangelio seg\u00fan San Juan 13,21-33.36-38. Despu\u00e9s de decir esto, Jes\u00fas se estremeci\u00f3 y manifest\u00f3 claramente: \"Les aseguro que uno de ustedes me entregar\u00e1\". Los disc\u00edpulos se miraban unos a otros, no sabiendo a qui\u00e9n se refer\u00eda. Uno de ellos -el disc\u00edpulo al que Jes\u00fas amaba- estaba reclinado muy cerca de\u2026","rel":"","context":"En \u00abLimones\u00bb","block_context":{"text":"Limones","link":"https:\/\/quechilero.com\/blog\/category\/limones\/"},"img":{"alt_text":"","src":"","width":0,"height":0},"classes":[]}],"jetpack_featured_media_url":"","_links":{"self":[{"href":"https:\/\/quechilero.com\/blog\/wp-json\/wp\/v2\/posts\/881","targetHints":{"allow":["GET"]}}],"collection":[{"href":"https:\/\/quechilero.com\/blog\/wp-json\/wp\/v2\/posts"}],"about":[{"href":"https:\/\/quechilero.com\/blog\/wp-json\/wp\/v2\/types\/post"}],"author":[{"embeddable":true,"href":"https:\/\/quechilero.com\/blog\/wp-json\/wp\/v2\/users\/1"}],"replies":[{"embeddable":true,"href":"https:\/\/quechilero.com\/blog\/wp-json\/wp\/v2\/comments?post=881"}],"version-history":[{"count":0,"href":"https:\/\/quechilero.com\/blog\/wp-json\/wp\/v2\/posts\/881\/revisions"}],"wp:attachment":[{"href":"https:\/\/quechilero.com\/blog\/wp-json\/wp\/v2\/media?parent=881"}],"wp:term":[{"taxonomy":"category","embeddable":true,"href":"https:\/\/quechilero.com\/blog\/wp-json\/wp\/v2\/categories?post=881"},{"taxonomy":"post_tag","embeddable":true,"href":"https:\/\/quechilero.com\/blog\/wp-json\/wp\/v2\/tags?post=881"},{"taxonomy":"series","embeddable":true,"href":"https:\/\/quechilero.com\/blog\/wp-json\/wp\/v2\/series?post=881"}],"curies":[{"name":"wp","href":"https:\/\/api.w.org\/{rel}","templated":true}]}}