{"id":878,"date":"2008-02-23T10:13:47","date_gmt":"2008-02-23T16:13:47","guid":{"rendered":"http:\/\/www.quechilero.com\/blog\/2008\/02\/23\/cuaresma-evangelio-23-feb-08\/"},"modified":"2008-02-23T10:13:47","modified_gmt":"2008-02-23T16:13:47","slug":"cuaresma-evangelio-23-feb-08","status":"publish","type":"post","link":"https:\/\/quechilero.com\/blog\/2008\/02\/23\/cuaresma-evangelio-23-feb-08\/","title":{"rendered":"Cuaresma &#8211; Evangelio 23 feb 08"},"content":{"rendered":"<p><strong>Evangelio seg\u00fan San Lucas 15,1-3.11-32.<\/strong><\/p>\n<p>Todos los publicanos y pecadores se acercaban a Jes\u00fas para escucharlo.<\/p>\n<p>Los fariseos y los escribas murmuraban, diciendo: \u00abEste hombre recibe a los pecadores y come con ellos\u00bb.<\/p>\n<p>Jes\u00fas les dijo entonces esta par\u00e1bola:<\/p>\n<p>Jes\u00fas dijo tambi\u00e9n: \u00abUn hombre ten\u00eda dos hijos.<\/p>\n<p>El menor de ellos dijo a su padre: &#8216;Padre, dame la parte de herencia que me corresponde&#8217;. Y el padre les reparti\u00f3 sus bienes.<\/p>\n<p>Pocos d\u00faas despu\u00e9s, el hijo menor recogi\u00f3 todo lo que ten\u00eda y se fue a un pa\u00eds lejano, donde malgast\u00f3 sus bienes en una vida licenciosa.<\/p>\n<p>Ya hab\u00eda gastado todo, cuando sobrevino mucha miseria en aquel pa\u00eds, y comenz\u00f3 a sufrir privaciones.<\/p>\n<p>Entonces se puso al servicio de uno de los habitantes de esa regi\u00f3n, que lo envi\u00f3 a su campo para cuidar cerdos.<\/p>\n<p>El hubiera deseado calmar su hambre con las bellotas que com\u00edan los cerdos, pero nadie se las daba.<\/p>\n<p>Entonces recapacit\u00f3 y dijo: \u00ab\u00a1Cu\u00e1ntos jornaleros de mi padre tienen pan en abundancia, y yo estoy aqu\u00ed muri\u00e9ndome de hambre!<\/p>\n<p>Ahora mismo ir\u00e9 a la casa de mi padre y le dir\u00e9: Padre, pequ\u00e9 contra el Cielo y contra ti; ya no merezco ser llamado hijo tuyo, tr\u00e1tame como a uno de tus jornaleros\u00bb.<\/p>\n<p>Entonces parti\u00f3 y volvi\u00f3 a la casa de su padre. Cuando todav\u00eda estaba lejos, su padre lo\u00a0vio\u00a0y se conmovi\u00f3 profundamente; corri\u00f3 a su encuentro, lo abraz\u00f3 y lo bes\u00f3.<\/p>\n<p>El joven le dijo: \u00abPadre, pequ\u00e9 contra el Cielo y contra ti; no merezco ser llamado hijo tuyo\u00bb.<\/p>\n<p>Pero el padre dijo a sus servidores: \u00abTraigan en seguida la mejor ropa y v\u00edstanlo, p\u00f3nganle un anillo en el dedo y sandalias en los pies.<\/p>\n<p>Traigan el ternero engordado y m\u00e1tenlo. Comamos y festejemos, porque mi hijo estaba muerto y ha vuelto a la vida, estaba perdido y fue encontrado\u00bb. Y comenz\u00f3 la fiesta.<\/p>\n<p>El hijo mayor estaba en el campo. Al volver, ya cerca de la casa, oy\u00f3 la m\u00fasica y los coros que acompa\u00f1aban la danza.<\/p>\n<p>Y llamando a uno de los sirvientes, le pregunt\u00f3 que significaba eso. El le respondi\u00f3: \u00abTu hermano ha regresado, y tu padre hizo matar el ternero engordado, porque lo ha recobrado sano y salvo\u00bb.<\/p>\n<p>El se enoj\u00f3 y no quiso entrar. Su padre sali\u00f3 para rogarle que entrara, pero \u00c9l le respondi\u00f3: \u00abHace tantos a\u00f1os que te sirvo sin haber desobedecido jam\u00e1s ni una sola de tus \u00f3rdenes, y nunca me diste un cabrito para hacer una fiesta con mis amigos. \u00a1Y ahora que ese hijo tuyo ha vuelto, despu\u00e9s de haber gastado tus bienes con mujeres, haces matar para \u00c9l el ternero engordado!\u00bb.<\/p>\n<p>Pero el padre le dijo: \u00abHijo m\u00edo, t\u00fa est\u00e1s siempre conmigo, y todo lo m\u00edo es tuyo. Es justo que haya fiesta y alegr\u00eda, porque tu hermano estaba muerto y ha vuelto a la vida, estaba perdido y ha sido encontrado\u00bb.<\/p>\n","protected":false},"excerpt":{"rendered":"<p>Evangelio seg\u00fan San Lucas 15,1-3.11-32. Todos los publicanos y pecadores se acercaban a Jes\u00fas para escucharlo. Los fariseos y los escribas murmuraban, diciendo: \u00abEste hombre recibe a los pecadores y come con ellos\u00bb. Jes\u00fas les dijo entonces esta par\u00e1bola: Jes\u00fas dijo tambi\u00e9n: \u00abUn hombre ten\u00eda dos hijos. El menor de ellos dijo a su padre: &#8230; <a title=\"Cuaresma &#8211; Evangelio 23 feb 08\" class=\"read-more\" href=\"https:\/\/quechilero.com\/blog\/2008\/02\/23\/cuaresma-evangelio-23-feb-08\/\" aria-label=\"Leer m\u00e1s sobre Cuaresma &#8211; Evangelio 23 feb 08\">Leer m\u00e1s<\/a><\/p>\n","protected":false},"author":1,"featured_media":0,"comment_status":"open","ping_status":"open","sticky":false,"template":"","format":"standard","meta":{"advanced_seo_description":"","jetpack_seo_html_title":"","jetpack_seo_noindex":false,"jetpack_seo_schema_type":"","episode_type":"","audio_file":"","podmotor_file_id":"","podmotor_episode_id":"","cover_image":"","cover_image_id":"","duration":"","filesize":"","filesize_raw":"","date_recorded":"","explicit":"","block":"","_jetpack_newsletter_access":"","_jetpack_dont_email_post_to_subs":false,"_jetpack_newsletter_tier_id":0,"_jetpack_memberships_contains_paywalled_content":false,"_jetpack_feature_clip_id":0,"_jetpack_memberships_contains_paid_content":false,"footnotes":"","jetpack_publicize_message":"","jetpack_publicize_feature_enabled":true,"jetpack_social_post_already_shared":false,"jetpack_social_options":{"image_generator_settings":{"template":"highway","default_image_id":0,"font":"","enabled":false},"version":2},"jetpack_post_was_ever_published":false},"categories":[2],"tags":[87,11,100,90,18,74,20,91,24],"series":[],"class_list":["post-878","post","type-post","status-publish","format-standard","hentry","category-limones","tag-alegria","tag-amigo","tag-cuaresma","tag-evangelio","tag-hombre","tag-jesus","tag-mujer","tag-parabola","tag-vida"],"episode_featured_image":false,"episode_player_image":"https:\/\/i0.wp.com\/quechilero.com\/blog\/imagenes\/podcast.png?fit=1831%2C1831&ssl=1","download_link":"","player_link":"","audio_player":false,"episode_data":{"playerMode":"dark","subscribeUrls":{"amazon":{"key":"amazon","url":"","label":"Amazon","class":"amazon","icon":"amazon.png"},"apple_podcasts":{"key":"apple_podcasts","url":"","label":"Apple Podcasts","class":"apple_podcasts","icon":"apple-podcasts.png"},"castbox":{"key":"castbox","url":"","label":"CastBox","class":"castbox","icon":"castbox.png"},"deezer":{"key":"deezer","url":"","label":"Deezer","class":"deezer","icon":"deezer.png"},"google_podcasts":{"key":"google_podcasts","url":"","label":"Google Podcasts","class":"google_podcasts","icon":"google-podcasts.png"},"listen_notes":{"key":"listen_notes","url":"","label":"Listen Notes","class":"listen_notes","icon":"listen-notes.png"},"pandora":{"key":"pandora","url":"","label":"Pandora","class":"pandora","icon":"pandora.png"},"podbean":{"key":"podbean","url":"","label":"Podbean","class":"podbean","icon":"podbean.png"},"podcast_republic":{"key":"podcast_republic","url":"","label":"Podcast Republic","class":"podcast_republic","icon":"podcast-republic.png"},"rss":{"key":"rss","url":"","label":"RSS","class":"rss","icon":"rss.png"},"spotify":{"key":"spotify","url":"","label":"Spotify","class":"spotify","icon":"spotify.png"},"stitcher":{"key":"stitcher","url":"","label":"Stitcher","class":"stitcher","icon":"stitcher.png"},"tunein":{"key":"tunein","url":"","label":"TuneIn","class":"tunein","icon":"tunein.png"},"youtube":{"key":"youtube","url":"","label":"YouTube","class":"youtube","icon":"youtube.png"},"iheartradio":{"key":"iheartradio","url":"","label":"iHeartRadio","class":"iheartradio","icon":"iheartradio.png"},"ivoox":{"key":"ivoox","url":"","label":"iVoox","class":"ivoox","icon":"ivoox.png"}},"rssFeedUrl":"https:\/\/quechilero.com\/blog\/feed\/podcast\/si-la-vida-nos-da-limones","embedCode":"<blockquote class=\"wp-embedded-content\" data-secret=\"rY2gNzGnlT\"><a href=\"https:\/\/quechilero.com\/blog\/2008\/02\/23\/cuaresma-evangelio-23-feb-08\/\">Cuaresma &#8211; Evangelio 23 feb 08<\/a><\/blockquote><iframe sandbox=\"allow-scripts\" security=\"restricted\" src=\"https:\/\/quechilero.com\/blog\/2008\/02\/23\/cuaresma-evangelio-23-feb-08\/embed\/#?secret=rY2gNzGnlT\" width=\"500\" height=\"350\" title=\"\u00abCuaresma &#8211; Evangelio 23 feb 08\u00bb \u2014 Si la Vida nos da Limones...\" data-secret=\"rY2gNzGnlT\" frameborder=\"0\" marginwidth=\"0\" marginheight=\"0\" scrolling=\"no\" class=\"wp-embedded-content\"><\/iframe><script>\n\/*! This file is auto-generated *\/\n!function(d,l){\"use strict\";l.querySelector&&d.addEventListener&&\"undefined\"!=typeof URL&&(d.wp=d.wp||{},d.wp.receiveEmbedMessage||(d.wp.receiveEmbedMessage=function(e){var t=e.data;if((t||t.secret||t.message||t.value)&&!\/[^a-zA-Z0-9]\/.test(t.secret)){for(var s,r,n,a=l.querySelectorAll('iframe[data-secret=\"'+t.secret+'\"]'),o=l.querySelectorAll('blockquote[data-secret=\"'+t.secret+'\"]'),c=new RegExp(\"^https?:$\",\"i\"),i=0;i<o.length;i++)o[i].style.display=\"none\";for(i=0;i<a.length;i++)s=a[i],e.source===s.contentWindow&&(s.removeAttribute(\"style\"),\"height\"===t.message?(1e3<(r=parseInt(t.value,10))?r=1e3:~~r<200&&(r=200),s.height=r):\"link\"===t.message&&(r=new URL(s.getAttribute(\"src\")),n=new URL(t.value),c.test(n.protocol))&&n.host===r.host&&l.activeElement===s&&(d.top.location.href=t.value))}},d.addEventListener(\"message\",d.wp.receiveEmbedMessage,!1),l.addEventListener(\"DOMContentLoaded\",function(){for(var e,t,s=l.querySelectorAll(\"iframe.wp-embedded-content\"),r=0;r<s.length;r++)(t=(e=s[r]).getAttribute(\"data-secret\"))||(t=Math.random().toString(36).substring(2,12),e.src+=\"#?secret=\"+t,e.setAttribute(\"data-secret\",t)),e.contentWindow.postMessage({message:\"ready\",secret:t},\"*\")},!1)))}(window,document);\n\/\/# sourceURL=https:\/\/quechilero.com\/blog\/wp-includes\/js\/wp-embed.min.js\n<\/script>\n"},"jetpack_publicize_connections":[],"jetpack_shortlink":"https:\/\/wp.me\/pDKli-ea","jetpack_sharing_enabled":true,"jetpack-related-posts":[{"id":886,"url":"https:\/\/quechilero.com\/blog\/2008\/03\/02\/cuaresma-evangelio-02-mar-08\/","url_meta":{"origin":878,"position":0},"title":"Cuaresma &#8211; Evangelio 02 mar 08","author":"Pepe Barrascout Ortiz","date":"2 marzo 2008","format":false,"excerpt":"Evangelio seg\u00fan San Juan 9,1-41. Al pasar, vio a un hombre ciego de nacimiento. Sus disc\u00edpulos le preguntaron: \"Maestro, \u00bfqui\u00e9n ha pecado, \u00c9l o sus padres, para que haya nacido ciego?\". \"Ni \u00c9l ni sus padres han pecado, respondi\u00f3 Jes\u00fas; naci\u00f3 as\u00ed para que se manifiesten en \u00c9l las obras\u2026","rel":"","context":"En \u00abLimones\u00bb","block_context":{"text":"Limones","link":"https:\/\/quechilero.com\/blog\/category\/limones\/"},"img":{"alt_text":"","src":"","width":0,"height":0},"classes":[]},{"id":875,"url":"https:\/\/quechilero.com\/blog\/2008\/02\/20\/cuaresma-evangelio-20-feb-08\/","url_meta":{"origin":878,"position":1},"title":"Cuaresma &#8211; Evangelio 20 feb 08","author":"Pepe Barrascout Ortiz","date":"20 febrero 2008","format":false,"excerpt":"Evangelio seg\u00fan San Mateo 20,17-28. Cuando Jes\u00fas se dispuso a subir a Jerusal\u00e9n, llev\u00f3 consigo s\u00f3lo a los Doce, y en el camino les dijo: \"Ahora subimos a Jerusal\u00e9n, donde el Hijo del hombre va a ser entregado a los sumos sacerdotes y a los escribas. Ellos lo condenar\u00e1n a\u2026","rel":"","context":"En \u00abLimones\u00bb","block_context":{"text":"Limones","link":"https:\/\/quechilero.com\/blog\/category\/limones\/"},"img":{"alt_text":"","src":"","width":0,"height":0},"classes":[]},{"id":887,"url":"https:\/\/quechilero.com\/blog\/2008\/03\/03\/cuaresma-evangelio-03-mar-08\/","url_meta":{"origin":878,"position":2},"title":"Cuaresma &#8211; Evangelio 03 mar 08","author":"Pepe Barrascout Ortiz","date":"3 marzo 2008","format":false,"excerpt":"Evangelio seg\u00fan San Juan 4,43-54. Transcurridos los dos d\u00edas, Jes\u00fas parti\u00f3 hacia Galilea. El mismo hab\u00eda declarado que un profeta no goza de prestigio en su propio pueblo. Pero cuando lleg\u00f3, los galileos lo recibieron bien, porque hab\u00edan visto todo lo que hab\u00eda hecho en Jerusal\u00e9n durante la Pascua; ellos\u2026","rel":"","context":"En \u00abLimones\u00bb","block_context":{"text":"Limones","link":"https:\/\/quechilero.com\/blog\/category\/limones\/"},"img":{"alt_text":"","src":"","width":0,"height":0},"classes":[]},{"id":885,"url":"https:\/\/quechilero.com\/blog\/2008\/03\/01\/cuaresma-evangelio-01-mar-08\/","url_meta":{"origin":878,"position":3},"title":"Cuaresma &#8211; Evangelio 01 mar 08","author":"Pepe Barrascout Ortiz","date":"1 marzo 2008","format":false,"excerpt":"Evangelio seg\u00fan San Lucas 18,9-14. Y refiri\u00e9ndose a algunos que se ten\u00edan por justos y despreciaban a los dem\u00e1s, dijo tambi\u00e9n esta par\u00e1bola: \"Dos hombres subieron al Templo para orar: uno era fariseo y el otro, publicano. El fariseo, de pie, oraba as\u00ed: 'Dios m\u00edo, te doy gracias porque no\u2026","rel":"","context":"En \u00abLimones\u00bb","block_context":{"text":"Limones","link":"https:\/\/quechilero.com\/blog\/category\/limones\/"},"img":{"alt_text":"","src":"","width":0,"height":0},"classes":[]},{"id":899,"url":"https:\/\/quechilero.com\/blog\/2008\/03\/14\/cuaresma-evangelio-14-mar-08\/","url_meta":{"origin":878,"position":4},"title":"Cuaresma &#8211; Evangelio 14 mar 08","author":"Pepe Barrascout Ortiz","date":"14 marzo 2008","format":false,"excerpt":"Evangelio seg\u00fan San Juan 10,31-42. Los jud\u00edos tomaron piedras para apedrearlo. Entonces Jes\u00fas dijo: \"Les hice ver muchas obras buenas que vienen del Padre; \u00bfPor cu\u00e1l de ellas me quieren apedrear?\". Los jud\u00edos le respondieron: \"No queremos apedrearte por ninguna obra buena, sino porque blasfemas, ya que, siendo hombre, te\u2026","rel":"","context":"En \u00abLimones\u00bb","block_context":{"text":"Limones","link":"https:\/\/quechilero.com\/blog\/category\/limones\/"},"img":{"alt_text":"","src":"","width":0,"height":0},"classes":[]},{"id":896,"url":"https:\/\/quechilero.com\/blog\/2008\/03\/12\/cuaresma-evangelio-12-mar-08\/","url_meta":{"origin":878,"position":5},"title":"Cuaresma &#8211; Evangelio 12 mar 08","author":"Pepe Barrascout Ortiz","date":"12 marzo 2008","format":false,"excerpt":"Evangelio seg\u00fan San Juan 8,31-42. Jes\u00fas dijo a aquellos jud\u00edos que hab\u00edan cre\u00eddo en \u00c9l: \"Si ustedes permanecen fieles a mi palabra, ser\u00e1n verdaderamente mis disc\u00edpulos: conocer\u00e1n la verdad y la verdad los har\u00e1 libres\". Ellos le respondieron: \"Somos descendientes de Abraham y jam\u00e1s hemos sido esclavos de nadie. \u00bfC\u00f3mo\u2026","rel":"","context":"En \u00abLimones\u00bb","block_context":{"text":"Limones","link":"https:\/\/quechilero.com\/blog\/category\/limones\/"},"img":{"alt_text":"","src":"","width":0,"height":0},"classes":[]}],"jetpack_featured_media_url":"","_links":{"self":[{"href":"https:\/\/quechilero.com\/blog\/wp-json\/wp\/v2\/posts\/878","targetHints":{"allow":["GET"]}}],"collection":[{"href":"https:\/\/quechilero.com\/blog\/wp-json\/wp\/v2\/posts"}],"about":[{"href":"https:\/\/quechilero.com\/blog\/wp-json\/wp\/v2\/types\/post"}],"author":[{"embeddable":true,"href":"https:\/\/quechilero.com\/blog\/wp-json\/wp\/v2\/users\/1"}],"replies":[{"embeddable":true,"href":"https:\/\/quechilero.com\/blog\/wp-json\/wp\/v2\/comments?post=878"}],"version-history":[{"count":0,"href":"https:\/\/quechilero.com\/blog\/wp-json\/wp\/v2\/posts\/878\/revisions"}],"wp:attachment":[{"href":"https:\/\/quechilero.com\/blog\/wp-json\/wp\/v2\/media?parent=878"}],"wp:term":[{"taxonomy":"category","embeddable":true,"href":"https:\/\/quechilero.com\/blog\/wp-json\/wp\/v2\/categories?post=878"},{"taxonomy":"post_tag","embeddable":true,"href":"https:\/\/quechilero.com\/blog\/wp-json\/wp\/v2\/tags?post=878"},{"taxonomy":"series","embeddable":true,"href":"https:\/\/quechilero.com\/blog\/wp-json\/wp\/v2\/series?post=878"}],"curies":[{"name":"wp","href":"https:\/\/api.w.org\/{rel}","templated":true}]}}