{"id":875,"date":"2008-02-20T10:05:02","date_gmt":"2008-02-20T16:05:02","guid":{"rendered":"http:\/\/www.quechilero.com\/blog\/2008\/02\/20\/cuaresma-evangelio-20-feb-08\/"},"modified":"2008-02-20T10:05:02","modified_gmt":"2008-02-20T16:05:02","slug":"cuaresma-evangelio-20-feb-08","status":"publish","type":"post","link":"https:\/\/quechilero.com\/blog\/2008\/02\/20\/cuaresma-evangelio-20-feb-08\/","title":{"rendered":"Cuaresma &#8211; Evangelio 20 feb 08"},"content":{"rendered":"<p><strong>Evangelio seg\u00fan San Mateo 20,17-28.<\/strong><\/p>\n<p>Cuando Jes\u00fas se dispuso a subir a Jerusal\u00e9n, llev\u00f3 consigo s\u00f3lo a los Doce, y en el camino les dijo:<\/p>\n<p>\u00abAhora subimos a Jerusal\u00e9n, donde el Hijo del hombre va a ser entregado a los sumos sacerdotes y a los escribas. Ellos lo condenar\u00e1n a muerte y lo entregar\u00e1n a los paganos para que sea maltratado, azotado y crucificado, pero al tercer d\u00eda resucitar\u00e1\u00bb.<\/p>\n<p>Entonces la madre de los hijos de Zebedeo se acerc\u00f3 a Jes\u00fas, junto con sus hijos, y se postr\u00f3 ante \u00c9l para pedirle algo.<\/p>\n<p>\u00ab\u00bfQu\u00e9 quieres?\u00bb, le pregunt\u00f3 Jes\u00fas. Ella le dijo: \u00abManda que mis dos hijos se sienten en tu Reino, uno a tu derecha y el otro a tu izquierda\u00bb.<\/p>\n<p>\u00abNo saben lo que piden\u00bb, respondi\u00f3 Jes\u00fas. \u00ab\u00bfPueden beber el c\u00e1liz que yo beber\u00e9?\u00bb. \u00abPodemos\u00bb, le respondieron.<\/p>\n<p>\u00abEst\u00e1 bien, les dijo Jes\u00fas, ustedes beber\u00e1n mi c\u00e1liz. En cuanto a sentarse a mi derecha o a mi izquierda, no me toca a m\u00ed concederlo, sino que esos puestos son para quienes se los ha destinado mi Padre\u00bb.<\/p>\n<p>Al o\u00edr esto, los otros diez se indignaron contra los dos hermanos.<\/p>\n<p>Pero Jes\u00fas los llam\u00f3 y les dijo: \u00abUstedes saben que los jefes de las naciones dominan sobre ellas y los poderosos les hacen sentir su autoridad. Entre ustedes no debe suceder as\u00ed. Al contrario, el que quiera ser grande, que se haga servidor de ustedes; y el que quiera ser el primero que se haga su esclavo: como el Hijo del hombre, que no vino para ser servido, sino para servir y dar su vida en rescate por una multitud\u00bb.<\/p>\n","protected":false},"excerpt":{"rendered":"<p>Evangelio seg\u00fan San Mateo 20,17-28. Cuando Jes\u00fas se dispuso a subir a Jerusal\u00e9n, llev\u00f3 consigo s\u00f3lo a los Doce, y en el camino les dijo: \u00abAhora subimos a Jerusal\u00e9n, donde el Hijo del hombre va a ser entregado a los sumos sacerdotes y a los escribas. Ellos lo condenar\u00e1n a muerte y lo entregar\u00e1n a &#8230; <a title=\"Cuaresma &#8211; Evangelio 20 feb 08\" class=\"read-more\" href=\"https:\/\/quechilero.com\/blog\/2008\/02\/20\/cuaresma-evangelio-20-feb-08\/\" aria-label=\"Leer m\u00e1s sobre Cuaresma &#8211; Evangelio 20 feb 08\">Leer m\u00e1s<\/a><\/p>\n","protected":false},"author":1,"featured_media":0,"comment_status":"open","ping_status":"open","sticky":false,"template":"","format":"standard","meta":{"advanced_seo_description":"","jetpack_seo_html_title":"","jetpack_seo_noindex":false,"jetpack_seo_schema_type":"","episode_type":"","audio_file":"","podmotor_file_id":"","podmotor_episode_id":"","cover_image":"","cover_image_id":"","duration":"","filesize":"","filesize_raw":"","date_recorded":"","explicit":"","block":"","_jetpack_newsletter_access":"","_jetpack_dont_email_post_to_subs":false,"_jetpack_newsletter_tier_id":0,"_jetpack_memberships_contains_paywalled_content":false,"_jetpack_feature_clip_id":0,"_jetpack_memberships_contains_paid_content":false,"footnotes":"","jetpack_publicize_message":"","jetpack_publicize_feature_enabled":true,"jetpack_social_post_already_shared":false,"jetpack_social_options":{"image_generator_settings":{"template":"highway","default_image_id":0,"font":"","enabled":false},"version":2},"jetpack_post_was_ever_published":false},"categories":[2],"tags":[100,90,18,74,39,50,24],"series":[],"class_list":["post-875","post","type-post","status-publish","format-standard","hentry","category-limones","tag-cuaresma","tag-evangelio","tag-hombre","tag-jesus","tag-madre","tag-muerte","tag-vida"],"episode_featured_image":false,"episode_player_image":"https:\/\/i0.wp.com\/quechilero.com\/blog\/imagenes\/podcast.png?fit=1831%2C1831&ssl=1","download_link":"","player_link":"","audio_player":false,"episode_data":{"playerMode":"dark","subscribeUrls":{"amazon":{"key":"amazon","url":"","label":"Amazon","class":"amazon","icon":"amazon.png"},"apple_podcasts":{"key":"apple_podcasts","url":"","label":"Apple Podcasts","class":"apple_podcasts","icon":"apple-podcasts.png"},"castbox":{"key":"castbox","url":"","label":"CastBox","class":"castbox","icon":"castbox.png"},"deezer":{"key":"deezer","url":"","label":"Deezer","class":"deezer","icon":"deezer.png"},"google_podcasts":{"key":"google_podcasts","url":"","label":"Google Podcasts","class":"google_podcasts","icon":"google-podcasts.png"},"listen_notes":{"key":"listen_notes","url":"","label":"Listen Notes","class":"listen_notes","icon":"listen-notes.png"},"pandora":{"key":"pandora","url":"","label":"Pandora","class":"pandora","icon":"pandora.png"},"podbean":{"key":"podbean","url":"","label":"Podbean","class":"podbean","icon":"podbean.png"},"podcast_republic":{"key":"podcast_republic","url":"","label":"Podcast Republic","class":"podcast_republic","icon":"podcast-republic.png"},"rss":{"key":"rss","url":"","label":"RSS","class":"rss","icon":"rss.png"},"spotify":{"key":"spotify","url":"","label":"Spotify","class":"spotify","icon":"spotify.png"},"stitcher":{"key":"stitcher","url":"","label":"Stitcher","class":"stitcher","icon":"stitcher.png"},"tunein":{"key":"tunein","url":"","label":"TuneIn","class":"tunein","icon":"tunein.png"},"youtube":{"key":"youtube","url":"","label":"YouTube","class":"youtube","icon":"youtube.png"},"iheartradio":{"key":"iheartradio","url":"","label":"iHeartRadio","class":"iheartradio","icon":"iheartradio.png"},"ivoox":{"key":"ivoox","url":"","label":"iVoox","class":"ivoox","icon":"ivoox.png"}},"rssFeedUrl":"https:\/\/quechilero.com\/blog\/feed\/podcast\/si-la-vida-nos-da-limones","embedCode":"<blockquote class=\"wp-embedded-content\" data-secret=\"zWjD3eVMUQ\"><a href=\"https:\/\/quechilero.com\/blog\/2008\/02\/20\/cuaresma-evangelio-20-feb-08\/\">Cuaresma &#8211; Evangelio 20 feb 08<\/a><\/blockquote><iframe sandbox=\"allow-scripts\" security=\"restricted\" src=\"https:\/\/quechilero.com\/blog\/2008\/02\/20\/cuaresma-evangelio-20-feb-08\/embed\/#?secret=zWjD3eVMUQ\" width=\"500\" height=\"350\" title=\"\u00abCuaresma &#8211; Evangelio 20 feb 08\u00bb \u2014 Si la Vida nos da Limones...\" data-secret=\"zWjD3eVMUQ\" frameborder=\"0\" marginwidth=\"0\" marginheight=\"0\" scrolling=\"no\" class=\"wp-embedded-content\"><\/iframe><script>\n\/*! This file is auto-generated *\/\n!function(d,l){\"use strict\";l.querySelector&&d.addEventListener&&\"undefined\"!=typeof URL&&(d.wp=d.wp||{},d.wp.receiveEmbedMessage||(d.wp.receiveEmbedMessage=function(e){var t=e.data;if((t||t.secret||t.message||t.value)&&!\/[^a-zA-Z0-9]\/.test(t.secret)){for(var s,r,n,a=l.querySelectorAll('iframe[data-secret=\"'+t.secret+'\"]'),o=l.querySelectorAll('blockquote[data-secret=\"'+t.secret+'\"]'),c=new RegExp(\"^https?:$\",\"i\"),i=0;i<o.length;i++)o[i].style.display=\"none\";for(i=0;i<a.length;i++)s=a[i],e.source===s.contentWindow&&(s.removeAttribute(\"style\"),\"height\"===t.message?(1e3<(r=parseInt(t.value,10))?r=1e3:~~r<200&&(r=200),s.height=r):\"link\"===t.message&&(r=new URL(s.getAttribute(\"src\")),n=new URL(t.value),c.test(n.protocol))&&n.host===r.host&&l.activeElement===s&&(d.top.location.href=t.value))}},d.addEventListener(\"message\",d.wp.receiveEmbedMessage,!1),l.addEventListener(\"DOMContentLoaded\",function(){for(var e,t,s=l.querySelectorAll(\"iframe.wp-embedded-content\"),r=0;r<s.length;r++)(t=(e=s[r]).getAttribute(\"data-secret\"))||(t=Math.random().toString(36).substring(2,12),e.src+=\"#?secret=\"+t,e.setAttribute(\"data-secret\",t)),e.contentWindow.postMessage({message:\"ready\",secret:t},\"*\")},!1)))}(window,document);\n\/\/# sourceURL=https:\/\/quechilero.com\/blog\/wp-includes\/js\/wp-embed.min.js\n<\/script>\n"},"jetpack_publicize_connections":[],"jetpack_shortlink":"https:\/\/wp.me\/pDKli-e7","jetpack_sharing_enabled":true,"jetpack-related-posts":[{"id":887,"url":"https:\/\/quechilero.com\/blog\/2008\/03\/03\/cuaresma-evangelio-03-mar-08\/","url_meta":{"origin":875,"position":0},"title":"Cuaresma &#8211; Evangelio 03 mar 08","author":"Pepe Barrascout Ortiz","date":"3 marzo 2008","format":false,"excerpt":"Evangelio seg\u00fan San Juan 4,43-54. Transcurridos los dos d\u00edas, Jes\u00fas parti\u00f3 hacia Galilea. El mismo hab\u00eda declarado que un profeta no goza de prestigio en su propio pueblo. Pero cuando lleg\u00f3, los galileos lo recibieron bien, porque hab\u00edan visto todo lo que hab\u00eda hecho en Jerusal\u00e9n durante la Pascua; ellos\u2026","rel":"","context":"En \u00abLimones\u00bb","block_context":{"text":"Limones","link":"https:\/\/quechilero.com\/blog\/category\/limones\/"},"img":{"alt_text":"","src":"","width":0,"height":0},"classes":[]},{"id":888,"url":"https:\/\/quechilero.com\/blog\/2008\/03\/04\/cuaresma-evangelio-04-mar-08\/","url_meta":{"origin":875,"position":1},"title":"Cuaresma &#8211; Evangelio 04 mar 08","author":"Pepe Barrascout Ortiz","date":"4 marzo 2008","format":false,"excerpt":"Evangelio seg\u00fan San Juan 5,1-3.5-16. Despu\u00e9s de esto, se celebraba una fiesta de los jud\u00edos y Jes\u00fas subi\u00f3 a Jerusal\u00e9n. Junto a la puerta de las Ovejas, en Jerusal\u00e9n, hay una piscina llamada en hebreo Betsata, que tiene cinco p\u00f3rticos. Bajo estos p\u00f3rticos yac\u00eda una multitud de enfermos, ciegos, paral\u00edticos\u2026","rel":"","context":"En \u00abLimones\u00bb","block_context":{"text":"Limones","link":"https:\/\/quechilero.com\/blog\/category\/limones\/"},"img":{"alt_text":"","src":"","width":0,"height":0},"classes":[]},{"id":905,"url":"https:\/\/quechilero.com\/blog\/2008\/03\/19\/cuaresma-evangelio-19-mar-08\/","url_meta":{"origin":875,"position":2},"title":"Cuaresma &#8211; Evangelio 19 mar 08","author":"Pepe Barrascout Ortiz","date":"19 marzo 2008","format":false,"excerpt":"Evangelio seg\u00fan San Mateo 26,14-25. Entonces uno de los Doce, llamado Judas Iscariote, fue a ver a los sumos sacerdotes y les dijo: \"\u00bfCu\u00e1nto me dar\u00e1n si se lo entrego?\". Y resolvieron darle treinta monedas de plata. Desde ese momento, Judas buscaba una ocasi\u00f3n favorable para entregarlo. El primer d\u00eda\u2026","rel":"","context":"En \u00abLimones\u00bb","block_context":{"text":"Limones","link":"https:\/\/quechilero.com\/blog\/category\/limones\/"},"img":{"alt_text":"","src":"","width":0,"height":0},"classes":[]},{"id":904,"url":"https:\/\/quechilero.com\/blog\/2008\/03\/18\/cuaresma-evangelio-18-mar-08\/","url_meta":{"origin":875,"position":3},"title":"Cuaresma &#8211; Evangelio 18 mar 08","author":"Pepe Barrascout Ortiz","date":"18 marzo 2008","format":false,"excerpt":"Evangelio seg\u00fan San Juan 13,21-33.36-38. Despu\u00e9s de decir esto, Jes\u00fas se estremeci\u00f3 y manifest\u00f3 claramente: \"Les aseguro que uno de ustedes me entregar\u00e1\". Los disc\u00edpulos se miraban unos a otros, no sabiendo a qui\u00e9n se refer\u00eda. Uno de ellos -el disc\u00edpulo al que Jes\u00fas amaba- estaba reclinado muy cerca de\u2026","rel":"","context":"En \u00abLimones\u00bb","block_context":{"text":"Limones","link":"https:\/\/quechilero.com\/blog\/category\/limones\/"},"img":{"alt_text":"","src":"","width":0,"height":0},"classes":[]},{"id":872,"url":"https:\/\/quechilero.com\/blog\/2008\/02\/17\/cuaresma-evangelio-17-feb-08\/","url_meta":{"origin":875,"position":4},"title":"Cuaresma &#8211; Evangelio 17 feb 08","author":"Pepe Barrascout Ortiz","date":"17 febrero 2008","format":false,"excerpt":"Evangelio seg\u00fan San Mateo 17,1-9. Seis d\u00edas despu\u00e9s, Jes\u00fas tom\u00f3 a Pedro, a Santiago y a su hermano Juan, y los llev\u00f3 aparte a un monte elevado. All\u00e1 se transfigur\u00f3 en presencia de ellos: su rostro resplandec\u00eda como el sol y sus vestiduras se volvieron blancas como la luz. De\u2026","rel":"","context":"En \u00abLimones\u00bb","block_context":{"text":"Limones","link":"https:\/\/quechilero.com\/blog\/category\/limones\/"},"img":{"alt_text":"","src":"","width":0,"height":0},"classes":[]},{"id":893,"url":"https:\/\/quechilero.com\/blog\/2008\/03\/09\/cuaresma-evangelio-09-mar-08\/","url_meta":{"origin":875,"position":5},"title":"Cuaresma &#8211; Evangelio 09 mar 08","author":"Pepe Barrascout Ortiz","date":"9 marzo 2008","format":false,"excerpt":"Evangelio seg\u00fan San Juan 11,1-45. Hab\u00eda un hombre enfermo, L\u00e1zaro de Betania, del pueblo de Mar\u00eda y de su hermana Marta.\u00a0Mar\u00eda era la misma que derram\u00f3 perfume sobre el Se\u00f1or y le sec\u00f3 los pies con sus cabellos. Su hermano L\u00e1zaro era el que estaba enfermo. Las hermanas enviaron a\u2026","rel":"","context":"En \u00abLimones\u00bb","block_context":{"text":"Limones","link":"https:\/\/quechilero.com\/blog\/category\/limones\/"},"img":{"alt_text":"","src":"","width":0,"height":0},"classes":[]}],"jetpack_featured_media_url":"","_links":{"self":[{"href":"https:\/\/quechilero.com\/blog\/wp-json\/wp\/v2\/posts\/875","targetHints":{"allow":["GET"]}}],"collection":[{"href":"https:\/\/quechilero.com\/blog\/wp-json\/wp\/v2\/posts"}],"about":[{"href":"https:\/\/quechilero.com\/blog\/wp-json\/wp\/v2\/types\/post"}],"author":[{"embeddable":true,"href":"https:\/\/quechilero.com\/blog\/wp-json\/wp\/v2\/users\/1"}],"replies":[{"embeddable":true,"href":"https:\/\/quechilero.com\/blog\/wp-json\/wp\/v2\/comments?post=875"}],"version-history":[{"count":0,"href":"https:\/\/quechilero.com\/blog\/wp-json\/wp\/v2\/posts\/875\/revisions"}],"wp:attachment":[{"href":"https:\/\/quechilero.com\/blog\/wp-json\/wp\/v2\/media?parent=875"}],"wp:term":[{"taxonomy":"category","embeddable":true,"href":"https:\/\/quechilero.com\/blog\/wp-json\/wp\/v2\/categories?post=875"},{"taxonomy":"post_tag","embeddable":true,"href":"https:\/\/quechilero.com\/blog\/wp-json\/wp\/v2\/tags?post=875"},{"taxonomy":"series","embeddable":true,"href":"https:\/\/quechilero.com\/blog\/wp-json\/wp\/v2\/series?post=875"}],"curies":[{"name":"wp","href":"https:\/\/api.w.org\/{rel}","templated":true}]}}