{"id":874,"date":"2008-02-19T10:03:25","date_gmt":"2008-02-19T16:03:25","guid":{"rendered":"http:\/\/www.quechilero.com\/blog\/2008\/02\/19\/cuaresma-evangelio-19-feb-08\/"},"modified":"2008-02-19T10:03:25","modified_gmt":"2008-02-19T16:03:25","slug":"cuaresma-evangelio-19-feb-08","status":"publish","type":"post","link":"https:\/\/quechilero.com\/blog\/2008\/02\/19\/cuaresma-evangelio-19-feb-08\/","title":{"rendered":"Cuaresma &#8211; Evangelio 19 feb 08"},"content":{"rendered":"<p><strong>Evangelio seg\u00fan San Mateo 23,1-12.<\/strong><\/p>\n<p>Entonces Jes\u00fas dijo a la multitud y a sus disc\u00edpulos:<\/p>\n<p>\u00abLos escribas y fariseos ocupan la c\u00e1tedra de Mois\u00e9s; ustedes hagan y cumplan todo lo que ellos les digan, pero no se gu\u00eden por sus obras, porque no hacen lo que dicen.<\/p>\n<p>Atan pesadas cargas y las ponen sobre los hombros de los dem\u00e1s, mientras que ellos no quieren moverlas ni siquiera con el dedo.<\/p>\n<p>Todo lo hacen para que los vean: agrandan las filacterias y alargan los flecos de sus mantos; les gusta ocupar los primeros puestos en los banquetes y los primeros asientos en las sinagogas, ser saludados en las plazas y o\u00edrse llamar &#8216;mi maestro&#8217; por la gente.<\/p>\n<p>En cuanto a ustedes, no se hagan llamar &#8216;maestro&#8217;, porque no tienen m\u00e1s que un Maestro y todos ustedes son hermanos.<\/p>\n<p>A nadie en el mundo llamen &#8216;padre&#8217;, porque no tienen sino uno, el Padre celestial.<\/p>\n<p>No se dejen llamar tampoco &#8216;doctores&#8217;, porque s\u00f3lo tienen un Doctor, que es el Mes\u00edas. Que el m\u00e1s grande de entre ustedes se haga servidor de los otros, porque el que se ensalza ser\u00e1 humillado, y el que se humilla ser\u00e1 ensalzado\u00bb.<\/p>\n","protected":false},"excerpt":{"rendered":"<p>Evangelio seg\u00fan San Mateo 23,1-12. Entonces Jes\u00fas dijo a la multitud y a sus disc\u00edpulos: \u00abLos escribas y fariseos ocupan la c\u00e1tedra de Mois\u00e9s; ustedes hagan y cumplan todo lo que ellos les digan, pero no se gu\u00eden por sus obras, porque no hacen lo que dicen. Atan pesadas cargas y las ponen sobre los &#8230; <a title=\"Cuaresma &#8211; Evangelio 19 feb 08\" class=\"read-more\" href=\"https:\/\/quechilero.com\/blog\/2008\/02\/19\/cuaresma-evangelio-19-feb-08\/\" aria-label=\"Leer m\u00e1s sobre Cuaresma &#8211; Evangelio 19 feb 08\">Leer m\u00e1s<\/a><\/p>\n","protected":false},"author":1,"featured_media":0,"comment_status":"open","ping_status":"open","sticky":false,"template":"","format":"standard","meta":{"advanced_seo_description":"","jetpack_seo_html_title":"","jetpack_seo_noindex":false,"jetpack_seo_schema_type":"","episode_type":"","audio_file":"","podmotor_file_id":"","podmotor_episode_id":"","cover_image":"","cover_image_id":"","duration":"","filesize":"","filesize_raw":"","date_recorded":"","explicit":"","block":"","_jetpack_newsletter_access":"","_jetpack_dont_email_post_to_subs":false,"_jetpack_newsletter_tier_id":0,"_jetpack_memberships_contains_paywalled_content":false,"_jetpack_feature_clip_id":0,"_jetpack_memberships_contains_paid_content":false,"footnotes":"","jetpack_publicize_message":"","jetpack_publicize_feature_enabled":true,"jetpack_social_post_already_shared":false,"jetpack_social_options":{"image_generator_settings":{"template":"highway","default_image_id":0,"font":"","enabled":false},"version":2},"jetpack_post_was_ever_published":false},"categories":[2],"tags":[100,90,74],"series":[],"class_list":["post-874","post","type-post","status-publish","format-standard","hentry","category-limones","tag-cuaresma","tag-evangelio","tag-jesus"],"episode_featured_image":false,"episode_player_image":"https:\/\/i0.wp.com\/quechilero.com\/blog\/imagenes\/podcast.png?fit=1831%2C1831&ssl=1","download_link":"","player_link":"","audio_player":false,"episode_data":{"playerMode":"dark","subscribeUrls":{"amazon":{"key":"amazon","url":"","label":"Amazon","class":"amazon","icon":"amazon.png"},"apple_podcasts":{"key":"apple_podcasts","url":"","label":"Apple Podcasts","class":"apple_podcasts","icon":"apple-podcasts.png"},"castbox":{"key":"castbox","url":"","label":"CastBox","class":"castbox","icon":"castbox.png"},"deezer":{"key":"deezer","url":"","label":"Deezer","class":"deezer","icon":"deezer.png"},"google_podcasts":{"key":"google_podcasts","url":"","label":"Google Podcasts","class":"google_podcasts","icon":"google-podcasts.png"},"listen_notes":{"key":"listen_notes","url":"","label":"Listen Notes","class":"listen_notes","icon":"listen-notes.png"},"pandora":{"key":"pandora","url":"","label":"Pandora","class":"pandora","icon":"pandora.png"},"podbean":{"key":"podbean","url":"","label":"Podbean","class":"podbean","icon":"podbean.png"},"podcast_republic":{"key":"podcast_republic","url":"","label":"Podcast Republic","class":"podcast_republic","icon":"podcast-republic.png"},"rss":{"key":"rss","url":"","label":"RSS","class":"rss","icon":"rss.png"},"spotify":{"key":"spotify","url":"","label":"Spotify","class":"spotify","icon":"spotify.png"},"stitcher":{"key":"stitcher","url":"","label":"Stitcher","class":"stitcher","icon":"stitcher.png"},"tunein":{"key":"tunein","url":"","label":"TuneIn","class":"tunein","icon":"tunein.png"},"youtube":{"key":"youtube","url":"","label":"YouTube","class":"youtube","icon":"youtube.png"},"iheartradio":{"key":"iheartradio","url":"","label":"iHeartRadio","class":"iheartradio","icon":"iheartradio.png"},"ivoox":{"key":"ivoox","url":"","label":"iVoox","class":"ivoox","icon":"ivoox.png"}},"rssFeedUrl":"https:\/\/quechilero.com\/blog\/feed\/podcast\/si-la-vida-nos-da-limones","embedCode":"<blockquote class=\"wp-embedded-content\" data-secret=\"aVbWraTAoz\"><a href=\"https:\/\/quechilero.com\/blog\/2008\/02\/19\/cuaresma-evangelio-19-feb-08\/\">Cuaresma &#8211; Evangelio 19 feb 08<\/a><\/blockquote><iframe sandbox=\"allow-scripts\" security=\"restricted\" src=\"https:\/\/quechilero.com\/blog\/2008\/02\/19\/cuaresma-evangelio-19-feb-08\/embed\/#?secret=aVbWraTAoz\" width=\"500\" height=\"350\" title=\"\u00abCuaresma &#8211; Evangelio 19 feb 08\u00bb \u2014 Si la Vida nos da Limones...\" data-secret=\"aVbWraTAoz\" frameborder=\"0\" marginwidth=\"0\" marginheight=\"0\" scrolling=\"no\" class=\"wp-embedded-content\"><\/iframe><script>\n\/*! This file is auto-generated *\/\n!function(d,l){\"use strict\";l.querySelector&&d.addEventListener&&\"undefined\"!=typeof URL&&(d.wp=d.wp||{},d.wp.receiveEmbedMessage||(d.wp.receiveEmbedMessage=function(e){var t=e.data;if((t||t.secret||t.message||t.value)&&!\/[^a-zA-Z0-9]\/.test(t.secret)){for(var s,r,n,a=l.querySelectorAll('iframe[data-secret=\"'+t.secret+'\"]'),o=l.querySelectorAll('blockquote[data-secret=\"'+t.secret+'\"]'),c=new RegExp(\"^https?:$\",\"i\"),i=0;i<o.length;i++)o[i].style.display=\"none\";for(i=0;i<a.length;i++)s=a[i],e.source===s.contentWindow&&(s.removeAttribute(\"style\"),\"height\"===t.message?(1e3<(r=parseInt(t.value,10))?r=1e3:~~r<200&&(r=200),s.height=r):\"link\"===t.message&&(r=new URL(s.getAttribute(\"src\")),n=new URL(t.value),c.test(n.protocol))&&n.host===r.host&&l.activeElement===s&&(d.top.location.href=t.value))}},d.addEventListener(\"message\",d.wp.receiveEmbedMessage,!1),l.addEventListener(\"DOMContentLoaded\",function(){for(var e,t,s=l.querySelectorAll(\"iframe.wp-embedded-content\"),r=0;r<s.length;r++)(t=(e=s[r]).getAttribute(\"data-secret\"))||(t=Math.random().toString(36).substring(2,12),e.src+=\"#?secret=\"+t,e.setAttribute(\"data-secret\",t)),e.contentWindow.postMessage({message:\"ready\",secret:t},\"*\")},!1)))}(window,document);\n\/\/# sourceURL=https:\/\/quechilero.com\/blog\/wp-includes\/js\/wp-embed.min.js\n<\/script>\n"},"jetpack_publicize_connections":[],"jetpack_shortlink":"https:\/\/wp.me\/pDKli-e6","jetpack_sharing_enabled":true,"jetpack-related-posts":[{"id":906,"url":"https:\/\/quechilero.com\/blog\/2008\/03\/20\/cuaresma-evangelio-20-mar-08\/","url_meta":{"origin":874,"position":0},"title":"Cuaresma &#8211; Evangelio 20 mar 08","author":"Pepe Barrascout Ortiz","date":"20 marzo 2008","format":false,"excerpt":"Evangelio seg\u00fan San Juan 13,1-15. Antes de la fiesta de Pascua, sabiendo Jes\u00fas que hab\u00eda llegado la hora de pasar de este mundo al Padre, \u00c9l, que hab\u00eda amado a los suyos que quedaban en el mundo, los am\u00f3 hasta el fin. Durante la Cena, cuando el demonio ya hab\u00eda\u2026","rel":"","context":"En \u00abLimones\u00bb","block_context":{"text":"Limones","link":"https:\/\/quechilero.com\/blog\/category\/limones\/"},"img":{"alt_text":"","src":"","width":0,"height":0},"classes":[]},{"id":875,"url":"https:\/\/quechilero.com\/blog\/2008\/02\/20\/cuaresma-evangelio-20-feb-08\/","url_meta":{"origin":874,"position":1},"title":"Cuaresma &#8211; Evangelio 20 feb 08","author":"Pepe Barrascout Ortiz","date":"20 febrero 2008","format":false,"excerpt":"Evangelio seg\u00fan San Mateo 20,17-28. Cuando Jes\u00fas se dispuso a subir a Jerusal\u00e9n, llev\u00f3 consigo s\u00f3lo a los Doce, y en el camino les dijo: \"Ahora subimos a Jerusal\u00e9n, donde el Hijo del hombre va a ser entregado a los sumos sacerdotes y a los escribas. Ellos lo condenar\u00e1n a\u2026","rel":"","context":"En \u00abLimones\u00bb","block_context":{"text":"Limones","link":"https:\/\/quechilero.com\/blog\/category\/limones\/"},"img":{"alt_text":"","src":"","width":0,"height":0},"classes":[]},{"id":895,"url":"https:\/\/quechilero.com\/blog\/2008\/03\/11\/cuaresma-evangelio-11-mar-08\/","url_meta":{"origin":874,"position":2},"title":"Cuaresma &#8211; Evangelio 11 mar 08","author":"Pepe Barrascout Ortiz","date":"11 marzo 2008","format":false,"excerpt":"Evangelio seg\u00fan San Juan 8,21-30. Jes\u00fas les dijo tambi\u00e9n: \"Yo me voy, y ustedes me buscar\u00e1n y morir\u00e1n en su pecado. Adonde yo voy, ustedes no pueden ir\". Los jud\u00edos se preguntaban: \"\u00bfPensar\u00e1 matarse para decir: 'Adonde yo voy, ustedes no pueden ir'?\". Jes\u00fas continu\u00f3: \"Ustedes son de aqu\u00ed abajo,\u2026","rel":"","context":"En \u00abLimones\u00bb","block_context":{"text":"Limones","link":"https:\/\/quechilero.com\/blog\/category\/limones\/"},"img":{"alt_text":"","src":"","width":0,"height":0},"classes":[]},{"id":899,"url":"https:\/\/quechilero.com\/blog\/2008\/03\/14\/cuaresma-evangelio-14-mar-08\/","url_meta":{"origin":874,"position":3},"title":"Cuaresma &#8211; Evangelio 14 mar 08","author":"Pepe Barrascout Ortiz","date":"14 marzo 2008","format":false,"excerpt":"Evangelio seg\u00fan San Juan 10,31-42. Los jud\u00edos tomaron piedras para apedrearlo. Entonces Jes\u00fas dijo: \"Les hice ver muchas obras buenas que vienen del Padre; \u00bfPor cu\u00e1l de ellas me quieren apedrear?\". Los jud\u00edos le respondieron: \"No queremos apedrearte por ninguna obra buena, sino porque blasfemas, ya que, siendo hombre, te\u2026","rel":"","context":"En \u00abLimones\u00bb","block_context":{"text":"Limones","link":"https:\/\/quechilero.com\/blog\/category\/limones\/"},"img":{"alt_text":"","src":"","width":0,"height":0},"classes":[]},{"id":905,"url":"https:\/\/quechilero.com\/blog\/2008\/03\/19\/cuaresma-evangelio-19-mar-08\/","url_meta":{"origin":874,"position":4},"title":"Cuaresma &#8211; Evangelio 19 mar 08","author":"Pepe Barrascout Ortiz","date":"19 marzo 2008","format":false,"excerpt":"Evangelio seg\u00fan San Mateo 26,14-25. Entonces uno de los Doce, llamado Judas Iscariote, fue a ver a los sumos sacerdotes y les dijo: \"\u00bfCu\u00e1nto me dar\u00e1n si se lo entrego?\". Y resolvieron darle treinta monedas de plata. Desde ese momento, Judas buscaba una ocasi\u00f3n favorable para entregarlo. El primer d\u00eda\u2026","rel":"","context":"En \u00abLimones\u00bb","block_context":{"text":"Limones","link":"https:\/\/quechilero.com\/blog\/category\/limones\/"},"img":{"alt_text":"","src":"","width":0,"height":0},"classes":[]},{"id":898,"url":"https:\/\/quechilero.com\/blog\/2008\/03\/13\/cuaresma-evangelio-13-mar-08\/","url_meta":{"origin":874,"position":5},"title":"Cuaresma &#8211; Evangelio 13 mar 08","author":"Pepe Barrascout Ortiz","date":"13 marzo 2008","format":false,"excerpt":"Evangelio seg\u00fan San Juan 8,51-59. Les aseguro que el que es fiel a mi palabra, no morir\u00e1 jam\u00e1s\". Los jud\u00edos le dijeron: \"Ahora s\u00ed estamos seguros de que est\u00e1s endemoniado. Abraham muri\u00f3, los profetas tambi\u00e9n, y t\u00fa dices: 'El que es fiel a mi palabra, no morir\u00e1 jam\u00e1s'. \u00bfAcaso eres\u2026","rel":"","context":"En \u00abLimones\u00bb","block_context":{"text":"Limones","link":"https:\/\/quechilero.com\/blog\/category\/limones\/"},"img":{"alt_text":"","src":"","width":0,"height":0},"classes":[]}],"jetpack_featured_media_url":"","_links":{"self":[{"href":"https:\/\/quechilero.com\/blog\/wp-json\/wp\/v2\/posts\/874","targetHints":{"allow":["GET"]}}],"collection":[{"href":"https:\/\/quechilero.com\/blog\/wp-json\/wp\/v2\/posts"}],"about":[{"href":"https:\/\/quechilero.com\/blog\/wp-json\/wp\/v2\/types\/post"}],"author":[{"embeddable":true,"href":"https:\/\/quechilero.com\/blog\/wp-json\/wp\/v2\/users\/1"}],"replies":[{"embeddable":true,"href":"https:\/\/quechilero.com\/blog\/wp-json\/wp\/v2\/comments?post=874"}],"version-history":[{"count":0,"href":"https:\/\/quechilero.com\/blog\/wp-json\/wp\/v2\/posts\/874\/revisions"}],"wp:attachment":[{"href":"https:\/\/quechilero.com\/blog\/wp-json\/wp\/v2\/media?parent=874"}],"wp:term":[{"taxonomy":"category","embeddable":true,"href":"https:\/\/quechilero.com\/blog\/wp-json\/wp\/v2\/categories?post=874"},{"taxonomy":"post_tag","embeddable":true,"href":"https:\/\/quechilero.com\/blog\/wp-json\/wp\/v2\/tags?post=874"},{"taxonomy":"series","embeddable":true,"href":"https:\/\/quechilero.com\/blog\/wp-json\/wp\/v2\/series?post=874"}],"curies":[{"name":"wp","href":"https:\/\/api.w.org\/{rel}","templated":true}]}}