{"id":8737,"date":"2011-06-17T05:00:36","date_gmt":"2011-06-17T11:00:36","guid":{"rendered":"http:\/\/quechilero.com\/blog\/?p=8737"},"modified":"2011-06-17T05:00:36","modified_gmt":"2011-06-17T11:00:36","slug":"limonada-166","status":"publish","type":"post","link":"https:\/\/quechilero.com\/blog\/2011\/06\/17\/limonada-166\/","title":{"rendered":"Limonada # 166"},"content":{"rendered":"<blockquote><p>Hay empresas en el Mundo, que tienen un presupuesto mayor que el que maneja Guatemala, \u00bfy si en lugar de elegir presidente, mejor contratamos un CEO?, total si no trabaja, lo podr\u00edamos despedir<\/p>\n<p><em><a title=\"Un CEO en lugar de Presidente\" href=\"http:\/\/twitter.com\/#!\/pepebarrascout\/status\/63371893872394240\" target=\"_blank\">Pepe Barrascout<\/a><\/em><\/p>\n<p><a title=\"Que Chilero | Frases de Sabidur\u00eda\" href=\"http:\/\/www.flickr.com\/photos\/pepejaguar\/216091344\/\" target=\"_new\"><img data-recalc-dims=\"1\" loading=\"lazy\" decoding=\"async\" src=\"https:\/\/i0.wp.com\/static.flickr.com\/57\/216091344_c2ca864164_m.jpg?resize=240%2C91\" border=\"0\" alt=\"Libros\" width=\"240\" height=\"91\" \/><\/a><\/p><\/blockquote>\n","protected":false},"excerpt":{"rendered":"<p>Hay empresas en el Mundo, que tienen un presupuesto mayor que el que maneja Guatemala, \u00bfy si en lugar de elegir presidente, mejor contratamos un CEO?, total si no trabaja, lo podr\u00edamos despedir Pepe Barrascout<\/p>\n","protected":false},"author":1,"featured_media":0,"comment_status":"open","ping_status":"open","sticky":false,"template":"","format":"standard","meta":{"advanced_seo_description":"","jetpack_seo_html_title":"","jetpack_seo_noindex":false,"jetpack_seo_schema_type":"","episode_type":"","audio_file":"","podmotor_file_id":"","podmotor_episode_id":"","cover_image":"","cover_image_id":"","duration":"","filesize":"","filesize_raw":"","date_recorded":"","explicit":"","block":"","_jetpack_newsletter_access":"","_jetpack_dont_email_post_to_subs":false,"_jetpack_newsletter_tier_id":0,"_jetpack_memberships_contains_paywalled_content":false,"_jetpack_feature_clip_id":0,"_jetpack_memberships_contains_paid_content":false,"footnotes":"","jetpack_publicize_message":"","jetpack_publicize_feature_enabled":true,"jetpack_social_post_already_shared":false,"jetpack_social_options":{"image_generator_settings":{"template":"highway","default_image_id":0,"font":"","enabled":false},"version":2},"jetpack_post_was_ever_published":false},"categories":[73],"tags":[10,19],"series":[],"class_list":["post-8737","post","type-post","status-publish","format-standard","hentry","category-limonadas","tag-guatemala","tag-limonada"],"episode_featured_image":false,"episode_player_image":"https:\/\/i0.wp.com\/quechilero.com\/blog\/imagenes\/podcast.png?fit=1831%2C1831&ssl=1","download_link":"","player_link":"","audio_player":false,"episode_data":{"playerMode":"dark","subscribeUrls":{"amazon":{"key":"amazon","url":"","label":"Amazon","class":"amazon","icon":"amazon.png"},"apple_podcasts":{"key":"apple_podcasts","url":"","label":"Apple Podcasts","class":"apple_podcasts","icon":"apple-podcasts.png"},"castbox":{"key":"castbox","url":"","label":"CastBox","class":"castbox","icon":"castbox.png"},"deezer":{"key":"deezer","url":"","label":"Deezer","class":"deezer","icon":"deezer.png"},"google_podcasts":{"key":"google_podcasts","url":"","label":"Google Podcasts","class":"google_podcasts","icon":"google-podcasts.png"},"listen_notes":{"key":"listen_notes","url":"","label":"Listen Notes","class":"listen_notes","icon":"listen-notes.png"},"pandora":{"key":"pandora","url":"","label":"Pandora","class":"pandora","icon":"pandora.png"},"podbean":{"key":"podbean","url":"","label":"Podbean","class":"podbean","icon":"podbean.png"},"podcast_republic":{"key":"podcast_republic","url":"","label":"Podcast Republic","class":"podcast_republic","icon":"podcast-republic.png"},"rss":{"key":"rss","url":"","label":"RSS","class":"rss","icon":"rss.png"},"spotify":{"key":"spotify","url":"","label":"Spotify","class":"spotify","icon":"spotify.png"},"stitcher":{"key":"stitcher","url":"","label":"Stitcher","class":"stitcher","icon":"stitcher.png"},"tunein":{"key":"tunein","url":"","label":"TuneIn","class":"tunein","icon":"tunein.png"},"youtube":{"key":"youtube","url":"","label":"YouTube","class":"youtube","icon":"youtube.png"},"iheartradio":{"key":"iheartradio","url":"","label":"iHeartRadio","class":"iheartradio","icon":"iheartradio.png"},"ivoox":{"key":"ivoox","url":"","label":"iVoox","class":"ivoox","icon":"ivoox.png"}},"rssFeedUrl":"https:\/\/quechilero.com\/blog\/feed\/podcast\/si-la-vida-nos-da-limones","embedCode":"<blockquote class=\"wp-embedded-content\" data-secret=\"KFqX3rdnVD\"><a href=\"https:\/\/quechilero.com\/blog\/2011\/06\/17\/limonada-166\/\">Limonada # 166<\/a><\/blockquote><iframe sandbox=\"allow-scripts\" security=\"restricted\" src=\"https:\/\/quechilero.com\/blog\/2011\/06\/17\/limonada-166\/embed\/#?secret=KFqX3rdnVD\" width=\"500\" height=\"350\" title=\"\u00abLimonada # 166\u00bb \u2014 Si la Vida nos da Limones...\" data-secret=\"KFqX3rdnVD\" frameborder=\"0\" marginwidth=\"0\" marginheight=\"0\" scrolling=\"no\" class=\"wp-embedded-content\"><\/iframe><script>\n\/*! This file is auto-generated *\/\n!function(d,l){\"use strict\";l.querySelector&&d.addEventListener&&\"undefined\"!=typeof URL&&(d.wp=d.wp||{},d.wp.receiveEmbedMessage||(d.wp.receiveEmbedMessage=function(e){var t=e.data;if((t||t.secret||t.message||t.value)&&!\/[^a-zA-Z0-9]\/.test(t.secret)){for(var s,r,n,a=l.querySelectorAll('iframe[data-secret=\"'+t.secret+'\"]'),o=l.querySelectorAll('blockquote[data-secret=\"'+t.secret+'\"]'),c=new RegExp(\"^https?:$\",\"i\"),i=0;i<o.length;i++)o[i].style.display=\"none\";for(i=0;i<a.length;i++)s=a[i],e.source===s.contentWindow&&(s.removeAttribute(\"style\"),\"height\"===t.message?(1e3<(r=parseInt(t.value,10))?r=1e3:~~r<200&&(r=200),s.height=r):\"link\"===t.message&&(r=new URL(s.getAttribute(\"src\")),n=new URL(t.value),c.test(n.protocol))&&n.host===r.host&&l.activeElement===s&&(d.top.location.href=t.value))}},d.addEventListener(\"message\",d.wp.receiveEmbedMessage,!1),l.addEventListener(\"DOMContentLoaded\",function(){for(var e,t,s=l.querySelectorAll(\"iframe.wp-embedded-content\"),r=0;r<s.length;r++)(t=(e=s[r]).getAttribute(\"data-secret\"))||(t=Math.random().toString(36).substring(2,12),e.src+=\"#?secret=\"+t,e.setAttribute(\"data-secret\",t)),e.contentWindow.postMessage({message:\"ready\",secret:t},\"*\")},!1)))}(window,document);\n\/\/# sourceURL=https:\/\/quechilero.com\/blog\/wp-includes\/js\/wp-embed.min.js\n<\/script>\n"},"jetpack_publicize_connections":[],"jetpack_shortlink":"https:\/\/wp.me\/pDKli-2gV","jetpack_sharing_enabled":true,"jetpack-related-posts":[{"id":1670,"url":"https:\/\/quechilero.com\/blog\/2008\/09\/15\/libre-al-viento-tu-hermosa-bandera\/","url_meta":{"origin":8737,"position":0},"title":"Libre al viento, tu hermosa bandera","author":"Pepe Barrascout Ortiz","date":"15 septiembre 2008","format":false,"excerpt":"Para reflexionar un poco en este d\u00eda, sobre nuestro trabajo en la sociedad, para con nuestros semejantes y para con el mundo. Si trabajamos todos juntos, se puede lograr mas que si cada quien lo hace separado, si ayudamos a los dem\u00e1s, ganamos mas, que si no lo hacemos, construyamos\u2026","rel":"","context":"En \u00abLimones\u00bb","block_context":{"text":"Limones","link":"https:\/\/quechilero.com\/blog\/category\/limones\/"},"img":{"alt_text":"","src":"https:\/\/i0.wp.com\/img357.imageshack.us\/img357\/3079\/bandera11vg8.png?resize=350%2C200","width":350,"height":200},"classes":[]},{"id":9403,"url":"https:\/\/quechilero.com\/blog\/2011\/11\/11\/limonada-187\/","url_meta":{"origin":8737,"position":1},"title":"Limonada # 187","author":"Pepe Barrascout Ortiz","date":"11 noviembre 2011","format":false,"excerpt":"El total de personas en Guatemala que son criminales ser\u00e1 como 10.000. Y las personas que no son criminales son como 13 millones. C\u00f3mo podemos hacer que estos 13 millones de personas se coordinen para parar el crimen. Eso es lo que me gustar\u00eda averiguar. Luis von Ahn","rel":"","context":"En \u00abLimonadas\u00bb","block_context":{"text":"Limonadas","link":"https:\/\/quechilero.com\/blog\/category\/limonadas\/"},"img":{"alt_text":"Libros","src":"https:\/\/i0.wp.com\/static.flickr.com\/57\/216091344_c2ca864164_m.jpg?resize=350%2C200","width":350,"height":200},"classes":[]},{"id":9546,"url":"https:\/\/quechilero.com\/blog\/2011\/06\/25\/dia-del-maestro\/","url_meta":{"origin":8737,"position":2},"title":"D\u00eda del Maestro","author":"Pepe Barrascout Ortiz","date":"25 junio 2011","format":false,"excerpt":"Como un homenaje a mis colegas maestros, comparto estos art\u00edculos, que a lo largo de cinco a\u00f1os, he publicado en Si la vida nos da limones..., pero solo a aquellos que con \u00e1nimo y energ\u00eda, vocaci\u00f3n y entrega, d\u00eda a d\u00eda, asisten puntuales a la cita que tienen con la\u2026","rel":"","context":"En \u00abLimones\u00bb","block_context":{"text":"Limones","link":"https:\/\/quechilero.com\/blog\/category\/limones\/"},"img":{"alt_text":"","src":"","width":0,"height":0},"classes":[]},{"id":594,"url":"https:\/\/quechilero.com\/blog\/2007\/07\/23\/guatemala-en-video\/","url_meta":{"origin":8737,"position":3},"title":"Guatemala en Video","author":"Pepe Barrascout Ortiz","date":"23 julio 2007","format":false,"excerpt":"Un bonito video de Guatemala, si no conoces te invito a que vengas. https:\/\/youtu.be\/TQklmPe32mc Y para todo aquellos chapines que por alguna raz\u00f3n est\u00e1n fuera del pa\u00eds, un saludo desde esta linda tierra que nos vi\u00f3 nacer.","rel":"","context":"En \u00abLimones\u00bb","block_context":{"text":"Limones","link":"https:\/\/quechilero.com\/blog\/category\/limones\/"},"img":{"alt_text":"","src":"https:\/\/i0.wp.com\/img.youtube.com\/vi\/TQklmPe32mc\/0.jpg?resize=350%2C200","width":350,"height":200},"classes":[]},{"id":4474,"url":"https:\/\/quechilero.com\/blog\/2010\/02\/12\/la-vuelta-a-guatemala-en-80-podcasts-amatitlan\/","url_meta":{"origin":8737,"position":4},"title":"La Vuelta a Guatemala en 80 podcasts: Amatitl\u00e1n","author":"Pepe Barrascout Ortiz","date":"12 febrero 2010","format":false,"excerpt":"Iniciando nuestro recorrido, el cual empezamos en el kil\u00f3metro cero, nos lleva a un poco mas de 25 kil\u00f3metros de la Ciudad de Guatemala, y llegamos a Amatitl\u00e1n. En el primer cap\u00edtulo de La Vuelta a Guatemala en 80 podcasts, conocemos el municipio y el lago de Amatitl\u00e1n. Con datos\u2026","rel":"","context":"En \u00abLimones\u00bb","block_context":{"text":"Limones","link":"https:\/\/quechilero.com\/blog\/category\/limones\/"},"img":{"alt_text":"","src":"https:\/\/i0.wp.com\/i392.photobucket.com\/albums\/pp7\/pepejaguar\/podcast\/capitulo1.png?resize=350%2C200","width":350,"height":200,"srcset":"https:\/\/i0.wp.com\/i392.photobucket.com\/albums\/pp7\/pepejaguar\/podcast\/capitulo1.png?resize=350%2C200 1x, https:\/\/i0.wp.com\/i392.photobucket.com\/albums\/pp7\/pepejaguar\/podcast\/capitulo1.png?resize=525%2C300 1.5x"},"classes":[]},{"id":23,"url":"https:\/\/quechilero.com\/blog\/2006\/07\/14\/guatemala-el-7%c2%ba-pais-mas-feliz-del-mundo\/","url_meta":{"origin":8737,"position":5},"title":"Guatemala el 7mo. Pa\u00eds m\u00e1s Feliz del Mundo","author":"Pepe Barrascout Ortiz","date":"14 julio 2006","format":false,"excerpt":"Seg\u00fan un estudio realizado por Happy Planet Index Guatemala se encuentra en el puesto 7 a nivel mundial del listado de los pa\u00edses m\u00e1s felices. Seg\u00fan el estudio llevado a cabo por la prestigiosa entidad brit\u00e1nica New Economics Foundation, todos deber\u00edamos irnos a vivir a la peque\u00f1a isla de Vanuatu\u2026","rel":"","context":"En \u00abLimones\u00bb","block_context":{"text":"Limones","link":"https:\/\/quechilero.com\/blog\/category\/limones\/"},"img":{"alt_text":"","src":"","width":0,"height":0},"classes":[]}],"jetpack_featured_media_url":"","_links":{"self":[{"href":"https:\/\/quechilero.com\/blog\/wp-json\/wp\/v2\/posts\/8737","targetHints":{"allow":["GET"]}}],"collection":[{"href":"https:\/\/quechilero.com\/blog\/wp-json\/wp\/v2\/posts"}],"about":[{"href":"https:\/\/quechilero.com\/blog\/wp-json\/wp\/v2\/types\/post"}],"author":[{"embeddable":true,"href":"https:\/\/quechilero.com\/blog\/wp-json\/wp\/v2\/users\/1"}],"replies":[{"embeddable":true,"href":"https:\/\/quechilero.com\/blog\/wp-json\/wp\/v2\/comments?post=8737"}],"version-history":[{"count":0,"href":"https:\/\/quechilero.com\/blog\/wp-json\/wp\/v2\/posts\/8737\/revisions"}],"wp:attachment":[{"href":"https:\/\/quechilero.com\/blog\/wp-json\/wp\/v2\/media?parent=8737"}],"wp:term":[{"taxonomy":"category","embeddable":true,"href":"https:\/\/quechilero.com\/blog\/wp-json\/wp\/v2\/categories?post=8737"},{"taxonomy":"post_tag","embeddable":true,"href":"https:\/\/quechilero.com\/blog\/wp-json\/wp\/v2\/tags?post=8737"},{"taxonomy":"series","embeddable":true,"href":"https:\/\/quechilero.com\/blog\/wp-json\/wp\/v2\/series?post=8737"}],"curies":[{"name":"wp","href":"https:\/\/api.w.org\/{rel}","templated":true}]}}