{"id":872,"date":"2008-02-17T09:00:10","date_gmt":"2008-02-17T15:00:10","guid":{"rendered":"http:\/\/www.quechilero.com\/blog\/2008\/02\/17\/cuaresma-evangelio-17-feb-08\/"},"modified":"2008-02-17T09:00:10","modified_gmt":"2008-02-17T15:00:10","slug":"cuaresma-evangelio-17-feb-08","status":"publish","type":"post","link":"https:\/\/quechilero.com\/blog\/2008\/02\/17\/cuaresma-evangelio-17-feb-08\/","title":{"rendered":"Cuaresma &#8211; Evangelio 17 feb 08"},"content":{"rendered":"<p><strong>Evangelio seg\u00fan San Mateo 17,1-9.<\/strong><\/p>\n<p>Seis d\u00edas despu\u00e9s, Jes\u00fas tom\u00f3 a Pedro, a Santiago y a su hermano Juan, y los llev\u00f3 aparte a un monte elevado.<\/p>\n<p>All\u00e1 se transfigur\u00f3 en presencia de ellos: su rostro resplandec\u00eda como el sol y sus vestiduras se volvieron blancas como la luz.<\/p>\n<p>De pronto se les aparecieron Mois\u00e9s y El\u00edas, hablando con Jes\u00fas.<\/p>\n<p>Pedro dijo a Jes\u00fas: \u00abSe\u00f1or, \u00a1qu\u00e9 bien estamos aqu\u00ed! Si quieres, levantar\u00e1 aqu\u00ed mismo tres carpas, una para ti, otra para Mois\u00e9s y otra para El\u00edas\u00bb.<\/p>\n<p>Todav\u00eda estaba hablando, cuando una nube luminosa los cubri\u00e1 con su sombra y se oy\u00f3 una voz que dec\u00eda desde la nube: \u00abEste es mi Hijo muy querido, en quien tengo puesta mi predilecci\u00f3n: esc\u00fachenlo\u00bb.<\/p>\n<p>Al o\u00edr esto, los disc\u00edpulos cayeron con el rostro en tierra, llenos de temor.<\/p>\n<p>Jes\u00fas se acerc\u00f3 a ellos y, toc\u00e1ndolos, les dijo: \u00abLev\u00e1ntense, no tengan miedo\u00bb.<\/p>\n<p>Cuando alzaron los ojos, no vieron a nadie m\u00e1s que a Jes\u00fas solo.<\/p>\n<p>Mientras bajaban del monte, Jes\u00fas les orden\u00f3: \u00abNo hablen a nadie de esta visi\u00f3n, hasta que el Hijo del hombre resucite de entre los muertos\u00bb.<\/p>\n","protected":false},"excerpt":{"rendered":"<p>Evangelio seg\u00fan San Mateo 17,1-9. Seis d\u00edas despu\u00e9s, Jes\u00fas tom\u00f3 a Pedro, a Santiago y a su hermano Juan, y los llev\u00f3 aparte a un monte elevado. All\u00e1 se transfigur\u00f3 en presencia de ellos: su rostro resplandec\u00eda como el sol y sus vestiduras se volvieron blancas como la luz. De pronto se les aparecieron Mois\u00e9s &#8230; <a title=\"Cuaresma &#8211; Evangelio 17 feb 08\" class=\"read-more\" href=\"https:\/\/quechilero.com\/blog\/2008\/02\/17\/cuaresma-evangelio-17-feb-08\/\" aria-label=\"Leer m\u00e1s sobre Cuaresma &#8211; Evangelio 17 feb 08\">Leer m\u00e1s<\/a><\/p>\n","protected":false},"author":1,"featured_media":0,"comment_status":"open","ping_status":"open","sticky":false,"template":"","format":"standard","meta":{"advanced_seo_description":"","jetpack_seo_html_title":"","jetpack_seo_noindex":false,"jetpack_seo_schema_type":"","episode_type":"","audio_file":"","podmotor_file_id":"","podmotor_episode_id":"","cover_image":"","cover_image_id":"","duration":"","filesize":"","filesize_raw":"","date_recorded":"","explicit":"","block":"","_jetpack_newsletter_access":"","_jetpack_dont_email_post_to_subs":false,"_jetpack_newsletter_tier_id":0,"_jetpack_memberships_contains_paywalled_content":false,"_jetpack_feature_clip_id":0,"_jetpack_memberships_contains_paid_content":false,"footnotes":"","jetpack_publicize_message":"","jetpack_publicize_feature_enabled":true,"jetpack_social_post_already_shared":false,"jetpack_social_options":{"image_generator_settings":{"template":"highway","default_image_id":0,"font":"","enabled":false},"version":2},"jetpack_post_was_ever_published":false},"categories":[2],"tags":[100,90,18,74],"series":[],"class_list":["post-872","post","type-post","status-publish","format-standard","hentry","category-limones","tag-cuaresma","tag-evangelio","tag-hombre","tag-jesus"],"episode_featured_image":false,"episode_player_image":"https:\/\/i0.wp.com\/quechilero.com\/blog\/imagenes\/podcast.png?fit=1831%2C1831&ssl=1","download_link":"","player_link":"","audio_player":false,"episode_data":{"playerMode":"dark","subscribeUrls":{"amazon":{"key":"amazon","url":"","label":"Amazon","class":"amazon","icon":"amazon.png"},"apple_podcasts":{"key":"apple_podcasts","url":"","label":"Apple Podcasts","class":"apple_podcasts","icon":"apple-podcasts.png"},"castbox":{"key":"castbox","url":"","label":"CastBox","class":"castbox","icon":"castbox.png"},"deezer":{"key":"deezer","url":"","label":"Deezer","class":"deezer","icon":"deezer.png"},"google_podcasts":{"key":"google_podcasts","url":"","label":"Google Podcasts","class":"google_podcasts","icon":"google-podcasts.png"},"listen_notes":{"key":"listen_notes","url":"","label":"Listen Notes","class":"listen_notes","icon":"listen-notes.png"},"pandora":{"key":"pandora","url":"","label":"Pandora","class":"pandora","icon":"pandora.png"},"podbean":{"key":"podbean","url":"","label":"Podbean","class":"podbean","icon":"podbean.png"},"podcast_republic":{"key":"podcast_republic","url":"","label":"Podcast Republic","class":"podcast_republic","icon":"podcast-republic.png"},"rss":{"key":"rss","url":"","label":"RSS","class":"rss","icon":"rss.png"},"spotify":{"key":"spotify","url":"","label":"Spotify","class":"spotify","icon":"spotify.png"},"stitcher":{"key":"stitcher","url":"","label":"Stitcher","class":"stitcher","icon":"stitcher.png"},"tunein":{"key":"tunein","url":"","label":"TuneIn","class":"tunein","icon":"tunein.png"},"youtube":{"key":"youtube","url":"","label":"YouTube","class":"youtube","icon":"youtube.png"},"iheartradio":{"key":"iheartradio","url":"","label":"iHeartRadio","class":"iheartradio","icon":"iheartradio.png"},"ivoox":{"key":"ivoox","url":"","label":"iVoox","class":"ivoox","icon":"ivoox.png"}},"rssFeedUrl":"https:\/\/quechilero.com\/blog\/feed\/podcast\/si-la-vida-nos-da-limones","embedCode":"<blockquote class=\"wp-embedded-content\" data-secret=\"TLpkCwQUUU\"><a href=\"https:\/\/quechilero.com\/blog\/2008\/02\/17\/cuaresma-evangelio-17-feb-08\/\">Cuaresma &#8211; Evangelio 17 feb 08<\/a><\/blockquote><iframe sandbox=\"allow-scripts\" security=\"restricted\" src=\"https:\/\/quechilero.com\/blog\/2008\/02\/17\/cuaresma-evangelio-17-feb-08\/embed\/#?secret=TLpkCwQUUU\" width=\"500\" height=\"350\" title=\"\u00abCuaresma &#8211; Evangelio 17 feb 08\u00bb \u2014 Si la Vida nos da Limones...\" data-secret=\"TLpkCwQUUU\" frameborder=\"0\" marginwidth=\"0\" marginheight=\"0\" scrolling=\"no\" class=\"wp-embedded-content\"><\/iframe><script>\n\/*! This file is auto-generated *\/\n!function(d,l){\"use strict\";l.querySelector&&d.addEventListener&&\"undefined\"!=typeof URL&&(d.wp=d.wp||{},d.wp.receiveEmbedMessage||(d.wp.receiveEmbedMessage=function(e){var t=e.data;if((t||t.secret||t.message||t.value)&&!\/[^a-zA-Z0-9]\/.test(t.secret)){for(var s,r,n,a=l.querySelectorAll('iframe[data-secret=\"'+t.secret+'\"]'),o=l.querySelectorAll('blockquote[data-secret=\"'+t.secret+'\"]'),c=new RegExp(\"^https?:$\",\"i\"),i=0;i<o.length;i++)o[i].style.display=\"none\";for(i=0;i<a.length;i++)s=a[i],e.source===s.contentWindow&&(s.removeAttribute(\"style\"),\"height\"===t.message?(1e3<(r=parseInt(t.value,10))?r=1e3:~~r<200&&(r=200),s.height=r):\"link\"===t.message&&(r=new URL(s.getAttribute(\"src\")),n=new URL(t.value),c.test(n.protocol))&&n.host===r.host&&l.activeElement===s&&(d.top.location.href=t.value))}},d.addEventListener(\"message\",d.wp.receiveEmbedMessage,!1),l.addEventListener(\"DOMContentLoaded\",function(){for(var e,t,s=l.querySelectorAll(\"iframe.wp-embedded-content\"),r=0;r<s.length;r++)(t=(e=s[r]).getAttribute(\"data-secret\"))||(t=Math.random().toString(36).substring(2,12),e.src+=\"#?secret=\"+t,e.setAttribute(\"data-secret\",t)),e.contentWindow.postMessage({message:\"ready\",secret:t},\"*\")},!1)))}(window,document);\n\/\/# sourceURL=https:\/\/quechilero.com\/blog\/wp-includes\/js\/wp-embed.min.js\n<\/script>\n"},"jetpack_publicize_connections":[],"jetpack_shortlink":"https:\/\/wp.me\/pDKli-e4","jetpack_sharing_enabled":true,"jetpack-related-posts":[{"id":877,"url":"https:\/\/quechilero.com\/blog\/2008\/02\/22\/cuaresma-evangelio-22-feb-08\/","url_meta":{"origin":872,"position":0},"title":"Cuaresma &#8211; Evangelio 22 feb 08","author":"Pepe Barrascout Ortiz","date":"22 febrero 2008","format":false,"excerpt":"Evangelio seg\u00fan San Mateo 16,13-19. Al llegar a la regi\u00f3n de Cesarea de Filipo, Jes\u00fas pregunt\u00f3 a sus disc\u00edpulos: \"\u00bfQu\u00e9 dice la gente sobre el Hijo del hombre? \u00bfQui\u00e9n dicen que es?\". Ellos le respondieron: \"Unos dicen que es Juan el Bautista; otros, El\u00edas; y otros, Jerem\u00edas o alguno de\u2026","rel":"","context":"En \u00abLimones\u00bb","block_context":{"text":"Limones","link":"https:\/\/quechilero.com\/blog\/category\/limones\/"},"img":{"alt_text":"","src":"","width":0,"height":0},"classes":[]},{"id":894,"url":"https:\/\/quechilero.com\/blog\/2008\/03\/10\/cuaresma-evangelio-10-mar-08\/","url_meta":{"origin":872,"position":1},"title":"Cuaresma &#8211; Evangelio 10 mar 08","author":"Pepe Barrascout Ortiz","date":"10 marzo 2008","format":false,"excerpt":"Evangelio seg\u00fan San Juan 8,1-11. Jes\u00fas fue al monte de los Olivos. Al amanecer volvi\u00f3 al Templo, y todo el pueblo acud\u00eda a \u00c9l. Entonces se sent\u00f3 y comenz\u00f3 a ense\u00f1arles. Los escribas y los fariseos le trajeron a una mujer que hab\u00eda sido sorprendida en adulterio y, poni\u00e9ndola en\u2026","rel":"","context":"En \u00abLimones\u00bb","block_context":{"text":"Limones","link":"https:\/\/quechilero.com\/blog\/category\/limones\/"},"img":{"alt_text":"","src":"","width":0,"height":0},"classes":[]},{"id":27326,"url":"https:\/\/quechilero.com\/blog\/2010\/10\/04\/santo-rosario-misterios-luminosos\/","url_meta":{"origin":872,"position":2},"title":"Santo Rosario: Misterios Luminosos","author":"Pepe Barrascout Ortiz","date":"4 octubre 2010","format":false,"excerpt":"Los Misterios Luminosos los rezamos los Jueves En el nombre del Padre, y del Hijo, y del Esp\u00edritu Santo. Am\u00e9n. Dios m\u00edo, ven en mi auxilio. Se\u00f1or, date prisa en socorrerme. Gloria al Padre, Gloria al Hijo y Gloria al Esp\u00edritu Santo, Am\u00e9n. Primer Misterio Luminoso. El Bautismo de Jes\u00fas.\u2026","rel":"","context":"En \u00abEl Santo Rosario\u00bb","block_context":{"text":"El Santo Rosario","link":"https:\/\/quechilero.com\/blog\/category\/podcast\/el-santo-rosario\/"},"img":{"alt_text":"Misterios Luminosos","src":"https:\/\/i0.wp.com\/i392.photobucket.com\/albums\/pp7\/pepejaguar\/blog\/Misterios-Luminosos_zpsb09a52c6.jpg?resize=350%2C200","width":350,"height":200,"srcset":"https:\/\/i0.wp.com\/i392.photobucket.com\/albums\/pp7\/pepejaguar\/blog\/Misterios-Luminosos_zpsb09a52c6.jpg?resize=350%2C200 1x, https:\/\/i0.wp.com\/i392.photobucket.com\/albums\/pp7\/pepejaguar\/blog\/Misterios-Luminosos_zpsb09a52c6.jpg?resize=525%2C300 1.5x"},"classes":[]},{"id":904,"url":"https:\/\/quechilero.com\/blog\/2008\/03\/18\/cuaresma-evangelio-18-mar-08\/","url_meta":{"origin":872,"position":3},"title":"Cuaresma &#8211; Evangelio 18 mar 08","author":"Pepe Barrascout Ortiz","date":"18 marzo 2008","format":false,"excerpt":"Evangelio seg\u00fan San Juan 13,21-33.36-38. Despu\u00e9s de decir esto, Jes\u00fas se estremeci\u00f3 y manifest\u00f3 claramente: \"Les aseguro que uno de ustedes me entregar\u00e1\". Los disc\u00edpulos se miraban unos a otros, no sabiendo a qui\u00e9n se refer\u00eda. Uno de ellos -el disc\u00edpulo al que Jes\u00fas amaba- estaba reclinado muy cerca de\u2026","rel":"","context":"En \u00abLimones\u00bb","block_context":{"text":"Limones","link":"https:\/\/quechilero.com\/blog\/category\/limones\/"},"img":{"alt_text":"","src":"","width":0,"height":0},"classes":[]},{"id":874,"url":"https:\/\/quechilero.com\/blog\/2008\/02\/19\/cuaresma-evangelio-19-feb-08\/","url_meta":{"origin":872,"position":4},"title":"Cuaresma &#8211; Evangelio 19 feb 08","author":"Pepe Barrascout Ortiz","date":"19 febrero 2008","format":false,"excerpt":"Evangelio seg\u00fan San Mateo 23,1-12. Entonces Jes\u00fas dijo a la multitud y a sus disc\u00edpulos: \"Los escribas y fariseos ocupan la c\u00e1tedra de Mois\u00e9s; ustedes hagan y cumplan todo lo que ellos les digan, pero no se gu\u00eden por sus obras, porque no hacen lo que dicen. Atan pesadas cargas\u2026","rel":"","context":"En \u00abLimones\u00bb","block_context":{"text":"Limones","link":"https:\/\/quechilero.com\/blog\/category\/limones\/"},"img":{"alt_text":"","src":"","width":0,"height":0},"classes":[]},{"id":906,"url":"https:\/\/quechilero.com\/blog\/2008\/03\/20\/cuaresma-evangelio-20-mar-08\/","url_meta":{"origin":872,"position":5},"title":"Cuaresma &#8211; Evangelio 20 mar 08","author":"Pepe Barrascout Ortiz","date":"20 marzo 2008","format":false,"excerpt":"Evangelio seg\u00fan San Juan 13,1-15. Antes de la fiesta de Pascua, sabiendo Jes\u00fas que hab\u00eda llegado la hora de pasar de este mundo al Padre, \u00c9l, que hab\u00eda amado a los suyos que quedaban en el mundo, los am\u00f3 hasta el fin. Durante la Cena, cuando el demonio ya hab\u00eda\u2026","rel":"","context":"En \u00abLimones\u00bb","block_context":{"text":"Limones","link":"https:\/\/quechilero.com\/blog\/category\/limones\/"},"img":{"alt_text":"","src":"","width":0,"height":0},"classes":[]}],"jetpack_featured_media_url":"","_links":{"self":[{"href":"https:\/\/quechilero.com\/blog\/wp-json\/wp\/v2\/posts\/872","targetHints":{"allow":["GET"]}}],"collection":[{"href":"https:\/\/quechilero.com\/blog\/wp-json\/wp\/v2\/posts"}],"about":[{"href":"https:\/\/quechilero.com\/blog\/wp-json\/wp\/v2\/types\/post"}],"author":[{"embeddable":true,"href":"https:\/\/quechilero.com\/blog\/wp-json\/wp\/v2\/users\/1"}],"replies":[{"embeddable":true,"href":"https:\/\/quechilero.com\/blog\/wp-json\/wp\/v2\/comments?post=872"}],"version-history":[{"count":0,"href":"https:\/\/quechilero.com\/blog\/wp-json\/wp\/v2\/posts\/872\/revisions"}],"wp:attachment":[{"href":"https:\/\/quechilero.com\/blog\/wp-json\/wp\/v2\/media?parent=872"}],"wp:term":[{"taxonomy":"category","embeddable":true,"href":"https:\/\/quechilero.com\/blog\/wp-json\/wp\/v2\/categories?post=872"},{"taxonomy":"post_tag","embeddable":true,"href":"https:\/\/quechilero.com\/blog\/wp-json\/wp\/v2\/tags?post=872"},{"taxonomy":"series","embeddable":true,"href":"https:\/\/quechilero.com\/blog\/wp-json\/wp\/v2\/series?post=872"}],"curies":[{"name":"wp","href":"https:\/\/api.w.org\/{rel}","templated":true}]}}