{"id":8706,"date":"2011-07-18T12:00:15","date_gmt":"2011-07-18T18:00:15","guid":{"rendered":"http:\/\/quechilero.com\/blog\/?p=8706"},"modified":"2011-07-18T12:00:15","modified_gmt":"2011-07-18T18:00:15","slug":"viajando-por-el-mundo-tokyo","status":"publish","type":"post","link":"https:\/\/quechilero.com\/blog\/2011\/07\/18\/viajando-por-el-mundo-tokyo\/","title":{"rendered":"Viajando por el Mundo: Tokyo"},"content":{"rendered":"<p><a title=\"Viajando por el Mundo\" href=\"http:\/\/quechilero.com\/blog\/?s=viajando+por+el+mundo\">Viajando por el Mundo<\/a>, hoy vamos a\u00a0<strong>Tokyo<\/strong>. Es la capital de facto de Jap\u00f3n, localizada en el centro-este de la isla de Honshu, espec\u00edficamente en la regi\u00f3n de Kanto. En conjunto forma una de las 47 prefecturas de Jap\u00f3n, aunque su denominaci\u00f3n oficial es metr\u00f3polis o capital (\u90fd -to). La ciudad es el centro de la pol\u00edtica, econom\u00eda, educaci\u00f3n, comunicaci\u00f3n y cultura popular del pa\u00eds. Posee tambi\u00e9n la mayor concentraci\u00f3n de sedes corporativas, instituciones financieras, universidades y colegios, museos, teatros, y establecimientos comerciales y de entretenimiento de todo Jap\u00f3n.<\/p>\n<p>Se subdivide en 23 barrios (\u533a -ku); 26 ciudades (\u5e02 -shi); un distrito (\u90e1 -gun) subdividido en tres pueblos (\u753a -ch\u014d o -machi) y una villa (\u6751 -son o -mura); y cuatro subprefecturas (\u652f\u5e81 -shich\u014d) subdivididas en dos pueblos y siete villas, que representan a varias peque\u00f1as islas al sur de Honshu que se extienden m\u00e1s all\u00e1 de 1.800 km de Shinjuku, capital de la metr\u00f3poli y sede de la gobernaci\u00f3n. El centro de Tokio, con sus 23 barrios, ocupa un tercio de la metr\u00f3poli, con una poblaci\u00f3n cercana a los 8.340.000 habitantes; esta \u00e1rea es lo que se conoce internacionalmente como la ciudad de Tokio. Su \u00e1rea metropolitana posee 34,5 millones de habitantes (2007) convirti\u00e9ndose as\u00ed en la mayor aglomeraci\u00f3n urbana del mundo.<\/p>\n<!-- vimeo error: not a vimeo video -->\n<p>Mas videos\u00a0<a title=\"Viajando por el Mundo\" href=\"http:\/\/quechilero.com\/blog\/?s=viajando+por+el+mundo\">Viajando por el Mundo<\/a><\/p>\n","protected":false},"excerpt":{"rendered":"<p>Viajando por el Mundo, hoy vamos a\u00a0Tokyo. Es la capital de facto de Jap\u00f3n, localizada en el centro-este de la isla de Honshu, espec\u00edficamente en la regi\u00f3n de Kanto. En conjunto forma una de las 47 prefecturas de Jap\u00f3n, aunque su denominaci\u00f3n oficial es metr\u00f3polis o capital (\u90fd -to). La ciudad es el centro de &#8230; <a title=\"Viajando por el Mundo: Tokyo\" class=\"read-more\" href=\"https:\/\/quechilero.com\/blog\/2011\/07\/18\/viajando-por-el-mundo-tokyo\/\" aria-label=\"Leer m\u00e1s sobre Viajando por el Mundo: Tokyo\">Leer m\u00e1s<\/a><\/p>\n","protected":false},"author":1,"featured_media":0,"comment_status":"open","ping_status":"open","sticky":false,"template":"","format":"standard","meta":{"advanced_seo_description":"","jetpack_seo_html_title":"","jetpack_seo_noindex":false,"jetpack_seo_schema_type":"","episode_type":"","audio_file":"","podmotor_file_id":"","podmotor_episode_id":"","cover_image":"","cover_image_id":"","duration":"","filesize":"","filesize_raw":"","date_recorded":"","explicit":"","block":"","_jetpack_newsletter_access":"","_jetpack_dont_email_post_to_subs":false,"_jetpack_newsletter_tier_id":0,"_jetpack_memberships_contains_paywalled_content":false,"_jetpack_feature_clip_id":0,"_jetpack_memberships_contains_paid_content":false,"footnotes":"","jetpack_publicize_message":"","jetpack_publicize_feature_enabled":true,"jetpack_social_post_already_shared":false,"jetpack_social_options":{"image_generator_settings":{"template":"highway","default_image_id":0,"font":"","enabled":false},"version":2},"jetpack_post_was_ever_published":false},"categories":[98],"tags":[25],"series":[],"class_list":["post-8706","post","type-post","status-publish","format-standard","hentry","category-limones-por-mano","tag-video"],"episode_featured_image":false,"episode_player_image":"https:\/\/i0.wp.com\/quechilero.com\/blog\/imagenes\/podcast.png?fit=1831%2C1831&ssl=1","download_link":"","player_link":"","audio_player":false,"episode_data":{"playerMode":"dark","subscribeUrls":{"amazon":{"key":"amazon","url":"","label":"Amazon","class":"amazon","icon":"amazon.png"},"apple_podcasts":{"key":"apple_podcasts","url":"","label":"Apple Podcasts","class":"apple_podcasts","icon":"apple-podcasts.png"},"castbox":{"key":"castbox","url":"","label":"CastBox","class":"castbox","icon":"castbox.png"},"deezer":{"key":"deezer","url":"","label":"Deezer","class":"deezer","icon":"deezer.png"},"google_podcasts":{"key":"google_podcasts","url":"","label":"Google Podcasts","class":"google_podcasts","icon":"google-podcasts.png"},"listen_notes":{"key":"listen_notes","url":"","label":"Listen Notes","class":"listen_notes","icon":"listen-notes.png"},"pandora":{"key":"pandora","url":"","label":"Pandora","class":"pandora","icon":"pandora.png"},"podbean":{"key":"podbean","url":"","label":"Podbean","class":"podbean","icon":"podbean.png"},"podcast_republic":{"key":"podcast_republic","url":"","label":"Podcast Republic","class":"podcast_republic","icon":"podcast-republic.png"},"rss":{"key":"rss","url":"","label":"RSS","class":"rss","icon":"rss.png"},"spotify":{"key":"spotify","url":"","label":"Spotify","class":"spotify","icon":"spotify.png"},"stitcher":{"key":"stitcher","url":"","label":"Stitcher","class":"stitcher","icon":"stitcher.png"},"tunein":{"key":"tunein","url":"","label":"TuneIn","class":"tunein","icon":"tunein.png"},"youtube":{"key":"youtube","url":"","label":"YouTube","class":"youtube","icon":"youtube.png"},"iheartradio":{"key":"iheartradio","url":"","label":"iHeartRadio","class":"iheartradio","icon":"iheartradio.png"},"ivoox":{"key":"ivoox","url":"","label":"iVoox","class":"ivoox","icon":"ivoox.png"}},"rssFeedUrl":"https:\/\/quechilero.com\/blog\/feed\/podcast\/si-la-vida-nos-da-limones","embedCode":"<blockquote class=\"wp-embedded-content\" data-secret=\"bGhuzZC4qr\"><a href=\"https:\/\/quechilero.com\/blog\/2011\/07\/18\/viajando-por-el-mundo-tokyo\/\">Viajando por el Mundo: Tokyo<\/a><\/blockquote><iframe sandbox=\"allow-scripts\" security=\"restricted\" src=\"https:\/\/quechilero.com\/blog\/2011\/07\/18\/viajando-por-el-mundo-tokyo\/embed\/#?secret=bGhuzZC4qr\" width=\"500\" height=\"350\" title=\"\u00abViajando por el Mundo: Tokyo\u00bb \u2014 Si la Vida nos da Limones...\" data-secret=\"bGhuzZC4qr\" frameborder=\"0\" marginwidth=\"0\" marginheight=\"0\" scrolling=\"no\" class=\"wp-embedded-content\"><\/iframe><script>\n\/*! This file is auto-generated *\/\n!function(d,l){\"use strict\";l.querySelector&&d.addEventListener&&\"undefined\"!=typeof URL&&(d.wp=d.wp||{},d.wp.receiveEmbedMessage||(d.wp.receiveEmbedMessage=function(e){var t=e.data;if((t||t.secret||t.message||t.value)&&!\/[^a-zA-Z0-9]\/.test(t.secret)){for(var s,r,n,a=l.querySelectorAll('iframe[data-secret=\"'+t.secret+'\"]'),o=l.querySelectorAll('blockquote[data-secret=\"'+t.secret+'\"]'),c=new RegExp(\"^https?:$\",\"i\"),i=0;i<o.length;i++)o[i].style.display=\"none\";for(i=0;i<a.length;i++)s=a[i],e.source===s.contentWindow&&(s.removeAttribute(\"style\"),\"height\"===t.message?(1e3<(r=parseInt(t.value,10))?r=1e3:~~r<200&&(r=200),s.height=r):\"link\"===t.message&&(r=new URL(s.getAttribute(\"src\")),n=new URL(t.value),c.test(n.protocol))&&n.host===r.host&&l.activeElement===s&&(d.top.location.href=t.value))}},d.addEventListener(\"message\",d.wp.receiveEmbedMessage,!1),l.addEventListener(\"DOMContentLoaded\",function(){for(var e,t,s=l.querySelectorAll(\"iframe.wp-embedded-content\"),r=0;r<s.length;r++)(t=(e=s[r]).getAttribute(\"data-secret\"))||(t=Math.random().toString(36).substring(2,12),e.src+=\"#?secret=\"+t,e.setAttribute(\"data-secret\",t)),e.contentWindow.postMessage({message:\"ready\",secret:t},\"*\")},!1)))}(window,document);\n\/\/# sourceURL=https:\/\/quechilero.com\/blog\/wp-includes\/js\/wp-embed.min.js\n<\/script>\n"},"jetpack_publicize_connections":[],"jetpack_shortlink":"https:\/\/wp.me\/pDKli-2gq","jetpack_sharing_enabled":true,"jetpack-related-posts":[{"id":588,"url":"https:\/\/quechilero.com\/blog\/2007\/07\/17\/como-ejercitar-tu-memoria\/","url_meta":{"origin":8706,"position":0},"title":"\u00bfC\u00f3mo ejercitar tu memoria?","author":"Pepe Barrascout Ortiz","date":"17 julio 2007","format":false,"excerpt":"La memoria humana es aquella potestad que permite al ser humano retener experiencias pasadas. Se subdivide en una serie de sistemas, cada uno de los cuales posee diferentes funciones, como por ejemplo, almacenar informaci\u00f3n por unos pocos segundos (memoria a corto plazo) o para toda la vida (memoria a largo\u2026","rel":"","context":"En \u00abLimones\u00bb","block_context":{"text":"Limones","link":"https:\/\/quechilero.com\/blog\/category\/limones\/"},"img":{"alt_text":"","src":"","width":0,"height":0},"classes":[]},{"id":8699,"url":"https:\/\/quechilero.com\/blog\/2011\/05\/30\/viajando-por-el-mundo-amsterdam\/","url_meta":{"origin":8706,"position":1},"title":"Viajando por el Mundo: Amsterdam","author":"Pepe Barrascout Ortiz","date":"30 mayo 2011","format":false,"excerpt":"Viajando por el Mundo, hoy vamos a\u00a0Amsterdam. Es la capital oficial de los Pa\u00edses Bajos. La ciudad est\u00e1 situada entre la bah\u00eda del IJ al norte y a las orillas del r\u00edo Amstel al sureste. Fue fundada en el siglo XII como un peque\u00f1o pueblo pesquero. Sin embargo, en la\u2026","rel":"","context":"En \u00abLimones por mano\u00bb","block_context":{"text":"Limones por mano","link":"https:\/\/quechilero.com\/blog\/category\/limones-por-mano\/"},"img":{"alt_text":"","src":"https:\/\/i0.wp.com\/img.youtube.com\/vi\/zqznMM-erBk\/0.jpg?resize=350%2C200","width":350,"height":200},"classes":[]},{"id":8705,"url":"https:\/\/quechilero.com\/blog\/2011\/07\/11\/viajando-por-el-mundo-wroclaw\/","url_meta":{"origin":8706,"position":2},"title":"Viajando por el Mundo: Wroclaw","author":"Pepe Barrascout Ortiz","date":"11 julio 2011","format":false,"excerpt":"Viajando por el Mundo, hoy vamos a\u00a0Wroclaw. Situada en un antiguo centro de comercio y cruce del r\u00edo Odre, junto al cual el rey de Vratislav de Bohemia erigi\u00f3 un castillo en el siglo X, d\u00e1ndole el primer nombre al asentamiento \"Vratislavia\" o \"Wratislaw\". En la ultima decada de ese\u2026","rel":"","context":"En \u00abLimones por mano\u00bb","block_context":{"text":"Limones por mano","link":"https:\/\/quechilero.com\/blog\/category\/limones-por-mano\/"},"img":{"alt_text":"","src":"","width":0,"height":0},"classes":[]},{"id":8698,"url":"https:\/\/quechilero.com\/blog\/2011\/05\/23\/viajando-por-el-mundo-toronto\/","url_meta":{"origin":8706,"position":3},"title":"Viajando por el Mundo: Toronto","author":"Pepe Barrascout Ortiz","date":"23 mayo 2011","format":false,"excerpt":"Viajando por el Mundo, hoy vamos a\u00a0Toronto. Es la capital de la provincia de Ontario y, con una poblaci\u00f3n de 2.503.281 habitantes, es la ciudad m\u00e1s grande de Canad\u00e1, adem\u00e1s del centro financiero de dicho pa\u00eds. Localizada en la orilla noroeste del lago Ontario es la quinta ciudad m\u00e1s grande\u2026","rel":"","context":"En \u00abLimones por mano\u00bb","block_context":{"text":"Limones por mano","link":"https:\/\/quechilero.com\/blog\/category\/limones-por-mano\/"},"img":{"alt_text":"","src":"","width":0,"height":0},"classes":[]},{"id":8701,"url":"https:\/\/quechilero.com\/blog\/2011\/06\/13\/viajando-por-el-mundo-dresden\/","url_meta":{"origin":8706,"position":4},"title":"Viajando por el Mundo: Dresden","author":"Pepe Barrascout Ortiz","date":"13 junio 2011","format":false,"excerpt":"Viajando por el Mundo, hoy vamos a\u00a0Dresden. Es la capital del estado federado de Sajonia, en Alemania. Limita al noroeste con el distrito de Mei\u00dfen, al nordeste con el de Bautzen y al sur con el de S\u00e4chsische Schweiz-Osterzgebirge. Dresde se encuentra justo en el centro de la conurbaci\u00f3n hom\u00f3nima.\u2026","rel":"","context":"En \u00abLimones por mano\u00bb","block_context":{"text":"Limones por mano","link":"https:\/\/quechilero.com\/blog\/category\/limones-por-mano\/"},"img":{"alt_text":"","src":"","width":0,"height":0},"classes":[]},{"id":11326,"url":"https:\/\/quechilero.com\/blog\/2011\/11\/10\/transporte-gratis-en-las-elecciones-sabe-quien-lo-paga\/","url_meta":{"origin":8706,"position":5},"title":"Transporte Gratis en las Elecciones \u00bfsabe quien lo paga?","author":"Pepe Barrascout Ortiz","date":"10 noviembre 2011","format":false,"excerpt":"Como es ya tradici\u00f3n, una vez mas se ofreci\u00f3 transporte gratuito el d\u00eda de las elecciones. Cuando a\u00fan no ten\u00eda edad para votar, era la oportunidad para ir a dar vueltas gratis por la ciudad.\u00a0Era com\u00fan la reuni\u00f3n con amigos y nos aventur\u00e1bamos a explorar\u00a0la capital del pa\u00eds. Claro que\u2026","rel":"","context":"En \u00abLimones\u00bb","block_context":{"text":"Limones","link":"https:\/\/quechilero.com\/blog\/category\/limones\/"},"img":{"alt_text":"","src":"https:\/\/i0.wp.com\/i392.photobucket.com\/albums\/pp7\/pepejaguar\/blog\/transmetro.png?resize=350%2C200","width":350,"height":200,"srcset":"https:\/\/i0.wp.com\/i392.photobucket.com\/albums\/pp7\/pepejaguar\/blog\/transmetro.png?resize=350%2C200 1x, https:\/\/i0.wp.com\/i392.photobucket.com\/albums\/pp7\/pepejaguar\/blog\/transmetro.png?resize=525%2C300 1.5x"},"classes":[]}],"jetpack_featured_media_url":"","_links":{"self":[{"href":"https:\/\/quechilero.com\/blog\/wp-json\/wp\/v2\/posts\/8706","targetHints":{"allow":["GET"]}}],"collection":[{"href":"https:\/\/quechilero.com\/blog\/wp-json\/wp\/v2\/posts"}],"about":[{"href":"https:\/\/quechilero.com\/blog\/wp-json\/wp\/v2\/types\/post"}],"author":[{"embeddable":true,"href":"https:\/\/quechilero.com\/blog\/wp-json\/wp\/v2\/users\/1"}],"replies":[{"embeddable":true,"href":"https:\/\/quechilero.com\/blog\/wp-json\/wp\/v2\/comments?post=8706"}],"version-history":[{"count":0,"href":"https:\/\/quechilero.com\/blog\/wp-json\/wp\/v2\/posts\/8706\/revisions"}],"wp:attachment":[{"href":"https:\/\/quechilero.com\/blog\/wp-json\/wp\/v2\/media?parent=8706"}],"wp:term":[{"taxonomy":"category","embeddable":true,"href":"https:\/\/quechilero.com\/blog\/wp-json\/wp\/v2\/categories?post=8706"},{"taxonomy":"post_tag","embeddable":true,"href":"https:\/\/quechilero.com\/blog\/wp-json\/wp\/v2\/tags?post=8706"},{"taxonomy":"series","embeddable":true,"href":"https:\/\/quechilero.com\/blog\/wp-json\/wp\/v2\/series?post=8706"}],"curies":[{"name":"wp","href":"https:\/\/api.w.org\/{rel}","templated":true}]}}