{"id":8704,"date":"2011-07-04T12:00:02","date_gmt":"2011-07-04T18:00:02","guid":{"rendered":"http:\/\/quechilero.com\/blog\/?p=8704"},"modified":"2011-07-04T12:00:02","modified_gmt":"2011-07-04T18:00:02","slug":"viajando-por-el-mundo-toulon","status":"publish","type":"post","link":"https:\/\/quechilero.com\/blog\/2011\/07\/04\/viajando-por-el-mundo-toulon\/","title":{"rendered":"Viajando por el Mundo: Toulon"},"content":{"rendered":"<p><a title=\"Viajando por el Mundo\" href=\"http:\/\/quechilero.com\/blog\/?s=viajando+por+el+mundo\">Viajando por el Mundo<\/a>, hoy vamos a\u00a0<strong>Toulon<\/strong>. Ciudad y municipio franc\u00e9s en el departamento de Var, la ciudad es la tercera en poblaci\u00f3n de la regi\u00f3n Provenza-Alpes-Costa Azul. Situada a 190 km de la frontera con Italia, se asienta a orillas del mar Mediterr\u00e1neo a lo largo de la rada de Tol\u00f3n. Tiene una poblaci\u00f3n de 166.537 habitantes (seg\u00fan datos de 2007) y el \u00e1rea urbana constituye la d\u00e9cima de Francia con 564.823 habitantes.<\/p>\n<p>Tol\u00f3n, capital econ\u00f3mica del departamento de Var, se beneficia de numerosas ventajas naturales al disfrutar de una situaci\u00f3n privilegiada entre la monta\u00f1a y el mar. La actividad econ\u00f3mica se concentra en los sectores del turismo, el comercio y la administraci\u00f3n (tanto p\u00fablica como privada). Acoge el mayor puerto militar del pa\u00eds, la base naval de Tol\u00f3n -que a\u00fan cumple su funci\u00f3n de arsenal- y cuenta asimismo con un aeropuerto que transporta a m\u00e1s de 620.000 pasajeros al a\u00f1o.<\/p>\n<p>El puerto comercial es el de mayor tr\u00e1nsito a C\u00f3rcega, cubriendo aproximadamente el 65% de desplazamientos hacia la isla, lo que se debe en gran parte a la creaci\u00f3n de la compa\u00f1\u00eda mar\u00edtima Corsica Ferries en 2001.<\/p>\n<p>La ciudad tambi\u00e9n alberga una universidad e instituciones de ense\u00f1anza superior tan importantes como el ISEN Toulon (Instituto Superior de Electr\u00f3nica Digital) o el Supm\u00e9ca Toulon (Instituto Superior de Mec\u00e1nica de Par\u00eds). Adem\u00e1s, acoge un conservatorio, numerosos museos y salas de conciertos, un gran teatro y una \u00f3pera que se encuentra entre las m\u00e1s famosas de Francia, despu\u00e9s de la \u00d3pera Garnier y de la \u00d3pera de la Bastilla.<\/p>\n<!-- vimeo error: not a vimeo video -->\n<p>Mas videos\u00a0<a title=\"Viajando por el Mundo\" href=\"http:\/\/quechilero.com\/blog\/?s=viajando+por+el+mundo\">Viajando por el Mundo<\/a><\/p>\n","protected":false},"excerpt":{"rendered":"<p>Viajando por el Mundo, hoy vamos a\u00a0Toulon. Ciudad y municipio franc\u00e9s en el departamento de Var, la ciudad es la tercera en poblaci\u00f3n de la regi\u00f3n Provenza-Alpes-Costa Azul. Situada a 190 km de la frontera con Italia, se asienta a orillas del mar Mediterr\u00e1neo a lo largo de la rada de Tol\u00f3n. Tiene una poblaci\u00f3n &#8230; <a title=\"Viajando por el Mundo: Toulon\" class=\"read-more\" href=\"https:\/\/quechilero.com\/blog\/2011\/07\/04\/viajando-por-el-mundo-toulon\/\" aria-label=\"Leer m\u00e1s sobre Viajando por el Mundo: Toulon\">Leer m\u00e1s<\/a><\/p>\n","protected":false},"author":1,"featured_media":0,"comment_status":"open","ping_status":"open","sticky":false,"template":"","format":"standard","meta":{"advanced_seo_description":"","jetpack_seo_html_title":"","jetpack_seo_noindex":false,"jetpack_seo_schema_type":"","episode_type":"","audio_file":"","podmotor_file_id":"","podmotor_episode_id":"","cover_image":"","cover_image_id":"","duration":"","filesize":"","filesize_raw":"","date_recorded":"","explicit":"","block":"","_jetpack_newsletter_access":"","_jetpack_dont_email_post_to_subs":false,"_jetpack_newsletter_tier_id":0,"_jetpack_memberships_contains_paywalled_content":false,"_jetpack_feature_clip_id":0,"_jetpack_memberships_contains_paid_content":false,"footnotes":"","jetpack_publicize_message":"","jetpack_publicize_feature_enabled":true,"jetpack_social_post_already_shared":false,"jetpack_social_options":{"image_generator_settings":{"template":"highway","default_image_id":0,"font":"","enabled":false},"version":2},"jetpack_post_was_ever_published":false},"categories":[98],"tags":[24,25],"series":[],"class_list":["post-8704","post","type-post","status-publish","format-standard","hentry","category-limones-por-mano","tag-vida","tag-video"],"episode_featured_image":false,"episode_player_image":"https:\/\/i0.wp.com\/quechilero.com\/blog\/imagenes\/podcast.png?fit=1831%2C1831&ssl=1","download_link":"","player_link":"","audio_player":false,"episode_data":{"playerMode":"dark","subscribeUrls":{"amazon":{"key":"amazon","url":"","label":"Amazon","class":"amazon","icon":"amazon.png"},"apple_podcasts":{"key":"apple_podcasts","url":"","label":"Apple Podcasts","class":"apple_podcasts","icon":"apple-podcasts.png"},"castbox":{"key":"castbox","url":"","label":"CastBox","class":"castbox","icon":"castbox.png"},"deezer":{"key":"deezer","url":"","label":"Deezer","class":"deezer","icon":"deezer.png"},"google_podcasts":{"key":"google_podcasts","url":"","label":"Google Podcasts","class":"google_podcasts","icon":"google-podcasts.png"},"listen_notes":{"key":"listen_notes","url":"","label":"Listen Notes","class":"listen_notes","icon":"listen-notes.png"},"pandora":{"key":"pandora","url":"","label":"Pandora","class":"pandora","icon":"pandora.png"},"podbean":{"key":"podbean","url":"","label":"Podbean","class":"podbean","icon":"podbean.png"},"podcast_republic":{"key":"podcast_republic","url":"","label":"Podcast Republic","class":"podcast_republic","icon":"podcast-republic.png"},"rss":{"key":"rss","url":"","label":"RSS","class":"rss","icon":"rss.png"},"spotify":{"key":"spotify","url":"","label":"Spotify","class":"spotify","icon":"spotify.png"},"stitcher":{"key":"stitcher","url":"","label":"Stitcher","class":"stitcher","icon":"stitcher.png"},"tunein":{"key":"tunein","url":"","label":"TuneIn","class":"tunein","icon":"tunein.png"},"youtube":{"key":"youtube","url":"","label":"YouTube","class":"youtube","icon":"youtube.png"},"iheartradio":{"key":"iheartradio","url":"","label":"iHeartRadio","class":"iheartradio","icon":"iheartradio.png"},"ivoox":{"key":"ivoox","url":"","label":"iVoox","class":"ivoox","icon":"ivoox.png"}},"rssFeedUrl":"https:\/\/quechilero.com\/blog\/feed\/podcast\/si-la-vida-nos-da-limones","embedCode":"<blockquote class=\"wp-embedded-content\" data-secret=\"xvtDYmyqcC\"><a href=\"https:\/\/quechilero.com\/blog\/2011\/07\/04\/viajando-por-el-mundo-toulon\/\">Viajando por el Mundo: Toulon<\/a><\/blockquote><iframe sandbox=\"allow-scripts\" security=\"restricted\" src=\"https:\/\/quechilero.com\/blog\/2011\/07\/04\/viajando-por-el-mundo-toulon\/embed\/#?secret=xvtDYmyqcC\" width=\"500\" height=\"350\" title=\"\u00abViajando por el Mundo: Toulon\u00bb \u2014 Si la Vida nos da Limones...\" data-secret=\"xvtDYmyqcC\" frameborder=\"0\" marginwidth=\"0\" marginheight=\"0\" scrolling=\"no\" class=\"wp-embedded-content\"><\/iframe><script>\n\/*! This file is auto-generated *\/\n!function(d,l){\"use strict\";l.querySelector&&d.addEventListener&&\"undefined\"!=typeof URL&&(d.wp=d.wp||{},d.wp.receiveEmbedMessage||(d.wp.receiveEmbedMessage=function(e){var t=e.data;if((t||t.secret||t.message||t.value)&&!\/[^a-zA-Z0-9]\/.test(t.secret)){for(var s,r,n,a=l.querySelectorAll('iframe[data-secret=\"'+t.secret+'\"]'),o=l.querySelectorAll('blockquote[data-secret=\"'+t.secret+'\"]'),c=new RegExp(\"^https?:$\",\"i\"),i=0;i<o.length;i++)o[i].style.display=\"none\";for(i=0;i<a.length;i++)s=a[i],e.source===s.contentWindow&&(s.removeAttribute(\"style\"),\"height\"===t.message?(1e3<(r=parseInt(t.value,10))?r=1e3:~~r<200&&(r=200),s.height=r):\"link\"===t.message&&(r=new URL(s.getAttribute(\"src\")),n=new URL(t.value),c.test(n.protocol))&&n.host===r.host&&l.activeElement===s&&(d.top.location.href=t.value))}},d.addEventListener(\"message\",d.wp.receiveEmbedMessage,!1),l.addEventListener(\"DOMContentLoaded\",function(){for(var e,t,s=l.querySelectorAll(\"iframe.wp-embedded-content\"),r=0;r<s.length;r++)(t=(e=s[r]).getAttribute(\"data-secret\"))||(t=Math.random().toString(36).substring(2,12),e.src+=\"#?secret=\"+t,e.setAttribute(\"data-secret\",t)),e.contentWindow.postMessage({message:\"ready\",secret:t},\"*\")},!1)))}(window,document);\n\/\/# sourceURL=https:\/\/quechilero.com\/blog\/wp-includes\/js\/wp-embed.min.js\n<\/script>\n"},"jetpack_publicize_connections":[],"jetpack_shortlink":"https:\/\/wp.me\/pDKli-2go","jetpack_sharing_enabled":true,"jetpack-related-posts":[{"id":8698,"url":"https:\/\/quechilero.com\/blog\/2011\/05\/23\/viajando-por-el-mundo-toronto\/","url_meta":{"origin":8704,"position":0},"title":"Viajando por el Mundo: Toronto","author":"Pepe Barrascout Ortiz","date":"23 mayo 2011","format":false,"excerpt":"Viajando por el Mundo, hoy vamos a\u00a0Toronto. Es la capital de la provincia de Ontario y, con una poblaci\u00f3n de 2.503.281 habitantes, es la ciudad m\u00e1s grande de Canad\u00e1, adem\u00e1s del centro financiero de dicho pa\u00eds. Localizada en la orilla noroeste del lago Ontario es la quinta ciudad m\u00e1s grande\u2026","rel":"","context":"En \u00abLimones por mano\u00bb","block_context":{"text":"Limones por mano","link":"https:\/\/quechilero.com\/blog\/category\/limones-por-mano\/"},"img":{"alt_text":"","src":"","width":0,"height":0},"classes":[]},{"id":8697,"url":"https:\/\/quechilero.com\/blog\/2011\/05\/16\/viajando-por-el-mundo-almere\/","url_meta":{"origin":8704,"position":1},"title":"Viajando por el Mundo: Almere","author":"Pepe Barrascout Ortiz","date":"16 mayo 2011","format":false,"excerpt":"Viajando por el Mundo, hoy vamos a\u00a0Almere. Es un municipio en el centro de Los Pa\u00edses Bajos, en Flevolanda, con un poblaci\u00f3n de 178.884 habitantes. Esta ciudad es de nueva construcci\u00f3n. Fue construida por la d\u00e9cada de los 60' en los territorios ganados al mar por los holandeses. La primera\u2026","rel":"","context":"En \u00abLimones por mano\u00bb","block_context":{"text":"Limones por mano","link":"https:\/\/quechilero.com\/blog\/category\/limones-por-mano\/"},"img":{"alt_text":"","src":"","width":0,"height":0},"classes":[]},{"id":8700,"url":"https:\/\/quechilero.com\/blog\/2011\/06\/06\/viajando-por-el-mundo-chemnitz\/","url_meta":{"origin":8704,"position":2},"title":"Viajando por el Mundo: Chemnitz","author":"Pepe Barrascout Ortiz","date":"6 junio 2011","format":false,"excerpt":"Viajando por el Mundo, hoy vamos a\u00a0Chemnitz. Es una ciudad del Estado federado alem\u00e1n de Sajonia a orillas del r\u00edo Chemnitz (de ah\u00ed su nombre), a 69 km al SE de Leipzig. Con casi 245.000 habitantes (2007), Chemnitz es la tercera ciudad m\u00e1s grande del Estado despu\u00e9s de Leipzig y\u2026","rel":"","context":"En \u00abLimones por mano\u00bb","block_context":{"text":"Limones por mano","link":"https:\/\/quechilero.com\/blog\/category\/limones-por-mano\/"},"img":{"alt_text":"","src":"","width":0,"height":0},"classes":[]},{"id":8703,"url":"https:\/\/quechilero.com\/blog\/2011\/06\/27\/viajando-por-el-mundo-vancouver\/","url_meta":{"origin":8704,"position":3},"title":"Viajando por el Mundo: Vancouver","author":"Pepe Barrascout Ortiz","date":"27 junio 2011","format":false,"excerpt":"Viajando por el Mundo, hoy vamos a\u00a0Amsterdam. Es una ciudad de la costa pac\u00edfica de Canad\u00e1, ubicada en el suroeste de la provincia de Columbia Brit\u00e1nica, entre el estrecho de Georgia y las Monta\u00f1as Costeras. La ciudad fue llamada as\u00ed en honor del capit\u00e1n George Vancouver, un explorador ingl\u00e9s. Es\u2026","rel":"","context":"En \u00abLimones por mano\u00bb","block_context":{"text":"Limones por mano","link":"https:\/\/quechilero.com\/blog\/category\/limones-por-mano\/"},"img":{"alt_text":"","src":"","width":0,"height":0},"classes":[]},{"id":8699,"url":"https:\/\/quechilero.com\/blog\/2011\/05\/30\/viajando-por-el-mundo-amsterdam\/","url_meta":{"origin":8704,"position":4},"title":"Viajando por el Mundo: Amsterdam","author":"Pepe Barrascout Ortiz","date":"30 mayo 2011","format":false,"excerpt":"Viajando por el Mundo, hoy vamos a\u00a0Amsterdam. Es la capital oficial de los Pa\u00edses Bajos. La ciudad est\u00e1 situada entre la bah\u00eda del IJ al norte y a las orillas del r\u00edo Amstel al sureste. Fue fundada en el siglo XII como un peque\u00f1o pueblo pesquero. Sin embargo, en la\u2026","rel":"","context":"En \u00abLimones por mano\u00bb","block_context":{"text":"Limones por mano","link":"https:\/\/quechilero.com\/blog\/category\/limones-por-mano\/"},"img":{"alt_text":"","src":"https:\/\/i0.wp.com\/img.youtube.com\/vi\/zqznMM-erBk\/0.jpg?resize=350%2C200","width":350,"height":200},"classes":[]},{"id":8694,"url":"https:\/\/quechilero.com\/blog\/2011\/05\/02\/viajando-por-el-mundo-oxford\/","url_meta":{"origin":8704,"position":5},"title":"Viajando por el Mundo: Oxford","author":"Pepe Barrascout Ortiz","date":"2 mayo 2011","format":false,"excerpt":"Viajando por el Mundo, hoy vamos a Oxford. Es una ciudad universitaria brit\u00e1nica ubicada en el condado de Oxfordshire, en Inglaterra, y es el hogar de la Universidad de Oxford, la universidad m\u00e1s antigua en el mundo angl\u00f3fono. De acuerdo al censo de 2004, su poblaci\u00f3n es de 145.100 habitantes,\u2026","rel":"","context":"En \u00abLimones por mano\u00bb","block_context":{"text":"Limones por mano","link":"https:\/\/quechilero.com\/blog\/category\/limones-por-mano\/"},"img":{"alt_text":"","src":"","width":0,"height":0},"classes":[]}],"jetpack_featured_media_url":"","_links":{"self":[{"href":"https:\/\/quechilero.com\/blog\/wp-json\/wp\/v2\/posts\/8704","targetHints":{"allow":["GET"]}}],"collection":[{"href":"https:\/\/quechilero.com\/blog\/wp-json\/wp\/v2\/posts"}],"about":[{"href":"https:\/\/quechilero.com\/blog\/wp-json\/wp\/v2\/types\/post"}],"author":[{"embeddable":true,"href":"https:\/\/quechilero.com\/blog\/wp-json\/wp\/v2\/users\/1"}],"replies":[{"embeddable":true,"href":"https:\/\/quechilero.com\/blog\/wp-json\/wp\/v2\/comments?post=8704"}],"version-history":[{"count":0,"href":"https:\/\/quechilero.com\/blog\/wp-json\/wp\/v2\/posts\/8704\/revisions"}],"wp:attachment":[{"href":"https:\/\/quechilero.com\/blog\/wp-json\/wp\/v2\/media?parent=8704"}],"wp:term":[{"taxonomy":"category","embeddable":true,"href":"https:\/\/quechilero.com\/blog\/wp-json\/wp\/v2\/categories?post=8704"},{"taxonomy":"post_tag","embeddable":true,"href":"https:\/\/quechilero.com\/blog\/wp-json\/wp\/v2\/tags?post=8704"},{"taxonomy":"series","embeddable":true,"href":"https:\/\/quechilero.com\/blog\/wp-json\/wp\/v2\/series?post=8704"}],"curies":[{"name":"wp","href":"https:\/\/api.w.org\/{rel}","templated":true}]}}