{"id":8703,"date":"2011-06-27T15:00:58","date_gmt":"2011-06-27T21:00:58","guid":{"rendered":"http:\/\/quechilero.com\/blog\/?p=8703"},"modified":"2011-06-27T15:00:58","modified_gmt":"2011-06-27T21:00:58","slug":"viajando-por-el-mundo-vancouver","status":"publish","type":"post","link":"https:\/\/quechilero.com\/blog\/2011\/06\/27\/viajando-por-el-mundo-vancouver\/","title":{"rendered":"Viajando por el Mundo: Vancouver"},"content":{"rendered":"<p><a title=\"Viajando por el Mundo\" href=\"http:\/\/quechilero.com\/blog\/?s=viajando+por+el+mundo\">Viajando por el Mundo<\/a>, hoy vamos a\u00a0<strong>Amsterdam<\/strong>. Es una ciudad de la costa pac\u00edfica de Canad\u00e1, ubicada en el suroeste de la provincia de Columbia Brit\u00e1nica, entre el estrecho de Georgia y las Monta\u00f1as Costeras. La ciudad fue llamada as\u00ed en honor del capit\u00e1n George Vancouver, un explorador ingl\u00e9s.<\/p>\n<p>Es parte del \u00e1rea metropolitana del Distrito Regional del Gran Vancouver, el cual, con una poblaci\u00f3n de 2.180.737 habitantes (2006 estimado), constituye el \u00e1rea metropolitana m\u00e1s grande del oeste canadiense y la tercera en el pa\u00eds despu\u00e9s de Toronto y Montreal. Vancouver en s\u00ed mismo cuenta con 587.891 habitantes1 de or\u00edgenes \u00e9tnicos muy diversos: la lengua materna de m\u00e1s de la mitad de sus residentes no es el ingl\u00e9s.<\/p>\n<p>La ciudad est\u00e1 creciendo r\u00e1pidamente (informaci\u00f3n de 2007) y se espera que la poblaci\u00f3n metropolitana alcance los 2,6 millones para el 2020. El gentilicio utilizado para referirse a los residentes de Vancouver es vancuverita (en ingl\u00e9s vancouverite).<\/p>\n<p>Vancouver es considerada como una de las tres ciudades con mejor calidad de vida en el mundo. En 2006, obtuvo el puesto 56\u00ba entre las ciudades en las que vivir es m\u00e1s caro, siendo superada en Canad\u00e1 solamente por Toronto; esta lista inclu\u00eda 144 grandes ciudades del mundo.<\/p>\n<!-- vimeo error: not a vimeo video -->\n<p>Mas videos\u00a0<a title=\"Viajando por el Mundo\" href=\"http:\/\/quechilero.com\/blog\/?s=viajando+por+el+mundo\">Viajando por el Mundo<\/a><\/p>\n","protected":false},"excerpt":{"rendered":"<p>Viajando por el Mundo, hoy vamos a\u00a0Amsterdam. Es una ciudad de la costa pac\u00edfica de Canad\u00e1, ubicada en el suroeste de la provincia de Columbia Brit\u00e1nica, entre el estrecho de Georgia y las Monta\u00f1as Costeras. La ciudad fue llamada as\u00ed en honor del capit\u00e1n George Vancouver, un explorador ingl\u00e9s. Es parte del \u00e1rea metropolitana del &#8230; <a title=\"Viajando por el Mundo: Vancouver\" class=\"read-more\" href=\"https:\/\/quechilero.com\/blog\/2011\/06\/27\/viajando-por-el-mundo-vancouver\/\" aria-label=\"Leer m\u00e1s sobre Viajando por el Mundo: Vancouver\">Leer m\u00e1s<\/a><\/p>\n","protected":false},"author":1,"featured_media":0,"comment_status":"open","ping_status":"open","sticky":false,"template":"","format":"standard","meta":{"advanced_seo_description":"","jetpack_seo_html_title":"","jetpack_seo_noindex":false,"episode_type":"","audio_file":"","cover_image":"","cover_image_id":"","duration":"","filesize":"","date_recorded":"","explicit":"","block":"","filesize_raw":"","jetpack_post_was_ever_published":false,"_jetpack_newsletter_access":"","_jetpack_dont_email_post_to_subs":false,"_jetpack_newsletter_tier_id":0,"_jetpack_memberships_contains_paywalled_content":false,"_jetpack_memberships_contains_paid_content":false,"footnotes":"","jetpack_publicize_message":"","jetpack_publicize_feature_enabled":true,"jetpack_social_post_already_shared":false,"jetpack_social_options":{"image_generator_settings":{"template":"highway","enabled":false},"version":2}},"categories":[98],"tags":[24,25],"series":[],"class_list":["post-8703","post","type-post","status-publish","format-standard","hentry","category-limones-por-mano","tag-vida","tag-video"],"episode_featured_image":false,"episode_player_image":"https:\/\/i0.wp.com\/quechilero.com\/blog\/imagenes\/podcast.png?fit=1831%2C1831&ssl=1","download_link":"","player_link":"","audio_player":false,"episode_data":{"playerMode":"dark","subscribeUrls":{"amazon":{"key":"amazon","url":"","label":"Amazon","class":"amazon","icon":"amazon.png"},"apple_podcasts":{"key":"apple_podcasts","url":"","label":"Apple Podcasts","class":"apple_podcasts","icon":"apple-podcasts.png"},"castbox":{"key":"castbox","url":"","label":"CastBox","class":"castbox","icon":"castbox.png"},"deezer":{"key":"deezer","url":"","label":"Deezer","class":"deezer","icon":"deezer.png"},"google_podcasts":{"key":"google_podcasts","url":"","label":"Google Podcasts","class":"google_podcasts","icon":"google-podcasts.png"},"listen_notes":{"key":"listen_notes","url":"","label":"Listen Notes","class":"listen_notes","icon":"listen-notes.png"},"pandora":{"key":"pandora","url":"","label":"Pandora","class":"pandora","icon":"pandora.png"},"podbean":{"key":"podbean","url":"","label":"Podbean","class":"podbean","icon":"podbean.png"},"podcast_republic":{"key":"podcast_republic","url":"","label":"Podcast Republic","class":"podcast_republic","icon":"podcast-republic.png"},"rss":{"key":"rss","url":"","label":"RSS","class":"rss","icon":"rss.png"},"spotify":{"key":"spotify","url":"","label":"Spotify","class":"spotify","icon":"spotify.png"},"stitcher":{"key":"stitcher","url":"","label":"Stitcher","class":"stitcher","icon":"stitcher.png"},"tunein":{"key":"tunein","url":"","label":"TuneIn","class":"tunein","icon":"tunein.png"},"youtube":{"key":"youtube","url":"","label":"YouTube","class":"youtube","icon":"youtube.png"},"iheartradio":{"key":"iheartradio","url":"","label":"iHeartRadio","class":"iheartradio","icon":"iheartradio.png"},"ivoox":{"key":"ivoox","url":"","label":"iVoox","class":"ivoox","icon":"ivoox.png"}},"rssFeedUrl":"https:\/\/quechilero.com\/blog\/feed\/podcast\/si-la-vida-nos-da-limones","embedCode":"<blockquote class=\"wp-embedded-content\" data-secret=\"XF9ocNjHHK\"><a href=\"https:\/\/quechilero.com\/blog\/2011\/06\/27\/viajando-por-el-mundo-vancouver\/\">Viajando por el Mundo: Vancouver<\/a><\/blockquote><iframe sandbox=\"allow-scripts\" security=\"restricted\" src=\"https:\/\/quechilero.com\/blog\/2011\/06\/27\/viajando-por-el-mundo-vancouver\/embed\/#?secret=XF9ocNjHHK\" width=\"500\" height=\"350\" title=\"\u00abViajando por el Mundo: Vancouver\u00bb \u2014 Si la Vida nos da Limones...\" data-secret=\"XF9ocNjHHK\" frameborder=\"0\" marginwidth=\"0\" marginheight=\"0\" scrolling=\"no\" class=\"wp-embedded-content\"><\/iframe><script>\n\/*! This file is auto-generated *\/\n!function(d,l){\"use strict\";l.querySelector&&d.addEventListener&&\"undefined\"!=typeof URL&&(d.wp=d.wp||{},d.wp.receiveEmbedMessage||(d.wp.receiveEmbedMessage=function(e){var t=e.data;if((t||t.secret||t.message||t.value)&&!\/[^a-zA-Z0-9]\/.test(t.secret)){for(var s,r,n,a=l.querySelectorAll('iframe[data-secret=\"'+t.secret+'\"]'),o=l.querySelectorAll('blockquote[data-secret=\"'+t.secret+'\"]'),c=new RegExp(\"^https?:$\",\"i\"),i=0;i<o.length;i++)o[i].style.display=\"none\";for(i=0;i<a.length;i++)s=a[i],e.source===s.contentWindow&&(s.removeAttribute(\"style\"),\"height\"===t.message?(1e3<(r=parseInt(t.value,10))?r=1e3:~~r<200&&(r=200),s.height=r):\"link\"===t.message&&(r=new URL(s.getAttribute(\"src\")),n=new URL(t.value),c.test(n.protocol))&&n.host===r.host&&l.activeElement===s&&(d.top.location.href=t.value))}},d.addEventListener(\"message\",d.wp.receiveEmbedMessage,!1),l.addEventListener(\"DOMContentLoaded\",function(){for(var e,t,s=l.querySelectorAll(\"iframe.wp-embedded-content\"),r=0;r<s.length;r++)(t=(e=s[r]).getAttribute(\"data-secret\"))||(t=Math.random().toString(36).substring(2,12),e.src+=\"#?secret=\"+t,e.setAttribute(\"data-secret\",t)),e.contentWindow.postMessage({message:\"ready\",secret:t},\"*\")},!1)))}(window,document);\n\/\/# sourceURL=https:\/\/quechilero.com\/blog\/wp-includes\/js\/wp-embed.min.js\n<\/script>\n"},"jetpack_publicize_connections":[],"jetpack_featured_media_url":"","jetpack_shortlink":"https:\/\/wp.me\/pDKli-2gn","jetpack_sharing_enabled":true,"jetpack-related-posts":[],"_links":{"self":[{"href":"https:\/\/quechilero.com\/blog\/wp-json\/wp\/v2\/posts\/8703","targetHints":{"allow":["GET"]}}],"collection":[{"href":"https:\/\/quechilero.com\/blog\/wp-json\/wp\/v2\/posts"}],"about":[{"href":"https:\/\/quechilero.com\/blog\/wp-json\/wp\/v2\/types\/post"}],"author":[{"embeddable":true,"href":"https:\/\/quechilero.com\/blog\/wp-json\/wp\/v2\/users\/1"}],"replies":[{"embeddable":true,"href":"https:\/\/quechilero.com\/blog\/wp-json\/wp\/v2\/comments?post=8703"}],"version-history":[{"count":0,"href":"https:\/\/quechilero.com\/blog\/wp-json\/wp\/v2\/posts\/8703\/revisions"}],"wp:attachment":[{"href":"https:\/\/quechilero.com\/blog\/wp-json\/wp\/v2\/media?parent=8703"}],"wp:term":[{"taxonomy":"category","embeddable":true,"href":"https:\/\/quechilero.com\/blog\/wp-json\/wp\/v2\/categories?post=8703"},{"taxonomy":"post_tag","embeddable":true,"href":"https:\/\/quechilero.com\/blog\/wp-json\/wp\/v2\/tags?post=8703"},{"taxonomy":"series","embeddable":true,"href":"https:\/\/quechilero.com\/blog\/wp-json\/wp\/v2\/series?post=8703"}],"curies":[{"name":"wp","href":"https:\/\/api.w.org\/{rel}","templated":true}]}}