{"id":8697,"date":"2011-05-16T12:00:31","date_gmt":"2011-05-16T18:00:31","guid":{"rendered":"http:\/\/quechilero.com\/blog\/?p=8697"},"modified":"2011-05-16T12:00:31","modified_gmt":"2011-05-16T18:00:31","slug":"viajando-por-el-mundo-almere","status":"publish","type":"post","link":"https:\/\/quechilero.com\/blog\/2011\/05\/16\/viajando-por-el-mundo-almere\/","title":{"rendered":"Viajando por el Mundo: Almere"},"content":{"rendered":"<p><a title=\"Viajando por el Mundo\" href=\"http:\/\/quechilero.com\/blog\/?s=viajando+por+el+mundo\">Viajando por el Mundo<\/a>, hoy vamos a\u00a0<strong>Almere<\/strong>. Es un municipio en el centro de Los Pa\u00edses Bajos, en Flevolanda, con un poblaci\u00f3n de 178.884 habitantes. Esta ciudad es de nueva construcci\u00f3n. Fue construida por la d\u00e9cada de los 60&#8242; en los territorios ganados al mar por los holandeses. La primera construcci\u00f3n de la ciudad data del a\u00f1o 1976.<\/p>\n<p>El municipio de Almere consta de tres partes: Almere Haven (la parte antigua de la ciudad), Almere Stad, Almere Buiten, Almere Hout (urbanizaci\u00f3n a las afueras del municipio) y Almere Poort (que actualmente se encuentra en construcci\u00f3n)<\/p>\n<p>Almere dispone de una red de carreteras exclusiva para los autobuses. Esta red, que dispone de 10 l\u00edneas, se llama Maxx.<\/p>\n<p>Almere dispone tambi\u00e9n de una playa nudista en la esquina suroeste del municipio, llamada Zilverstrand.<\/p>\n<!-- vimeo error: not a vimeo video -->\n<p>Mas videos\u00a0<a title=\"Viajando por el Mundo\" href=\"http:\/\/quechilero.com\/blog\/?s=viajando+por+el+mundo\">Viajando por el Mundo<\/a><\/p>\n","protected":false},"excerpt":{"rendered":"<p>Viajando por el Mundo, hoy vamos a\u00a0Almere. Es un municipio en el centro de Los Pa\u00edses Bajos, en Flevolanda, con un poblaci\u00f3n de 178.884 habitantes. Esta ciudad es de nueva construcci\u00f3n. Fue construida por la d\u00e9cada de los 60&#8242; en los territorios ganados al mar por los holandeses. La primera construcci\u00f3n de la ciudad data &#8230; <a title=\"Viajando por el Mundo: Almere\" class=\"read-more\" href=\"https:\/\/quechilero.com\/blog\/2011\/05\/16\/viajando-por-el-mundo-almere\/\" aria-label=\"Leer m\u00e1s sobre Viajando por el Mundo: Almere\">Leer m\u00e1s<\/a><\/p>\n","protected":false},"author":1,"featured_media":0,"comment_status":"open","ping_status":"open","sticky":false,"template":"","format":"standard","meta":{"advanced_seo_description":"","jetpack_seo_html_title":"","jetpack_seo_noindex":false,"jetpack_seo_schema_type":"","episode_type":"","audio_file":"","podmotor_file_id":"","podmotor_episode_id":"","cover_image":"","cover_image_id":"","duration":"","filesize":"","filesize_raw":"","date_recorded":"","explicit":"","block":"","_jetpack_newsletter_access":"","_jetpack_dont_email_post_to_subs":false,"_jetpack_newsletter_tier_id":0,"_jetpack_memberships_contains_paywalled_content":false,"_jetpack_feature_clip_id":0,"_jetpack_memberships_contains_paid_content":false,"footnotes":"","jetpack_publicize_message":"","jetpack_publicize_feature_enabled":true,"jetpack_social_post_already_shared":false,"jetpack_social_options":{"image_generator_settings":{"template":"highway","default_image_id":0,"font":"","enabled":false},"version":2},"jetpack_post_was_ever_published":false},"categories":[98],"tags":[25],"series":[],"class_list":["post-8697","post","type-post","status-publish","format-standard","hentry","category-limones-por-mano","tag-video"],"episode_featured_image":false,"episode_player_image":"https:\/\/i0.wp.com\/quechilero.com\/blog\/imagenes\/podcast.png?fit=1831%2C1831&ssl=1","download_link":"","player_link":"","audio_player":false,"episode_data":{"playerMode":"dark","subscribeUrls":{"amazon":{"key":"amazon","url":"","label":"Amazon","class":"amazon","icon":"amazon.png"},"apple_podcasts":{"key":"apple_podcasts","url":"","label":"Apple Podcasts","class":"apple_podcasts","icon":"apple-podcasts.png"},"castbox":{"key":"castbox","url":"","label":"CastBox","class":"castbox","icon":"castbox.png"},"deezer":{"key":"deezer","url":"","label":"Deezer","class":"deezer","icon":"deezer.png"},"google_podcasts":{"key":"google_podcasts","url":"","label":"Google Podcasts","class":"google_podcasts","icon":"google-podcasts.png"},"listen_notes":{"key":"listen_notes","url":"","label":"Listen Notes","class":"listen_notes","icon":"listen-notes.png"},"pandora":{"key":"pandora","url":"","label":"Pandora","class":"pandora","icon":"pandora.png"},"podbean":{"key":"podbean","url":"","label":"Podbean","class":"podbean","icon":"podbean.png"},"podcast_republic":{"key":"podcast_republic","url":"","label":"Podcast Republic","class":"podcast_republic","icon":"podcast-republic.png"},"rss":{"key":"rss","url":"","label":"RSS","class":"rss","icon":"rss.png"},"spotify":{"key":"spotify","url":"","label":"Spotify","class":"spotify","icon":"spotify.png"},"stitcher":{"key":"stitcher","url":"","label":"Stitcher","class":"stitcher","icon":"stitcher.png"},"tunein":{"key":"tunein","url":"","label":"TuneIn","class":"tunein","icon":"tunein.png"},"youtube":{"key":"youtube","url":"","label":"YouTube","class":"youtube","icon":"youtube.png"},"iheartradio":{"key":"iheartradio","url":"","label":"iHeartRadio","class":"iheartradio","icon":"iheartradio.png"},"ivoox":{"key":"ivoox","url":"","label":"iVoox","class":"ivoox","icon":"ivoox.png"}},"rssFeedUrl":"https:\/\/quechilero.com\/blog\/feed\/podcast\/si-la-vida-nos-da-limones","embedCode":"<blockquote class=\"wp-embedded-content\" data-secret=\"H30e8eeXjc\"><a href=\"https:\/\/quechilero.com\/blog\/2011\/05\/16\/viajando-por-el-mundo-almere\/\">Viajando por el Mundo: Almere<\/a><\/blockquote><iframe sandbox=\"allow-scripts\" security=\"restricted\" src=\"https:\/\/quechilero.com\/blog\/2011\/05\/16\/viajando-por-el-mundo-almere\/embed\/#?secret=H30e8eeXjc\" width=\"500\" height=\"350\" title=\"\u00abViajando por el Mundo: Almere\u00bb \u2014 Si la Vida nos da Limones...\" data-secret=\"H30e8eeXjc\" frameborder=\"0\" marginwidth=\"0\" marginheight=\"0\" scrolling=\"no\" class=\"wp-embedded-content\"><\/iframe><script>\n\/*! This file is auto-generated *\/\n!function(d,l){\"use strict\";l.querySelector&&d.addEventListener&&\"undefined\"!=typeof URL&&(d.wp=d.wp||{},d.wp.receiveEmbedMessage||(d.wp.receiveEmbedMessage=function(e){var t=e.data;if((t||t.secret||t.message||t.value)&&!\/[^a-zA-Z0-9]\/.test(t.secret)){for(var s,r,n,a=l.querySelectorAll('iframe[data-secret=\"'+t.secret+'\"]'),o=l.querySelectorAll('blockquote[data-secret=\"'+t.secret+'\"]'),c=new RegExp(\"^https?:$\",\"i\"),i=0;i<o.length;i++)o[i].style.display=\"none\";for(i=0;i<a.length;i++)s=a[i],e.source===s.contentWindow&&(s.removeAttribute(\"style\"),\"height\"===t.message?(1e3<(r=parseInt(t.value,10))?r=1e3:~~r<200&&(r=200),s.height=r):\"link\"===t.message&&(r=new URL(s.getAttribute(\"src\")),n=new URL(t.value),c.test(n.protocol))&&n.host===r.host&&l.activeElement===s&&(d.top.location.href=t.value))}},d.addEventListener(\"message\",d.wp.receiveEmbedMessage,!1),l.addEventListener(\"DOMContentLoaded\",function(){for(var e,t,s=l.querySelectorAll(\"iframe.wp-embedded-content\"),r=0;r<s.length;r++)(t=(e=s[r]).getAttribute(\"data-secret\"))||(t=Math.random().toString(36).substring(2,12),e.src+=\"#?secret=\"+t,e.setAttribute(\"data-secret\",t)),e.contentWindow.postMessage({message:\"ready\",secret:t},\"*\")},!1)))}(window,document);\n\/\/# sourceURL=https:\/\/quechilero.com\/blog\/wp-includes\/js\/wp-embed.min.js\n<\/script>\n"},"jetpack_publicize_connections":[],"jetpack_shortlink":"https:\/\/wp.me\/pDKli-2gh","jetpack_sharing_enabled":true,"jetpack-related-posts":[{"id":8704,"url":"https:\/\/quechilero.com\/blog\/2011\/07\/04\/viajando-por-el-mundo-toulon\/","url_meta":{"origin":8697,"position":0},"title":"Viajando por el Mundo: Toulon","author":"Pepe Barrascout Ortiz","date":"4 julio 2011","format":false,"excerpt":"Viajando por el Mundo, hoy vamos a\u00a0Toulon. Ciudad y municipio franc\u00e9s en el departamento de Var, la ciudad es la tercera en poblaci\u00f3n de la regi\u00f3n Provenza-Alpes-Costa Azul. Situada a 190 km de la frontera con Italia, se asienta a orillas del mar Mediterr\u00e1neo a lo largo de la rada\u2026","rel":"","context":"En \u00abLimones por mano\u00bb","block_context":{"text":"Limones por mano","link":"https:\/\/quechilero.com\/blog\/category\/limones-por-mano\/"},"img":{"alt_text":"","src":"","width":0,"height":0},"classes":[]},{"id":17835,"url":"https:\/\/quechilero.com\/blog\/2014\/06\/04\/repartidor-espacial-perezoso\/","url_meta":{"origin":8697,"position":1},"title":"Repartidor espacial perezoso","author":"Pepe Barrascout Ortiz","date":"4 junio 2014","format":false,"excerpt":"Un video de mas de cinco minutos en internet, pueda que sea aburrido o pesado de ver, en especial cuando queremos que todo sea r\u00e1pido y sintetizado, que todo pase r\u00e1pido y que obtengamos la mayor cantidad de informaci\u00f3n en el menor tiempo posible. Este cortometraje no tiene desperdicio, muy\u2026","rel":"","context":"En \u00abLimones\u00bb","block_context":{"text":"Limones","link":"https:\/\/quechilero.com\/blog\/category\/limones\/"},"img":{"alt_text":"","src":"","width":0,"height":0},"classes":[]},{"id":787,"url":"https:\/\/quechilero.com\/blog\/2007\/11\/15\/impresionantes-presentaciones-del-baile-de-la-conquista-de-guatemala\/","url_meta":{"origin":8697,"position":2},"title":"Impresionantes presentaciones del baile de La Conquista de Guatemala","author":"Pepe Barrascout Ortiz","date":"15 noviembre 2007","format":false,"excerpt":"Rabinal, Baja Verapaz Impresionantes presentaciones del baile de La Conquista de Guatemala El municipio de Rabinal, Baja Verapaz, se destaca el \u00faltimo fin de semana de noviembre, por la impresionante presentaci\u00f3n de la danza de enmascarados \"La Conquista de Guatemala\". Esta representaci\u00f3n folcl\u00f3rica se efect\u00faa en la fiesta de la\u2026","rel":"","context":"En \u00abLimones\u00bb","block_context":{"text":"Limones","link":"https:\/\/quechilero.com\/blog\/category\/limones\/"},"img":{"alt_text":"Rabinal","src":"https:\/\/i0.wp.com\/farm1.static.flickr.com\/128\/322378090_b43dfc3518.jpg?resize=350%2C200","width":350,"height":200},"classes":[]},{"id":372,"url":"https:\/\/quechilero.com\/blog\/2006\/11\/19\/baile-de-la-conquista\/","url_meta":{"origin":8697,"position":3},"title":"Baile de la Conquista","author":"Pepe Barrascout Ortiz","date":"19 noviembre 2006","format":false,"excerpt":"Guatemala es un pa\u00eds de tradiciones, algunas muy arraigadas y que se practican desde hace muchos a\u00f1os. En Rabinal, Baja Verapaz se realiza desde hace medio siglo, la representaci\u00f3n del Baile de la Conquista de Guatemala, con el cual se celebra la fiesta de la Virgen del Patrocinio. Del 25\u2026","rel":"","context":"En \u00abLimones\u00bb","block_context":{"text":"Limones","link":"https:\/\/quechilero.com\/blog\/category\/limones\/"},"img":{"alt_text":"Mario Abigail Valdiz\u00f3n Ayala","src":"https:\/\/i0.wp.com\/static.flickr.com\/109\/299786342_c3ed42e689_o.gif?resize=350%2C200","width":350,"height":200},"classes":[]},{"id":4474,"url":"https:\/\/quechilero.com\/blog\/2010\/02\/12\/la-vuelta-a-guatemala-en-80-podcasts-amatitlan\/","url_meta":{"origin":8697,"position":4},"title":"La Vuelta a Guatemala en 80 podcasts: Amatitl\u00e1n","author":"Pepe Barrascout Ortiz","date":"12 febrero 2010","format":false,"excerpt":"Iniciando nuestro recorrido, el cual empezamos en el kil\u00f3metro cero, nos lleva a un poco mas de 25 kil\u00f3metros de la Ciudad de Guatemala, y llegamos a Amatitl\u00e1n. En el primer cap\u00edtulo de La Vuelta a Guatemala en 80 podcasts, conocemos el municipio y el lago de Amatitl\u00e1n. Con datos\u2026","rel":"","context":"En \u00abLimones\u00bb","block_context":{"text":"Limones","link":"https:\/\/quechilero.com\/blog\/category\/limones\/"},"img":{"alt_text":"","src":"https:\/\/i0.wp.com\/i392.photobucket.com\/albums\/pp7\/pepejaguar\/podcast\/capitulo1.png?resize=350%2C200","width":350,"height":200,"srcset":"https:\/\/i0.wp.com\/i392.photobucket.com\/albums\/pp7\/pepejaguar\/podcast\/capitulo1.png?resize=350%2C200 1x, https:\/\/i0.wp.com\/i392.photobucket.com\/albums\/pp7\/pepejaguar\/podcast\/capitulo1.png?resize=525%2C300 1.5x"},"classes":[]},{"id":8701,"url":"https:\/\/quechilero.com\/blog\/2011\/06\/13\/viajando-por-el-mundo-dresden\/","url_meta":{"origin":8697,"position":5},"title":"Viajando por el Mundo: Dresden","author":"Pepe Barrascout Ortiz","date":"13 junio 2011","format":false,"excerpt":"Viajando por el Mundo, hoy vamos a\u00a0Dresden. Es la capital del estado federado de Sajonia, en Alemania. Limita al noroeste con el distrito de Mei\u00dfen, al nordeste con el de Bautzen y al sur con el de S\u00e4chsische Schweiz-Osterzgebirge. Dresde se encuentra justo en el centro de la conurbaci\u00f3n hom\u00f3nima.\u2026","rel":"","context":"En \u00abLimones por mano\u00bb","block_context":{"text":"Limones por mano","link":"https:\/\/quechilero.com\/blog\/category\/limones-por-mano\/"},"img":{"alt_text":"","src":"","width":0,"height":0},"classes":[]}],"jetpack_featured_media_url":"","_links":{"self":[{"href":"https:\/\/quechilero.com\/blog\/wp-json\/wp\/v2\/posts\/8697","targetHints":{"allow":["GET"]}}],"collection":[{"href":"https:\/\/quechilero.com\/blog\/wp-json\/wp\/v2\/posts"}],"about":[{"href":"https:\/\/quechilero.com\/blog\/wp-json\/wp\/v2\/types\/post"}],"author":[{"embeddable":true,"href":"https:\/\/quechilero.com\/blog\/wp-json\/wp\/v2\/users\/1"}],"replies":[{"embeddable":true,"href":"https:\/\/quechilero.com\/blog\/wp-json\/wp\/v2\/comments?post=8697"}],"version-history":[{"count":0,"href":"https:\/\/quechilero.com\/blog\/wp-json\/wp\/v2\/posts\/8697\/revisions"}],"wp:attachment":[{"href":"https:\/\/quechilero.com\/blog\/wp-json\/wp\/v2\/media?parent=8697"}],"wp:term":[{"taxonomy":"category","embeddable":true,"href":"https:\/\/quechilero.com\/blog\/wp-json\/wp\/v2\/categories?post=8697"},{"taxonomy":"post_tag","embeddable":true,"href":"https:\/\/quechilero.com\/blog\/wp-json\/wp\/v2\/tags?post=8697"},{"taxonomy":"series","embeddable":true,"href":"https:\/\/quechilero.com\/blog\/wp-json\/wp\/v2\/series?post=8697"}],"curies":[{"name":"wp","href":"https:\/\/api.w.org\/{rel}","templated":true}]}}