{"id":868,"date":"2008-02-15T09:44:26","date_gmt":"2008-02-15T15:44:26","guid":{"rendered":"http:\/\/www.quechilero.com\/blog\/2008\/02\/15\/cuaresma-evangelio-15-feb-08\/"},"modified":"2008-02-15T09:44:26","modified_gmt":"2008-02-15T15:44:26","slug":"cuaresma-evangelio-15-feb-08","status":"publish","type":"post","link":"https:\/\/quechilero.com\/blog\/2008\/02\/15\/cuaresma-evangelio-15-feb-08\/","title":{"rendered":"Cuaresma &#8211; Evangelio 15 feb 08"},"content":{"rendered":"<p><strong>Evangelio seg\u00fan San Mateo 5,20-26.<\/strong><\/p>\n<p>Les aseguro que si la justicia de ustedes no es superior a la de los escribas y fariseos, no entrar\u00e1n en el Reino de los Cielos.<\/p>\n<p>Ustedes han o\u00eddo que se dijo a los antepasados: No matar\u00e1s, y el que mata, debe ser llevado ante el tribunal.<\/p>\n<p>Pero yo les digo que todo aquel que se irrita contra su hermano, merece ser condenado por un tribunal. Y todo aquel que lo insulta, merece ser castigado por el Sanedr\u00edn. Y el que lo maldice, merece la Gehena de fuego.<\/p>\n<p>Por lo tanto, si al presentar tu ofrenda en el altar, te acuerdas de que tu hermano tiene alguna queja contra ti, deja tu ofrenda ante el altar, ve a reconciliarte con tu hermano, y s\u00f3lo entonces vuelve a presentar tu ofrenda.<\/p>\n<p>Trata de llegar en seguida a un acuerdo con tu adversario, mientras vas caminando con \u00c9l, no sea que el adversario te entregue al juez, y el juez al guardia, y te pongan preso.<\/p>\n<p>Te aseguro que no saldr\u00e1s de all\u00e1 hasta que hayas pagado el \u00faltimo centavo.<\/p>\n","protected":false},"excerpt":{"rendered":"<p>Evangelio seg\u00fan San Mateo 5,20-26. Les aseguro que si la justicia de ustedes no es superior a la de los escribas y fariseos, no entrar\u00e1n en el Reino de los Cielos. Ustedes han o\u00eddo que se dijo a los antepasados: No matar\u00e1s, y el que mata, debe ser llevado ante el tribunal. Pero yo les &#8230; <a title=\"Cuaresma &#8211; Evangelio 15 feb 08\" class=\"read-more\" href=\"https:\/\/quechilero.com\/blog\/2008\/02\/15\/cuaresma-evangelio-15-feb-08\/\" aria-label=\"Leer m\u00e1s sobre Cuaresma &#8211; Evangelio 15 feb 08\">Leer m\u00e1s<\/a><\/p>\n","protected":false},"author":1,"featured_media":0,"comment_status":"open","ping_status":"open","sticky":false,"template":"","format":"standard","meta":{"advanced_seo_description":"","jetpack_seo_html_title":"","jetpack_seo_noindex":false,"jetpack_seo_schema_type":"","episode_type":"","audio_file":"","podmotor_file_id":"","podmotor_episode_id":"","cover_image":"","cover_image_id":"","duration":"","filesize":"","filesize_raw":"","date_recorded":"","explicit":"","block":"","_jetpack_newsletter_access":"","_jetpack_dont_email_post_to_subs":false,"_jetpack_newsletter_tier_id":0,"_jetpack_memberships_contains_paywalled_content":false,"_jetpack_feature_clip_id":0,"_jetpack_memberships_contains_paid_content":false,"footnotes":"","jetpack_publicize_message":"","jetpack_publicize_feature_enabled":true,"jetpack_social_post_already_shared":false,"jetpack_social_options":{"image_generator_settings":{"template":"highway","default_image_id":0,"font":"","enabled":false},"version":2},"jetpack_post_was_ever_published":false},"categories":[2],"tags":[100,90],"series":[],"class_list":["post-868","post","type-post","status-publish","format-standard","hentry","category-limones","tag-cuaresma","tag-evangelio"],"episode_featured_image":false,"episode_player_image":"https:\/\/i0.wp.com\/quechilero.com\/blog\/imagenes\/podcast.png?fit=1831%2C1831&ssl=1","download_link":"","player_link":"","audio_player":false,"episode_data":{"playerMode":"dark","subscribeUrls":{"amazon":{"key":"amazon","url":"","label":"Amazon","class":"amazon","icon":"amazon.png"},"apple_podcasts":{"key":"apple_podcasts","url":"","label":"Apple Podcasts","class":"apple_podcasts","icon":"apple-podcasts.png"},"castbox":{"key":"castbox","url":"","label":"CastBox","class":"castbox","icon":"castbox.png"},"deezer":{"key":"deezer","url":"","label":"Deezer","class":"deezer","icon":"deezer.png"},"google_podcasts":{"key":"google_podcasts","url":"","label":"Google Podcasts","class":"google_podcasts","icon":"google-podcasts.png"},"listen_notes":{"key":"listen_notes","url":"","label":"Listen Notes","class":"listen_notes","icon":"listen-notes.png"},"pandora":{"key":"pandora","url":"","label":"Pandora","class":"pandora","icon":"pandora.png"},"podbean":{"key":"podbean","url":"","label":"Podbean","class":"podbean","icon":"podbean.png"},"podcast_republic":{"key":"podcast_republic","url":"","label":"Podcast Republic","class":"podcast_republic","icon":"podcast-republic.png"},"rss":{"key":"rss","url":"","label":"RSS","class":"rss","icon":"rss.png"},"spotify":{"key":"spotify","url":"","label":"Spotify","class":"spotify","icon":"spotify.png"},"stitcher":{"key":"stitcher","url":"","label":"Stitcher","class":"stitcher","icon":"stitcher.png"},"tunein":{"key":"tunein","url":"","label":"TuneIn","class":"tunein","icon":"tunein.png"},"youtube":{"key":"youtube","url":"","label":"YouTube","class":"youtube","icon":"youtube.png"},"iheartradio":{"key":"iheartradio","url":"","label":"iHeartRadio","class":"iheartradio","icon":"iheartradio.png"},"ivoox":{"key":"ivoox","url":"","label":"iVoox","class":"ivoox","icon":"ivoox.png"}},"rssFeedUrl":"https:\/\/quechilero.com\/blog\/feed\/podcast\/si-la-vida-nos-da-limones","embedCode":"<blockquote class=\"wp-embedded-content\" data-secret=\"UagB7Ag060\"><a href=\"https:\/\/quechilero.com\/blog\/2008\/02\/15\/cuaresma-evangelio-15-feb-08\/\">Cuaresma &#8211; Evangelio 15 feb 08<\/a><\/blockquote><iframe sandbox=\"allow-scripts\" security=\"restricted\" src=\"https:\/\/quechilero.com\/blog\/2008\/02\/15\/cuaresma-evangelio-15-feb-08\/embed\/#?secret=UagB7Ag060\" width=\"500\" height=\"350\" title=\"\u00abCuaresma &#8211; Evangelio 15 feb 08\u00bb \u2014 Si la Vida nos da Limones...\" data-secret=\"UagB7Ag060\" frameborder=\"0\" marginwidth=\"0\" marginheight=\"0\" scrolling=\"no\" class=\"wp-embedded-content\"><\/iframe><script>\n\/*! This file is auto-generated *\/\n!function(d,l){\"use strict\";l.querySelector&&d.addEventListener&&\"undefined\"!=typeof URL&&(d.wp=d.wp||{},d.wp.receiveEmbedMessage||(d.wp.receiveEmbedMessage=function(e){var t=e.data;if((t||t.secret||t.message||t.value)&&!\/[^a-zA-Z0-9]\/.test(t.secret)){for(var s,r,n,a=l.querySelectorAll('iframe[data-secret=\"'+t.secret+'\"]'),o=l.querySelectorAll('blockquote[data-secret=\"'+t.secret+'\"]'),c=new RegExp(\"^https?:$\",\"i\"),i=0;i<o.length;i++)o[i].style.display=\"none\";for(i=0;i<a.length;i++)s=a[i],e.source===s.contentWindow&&(s.removeAttribute(\"style\"),\"height\"===t.message?(1e3<(r=parseInt(t.value,10))?r=1e3:~~r<200&&(r=200),s.height=r):\"link\"===t.message&&(r=new URL(s.getAttribute(\"src\")),n=new URL(t.value),c.test(n.protocol))&&n.host===r.host&&l.activeElement===s&&(d.top.location.href=t.value))}},d.addEventListener(\"message\",d.wp.receiveEmbedMessage,!1),l.addEventListener(\"DOMContentLoaded\",function(){for(var e,t,s=l.querySelectorAll(\"iframe.wp-embedded-content\"),r=0;r<s.length;r++)(t=(e=s[r]).getAttribute(\"data-secret\"))||(t=Math.random().toString(36).substring(2,12),e.src+=\"#?secret=\"+t,e.setAttribute(\"data-secret\",t)),e.contentWindow.postMessage({message:\"ready\",secret:t},\"*\")},!1)))}(window,document);\n\/\/# sourceURL=https:\/\/quechilero.com\/blog\/wp-includes\/js\/wp-embed.min.js\n<\/script>\n"},"jetpack_publicize_connections":[],"jetpack_shortlink":"https:\/\/wp.me\/pDKli-e0","jetpack_sharing_enabled":true,"jetpack-related-posts":[{"id":869,"url":"https:\/\/quechilero.com\/blog\/2008\/02\/16\/cuaresma-evangelio-16-feb-08\/","url_meta":{"origin":868,"position":0},"title":"Cuaresma &#8211; Evangelio 16 feb 08","author":"Pepe Barrascout Ortiz","date":"16 febrero 2008","format":false,"excerpt":"Evangelio seg\u00fan San Mateo 5,43-48. Ustedes han o\u00eddo que se dijo: Amar\u00e1s a tu pr\u00f3jimo y odiar\u00e1s a tu enemigo. Pero yo les digo: Amen a sus enemigos, rueguen por sus perseguidores; as\u00ed ser\u00e1n hijos del Padre que est\u00e1 en el cielo, porque \u00c9l hace salir el sol sobre malos\u2026","rel":"","context":"En \u00abLimones\u00bb","block_context":{"text":"Limones","link":"https:\/\/quechilero.com\/blog\/category\/limones\/"},"img":{"alt_text":"","src":"","width":0,"height":0},"classes":[]},{"id":891,"url":"https:\/\/quechilero.com\/blog\/2008\/03\/07\/cuaresma-evangelio-07-mar-08\/","url_meta":{"origin":868,"position":1},"title":"Cuaresma &#8211; Evangelio 07 mar 08","author":"Pepe Barrascout Ortiz","date":"7 marzo 2008","format":false,"excerpt":"Evangelio seg\u00fan San Juan 7,1-2.10.25-30. Despu\u00e9s de esto, Jes\u00fas recorr\u00eda la Galilea; no quer\u00eda transitar por Judea porque los jud\u00edos intentaban matarlo. Se acercaba la fiesta jud\u00eda de las Chozas, Sin embargo, cuando sus hermanos subieron para la fiesta, tambi\u00e9n \u00c9l subi\u00f3, pero en secreto, sin hacerse ver. Algunos de\u2026","rel":"","context":"En \u00abLimones\u00bb","block_context":{"text":"Limones","link":"https:\/\/quechilero.com\/blog\/category\/limones\/"},"img":{"alt_text":"","src":"","width":0,"height":0},"classes":[]},{"id":895,"url":"https:\/\/quechilero.com\/blog\/2008\/03\/11\/cuaresma-evangelio-11-mar-08\/","url_meta":{"origin":868,"position":2},"title":"Cuaresma &#8211; Evangelio 11 mar 08","author":"Pepe Barrascout Ortiz","date":"11 marzo 2008","format":false,"excerpt":"Evangelio seg\u00fan San Juan 8,21-30. Jes\u00fas les dijo tambi\u00e9n: \"Yo me voy, y ustedes me buscar\u00e1n y morir\u00e1n en su pecado. Adonde yo voy, ustedes no pueden ir\". Los jud\u00edos se preguntaban: \"\u00bfPensar\u00e1 matarse para decir: 'Adonde yo voy, ustedes no pueden ir'?\". Jes\u00fas continu\u00f3: \"Ustedes son de aqu\u00ed abajo,\u2026","rel":"","context":"En \u00abLimones\u00bb","block_context":{"text":"Limones","link":"https:\/\/quechilero.com\/blog\/category\/limones\/"},"img":{"alt_text":"","src":"","width":0,"height":0},"classes":[]},{"id":896,"url":"https:\/\/quechilero.com\/blog\/2008\/03\/12\/cuaresma-evangelio-12-mar-08\/","url_meta":{"origin":868,"position":3},"title":"Cuaresma &#8211; Evangelio 12 mar 08","author":"Pepe Barrascout Ortiz","date":"12 marzo 2008","format":false,"excerpt":"Evangelio seg\u00fan San Juan 8,31-42. Jes\u00fas dijo a aquellos jud\u00edos que hab\u00edan cre\u00eddo en \u00c9l: \"Si ustedes permanecen fieles a mi palabra, ser\u00e1n verdaderamente mis disc\u00edpulos: conocer\u00e1n la verdad y la verdad los har\u00e1 libres\". Ellos le respondieron: \"Somos descendientes de Abraham y jam\u00e1s hemos sido esclavos de nadie. \u00bfC\u00f3mo\u2026","rel":"","context":"En \u00abLimones\u00bb","block_context":{"text":"Limones","link":"https:\/\/quechilero.com\/blog\/category\/limones\/"},"img":{"alt_text":"","src":"","width":0,"height":0},"classes":[]},{"id":889,"url":"https:\/\/quechilero.com\/blog\/2008\/03\/05\/cuaresma-evangelio-05-mar-08\/","url_meta":{"origin":868,"position":4},"title":"Cuaresma &#8211; Evangelio 05 mar 08","author":"Pepe Barrascout Ortiz","date":"5 marzo 2008","format":false,"excerpt":"Evangelio seg\u00fan San Juan 5,17-30. El les respondi\u00f3: \"Mi Padre trabaja siempre, y yo tambi\u00e9n trabajo\". Pero para los jud\u00edos esta era una raz\u00f3n m\u00e1s para matarlo, porque no s\u00f3lo violaba el s\u00e1bado, sino que se hac\u00eda igual a Dios, llam\u00e1ndolo su propio Padre. Entonces Jes\u00fas tom\u00f3 la palabra diciendo:\u2026","rel":"","context":"En \u00abLimones\u00bb","block_context":{"text":"Limones","link":"https:\/\/quechilero.com\/blog\/category\/limones\/"},"img":{"alt_text":"","src":"","width":0,"height":0},"classes":[]},{"id":874,"url":"https:\/\/quechilero.com\/blog\/2008\/02\/19\/cuaresma-evangelio-19-feb-08\/","url_meta":{"origin":868,"position":5},"title":"Cuaresma &#8211; Evangelio 19 feb 08","author":"Pepe Barrascout Ortiz","date":"19 febrero 2008","format":false,"excerpt":"Evangelio seg\u00fan San Mateo 23,1-12. Entonces Jes\u00fas dijo a la multitud y a sus disc\u00edpulos: \"Los escribas y fariseos ocupan la c\u00e1tedra de Mois\u00e9s; ustedes hagan y cumplan todo lo que ellos les digan, pero no se gu\u00eden por sus obras, porque no hacen lo que dicen. Atan pesadas cargas\u2026","rel":"","context":"En \u00abLimones\u00bb","block_context":{"text":"Limones","link":"https:\/\/quechilero.com\/blog\/category\/limones\/"},"img":{"alt_text":"","src":"","width":0,"height":0},"classes":[]}],"jetpack_featured_media_url":"","_links":{"self":[{"href":"https:\/\/quechilero.com\/blog\/wp-json\/wp\/v2\/posts\/868","targetHints":{"allow":["GET"]}}],"collection":[{"href":"https:\/\/quechilero.com\/blog\/wp-json\/wp\/v2\/posts"}],"about":[{"href":"https:\/\/quechilero.com\/blog\/wp-json\/wp\/v2\/types\/post"}],"author":[{"embeddable":true,"href":"https:\/\/quechilero.com\/blog\/wp-json\/wp\/v2\/users\/1"}],"replies":[{"embeddable":true,"href":"https:\/\/quechilero.com\/blog\/wp-json\/wp\/v2\/comments?post=868"}],"version-history":[{"count":0,"href":"https:\/\/quechilero.com\/blog\/wp-json\/wp\/v2\/posts\/868\/revisions"}],"wp:attachment":[{"href":"https:\/\/quechilero.com\/blog\/wp-json\/wp\/v2\/media?parent=868"}],"wp:term":[{"taxonomy":"category","embeddable":true,"href":"https:\/\/quechilero.com\/blog\/wp-json\/wp\/v2\/categories?post=868"},{"taxonomy":"post_tag","embeddable":true,"href":"https:\/\/quechilero.com\/blog\/wp-json\/wp\/v2\/tags?post=868"},{"taxonomy":"series","embeddable":true,"href":"https:\/\/quechilero.com\/blog\/wp-json\/wp\/v2\/series?post=868"}],"curies":[{"name":"wp","href":"https:\/\/api.w.org\/{rel}","templated":true}]}}