{"id":866,"date":"2008-02-13T09:35:40","date_gmt":"2008-02-13T15:35:40","guid":{"rendered":"http:\/\/www.quechilero.com\/blog\/2008\/02\/13\/cuaresma-evangelio-13-feb-08\/"},"modified":"2008-02-13T09:35:40","modified_gmt":"2008-02-13T15:35:40","slug":"cuaresma-evangelio-13-feb-08","status":"publish","type":"post","link":"https:\/\/quechilero.com\/blog\/2008\/02\/13\/cuaresma-evangelio-13-feb-08\/","title":{"rendered":"Cuaresma &#8211; Evangelio 13 feb 08"},"content":{"rendered":"<p>Evangelio seg\u00fan San Lucas 11,29-32.<\/p>\n<p>Al ver Jes\u00fas que la multitud se apretujaba, comenz\u00f3 a decir: \u00abEsta es una generaci\u00f3n malvada. Pide un signo y no le ser\u00e1 dado otro que el de Jon\u00e1s\u00bb.<\/p>\n<p>As\u00ed como Jon\u00e1s fue un signo para los ninivitas, tambi\u00e9n el Hijo del hombre lo ser\u00e1 para esta generaci\u00f3n.<\/p>\n<p>El d\u00eda del Juicio, la Reina del Sur se levantar\u00e1 contra los hombres de esta generaci\u00f3n y los condenar\u00e1, porque ella vino de los confines de la tierra para escuchar la sabidur\u00eda de Salom\u00f3n y aqu\u00ed hay alguien que es m\u00e1s que Salom\u00f3n.<\/p>\n<p>El d\u00eda del Juicio, los hombres de N\u00ednive se levantar\u00e1n contra esta generaci\u00f3n y la condenar\u00e1n, porque ellos se convirtieron por la predicaci\u00f3n de Jon\u00f3s y aqu\u00ed hay alguien que es m\u00e1s que Jon\u00e1s.<\/p>\n","protected":false},"excerpt":{"rendered":"<p>Evangelio seg\u00fan San Lucas 11,29-32. Al ver Jes\u00fas que la multitud se apretujaba, comenz\u00f3 a decir: \u00abEsta es una generaci\u00f3n malvada. Pide un signo y no le ser\u00e1 dado otro que el de Jon\u00e1s\u00bb. As\u00ed como Jon\u00e1s fue un signo para los ninivitas, tambi\u00e9n el Hijo del hombre lo ser\u00e1 para esta generaci\u00f3n. El d\u00eda &#8230; <a title=\"Cuaresma &#8211; Evangelio 13 feb 08\" class=\"read-more\" href=\"https:\/\/quechilero.com\/blog\/2008\/02\/13\/cuaresma-evangelio-13-feb-08\/\" aria-label=\"Leer m\u00e1s sobre Cuaresma &#8211; Evangelio 13 feb 08\">Leer m\u00e1s<\/a><\/p>\n","protected":false},"author":1,"featured_media":0,"comment_status":"open","ping_status":"open","sticky":false,"template":"","format":"standard","meta":{"advanced_seo_description":"","jetpack_seo_html_title":"","jetpack_seo_noindex":false,"jetpack_seo_schema_type":"","episode_type":"","audio_file":"","podmotor_file_id":"","podmotor_episode_id":"","cover_image":"","cover_image_id":"","duration":"","filesize":"","filesize_raw":"","date_recorded":"","explicit":"","block":"","_jetpack_newsletter_access":"","_jetpack_dont_email_post_to_subs":false,"_jetpack_newsletter_tier_id":0,"_jetpack_memberships_contains_paywalled_content":false,"_jetpack_feature_clip_id":0,"_jetpack_memberships_contains_paid_content":false,"footnotes":"","jetpack_publicize_message":"","jetpack_publicize_feature_enabled":true,"jetpack_social_post_already_shared":false,"jetpack_social_options":{"image_generator_settings":{"template":"highway","default_image_id":0,"font":"","enabled":false},"version":2},"jetpack_post_was_ever_published":false},"categories":[2],"tags":[100,90,18,74],"series":[],"class_list":["post-866","post","type-post","status-publish","format-standard","hentry","category-limones","tag-cuaresma","tag-evangelio","tag-hombre","tag-jesus"],"episode_featured_image":false,"episode_player_image":"https:\/\/i0.wp.com\/quechilero.com\/blog\/imagenes\/podcast.png?fit=1831%2C1831&ssl=1","download_link":"","player_link":"","audio_player":false,"episode_data":{"playerMode":"dark","subscribeUrls":{"amazon":{"key":"amazon","url":"","label":"Amazon","class":"amazon","icon":"amazon.png"},"apple_podcasts":{"key":"apple_podcasts","url":"","label":"Apple Podcasts","class":"apple_podcasts","icon":"apple-podcasts.png"},"castbox":{"key":"castbox","url":"","label":"CastBox","class":"castbox","icon":"castbox.png"},"deezer":{"key":"deezer","url":"","label":"Deezer","class":"deezer","icon":"deezer.png"},"google_podcasts":{"key":"google_podcasts","url":"","label":"Google Podcasts","class":"google_podcasts","icon":"google-podcasts.png"},"listen_notes":{"key":"listen_notes","url":"","label":"Listen Notes","class":"listen_notes","icon":"listen-notes.png"},"pandora":{"key":"pandora","url":"","label":"Pandora","class":"pandora","icon":"pandora.png"},"podbean":{"key":"podbean","url":"","label":"Podbean","class":"podbean","icon":"podbean.png"},"podcast_republic":{"key":"podcast_republic","url":"","label":"Podcast Republic","class":"podcast_republic","icon":"podcast-republic.png"},"rss":{"key":"rss","url":"","label":"RSS","class":"rss","icon":"rss.png"},"spotify":{"key":"spotify","url":"","label":"Spotify","class":"spotify","icon":"spotify.png"},"stitcher":{"key":"stitcher","url":"","label":"Stitcher","class":"stitcher","icon":"stitcher.png"},"tunein":{"key":"tunein","url":"","label":"TuneIn","class":"tunein","icon":"tunein.png"},"youtube":{"key":"youtube","url":"","label":"YouTube","class":"youtube","icon":"youtube.png"},"iheartradio":{"key":"iheartradio","url":"","label":"iHeartRadio","class":"iheartradio","icon":"iheartradio.png"},"ivoox":{"key":"ivoox","url":"","label":"iVoox","class":"ivoox","icon":"ivoox.png"}},"rssFeedUrl":"https:\/\/quechilero.com\/blog\/feed\/podcast\/si-la-vida-nos-da-limones","embedCode":"<blockquote class=\"wp-embedded-content\" data-secret=\"RvtrmGwZMM\"><a href=\"https:\/\/quechilero.com\/blog\/2008\/02\/13\/cuaresma-evangelio-13-feb-08\/\">Cuaresma &#8211; Evangelio 13 feb 08<\/a><\/blockquote><iframe sandbox=\"allow-scripts\" security=\"restricted\" src=\"https:\/\/quechilero.com\/blog\/2008\/02\/13\/cuaresma-evangelio-13-feb-08\/embed\/#?secret=RvtrmGwZMM\" width=\"500\" height=\"350\" title=\"\u00abCuaresma &#8211; Evangelio 13 feb 08\u00bb \u2014 Si la Vida nos da Limones...\" data-secret=\"RvtrmGwZMM\" frameborder=\"0\" marginwidth=\"0\" marginheight=\"0\" scrolling=\"no\" class=\"wp-embedded-content\"><\/iframe><script>\n\/*! This file is auto-generated *\/\n!function(d,l){\"use strict\";l.querySelector&&d.addEventListener&&\"undefined\"!=typeof URL&&(d.wp=d.wp||{},d.wp.receiveEmbedMessage||(d.wp.receiveEmbedMessage=function(e){var t=e.data;if((t||t.secret||t.message||t.value)&&!\/[^a-zA-Z0-9]\/.test(t.secret)){for(var s,r,n,a=l.querySelectorAll('iframe[data-secret=\"'+t.secret+'\"]'),o=l.querySelectorAll('blockquote[data-secret=\"'+t.secret+'\"]'),c=new RegExp(\"^https?:$\",\"i\"),i=0;i<o.length;i++)o[i].style.display=\"none\";for(i=0;i<a.length;i++)s=a[i],e.source===s.contentWindow&&(s.removeAttribute(\"style\"),\"height\"===t.message?(1e3<(r=parseInt(t.value,10))?r=1e3:~~r<200&&(r=200),s.height=r):\"link\"===t.message&&(r=new URL(s.getAttribute(\"src\")),n=new URL(t.value),c.test(n.protocol))&&n.host===r.host&&l.activeElement===s&&(d.top.location.href=t.value))}},d.addEventListener(\"message\",d.wp.receiveEmbedMessage,!1),l.addEventListener(\"DOMContentLoaded\",function(){for(var e,t,s=l.querySelectorAll(\"iframe.wp-embedded-content\"),r=0;r<s.length;r++)(t=(e=s[r]).getAttribute(\"data-secret\"))||(t=Math.random().toString(36).substring(2,12),e.src+=\"#?secret=\"+t,e.setAttribute(\"data-secret\",t)),e.contentWindow.postMessage({message:\"ready\",secret:t},\"*\")},!1)))}(window,document);\n\/\/# sourceURL=https:\/\/quechilero.com\/blog\/wp-includes\/js\/wp-embed.min.js\n<\/script>\n"},"jetpack_publicize_connections":[],"jetpack_shortlink":"https:\/\/wp.me\/pDKli-dY","jetpack_sharing_enabled":true,"jetpack-related-posts":[{"id":877,"url":"https:\/\/quechilero.com\/blog\/2008\/02\/22\/cuaresma-evangelio-22-feb-08\/","url_meta":{"origin":866,"position":0},"title":"Cuaresma &#8211; Evangelio 22 feb 08","author":"Pepe Barrascout Ortiz","date":"22 febrero 2008","format":false,"excerpt":"Evangelio seg\u00fan San Mateo 16,13-19. Al llegar a la regi\u00f3n de Cesarea de Filipo, Jes\u00fas pregunt\u00f3 a sus disc\u00edpulos: \"\u00bfQu\u00e9 dice la gente sobre el Hijo del hombre? \u00bfQui\u00e9n dicen que es?\". Ellos le respondieron: \"Unos dicen que es Juan el Bautista; otros, El\u00edas; y otros, Jerem\u00edas o alguno de\u2026","rel":"","context":"En \u00abLimones\u00bb","block_context":{"text":"Limones","link":"https:\/\/quechilero.com\/blog\/category\/limones\/"},"img":{"alt_text":"","src":"","width":0,"height":0},"classes":[]},{"id":875,"url":"https:\/\/quechilero.com\/blog\/2008\/02\/20\/cuaresma-evangelio-20-feb-08\/","url_meta":{"origin":866,"position":1},"title":"Cuaresma &#8211; Evangelio 20 feb 08","author":"Pepe Barrascout Ortiz","date":"20 febrero 2008","format":false,"excerpt":"Evangelio seg\u00fan San Mateo 20,17-28. Cuando Jes\u00fas se dispuso a subir a Jerusal\u00e9n, llev\u00f3 consigo s\u00f3lo a los Doce, y en el camino les dijo: \"Ahora subimos a Jerusal\u00e9n, donde el Hijo del hombre va a ser entregado a los sumos sacerdotes y a los escribas. Ellos lo condenar\u00e1n a\u2026","rel":"","context":"En \u00abLimones\u00bb","block_context":{"text":"Limones","link":"https:\/\/quechilero.com\/blog\/category\/limones\/"},"img":{"alt_text":"","src":"","width":0,"height":0},"classes":[]},{"id":872,"url":"https:\/\/quechilero.com\/blog\/2008\/02\/17\/cuaresma-evangelio-17-feb-08\/","url_meta":{"origin":866,"position":2},"title":"Cuaresma &#8211; Evangelio 17 feb 08","author":"Pepe Barrascout Ortiz","date":"17 febrero 2008","format":false,"excerpt":"Evangelio seg\u00fan San Mateo 17,1-9. Seis d\u00edas despu\u00e9s, Jes\u00fas tom\u00f3 a Pedro, a Santiago y a su hermano Juan, y los llev\u00f3 aparte a un monte elevado. All\u00e1 se transfigur\u00f3 en presencia de ellos: su rostro resplandec\u00eda como el sol y sus vestiduras se volvieron blancas como la luz. De\u2026","rel":"","context":"En \u00abLimones\u00bb","block_context":{"text":"Limones","link":"https:\/\/quechilero.com\/blog\/category\/limones\/"},"img":{"alt_text":"","src":"","width":0,"height":0},"classes":[]},{"id":887,"url":"https:\/\/quechilero.com\/blog\/2008\/03\/03\/cuaresma-evangelio-03-mar-08\/","url_meta":{"origin":866,"position":3},"title":"Cuaresma &#8211; Evangelio 03 mar 08","author":"Pepe Barrascout Ortiz","date":"3 marzo 2008","format":false,"excerpt":"Evangelio seg\u00fan San Juan 4,43-54. Transcurridos los dos d\u00edas, Jes\u00fas parti\u00f3 hacia Galilea. El mismo hab\u00eda declarado que un profeta no goza de prestigio en su propio pueblo. Pero cuando lleg\u00f3, los galileos lo recibieron bien, porque hab\u00edan visto todo lo que hab\u00eda hecho en Jerusal\u00e9n durante la Pascua; ellos\u2026","rel":"","context":"En \u00abLimones\u00bb","block_context":{"text":"Limones","link":"https:\/\/quechilero.com\/blog\/category\/limones\/"},"img":{"alt_text":"","src":"","width":0,"height":0},"classes":[]},{"id":886,"url":"https:\/\/quechilero.com\/blog\/2008\/03\/02\/cuaresma-evangelio-02-mar-08\/","url_meta":{"origin":866,"position":4},"title":"Cuaresma &#8211; Evangelio 02 mar 08","author":"Pepe Barrascout Ortiz","date":"2 marzo 2008","format":false,"excerpt":"Evangelio seg\u00fan San Juan 9,1-41. Al pasar, vio a un hombre ciego de nacimiento. Sus disc\u00edpulos le preguntaron: \"Maestro, \u00bfqui\u00e9n ha pecado, \u00c9l o sus padres, para que haya nacido ciego?\". \"Ni \u00c9l ni sus padres han pecado, respondi\u00f3 Jes\u00fas; naci\u00f3 as\u00ed para que se manifiesten en \u00c9l las obras\u2026","rel":"","context":"En \u00abLimones\u00bb","block_context":{"text":"Limones","link":"https:\/\/quechilero.com\/blog\/category\/limones\/"},"img":{"alt_text":"","src":"","width":0,"height":0},"classes":[]},{"id":899,"url":"https:\/\/quechilero.com\/blog\/2008\/03\/14\/cuaresma-evangelio-14-mar-08\/","url_meta":{"origin":866,"position":5},"title":"Cuaresma &#8211; Evangelio 14 mar 08","author":"Pepe Barrascout Ortiz","date":"14 marzo 2008","format":false,"excerpt":"Evangelio seg\u00fan San Juan 10,31-42. Los jud\u00edos tomaron piedras para apedrearlo. Entonces Jes\u00fas dijo: \"Les hice ver muchas obras buenas que vienen del Padre; \u00bfPor cu\u00e1l de ellas me quieren apedrear?\". Los jud\u00edos le respondieron: \"No queremos apedrearte por ninguna obra buena, sino porque blasfemas, ya que, siendo hombre, te\u2026","rel":"","context":"En \u00abLimones\u00bb","block_context":{"text":"Limones","link":"https:\/\/quechilero.com\/blog\/category\/limones\/"},"img":{"alt_text":"","src":"","width":0,"height":0},"classes":[]}],"jetpack_featured_media_url":"","_links":{"self":[{"href":"https:\/\/quechilero.com\/blog\/wp-json\/wp\/v2\/posts\/866","targetHints":{"allow":["GET"]}}],"collection":[{"href":"https:\/\/quechilero.com\/blog\/wp-json\/wp\/v2\/posts"}],"about":[{"href":"https:\/\/quechilero.com\/blog\/wp-json\/wp\/v2\/types\/post"}],"author":[{"embeddable":true,"href":"https:\/\/quechilero.com\/blog\/wp-json\/wp\/v2\/users\/1"}],"replies":[{"embeddable":true,"href":"https:\/\/quechilero.com\/blog\/wp-json\/wp\/v2\/comments?post=866"}],"version-history":[{"count":0,"href":"https:\/\/quechilero.com\/blog\/wp-json\/wp\/v2\/posts\/866\/revisions"}],"wp:attachment":[{"href":"https:\/\/quechilero.com\/blog\/wp-json\/wp\/v2\/media?parent=866"}],"wp:term":[{"taxonomy":"category","embeddable":true,"href":"https:\/\/quechilero.com\/blog\/wp-json\/wp\/v2\/categories?post=866"},{"taxonomy":"post_tag","embeddable":true,"href":"https:\/\/quechilero.com\/blog\/wp-json\/wp\/v2\/tags?post=866"},{"taxonomy":"series","embeddable":true,"href":"https:\/\/quechilero.com\/blog\/wp-json\/wp\/v2\/series?post=866"}],"curies":[{"name":"wp","href":"https:\/\/api.w.org\/{rel}","templated":true}]}}