{"id":8649,"date":"2011-10-22T08:00:24","date_gmt":"2011-10-22T14:00:24","guid":{"rendered":"http:\/\/quechilero.com\/blog\/?p=8649"},"modified":"2011-10-22T08:00:24","modified_gmt":"2011-10-22T14:00:24","slug":"accidente-de-trenes","status":"publish","type":"post","link":"https:\/\/quechilero.com\/blog\/2011\/10\/22\/accidente-de-trenes\/","title":{"rendered":"Accidente de Trenes"},"content":{"rendered":"<p>Lamentablemente en Guatemala, el tema ferroviario, que un momento signific\u00f3 un gran salto hacia el desarrollo del pa\u00eds, ha quedado en el total abandono, a pesar de algunos intentos vanos de parte de la iniciativa privada, por tratar de resucitarlo, incluyendo a un conglomerado Koreano.<\/p>\n<p>De peque\u00f1o me gustaban los trenes de juguete y tuve algunos, en esa \u00e9poca, tuve la oportunidad de viajar varias veces en <em>el tren<\/em>\u00a0que circulaba en el pa\u00eds, hacia los destinos principales, la costa sur y la costa atl\u00e1ntica. A pesar de lo desmejorado que estaba ya, tanto el servicio como la infraestructura y el tren en s\u00ed, la experiencia no dej\u00f3 de ser por dem\u00e1s formidable.<\/p>\n<p>Este video muestra el accidente de dos trenes de juguete, \u00bfquien no lo hizo alguna vez, como parte del proceso de experimentaci\u00f3n con nuestros juguetes?<\/p>\n<p><span class=\"embed-youtube\" style=\"text-align:center; display: block;\"><iframe loading=\"lazy\" class=\"youtube-player\" width=\"1200\" height=\"675\" src=\"https:\/\/www.youtube.com\/embed\/V_Qo4a_3IeQ?version=3&#038;rel=1&#038;showsearch=0&#038;showinfo=1&#038;iv_load_policy=1&#038;fs=1&#038;hl=es-ES&#038;autohide=2&#038;wmode=transparent\" allowfullscreen=\"true\" style=\"border:0;\" sandbox=\"allow-scripts allow-same-origin allow-popups allow-presentation allow-popups-to-escape-sandbox\"><\/iframe><\/span><\/p>\n","protected":false},"excerpt":{"rendered":"<p>Lamentablemente en Guatemala, el tema ferroviario, que un momento signific\u00f3 un gran salto hacia el desarrollo del pa\u00eds, ha quedado en el total abandono, a pesar de algunos intentos vanos de parte de la iniciativa privada, por tratar de resucitarlo, incluyendo a un conglomerado Koreano. De peque\u00f1o me gustaban los trenes de juguete y tuve &#8230; <a title=\"Accidente de Trenes\" class=\"read-more\" href=\"https:\/\/quechilero.com\/blog\/2011\/10\/22\/accidente-de-trenes\/\" aria-label=\"Leer m\u00e1s sobre Accidente de Trenes\">Leer m\u00e1s<\/a><\/p>\n","protected":false},"author":1,"featured_media":0,"comment_status":"open","ping_status":"open","sticky":false,"template":"","format":"standard","meta":{"advanced_seo_description":"","jetpack_seo_html_title":"","jetpack_seo_noindex":false,"jetpack_seo_schema_type":"","episode_type":"","audio_file":"","podmotor_file_id":"","podmotor_episode_id":"","cover_image":"","cover_image_id":"","duration":"","filesize":"","filesize_raw":"","date_recorded":"","explicit":"","block":"","_jetpack_newsletter_access":"","_jetpack_dont_email_post_to_subs":false,"_jetpack_newsletter_tier_id":0,"_jetpack_memberships_contains_paywalled_content":false,"_jetpack_feature_clip_id":0,"_jetpack_memberships_contains_paid_content":false,"footnotes":"","jetpack_publicize_message":"","jetpack_publicize_feature_enabled":true,"jetpack_social_post_already_shared":false,"jetpack_social_options":{"image_generator_settings":{"template":"highway","default_image_id":0,"font":"","enabled":false},"version":2},"jetpack_post_was_ever_published":false},"categories":[2],"tags":[10,25,53],"series":[],"class_list":["post-8649","post","type-post","status-publish","format-standard","hentry","category-limones","tag-guatemala","tag-video","tag-youtube"],"episode_featured_image":false,"episode_player_image":"https:\/\/i0.wp.com\/quechilero.com\/blog\/imagenes\/podcast.png?fit=1831%2C1831&ssl=1","download_link":"","player_link":"","audio_player":false,"episode_data":{"playerMode":"dark","subscribeUrls":{"amazon":{"key":"amazon","url":"","label":"Amazon","class":"amazon","icon":"amazon.png"},"apple_podcasts":{"key":"apple_podcasts","url":"","label":"Apple Podcasts","class":"apple_podcasts","icon":"apple-podcasts.png"},"castbox":{"key":"castbox","url":"","label":"CastBox","class":"castbox","icon":"castbox.png"},"deezer":{"key":"deezer","url":"","label":"Deezer","class":"deezer","icon":"deezer.png"},"google_podcasts":{"key":"google_podcasts","url":"","label":"Google Podcasts","class":"google_podcasts","icon":"google-podcasts.png"},"listen_notes":{"key":"listen_notes","url":"","label":"Listen Notes","class":"listen_notes","icon":"listen-notes.png"},"pandora":{"key":"pandora","url":"","label":"Pandora","class":"pandora","icon":"pandora.png"},"podbean":{"key":"podbean","url":"","label":"Podbean","class":"podbean","icon":"podbean.png"},"podcast_republic":{"key":"podcast_republic","url":"","label":"Podcast Republic","class":"podcast_republic","icon":"podcast-republic.png"},"rss":{"key":"rss","url":"","label":"RSS","class":"rss","icon":"rss.png"},"spotify":{"key":"spotify","url":"","label":"Spotify","class":"spotify","icon":"spotify.png"},"stitcher":{"key":"stitcher","url":"","label":"Stitcher","class":"stitcher","icon":"stitcher.png"},"tunein":{"key":"tunein","url":"","label":"TuneIn","class":"tunein","icon":"tunein.png"},"youtube":{"key":"youtube","url":"","label":"YouTube","class":"youtube","icon":"youtube.png"},"iheartradio":{"key":"iheartradio","url":"","label":"iHeartRadio","class":"iheartradio","icon":"iheartradio.png"},"ivoox":{"key":"ivoox","url":"","label":"iVoox","class":"ivoox","icon":"ivoox.png"}},"rssFeedUrl":"https:\/\/quechilero.com\/blog\/feed\/podcast\/si-la-vida-nos-da-limones","embedCode":"<blockquote class=\"wp-embedded-content\" data-secret=\"CSDHCzUrPG\"><a href=\"https:\/\/quechilero.com\/blog\/2011\/10\/22\/accidente-de-trenes\/\">Accidente de Trenes<\/a><\/blockquote><iframe sandbox=\"allow-scripts\" security=\"restricted\" src=\"https:\/\/quechilero.com\/blog\/2011\/10\/22\/accidente-de-trenes\/embed\/#?secret=CSDHCzUrPG\" width=\"500\" height=\"350\" title=\"\u00abAccidente de Trenes\u00bb \u2014 Si la Vida nos da Limones...\" data-secret=\"CSDHCzUrPG\" frameborder=\"0\" marginwidth=\"0\" marginheight=\"0\" scrolling=\"no\" class=\"wp-embedded-content\"><\/iframe><script>\n\/*! This file is auto-generated *\/\n!function(d,l){\"use strict\";l.querySelector&&d.addEventListener&&\"undefined\"!=typeof URL&&(d.wp=d.wp||{},d.wp.receiveEmbedMessage||(d.wp.receiveEmbedMessage=function(e){var t=e.data;if((t||t.secret||t.message||t.value)&&!\/[^a-zA-Z0-9]\/.test(t.secret)){for(var s,r,n,a=l.querySelectorAll('iframe[data-secret=\"'+t.secret+'\"]'),o=l.querySelectorAll('blockquote[data-secret=\"'+t.secret+'\"]'),c=new RegExp(\"^https?:$\",\"i\"),i=0;i<o.length;i++)o[i].style.display=\"none\";for(i=0;i<a.length;i++)s=a[i],e.source===s.contentWindow&&(s.removeAttribute(\"style\"),\"height\"===t.message?(1e3<(r=parseInt(t.value,10))?r=1e3:~~r<200&&(r=200),s.height=r):\"link\"===t.message&&(r=new URL(s.getAttribute(\"src\")),n=new URL(t.value),c.test(n.protocol))&&n.host===r.host&&l.activeElement===s&&(d.top.location.href=t.value))}},d.addEventListener(\"message\",d.wp.receiveEmbedMessage,!1),l.addEventListener(\"DOMContentLoaded\",function(){for(var e,t,s=l.querySelectorAll(\"iframe.wp-embedded-content\"),r=0;r<s.length;r++)(t=(e=s[r]).getAttribute(\"data-secret\"))||(t=Math.random().toString(36).substring(2,12),e.src+=\"#?secret=\"+t,e.setAttribute(\"data-secret\",t)),e.contentWindow.postMessage({message:\"ready\",secret:t},\"*\")},!1)))}(window,document);\n\/\/# sourceURL=https:\/\/quechilero.com\/blog\/wp-includes\/js\/wp-embed.min.js\n<\/script>\n"},"jetpack_publicize_connections":[],"jetpack_shortlink":"https:\/\/wp.me\/pDKli-2fv","jetpack_sharing_enabled":true,"jetpack-related-posts":[{"id":84,"url":"https:\/\/quechilero.com\/blog\/2006\/08\/19\/utopia-1910-tren-electrico\/","url_meta":{"origin":8649,"position":0},"title":"Utop\u00edas 1910 &#8211; Tren el\u00e9ctrico","author":"Pepe Barrascout Ortiz","date":"19 agosto 2006","format":false,"excerpt":"A todos en alg\u00fan momento nos han gustado los trenes o ferrocarriles y algunos hemos tenido la oportunidad en nuestra ni\u00f1ez de tener un peque\u00f1o tren el\u00e9ctrico que a pesar de lo simple de su mecanismo siempre era motivo de admiraci\u00f3n en el cual pod\u00edamos pasar horas enteras jugando. Lamentablemente\u2026","rel":"","context":"En \u00abLimones\u00bb","block_context":{"text":"Limones","link":"https:\/\/quechilero.com\/blog\/category\/limones\/"},"img":{"alt_text":"","src":"","width":0,"height":0},"classes":[]},{"id":21439,"url":"https:\/\/quechilero.com\/blog\/2015\/08\/14\/la-pequena-locomotora-que-si-pudo\/","url_meta":{"origin":8649,"position":1},"title":"La peque\u00f1a locomotora que s\u00ed pudo","author":"Pepe Barrascout Ortiz","date":"14 agosto 2015","format":false,"excerpt":"O\u00ed por primera vez la maravillosa historia de \"La peque\u00f1a locomotora que s\u00ed pudo\" cuando ten\u00eda unos diez a\u00f1os de edad. De ni\u00f1o me fascinaba este relato porque los vagones del tren estaban llenos de animales, de payasos de juguete, de cortaplumas, de rompecabezas, de libros y de cosas deliciosas\u2026","rel":"","context":"En \u00abLimones\u00bb","block_context":{"text":"Limones","link":"https:\/\/quechilero.com\/blog\/category\/limones\/"},"img":{"alt_text":"","src":"","width":0,"height":0},"classes":[]},{"id":16048,"url":"https:\/\/quechilero.com\/blog\/2013\/02\/25\/el-tren-de-la-vida\/","url_meta":{"origin":8649,"position":2},"title":"El Tren de la Vida","author":"Pepe Barrascout Ortiz","date":"25 febrero 2013","format":false,"excerpt":"Un amigo me habl\u00f3 de un libro que comparaba la vida con un viaje en tren. Un viaje muy interesante al ser bien interpretado. Exactamente as\u00ed, la vida no pasa de ser eso, un viaje en tren lleno de embarques y desembarques, algunos accidentes, sorpresas agradables en algunos momentos y,\u2026","rel":"","context":"En \u00abLimones\u00bb","block_context":{"text":"Limones","link":"https:\/\/quechilero.com\/blog\/category\/limones\/"},"img":{"alt_text":"","src":"","width":0,"height":0},"classes":[]},{"id":13838,"url":"https:\/\/quechilero.com\/blog\/2012\/07\/02\/flashmob-carmina-burana\/","url_meta":{"origin":8649,"position":3},"title":"Flashmob Carmina Burana","author":"Pepe Barrascout Ortiz","date":"2 julio 2012","format":false,"excerpt":"https:\/\/youtu.be\/PJNp5UKRtbQ Los solistas, el coro y la orquesta de la Volksoper de Viena, ofreci\u00f3 a los pasajeros y transe\u00fantes de la estaci\u00f3n de trenes y buses \u00d6BB local una actuaci\u00f3n especial. Los artistas se separaron y se mezclaron entre la multitud. De repente \"transe\u00fante\", comenz\u00f3 y luego m\u00e1s \"transe\u00fantes\" siguieron\u2026","rel":"","context":"En \u00abLimones\u00bb","block_context":{"text":"Limones","link":"https:\/\/quechilero.com\/blog\/category\/limones\/"},"img":{"alt_text":"","src":"https:\/\/i0.wp.com\/img.youtube.com\/vi\/PJNp5UKRtbQ\/0.jpg?resize=350%2C200","width":350,"height":200},"classes":[]},{"id":2977,"url":"https:\/\/quechilero.com\/blog\/2009\/07\/23\/a-donde-vas\/","url_meta":{"origin":8649,"position":4},"title":"\u00bfA d\u00f3nde vas?","author":"Pepe Barrascout Ortiz","date":"23 julio 2009","format":false,"excerpt":"Albert Einstein iba en un tren a un compromiso fuera de la ciudad donde viv\u00eda. El conductor recorr\u00eda los vagones para ponchar los boletos. Einstein, el gran hombre de ciencia, estaba tan entretenido con su trabajo que no lograba encontrar su boleto en su abrigo o la cartera. Entonces el\u2026","rel":"","context":"En \u00abLimones\u00bb","block_context":{"text":"Limones","link":"https:\/\/quechilero.com\/blog\/category\/limones\/"},"img":{"alt_text":"","src":"","width":0,"height":0},"classes":[]},{"id":16588,"url":"https:\/\/quechilero.com\/blog\/2013\/04\/23\/videoblog-carreteras-mal-senalizadas-y-en-mal-estado-episodio-007\/","url_meta":{"origin":8649,"position":5},"title":"VideoBlog: Carreteras mal se\u00f1alizadas y en mal estado. Episodio 007","author":"Pepe Barrascout Ortiz","date":"23 abril 2013","format":false,"excerpt":"https:\/\/youtu.be\/OYhGJtPRnFs VideoBlog:\u00a0Carreteras mal se\u00f1alizadas y en mal estado La carretera que une a Siquinal\u00e1 con Escuintla, se encuentra en muy malas condiciones, la se\u00f1alizaci\u00f3n horizontal y vertical es muy pobre y en la mayor parte del recorrido es totalmente inexistente. La carretera de este tramo tiene muchos agujeros en su\u2026","rel":"","context":"En \u00abVideoBlog\u00bb","block_context":{"text":"VideoBlog","link":"https:\/\/quechilero.com\/blog\/category\/videoblog\/"},"img":{"alt_text":"","src":"https:\/\/i0.wp.com\/img.youtube.com\/vi\/OYhGJtPRnFs\/0.jpg?resize=350%2C200","width":350,"height":200},"classes":[]}],"jetpack_featured_media_url":"","_links":{"self":[{"href":"https:\/\/quechilero.com\/blog\/wp-json\/wp\/v2\/posts\/8649","targetHints":{"allow":["GET"]}}],"collection":[{"href":"https:\/\/quechilero.com\/blog\/wp-json\/wp\/v2\/posts"}],"about":[{"href":"https:\/\/quechilero.com\/blog\/wp-json\/wp\/v2\/types\/post"}],"author":[{"embeddable":true,"href":"https:\/\/quechilero.com\/blog\/wp-json\/wp\/v2\/users\/1"}],"replies":[{"embeddable":true,"href":"https:\/\/quechilero.com\/blog\/wp-json\/wp\/v2\/comments?post=8649"}],"version-history":[{"count":0,"href":"https:\/\/quechilero.com\/blog\/wp-json\/wp\/v2\/posts\/8649\/revisions"}],"wp:attachment":[{"href":"https:\/\/quechilero.com\/blog\/wp-json\/wp\/v2\/media?parent=8649"}],"wp:term":[{"taxonomy":"category","embeddable":true,"href":"https:\/\/quechilero.com\/blog\/wp-json\/wp\/v2\/categories?post=8649"},{"taxonomy":"post_tag","embeddable":true,"href":"https:\/\/quechilero.com\/blog\/wp-json\/wp\/v2\/tags?post=8649"},{"taxonomy":"series","embeddable":true,"href":"https:\/\/quechilero.com\/blog\/wp-json\/wp\/v2\/series?post=8649"}],"curies":[{"name":"wp","href":"https:\/\/api.w.org\/{rel}","templated":true}]}}