{"id":8641,"date":"2011-10-17T08:00:58","date_gmt":"2011-10-17T14:00:58","guid":{"rendered":"http:\/\/quechilero.com\/blog\/?p=8641"},"modified":"2011-10-17T08:00:58","modified_gmt":"2011-10-17T14:00:58","slug":"veinte-signos-de-stress","status":"publish","type":"post","link":"https:\/\/quechilero.com\/blog\/2011\/10\/17\/veinte-signos-de-stress\/","title":{"rendered":"Veinte signos de Stress"},"content":{"rendered":"<p>La gente se absorbe en el trabajo y antes de darse cuenta de su situaci\u00f3n actual, pasan d\u00edas, semanas, meses e incluso a\u00f1os en una tarea de rutina en la que hizo hincapi\u00e9. Lo triste de esto es que las personas que est\u00e1n estresados \u200b\u200bson los primeros en negar su estado actual. Muchas personas para por esta situaci\u00f3n hasta que lag\u00fan amigo de la familia nos hace darnos cuenta del problema que se est\u00e1 teniendo.<\/p>\n<p>A continuaci\u00f3n se presentan los s\u00edntomas del estr\u00e9s se debe vigilar:<\/p>\n<p><strong>1. Sentirse enfermo<\/strong> &#8211; usted se siente enfermo en varias ocasiones a lo largo de la semana.<\/p>\n<p><strong>2. F\u00edsicamente enfermo<\/strong> &#8211; no s\u00f3lo se siente enfermo, sino que se sufre de tos recurrente, resfriados, dolor de garganta, dolores de cabeza.<\/p>\n<p><strong>3. Negativamente agresivo<\/strong>\u00a0&#8211; adem\u00e1s son nerviosos, irritables, y siempre se est\u00e1 a la defensiva.<\/p>\n<p><strong>4. Creando problemas<\/strong>\u00a0&#8211; se crea un problema de cualquier cosa que tenemos a nuestro alrededor.<\/p>\n<p><strong>5. Ampliar para arriba<\/strong> &#8211; agrandar las cosas peque\u00f1as y de menor importancia, sobre dimensionando las cosas.<\/p>\n<p><!--more--><\/p>\n<p><strong>6. Lucha redonda<\/strong> &#8211; se involucra en discusiones, sin argumentos, con alg\u00fan colega de vez en cuando.<\/p>\n<p><strong>7. Los signos de envejecimiento<\/strong> &#8211; se olvida de la edad, se considera con las mismas capacidades f\u00edsicas y mentales de a\u00f1os anteriores, sin darse cuenta de los signos de envejecimiento, luego lo toma como excusa.<\/p>\n<p><strong>8. Multi-tarea<\/strong> &#8211; se trata de ser multi-tarea todo el tiempo. La verdad es que no se puede enfocar en nada, por tratar de atender todas las tareas de forma simult\u00e1nea.<\/p>\n<p><strong>9. Ilusi\u00f3n<\/strong> &#8211; que sue\u00f1as de d\u00eda casi todo el tiempo.<\/p>\n<p><strong>10. Cansado<\/strong> &#8211; usted est\u00e1 cansado de la vida, cansado f\u00edsicamente, emocionalmente atado.<\/p>\n<p><strong>11. Sed de caf\u00e9<\/strong> &#8211; no se puede empezar el d\u00eda con energ\u00eda, sin caf\u00e9. No puede realizar la actividad normal, durante todo el d\u00eda, sin su horario habitual de caf\u00e9.<\/p>\n<p><strong>12. Procastinaci\u00f3n<\/strong>\u00a0&#8211; usted es el rey de Procastinaci\u00f3n y argumenta que tienen otras cosas m\u00e1s importantes que hacer.<\/p>\n<p><strong>13. 25 horas<\/strong> &#8211; le gustar\u00eda que hubiera m\u00e1s horas en un d\u00eda.<\/p>\n<p><strong>14. Pasivamente tranquilo<\/strong> &#8211; en lugar de ser agresivo, intenta estar de forma pasiva y tranquila, con tanta frecuencia como sea posible.<\/p>\n<p><strong>15. La auto-compasi\u00f3n<\/strong> &#8211; se termina por sucumbir en la auto-compasi\u00f3n.<\/p>\n<p><strong>16. Enorme apetito<\/strong> &#8211; se necesitan cuatro horas para digerir los alimentos, pero parece que se muere de hambre cada hora y al final se siente hinchado por la tarde.<\/p>\n<p><strong>17. El desorden<\/strong> &#8211; el desorden est\u00e1 a su alrededor, algunos son simples recibos que se han mantenido durante meses o a\u00f1os hasta objetos que lo rodean por mucho tiempo y que no tienen sentido estar ah\u00ed.<\/p>\n<p><strong>18. Un perdedor con suerte<\/strong> &#8211; tiene una baja autoestima y en ocasiones se \u00a0llega a sentir como un perdedor.<\/p>\n<p><strong>19. Disminuci\u00f3n de la vida social<\/strong> &#8211; se perdi\u00f3 de una fiesta universitaria o reuni\u00f3n, se dej\u00f3 de asistir a alguna fiesta de un amigo o a alguna celebraci\u00f3n de cumplea\u00f1os, boda, etc.<\/p>\n<p><strong>20. Las personas son sus adversarios<\/strong> &#8211; pareciera que no puede ver lo bueno de la gente que lo rodea. Ellos parecen ser los adversarios en su vida.<\/p>\n<p>Estos son los veinte primeros signos de que usted est\u00e1 estresado. La mayor\u00eda de la gente est\u00e1 en la negaci\u00f3n de su situaci\u00f3n, pero si usted se encuentra en varios de los indicadores anteriores, le sugiero dar un paso atr\u00e1s y reflexionar sobre su situaci\u00f3n y sobre todo buscar ayuda con amigos y profesionales.<\/p>\n","protected":false},"excerpt":{"rendered":"<p>La gente se absorbe en el trabajo y antes de darse cuenta de su situaci\u00f3n actual, pasan d\u00edas, semanas, meses e incluso a\u00f1os en una tarea de rutina en la que hizo hincapi\u00e9. Lo triste de esto es que las personas que est\u00e1n estresados \u200b\u200bson los primeros en negar su estado actual. Muchas personas para &#8230; <a title=\"Veinte signos de Stress\" class=\"read-more\" href=\"https:\/\/quechilero.com\/blog\/2011\/10\/17\/veinte-signos-de-stress\/\" aria-label=\"Leer m\u00e1s sobre Veinte signos de Stress\">Leer m\u00e1s<\/a><\/p>\n","protected":false},"author":1,"featured_media":0,"comment_status":"open","ping_status":"open","sticky":false,"template":"","format":"standard","meta":{"advanced_seo_description":"","jetpack_seo_html_title":"","jetpack_seo_noindex":false,"jetpack_seo_schema_type":"","episode_type":"","audio_file":"","podmotor_file_id":"","podmotor_episode_id":"","cover_image":"","cover_image_id":"","duration":"","filesize":"","filesize_raw":"","date_recorded":"","explicit":"","block":"","_jetpack_newsletter_access":"","_jetpack_dont_email_post_to_subs":false,"_jetpack_newsletter_tier_id":0,"_jetpack_memberships_contains_paywalled_content":false,"_jetpack_feature_clip_id":0,"_jetpack_memberships_contains_paid_content":false,"footnotes":"","jetpack_publicize_message":"","jetpack_publicize_feature_enabled":true,"jetpack_social_post_already_shared":false,"jetpack_social_options":{"image_generator_settings":{"template":"highway","default_image_id":0,"font":"","enabled":false},"version":2},"jetpack_post_was_ever_published":false},"categories":[2],"tags":[11,37,12,71,52,21,5,36,41,24],"series":[],"class_list":["post-8641","post","type-post","status-publish","format-standard","hentry","category-limones","tag-amigo","tag-ayuda","tag-cosas","tag-energia","tag-pasion","tag-problema","tag-tiempo","tag-trabajo","tag-verdad","tag-vida"],"episode_featured_image":false,"episode_player_image":"https:\/\/i0.wp.com\/quechilero.com\/blog\/imagenes\/podcast.png?fit=1831%2C1831&ssl=1","download_link":"","player_link":"","audio_player":false,"episode_data":{"playerMode":"dark","subscribeUrls":{"amazon":{"key":"amazon","url":"","label":"Amazon","class":"amazon","icon":"amazon.png"},"apple_podcasts":{"key":"apple_podcasts","url":"","label":"Apple Podcasts","class":"apple_podcasts","icon":"apple-podcasts.png"},"castbox":{"key":"castbox","url":"","label":"CastBox","class":"castbox","icon":"castbox.png"},"deezer":{"key":"deezer","url":"","label":"Deezer","class":"deezer","icon":"deezer.png"},"google_podcasts":{"key":"google_podcasts","url":"","label":"Google Podcasts","class":"google_podcasts","icon":"google-podcasts.png"},"listen_notes":{"key":"listen_notes","url":"","label":"Listen Notes","class":"listen_notes","icon":"listen-notes.png"},"pandora":{"key":"pandora","url":"","label":"Pandora","class":"pandora","icon":"pandora.png"},"podbean":{"key":"podbean","url":"","label":"Podbean","class":"podbean","icon":"podbean.png"},"podcast_republic":{"key":"podcast_republic","url":"","label":"Podcast Republic","class":"podcast_republic","icon":"podcast-republic.png"},"rss":{"key":"rss","url":"","label":"RSS","class":"rss","icon":"rss.png"},"spotify":{"key":"spotify","url":"","label":"Spotify","class":"spotify","icon":"spotify.png"},"stitcher":{"key":"stitcher","url":"","label":"Stitcher","class":"stitcher","icon":"stitcher.png"},"tunein":{"key":"tunein","url":"","label":"TuneIn","class":"tunein","icon":"tunein.png"},"youtube":{"key":"youtube","url":"","label":"YouTube","class":"youtube","icon":"youtube.png"},"iheartradio":{"key":"iheartradio","url":"","label":"iHeartRadio","class":"iheartradio","icon":"iheartradio.png"},"ivoox":{"key":"ivoox","url":"","label":"iVoox","class":"ivoox","icon":"ivoox.png"}},"rssFeedUrl":"https:\/\/quechilero.com\/blog\/feed\/podcast\/si-la-vida-nos-da-limones","embedCode":"<blockquote class=\"wp-embedded-content\" data-secret=\"YusZ81l1iA\"><a href=\"https:\/\/quechilero.com\/blog\/2011\/10\/17\/veinte-signos-de-stress\/\">Veinte signos de Stress<\/a><\/blockquote><iframe sandbox=\"allow-scripts\" security=\"restricted\" src=\"https:\/\/quechilero.com\/blog\/2011\/10\/17\/veinte-signos-de-stress\/embed\/#?secret=YusZ81l1iA\" width=\"500\" height=\"350\" title=\"\u00abVeinte signos de Stress\u00bb \u2014 Si la Vida nos da Limones...\" data-secret=\"YusZ81l1iA\" frameborder=\"0\" marginwidth=\"0\" marginheight=\"0\" scrolling=\"no\" class=\"wp-embedded-content\"><\/iframe><script>\n\/*! This file is auto-generated *\/\n!function(d,l){\"use strict\";l.querySelector&&d.addEventListener&&\"undefined\"!=typeof URL&&(d.wp=d.wp||{},d.wp.receiveEmbedMessage||(d.wp.receiveEmbedMessage=function(e){var t=e.data;if((t||t.secret||t.message||t.value)&&!\/[^a-zA-Z0-9]\/.test(t.secret)){for(var s,r,n,a=l.querySelectorAll('iframe[data-secret=\"'+t.secret+'\"]'),o=l.querySelectorAll('blockquote[data-secret=\"'+t.secret+'\"]'),c=new RegExp(\"^https?:$\",\"i\"),i=0;i<o.length;i++)o[i].style.display=\"none\";for(i=0;i<a.length;i++)s=a[i],e.source===s.contentWindow&&(s.removeAttribute(\"style\"),\"height\"===t.message?(1e3<(r=parseInt(t.value,10))?r=1e3:~~r<200&&(r=200),s.height=r):\"link\"===t.message&&(r=new URL(s.getAttribute(\"src\")),n=new URL(t.value),c.test(n.protocol))&&n.host===r.host&&l.activeElement===s&&(d.top.location.href=t.value))}},d.addEventListener(\"message\",d.wp.receiveEmbedMessage,!1),l.addEventListener(\"DOMContentLoaded\",function(){for(var e,t,s=l.querySelectorAll(\"iframe.wp-embedded-content\"),r=0;r<s.length;r++)(t=(e=s[r]).getAttribute(\"data-secret\"))||(t=Math.random().toString(36).substring(2,12),e.src+=\"#?secret=\"+t,e.setAttribute(\"data-secret\",t)),e.contentWindow.postMessage({message:\"ready\",secret:t},\"*\")},!1)))}(window,document);\n\/\/# sourceURL=https:\/\/quechilero.com\/blog\/wp-includes\/js\/wp-embed.min.js\n<\/script>\n"},"jetpack_publicize_connections":[],"jetpack_shortlink":"https:\/\/wp.me\/pDKli-2fn","jetpack_sharing_enabled":true,"jetpack-related-posts":[{"id":19828,"url":"https:\/\/quechilero.com\/blog\/2015\/02\/15\/el-temor-debilitarse\/","url_meta":{"origin":8641,"position":0},"title":"El temor a debilitarse","author":"Pepe Barrascout Ortiz","date":"15 febrero 2015","format":false,"excerpt":"Las personas que son d\u00e9biles espiritualmente tienen muchos temores a debilitarse. Se sienten fr\u00e1giles, y por eso creen que se pueden desgastar y enfermar por cualquier cosa. Pero ese mismo temor los debilita m\u00e1s y los expone a enfermarse. Adem\u00e1s, como est\u00e1n pendientes de cualquier dolor, cada vez que comienzan\u2026","rel":"","context":"En \u00abLimones\u00bb","block_context":{"text":"Limones","link":"https:\/\/quechilero.com\/blog\/category\/limones\/"},"img":{"alt_text":"","src":"","width":0,"height":0},"classes":[]},{"id":451,"url":"https:\/\/quechilero.com\/blog\/2007\/02\/11\/el-arte-de-no-enfermarse\/","url_meta":{"origin":8641,"position":1},"title":"El arte de no enfermarse","author":"Pepe Barrascout Ortiz","date":"11 febrero 2007","format":false,"excerpt":"Si no se quiere enfermar... hable de sus sentimientos. Las emociones y sentimientos que est\u00e1n escondidos y reprimidos, terminan en enfermedades como: gastritis, \u00falcera, dolores lumbares, dolor en la columna. Con el tiempo, la represi\u00f3n de los sentimientos degenera hasta en c\u00e1ncer. Entonces, vamos a sincerar, confidenciar, compartir nuestra intimidad,\u2026","rel":"","context":"En \u00abLimones\u00bb","block_context":{"text":"Limones","link":"https:\/\/quechilero.com\/blog\/category\/limones\/"},"img":{"alt_text":"","src":"","width":0,"height":0},"classes":[]},{"id":1042,"url":"https:\/\/quechilero.com\/blog\/2008\/08\/04\/el-libro-negro\/","url_meta":{"origin":8641,"position":2},"title":"El libro negro","author":"Pepe Barrascout Ortiz","date":"4 agosto 2008","format":false,"excerpt":"Una mujer en Bengala Occidental era objeto de gran curiosidad entre sus vecinas debido a un h\u00e1bito poco usual: cada vez que entraba en una tienda, un almac\u00e9n o un cine, sacaba un librito negro y anotaba algo en \u00e9l. Alguien, por fin, le pregunt\u00f3 un d\u00eda: - \"\u00bfLleva usted\u2026","rel":"","context":"En \u00abLimones\u00bb","block_context":{"text":"Limones","link":"https:\/\/quechilero.com\/blog\/category\/limones\/"},"img":{"alt_text":"","src":"","width":0,"height":0},"classes":[]},{"id":14036,"url":"https:\/\/quechilero.com\/blog\/2012\/07\/16\/el-porque-de-nuestro-trabajo\/","url_meta":{"origin":8641,"position":3},"title":"El porqu\u00e9 de nuestro trabajo","author":"Pepe Barrascout Ortiz","date":"16 julio 2012","format":false,"excerpt":"Seg\u00fan cuenta la leyenda, un misionero cay\u00f3 de un barco mientras navegaba en alta mar, y fue arrastrado por el agua hasta la orilla de una remota villa de nativos. Personas de la villa lo encontraron y lo cuidaron y curaron, ya que estaba casi muerto por la falta de\u2026","rel":"","context":"En \u00abLimones\u00bb","block_context":{"text":"Limones","link":"https:\/\/quechilero.com\/blog\/category\/limones\/"},"img":{"alt_text":"","src":"","width":0,"height":0},"classes":[]},{"id":19525,"url":"https:\/\/quechilero.com\/blog\/2014\/10\/14\/naranjas-en-el-oceano\/","url_meta":{"origin":8641,"position":4},"title":"Naranjas en el oc\u00e9ano","author":"Pepe Barrascout Ortiz","date":"14 octubre 2014","format":false,"excerpt":"En un viaje por el oc\u00e9ano, una se\u00f1ora se puso tan enferma por el mareo que el m\u00e9dico le dijo que solamente el comer muchas naranjas podr\u00eda restablecerla. La se\u00f1ora, en su debilidad dijo: - Doctor, no se apure. Mi padre celestial me las enviar\u00e1. Yo voy a ped\u00edrselo ahora.\u2026","rel":"","context":"En \u00abLimones\u00bb","block_context":{"text":"Limones","link":"https:\/\/quechilero.com\/blog\/category\/limones\/"},"img":{"alt_text":"","src":"","width":0,"height":0},"classes":[]},{"id":17110,"url":"https:\/\/quechilero.com\/blog\/2013\/09\/02\/en-medio-de-la-enfermedad\/","url_meta":{"origin":8641,"position":5},"title":"En medio de la enfermedad","author":"Pepe Barrascout Ortiz","date":"2 septiembre 2013","format":false,"excerpt":"He pasado una semana enfermo, d\u00e9bil, sin \u00e1nimo para hacer cosas. Curiosamente, no he dejado de sentir la presencia amorosa de Dios. Tus fuerzas te abandonan y t\u00fa te abandonas ante su presencia soberana. Entonces surge Dios y dice: \"No temas, Yo estoy contigo\". Y todo cambia. Comprendes que hay\u2026","rel":"","context":"En \u00abLimones\u00bb","block_context":{"text":"Limones","link":"https:\/\/quechilero.com\/blog\/category\/limones\/"},"img":{"alt_text":"","src":"","width":0,"height":0},"classes":[]}],"jetpack_featured_media_url":"","_links":{"self":[{"href":"https:\/\/quechilero.com\/blog\/wp-json\/wp\/v2\/posts\/8641","targetHints":{"allow":["GET"]}}],"collection":[{"href":"https:\/\/quechilero.com\/blog\/wp-json\/wp\/v2\/posts"}],"about":[{"href":"https:\/\/quechilero.com\/blog\/wp-json\/wp\/v2\/types\/post"}],"author":[{"embeddable":true,"href":"https:\/\/quechilero.com\/blog\/wp-json\/wp\/v2\/users\/1"}],"replies":[{"embeddable":true,"href":"https:\/\/quechilero.com\/blog\/wp-json\/wp\/v2\/comments?post=8641"}],"version-history":[{"count":0,"href":"https:\/\/quechilero.com\/blog\/wp-json\/wp\/v2\/posts\/8641\/revisions"}],"wp:attachment":[{"href":"https:\/\/quechilero.com\/blog\/wp-json\/wp\/v2\/media?parent=8641"}],"wp:term":[{"taxonomy":"category","embeddable":true,"href":"https:\/\/quechilero.com\/blog\/wp-json\/wp\/v2\/categories?post=8641"},{"taxonomy":"post_tag","embeddable":true,"href":"https:\/\/quechilero.com\/blog\/wp-json\/wp\/v2\/tags?post=8641"},{"taxonomy":"series","embeddable":true,"href":"https:\/\/quechilero.com\/blog\/wp-json\/wp\/v2\/series?post=8641"}],"curies":[{"name":"wp","href":"https:\/\/api.w.org\/{rel}","templated":true}]}}