{"id":8639,"date":"2011-10-26T08:00:28","date_gmt":"2011-10-26T14:00:28","guid":{"rendered":"http:\/\/quechilero.com\/blog\/?p=8639"},"modified":"2011-10-26T08:00:28","modified_gmt":"2011-10-26T14:00:28","slug":"24-horas-de-trafico-aereo","status":"publish","type":"post","link":"https:\/\/quechilero.com\/blog\/2011\/10\/26\/24-horas-de-trafico-aereo\/","title":{"rendered":"24 horas de tr\u00e1fico aereo"},"content":{"rendered":"<p>Podr\u00edamos medir el nivel de <em>industrializaci\u00f3n<\/em>\u00a0de un pa\u00eds y regi\u00f3n y sobre todo su poder adquisitivo, observando la forma en la que se transportan. No hay duda que los pa\u00edses europeos y Estados Unidos, utilizan el avi\u00f3n, como medio de transporte preferencial, para cubrir las grandes distancias y como en los pa\u00edses latinoamericanos, en comparaci\u00f3n, es pr\u00e1cticamente nulo el uso de este transporte.<\/p>\n<p>Recientemente tuve la oportunidad de estar en uno de los aeropuertos mas concurridos de Estados Unidos y me sorprendi\u00f3 la rapidez, agilidad y eficiencia, con la que se prestan los diferentes servicios.<\/p>\n<p>En este video, se muestra el tr\u00e1fico a\u00e9reo promedio, a lo largo de 24 horas.<\/p>\n<p><span class=\"embed-youtube\" style=\"text-align:center; display: block;\"><iframe loading=\"lazy\" class=\"youtube-player\" width=\"1200\" height=\"675\" src=\"https:\/\/www.youtube.com\/embed\/CEPcV28-WgQ?version=3&#038;rel=1&#038;showsearch=0&#038;showinfo=1&#038;iv_load_policy=1&#038;fs=1&#038;hl=es-ES&#038;autohide=2&#038;wmode=transparent\" allowfullscreen=\"true\" style=\"border:0;\" sandbox=\"allow-scripts allow-same-origin allow-popups allow-presentation allow-popups-to-escape-sandbox\"><\/iframe><\/span><\/p>\n","protected":false},"excerpt":{"rendered":"<p>Podr\u00edamos medir el nivel de industrializaci\u00f3n\u00a0de un pa\u00eds y regi\u00f3n y sobre todo su poder adquisitivo, observando la forma en la que se transportan. No hay duda que los pa\u00edses europeos y Estados Unidos, utilizan el avi\u00f3n, como medio de transporte preferencial, para cubrir las grandes distancias y como en los pa\u00edses latinoamericanos, en comparaci\u00f3n, &#8230; <a title=\"24 horas de tr\u00e1fico aereo\" class=\"read-more\" href=\"https:\/\/quechilero.com\/blog\/2011\/10\/26\/24-horas-de-trafico-aereo\/\" aria-label=\"Leer m\u00e1s sobre 24 horas de tr\u00e1fico aereo\">Leer m\u00e1s<\/a><\/p>\n","protected":false},"author":1,"featured_media":0,"comment_status":"open","ping_status":"open","sticky":false,"template":"","format":"standard","meta":{"advanced_seo_description":"","jetpack_seo_html_title":"","jetpack_seo_noindex":false,"jetpack_seo_schema_type":"","episode_type":"","audio_file":"","podmotor_file_id":"","podmotor_episode_id":"","cover_image":"","cover_image_id":"","duration":"","filesize":"","filesize_raw":"","date_recorded":"","explicit":"","block":"","_jetpack_newsletter_access":"","_jetpack_dont_email_post_to_subs":false,"_jetpack_newsletter_tier_id":0,"_jetpack_memberships_contains_paywalled_content":false,"_jetpack_feature_clip_id":0,"_jetpack_memberships_contains_paid_content":false,"footnotes":"","jetpack_publicize_message":"","jetpack_publicize_feature_enabled":true,"jetpack_social_post_already_shared":false,"jetpack_social_options":{"image_generator_settings":{"template":"highway","default_image_id":0,"font":"","enabled":false},"version":2},"jetpack_post_was_ever_published":false},"categories":[2],"tags":[25,53],"series":[],"class_list":["post-8639","post","type-post","status-publish","format-standard","hentry","category-limones","tag-video","tag-youtube"],"episode_featured_image":false,"episode_player_image":"https:\/\/i0.wp.com\/quechilero.com\/blog\/imagenes\/podcast.png?fit=1831%2C1831&ssl=1","download_link":"","player_link":"","audio_player":false,"episode_data":{"playerMode":"dark","subscribeUrls":{"amazon":{"key":"amazon","url":"","label":"Amazon","class":"amazon","icon":"amazon.png"},"apple_podcasts":{"key":"apple_podcasts","url":"","label":"Apple Podcasts","class":"apple_podcasts","icon":"apple-podcasts.png"},"castbox":{"key":"castbox","url":"","label":"CastBox","class":"castbox","icon":"castbox.png"},"deezer":{"key":"deezer","url":"","label":"Deezer","class":"deezer","icon":"deezer.png"},"google_podcasts":{"key":"google_podcasts","url":"","label":"Google Podcasts","class":"google_podcasts","icon":"google-podcasts.png"},"listen_notes":{"key":"listen_notes","url":"","label":"Listen Notes","class":"listen_notes","icon":"listen-notes.png"},"pandora":{"key":"pandora","url":"","label":"Pandora","class":"pandora","icon":"pandora.png"},"podbean":{"key":"podbean","url":"","label":"Podbean","class":"podbean","icon":"podbean.png"},"podcast_republic":{"key":"podcast_republic","url":"","label":"Podcast Republic","class":"podcast_republic","icon":"podcast-republic.png"},"rss":{"key":"rss","url":"","label":"RSS","class":"rss","icon":"rss.png"},"spotify":{"key":"spotify","url":"","label":"Spotify","class":"spotify","icon":"spotify.png"},"stitcher":{"key":"stitcher","url":"","label":"Stitcher","class":"stitcher","icon":"stitcher.png"},"tunein":{"key":"tunein","url":"","label":"TuneIn","class":"tunein","icon":"tunein.png"},"youtube":{"key":"youtube","url":"","label":"YouTube","class":"youtube","icon":"youtube.png"},"iheartradio":{"key":"iheartradio","url":"","label":"iHeartRadio","class":"iheartradio","icon":"iheartradio.png"},"ivoox":{"key":"ivoox","url":"","label":"iVoox","class":"ivoox","icon":"ivoox.png"}},"rssFeedUrl":"https:\/\/quechilero.com\/blog\/feed\/podcast\/si-la-vida-nos-da-limones","embedCode":"<blockquote class=\"wp-embedded-content\" data-secret=\"5UYKNGTiCb\"><a href=\"https:\/\/quechilero.com\/blog\/2011\/10\/26\/24-horas-de-trafico-aereo\/\">24 horas de tr\u00e1fico aereo<\/a><\/blockquote><iframe sandbox=\"allow-scripts\" security=\"restricted\" src=\"https:\/\/quechilero.com\/blog\/2011\/10\/26\/24-horas-de-trafico-aereo\/embed\/#?secret=5UYKNGTiCb\" width=\"500\" height=\"350\" title=\"\u00ab24 horas de tr\u00e1fico aereo\u00bb \u2014 Si la Vida nos da Limones...\" data-secret=\"5UYKNGTiCb\" frameborder=\"0\" marginwidth=\"0\" marginheight=\"0\" scrolling=\"no\" class=\"wp-embedded-content\"><\/iframe><script>\n\/*! This file is auto-generated *\/\n!function(d,l){\"use strict\";l.querySelector&&d.addEventListener&&\"undefined\"!=typeof URL&&(d.wp=d.wp||{},d.wp.receiveEmbedMessage||(d.wp.receiveEmbedMessage=function(e){var t=e.data;if((t||t.secret||t.message||t.value)&&!\/[^a-zA-Z0-9]\/.test(t.secret)){for(var s,r,n,a=l.querySelectorAll('iframe[data-secret=\"'+t.secret+'\"]'),o=l.querySelectorAll('blockquote[data-secret=\"'+t.secret+'\"]'),c=new RegExp(\"^https?:$\",\"i\"),i=0;i<o.length;i++)o[i].style.display=\"none\";for(i=0;i<a.length;i++)s=a[i],e.source===s.contentWindow&&(s.removeAttribute(\"style\"),\"height\"===t.message?(1e3<(r=parseInt(t.value,10))?r=1e3:~~r<200&&(r=200),s.height=r):\"link\"===t.message&&(r=new URL(s.getAttribute(\"src\")),n=new URL(t.value),c.test(n.protocol))&&n.host===r.host&&l.activeElement===s&&(d.top.location.href=t.value))}},d.addEventListener(\"message\",d.wp.receiveEmbedMessage,!1),l.addEventListener(\"DOMContentLoaded\",function(){for(var e,t,s=l.querySelectorAll(\"iframe.wp-embedded-content\"),r=0;r<s.length;r++)(t=(e=s[r]).getAttribute(\"data-secret\"))||(t=Math.random().toString(36).substring(2,12),e.src+=\"#?secret=\"+t,e.setAttribute(\"data-secret\",t)),e.contentWindow.postMessage({message:\"ready\",secret:t},\"*\")},!1)))}(window,document);\n\/\/# sourceURL=https:\/\/quechilero.com\/blog\/wp-includes\/js\/wp-embed.min.js\n<\/script>\n"},"jetpack_publicize_connections":[],"jetpack_shortlink":"https:\/\/wp.me\/pDKli-2fl","jetpack_sharing_enabled":true,"jetpack-related-posts":[{"id":5332,"url":"https:\/\/quechilero.com\/blog\/2010\/08\/12\/time-stamp-volcan-eyjafjallajokull\/","url_meta":{"origin":8639,"position":0},"title":"Time Stamp: Volc\u00e1n Eyjafjallaj\u00f6kull","author":"Pepe Barrascout Ortiz","date":"12 agosto 2010","format":false,"excerpt":"El Volc\u00e1n Eyjafjallaj\u00f6kull en Islandia, provoc\u00f3 un paro total del transporte\u00a0a\u00e9reo en Europa, afectando la econom\u00eda de los pa\u00edses de la regi\u00f3n, pero independientemente del aspecto econ\u00f3mico, que al final de cuentas no es mas que eso: dinero. Lo sorprendente de esta manifestaci\u00f3n de Dios, a trav\u00e9s de la naturaleza,\u2026","rel":"","context":"En \u00abLimones\u00bb","block_context":{"text":"Limones","link":"https:\/\/quechilero.com\/blog\/category\/limones\/"},"img":{"alt_text":"","src":"","width":0,"height":0},"classes":[]},{"id":8708,"url":"https:\/\/quechilero.com\/blog\/2011\/08\/01\/viajando-por-el-mundo-londres\/","url_meta":{"origin":8639,"position":1},"title":"Viajando por el Mundo: Londres","author":"Pepe Barrascout Ortiz","date":"1 agosto 2011","format":false,"excerpt":"Viajando por el Mundo, hoy vamos a\u00a0Londres. Es la capital de Inglaterra y del Reino Unido. Situada a orillas del r\u00edo T\u00e1mesis en el sureste de la isla de Gran Breta\u00f1a, su establecimiento se data m\u00e1s de dos milenios atr\u00e1s, fue fundada alrededor del a\u00f1o 43 por los romanos con\u2026","rel":"","context":"En \u00abLimones por mano\u00bb","block_context":{"text":"Limones por mano","link":"https:\/\/quechilero.com\/blog\/category\/limones-por-mano\/"},"img":{"alt_text":"","src":"","width":0,"height":0},"classes":[]},{"id":11326,"url":"https:\/\/quechilero.com\/blog\/2011\/11\/10\/transporte-gratis-en-las-elecciones-sabe-quien-lo-paga\/","url_meta":{"origin":8639,"position":2},"title":"Transporte Gratis en las Elecciones \u00bfsabe quien lo paga?","author":"Pepe Barrascout Ortiz","date":"10 noviembre 2011","format":false,"excerpt":"Como es ya tradici\u00f3n, una vez mas se ofreci\u00f3 transporte gratuito el d\u00eda de las elecciones. Cuando a\u00fan no ten\u00eda edad para votar, era la oportunidad para ir a dar vueltas gratis por la ciudad.\u00a0Era com\u00fan la reuni\u00f3n con amigos y nos aventur\u00e1bamos a explorar\u00a0la capital del pa\u00eds. Claro que\u2026","rel":"","context":"En \u00abLimones\u00bb","block_context":{"text":"Limones","link":"https:\/\/quechilero.com\/blog\/category\/limones\/"},"img":{"alt_text":"","src":"https:\/\/i0.wp.com\/i392.photobucket.com\/albums\/pp7\/pepejaguar\/blog\/transmetro.png?resize=350%2C200","width":350,"height":200,"srcset":"https:\/\/i0.wp.com\/i392.photobucket.com\/albums\/pp7\/pepejaguar\/blog\/transmetro.png?resize=350%2C200 1x, https:\/\/i0.wp.com\/i392.photobucket.com\/albums\/pp7\/pepejaguar\/blog\/transmetro.png?resize=525%2C300 1.5x"},"classes":[]},{"id":84,"url":"https:\/\/quechilero.com\/blog\/2006\/08\/19\/utopia-1910-tren-electrico\/","url_meta":{"origin":8639,"position":3},"title":"Utop\u00edas 1910 &#8211; Tren el\u00e9ctrico","author":"Pepe Barrascout Ortiz","date":"19 agosto 2006","format":false,"excerpt":"A todos en alg\u00fan momento nos han gustado los trenes o ferrocarriles y algunos hemos tenido la oportunidad en nuestra ni\u00f1ez de tener un peque\u00f1o tren el\u00e9ctrico que a pesar de lo simple de su mecanismo siempre era motivo de admiraci\u00f3n en el cual pod\u00edamos pasar horas enteras jugando. Lamentablemente\u2026","rel":"","context":"En \u00abLimones\u00bb","block_context":{"text":"Limones","link":"https:\/\/quechilero.com\/blog\/category\/limones\/"},"img":{"alt_text":"","src":"","width":0,"height":0},"classes":[]},{"id":17142,"url":"https:\/\/quechilero.com\/blog\/2013\/09\/20\/del-esclavo\/","url_meta":{"origin":8639,"position":4},"title":"Del esclavo","author":"Pepe Barrascout Ortiz","date":"20 septiembre 2013","format":false,"excerpt":"En la \u00e9poca en que trabajaba en el Sahara como piloto de aviaci\u00f3n postal, el escritor Saint-Exup\u00e9ry hizo una colecta con sus amigos de la Base A\u00e9rea; un empleado marroqu\u00ed quer\u00eda volver a su ciudad natal. Consigui\u00f3 juntar mil francos. Uno de los pilotos transport\u00f3 al empleado hasta Casablanca, y\u2026","rel":"","context":"En \u00abLimones\u00bb","block_context":{"text":"Limones","link":"https:\/\/quechilero.com\/blog\/category\/limones\/"},"img":{"alt_text":"","src":"","width":0,"height":0},"classes":[]},{"id":17864,"url":"https:\/\/quechilero.com\/blog\/2014\/06\/06\/viajando-por-xela\/","url_meta":{"origin":8639,"position":5},"title":"Viajando por Xela","author":"Pepe Barrascout Ortiz","date":"6 junio 2014","format":false,"excerpt":"https:\/\/youtu.be\/zCamn8KOwas Una visita a\u00e9rea a\u00a0\"Xela\", desde el aire, a trav\u00e9s de las im\u00e1genes capturadas por una c\u00e1mara GoPro junto a un Droid, como todos los videos de este tipo, es muy interesante ver, desde otro \u00e1ngulo poco com\u00fan, los distintos paisajes y lugares, como en este caso, la emblem\u00e1tica ciudad\u2026","rel":"","context":"En \u00abVideoBlog\u00bb","block_context":{"text":"VideoBlog","link":"https:\/\/quechilero.com\/blog\/category\/videoblog\/"},"img":{"alt_text":"","src":"https:\/\/i0.wp.com\/img.youtube.com\/vi\/zCamn8KOwas\/0.jpg?resize=350%2C200","width":350,"height":200},"classes":[]}],"jetpack_featured_media_url":"","_links":{"self":[{"href":"https:\/\/quechilero.com\/blog\/wp-json\/wp\/v2\/posts\/8639","targetHints":{"allow":["GET"]}}],"collection":[{"href":"https:\/\/quechilero.com\/blog\/wp-json\/wp\/v2\/posts"}],"about":[{"href":"https:\/\/quechilero.com\/blog\/wp-json\/wp\/v2\/types\/post"}],"author":[{"embeddable":true,"href":"https:\/\/quechilero.com\/blog\/wp-json\/wp\/v2\/users\/1"}],"replies":[{"embeddable":true,"href":"https:\/\/quechilero.com\/blog\/wp-json\/wp\/v2\/comments?post=8639"}],"version-history":[{"count":0,"href":"https:\/\/quechilero.com\/blog\/wp-json\/wp\/v2\/posts\/8639\/revisions"}],"wp:attachment":[{"href":"https:\/\/quechilero.com\/blog\/wp-json\/wp\/v2\/media?parent=8639"}],"wp:term":[{"taxonomy":"category","embeddable":true,"href":"https:\/\/quechilero.com\/blog\/wp-json\/wp\/v2\/categories?post=8639"},{"taxonomy":"post_tag","embeddable":true,"href":"https:\/\/quechilero.com\/blog\/wp-json\/wp\/v2\/tags?post=8639"},{"taxonomy":"series","embeddable":true,"href":"https:\/\/quechilero.com\/blog\/wp-json\/wp\/v2\/series?post=8639"}],"curies":[{"name":"wp","href":"https:\/\/api.w.org\/{rel}","templated":true}]}}