{"id":8635,"date":"2011-10-16T08:00:23","date_gmt":"2011-10-16T14:00:23","guid":{"rendered":"http:\/\/quechilero.com\/blog\/?p=8635"},"modified":"2011-10-16T08:00:23","modified_gmt":"2011-10-16T14:00:23","slug":"la-tierra-vista-desde-la-luna","status":"publish","type":"post","link":"https:\/\/quechilero.com\/blog\/2011\/10\/16\/la-tierra-vista-desde-la-luna\/","title":{"rendered":"La Tierra vista desde la Luna"},"content":{"rendered":"<p>Acostumbrados a ver la <em>luna desde la tierra<\/em>, dif\u00edcilmente nos ponemos a pensar, como se ver\u00eda la <em>tierra desde la luna<\/em>, este video muestra una vista poco com\u00fan, de nuestro planeta emergiendo en el horizonte lunar. Por dem\u00e1s interesante.<\/p>\n<p><span class=\"embed-youtube\" style=\"text-align:center; display: block;\"><iframe loading=\"lazy\" class=\"youtube-player\" width=\"1200\" height=\"675\" src=\"https:\/\/www.youtube.com\/embed\/ewN1QdnncPs?version=3&#038;rel=1&#038;showsearch=0&#038;showinfo=1&#038;iv_load_policy=1&#038;fs=1&#038;hl=es-ES&#038;autohide=2&#038;wmode=transparent\" allowfullscreen=\"true\" style=\"border:0;\" sandbox=\"allow-scripts allow-same-origin allow-popups allow-presentation allow-popups-to-escape-sandbox\"><\/iframe><\/span><\/p>\n","protected":false},"excerpt":{"rendered":"<p>Acostumbrados a ver la luna desde la tierra, dif\u00edcilmente nos ponemos a pensar, como se ver\u00eda la tierra desde la luna, este video muestra una vista poco com\u00fan, de nuestro planeta emergiendo en el horizonte lunar. Por dem\u00e1s interesante.<\/p>\n","protected":false},"author":1,"featured_media":0,"comment_status":"open","ping_status":"open","sticky":false,"template":"","format":"standard","meta":{"advanced_seo_description":"","jetpack_seo_html_title":"","jetpack_seo_noindex":false,"jetpack_seo_schema_type":"","episode_type":"","audio_file":"","podmotor_file_id":"","podmotor_episode_id":"","cover_image":"","cover_image_id":"","duration":"","filesize":"","filesize_raw":"","date_recorded":"","explicit":"","block":"","_jetpack_newsletter_access":"","_jetpack_dont_email_post_to_subs":false,"_jetpack_newsletter_tier_id":0,"_jetpack_memberships_contains_paywalled_content":false,"_jetpack_feature_clip_id":0,"_jetpack_memberships_contains_paid_content":false,"footnotes":"","jetpack_publicize_message":"","jetpack_publicize_feature_enabled":true,"jetpack_social_post_already_shared":false,"jetpack_social_options":{"image_generator_settings":{"template":"highway","default_image_id":0,"font":"","enabled":false},"version":2},"jetpack_post_was_ever_published":false},"categories":[2],"tags":[25,53],"series":[],"class_list":["post-8635","post","type-post","status-publish","format-standard","hentry","category-limones","tag-video","tag-youtube"],"episode_featured_image":false,"episode_player_image":"https:\/\/i0.wp.com\/quechilero.com\/blog\/imagenes\/podcast.png?fit=1831%2C1831&ssl=1","download_link":"","player_link":"","audio_player":false,"episode_data":{"playerMode":"dark","subscribeUrls":{"amazon":{"key":"amazon","url":"","label":"Amazon","class":"amazon","icon":"amazon.png"},"apple_podcasts":{"key":"apple_podcasts","url":"","label":"Apple Podcasts","class":"apple_podcasts","icon":"apple-podcasts.png"},"castbox":{"key":"castbox","url":"","label":"CastBox","class":"castbox","icon":"castbox.png"},"deezer":{"key":"deezer","url":"","label":"Deezer","class":"deezer","icon":"deezer.png"},"google_podcasts":{"key":"google_podcasts","url":"","label":"Google Podcasts","class":"google_podcasts","icon":"google-podcasts.png"},"listen_notes":{"key":"listen_notes","url":"","label":"Listen Notes","class":"listen_notes","icon":"listen-notes.png"},"pandora":{"key":"pandora","url":"","label":"Pandora","class":"pandora","icon":"pandora.png"},"podbean":{"key":"podbean","url":"","label":"Podbean","class":"podbean","icon":"podbean.png"},"podcast_republic":{"key":"podcast_republic","url":"","label":"Podcast Republic","class":"podcast_republic","icon":"podcast-republic.png"},"rss":{"key":"rss","url":"","label":"RSS","class":"rss","icon":"rss.png"},"spotify":{"key":"spotify","url":"","label":"Spotify","class":"spotify","icon":"spotify.png"},"stitcher":{"key":"stitcher","url":"","label":"Stitcher","class":"stitcher","icon":"stitcher.png"},"tunein":{"key":"tunein","url":"","label":"TuneIn","class":"tunein","icon":"tunein.png"},"youtube":{"key":"youtube","url":"","label":"YouTube","class":"youtube","icon":"youtube.png"},"iheartradio":{"key":"iheartradio","url":"","label":"iHeartRadio","class":"iheartradio","icon":"iheartradio.png"},"ivoox":{"key":"ivoox","url":"","label":"iVoox","class":"ivoox","icon":"ivoox.png"}},"rssFeedUrl":"https:\/\/quechilero.com\/blog\/feed\/podcast\/si-la-vida-nos-da-limones","embedCode":"<blockquote class=\"wp-embedded-content\" data-secret=\"iCvfNt6JQD\"><a href=\"https:\/\/quechilero.com\/blog\/2011\/10\/16\/la-tierra-vista-desde-la-luna\/\">La Tierra vista desde la Luna<\/a><\/blockquote><iframe sandbox=\"allow-scripts\" security=\"restricted\" src=\"https:\/\/quechilero.com\/blog\/2011\/10\/16\/la-tierra-vista-desde-la-luna\/embed\/#?secret=iCvfNt6JQD\" width=\"500\" height=\"350\" title=\"\u00abLa Tierra vista desde la Luna\u00bb \u2014 Si la Vida nos da Limones...\" data-secret=\"iCvfNt6JQD\" frameborder=\"0\" marginwidth=\"0\" marginheight=\"0\" scrolling=\"no\" class=\"wp-embedded-content\"><\/iframe><script>\n\/*! This file is auto-generated *\/\n!function(d,l){\"use strict\";l.querySelector&&d.addEventListener&&\"undefined\"!=typeof URL&&(d.wp=d.wp||{},d.wp.receiveEmbedMessage||(d.wp.receiveEmbedMessage=function(e){var t=e.data;if((t||t.secret||t.message||t.value)&&!\/[^a-zA-Z0-9]\/.test(t.secret)){for(var s,r,n,a=l.querySelectorAll('iframe[data-secret=\"'+t.secret+'\"]'),o=l.querySelectorAll('blockquote[data-secret=\"'+t.secret+'\"]'),c=new RegExp(\"^https?:$\",\"i\"),i=0;i<o.length;i++)o[i].style.display=\"none\";for(i=0;i<a.length;i++)s=a[i],e.source===s.contentWindow&&(s.removeAttribute(\"style\"),\"height\"===t.message?(1e3<(r=parseInt(t.value,10))?r=1e3:~~r<200&&(r=200),s.height=r):\"link\"===t.message&&(r=new URL(s.getAttribute(\"src\")),n=new URL(t.value),c.test(n.protocol))&&n.host===r.host&&l.activeElement===s&&(d.top.location.href=t.value))}},d.addEventListener(\"message\",d.wp.receiveEmbedMessage,!1),l.addEventListener(\"DOMContentLoaded\",function(){for(var e,t,s=l.querySelectorAll(\"iframe.wp-embedded-content\"),r=0;r<s.length;r++)(t=(e=s[r]).getAttribute(\"data-secret\"))||(t=Math.random().toString(36).substring(2,12),e.src+=\"#?secret=\"+t,e.setAttribute(\"data-secret\",t)),e.contentWindow.postMessage({message:\"ready\",secret:t},\"*\")},!1)))}(window,document);\n\/\/# sourceURL=https:\/\/quechilero.com\/blog\/wp-includes\/js\/wp-embed.min.js\n<\/script>\n"},"jetpack_publicize_connections":[],"jetpack_shortlink":"https:\/\/wp.me\/pDKli-2fh","jetpack_sharing_enabled":true,"jetpack-related-posts":[{"id":12970,"url":"https:\/\/quechilero.com\/blog\/2012\/03\/27\/caminata-terrenal\/","url_meta":{"origin":8635,"position":0},"title":"Caminata Terrenal","author":"Pepe Barrascout Ortiz","date":"27 marzo 2012","format":false,"excerpt":"Despu\u00e9s de la misi\u00f3n del Apolo XV, el coronel James Irwin relat\u00f3 algunos de los puntos sobresalientes de su experiencia. Cont\u00f3 de sus cuerpos sin peso flotando libres en la c\u00e1psula espacial, el semic\u00edrculo en aumento de la tierra como se ve desde la luna, y el descenso triunfal de\u2026","rel":"","context":"En \u00abLimones\u00bb","block_context":{"text":"Limones","link":"https:\/\/quechilero.com\/blog\/category\/limones\/"},"img":{"alt_text":"","src":"","width":0,"height":0},"classes":[]},{"id":13385,"url":"https:\/\/quechilero.com\/blog\/2012\/05\/06\/la-super-luna-desde-guatemala\/","url_meta":{"origin":8635,"position":1},"title":"La Super Luna &#8211; desde Guatemala","author":"Pepe Barrascout Ortiz","date":"6 mayo 2012","format":false,"excerpt":"https:\/\/youtu.be\/EaZLydd-HLc En todo el mundo, la noche del 5 de mayo, ocurri\u00f3 un fen\u00f3meno natural conocido como Super Luna. Se denomina as\u00ed, al fen\u00f3meno en el cual una luna llena se encuentra a no m\u00e1s de un 10% de su punto m\u00e1s cercano a la tierra en el recorrido de\u2026","rel":"","context":"En \u00abLimones\u00bb","block_context":{"text":"Limones","link":"https:\/\/quechilero.com\/blog\/category\/limones\/"},"img":{"alt_text":"","src":"https:\/\/i0.wp.com\/img.youtube.com\/vi\/EaZLydd-HLc\/0.jpg?resize=350%2C200","width":350,"height":200},"classes":[]},{"id":1055,"url":"https:\/\/quechilero.com\/blog\/2008\/08\/18\/comunion-en-la-luna\/","url_meta":{"origin":8635,"position":2},"title":"Comuni\u00f3n en la luna","author":"Pepe Barrascout Ortiz","date":"18 agosto 2008","format":false,"excerpt":"El Apolo 11 aluniz\u00f3 sobre la superficie de la luna el 20 de julio de 1969. La mayor\u00eda de nosotros estamos familiarizados con la hist\u00f3rica declaraci\u00f3n de Armstrong cuando pis\u00f3 la superficie lunar: \"Es un peque\u00f1o paso para un hombre; un gran salto para la humanidad\". Pero muy pocas personas\u2026","rel":"","context":"En \u00abLimones\u00bb","block_context":{"text":"Limones","link":"https:\/\/quechilero.com\/blog\/category\/limones\/"},"img":{"alt_text":"","src":"","width":0,"height":0},"classes":[]},{"id":638,"url":"https:\/\/quechilero.com\/blog\/2007\/08\/22\/maraton-de-blogs-mercado-de-criadas\/","url_meta":{"origin":8635,"position":3},"title":"Marat\u00f3n de Blogs &#8211; Mercado de Criadas","author":"Pepe Barrascout Ortiz","date":"22 agosto 2007","format":false,"excerpt":"Sigue el Marat\u00f3n de Blogs, con este texto publicado originalmente en el blog La Tierra de los \u00e1rboles, con temas de inter\u00e9s general y de profunda reflexi\u00f3n, he tomado como muestra este, en el que a manera de historia, no hace pensar y sobre todo reflexionar de un hecho que\u2026","rel":"","context":"En \u00abLimones\u00bb","block_context":{"text":"Limones","link":"https:\/\/quechilero.com\/blog\/category\/limones\/"},"img":{"alt_text":"","src":"","width":0,"height":0},"classes":[]},{"id":811,"url":"https:\/\/quechilero.com\/blog\/2007\/01\/22\/porcentajes-de-la-tierra\/","url_meta":{"origin":8635,"position":4},"title":"Porcentajes de la Tierra","author":"Pepe Barrascout Ortiz","date":"22 enero 2007","format":false,"excerpt":"Una buena reflexi\u00f3n sobre como est\u00e1 el mundo actualmente, los niveles de pobreza y riqueza, salud, acceso a la informaci\u00f3n, educaci\u00f3n, cultura, etc. Originalmente en ingl\u00e9s, ahora en espa\u00f1ol este popular video, es tiempo de pensar en las proporciones y tratar de mejorarlas, disminuirlas en algunos casos, incrementarlas en otros\u2026","rel":"","context":"En \u00abLimones\u00bb","block_context":{"text":"Limones","link":"https:\/\/quechilero.com\/blog\/category\/limones\/"},"img":{"alt_text":"","src":"https:\/\/i0.wp.com\/img.youtube.com\/vi\/qvo0iO6tzN8\/0.jpg?resize=350%2C200","width":350,"height":200},"classes":[]},{"id":13473,"url":"https:\/\/quechilero.com\/blog\/2012\/06\/07\/google-el-automovil-que-se-conduce-solo\/","url_meta":{"origin":8635,"position":5},"title":"Google: el autom\u00f3vil que se conduce solo","author":"Pepe Barrascout Ortiz","date":"7 junio 2012","format":false,"excerpt":"https:\/\/youtu.be\/cdgQpa1pUUE Google, como todos sabemos, es una empresa multifac\u00e9tica\u00a0con un origen muy peculiar y digno de una historia de cuento de hadas, lleno de ciencia ficci\u00f3n. Lo cierto es que siempre han estado o han tratado de estar siempre, a la vanguardia de los campos en en los que incursionan,\u2026","rel":"","context":"En \u00abLimones\u00bb","block_context":{"text":"Limones","link":"https:\/\/quechilero.com\/blog\/category\/limones\/"},"img":{"alt_text":"","src":"https:\/\/i0.wp.com\/img.youtube.com\/vi\/cdgQpa1pUUE\/0.jpg?resize=350%2C200","width":350,"height":200},"classes":[]}],"jetpack_featured_media_url":"","_links":{"self":[{"href":"https:\/\/quechilero.com\/blog\/wp-json\/wp\/v2\/posts\/8635","targetHints":{"allow":["GET"]}}],"collection":[{"href":"https:\/\/quechilero.com\/blog\/wp-json\/wp\/v2\/posts"}],"about":[{"href":"https:\/\/quechilero.com\/blog\/wp-json\/wp\/v2\/types\/post"}],"author":[{"embeddable":true,"href":"https:\/\/quechilero.com\/blog\/wp-json\/wp\/v2\/users\/1"}],"replies":[{"embeddable":true,"href":"https:\/\/quechilero.com\/blog\/wp-json\/wp\/v2\/comments?post=8635"}],"version-history":[{"count":0,"href":"https:\/\/quechilero.com\/blog\/wp-json\/wp\/v2\/posts\/8635\/revisions"}],"wp:attachment":[{"href":"https:\/\/quechilero.com\/blog\/wp-json\/wp\/v2\/media?parent=8635"}],"wp:term":[{"taxonomy":"category","embeddable":true,"href":"https:\/\/quechilero.com\/blog\/wp-json\/wp\/v2\/categories?post=8635"},{"taxonomy":"post_tag","embeddable":true,"href":"https:\/\/quechilero.com\/blog\/wp-json\/wp\/v2\/tags?post=8635"},{"taxonomy":"series","embeddable":true,"href":"https:\/\/quechilero.com\/blog\/wp-json\/wp\/v2\/series?post=8635"}],"curies":[{"name":"wp","href":"https:\/\/api.w.org\/{rel}","templated":true}]}}