{"id":859,"date":"2008-02-06T08:35:36","date_gmt":"2008-02-06T14:35:36","guid":{"rendered":"http:\/\/www.quechilero.com\/blog\/2008\/02\/06\/cuaresma-evangelio-del-dia-6-feb-08\/"},"modified":"2008-02-06T08:35:36","modified_gmt":"2008-02-06T14:35:36","slug":"cuaresma-evangelio-del-dia-6-feb-08","status":"publish","type":"post","link":"https:\/\/quechilero.com\/blog\/2008\/02\/06\/cuaresma-evangelio-del-dia-6-feb-08\/","title":{"rendered":"Cuaresma &#8211; Evangelio 6 feb 08"},"content":{"rendered":"<p><strong>Evangelio seg\u00fan San Mateo 6,1-6.16-18.<\/strong><\/p>\n<p>Tengan cuidado de no practicar su justicia delante de los hombres para ser vistos por ellos: de lo contrario, no recibir\u00e1n ninguna recompensa del Padre que est\u00e1 en el cielo.<\/p>\n<p>Por lo tanto, cuando des limosna, no lo vayas pregonando delante de ti, como hacen los hip\u00f3critas en las sinagogas y en las calles, para ser honrados por los hombres. Les aseguro que ellos ya tienen su recompensa.<\/p>\n<p>Cuando t\u00fa des limosna, que tu mano izquierda ignore lo que hace la derecha, para que tu limosna quede en secreto; y tu Padre, que ve en lo secreto, te recompensar\u00e1.<\/p>\n<p>Cuando ustedes oren, no hagan como los hip\u00f3critas: a ellos les gusta orar de pie en las sinagogas y en las esquinas de las calles, para ser vistos. Les aseguro que ellos ya tienen su recompensa.<\/p>\n<p>T\u00fa, en cambio, cuando ores, ret\u00edrate a tu habitaci\u00f3n, cierra la puerta y ora a tu Padre que est\u00e1 en lo secreto; y tu Padre, que ve en lo secreto, te recompensar\u00e1.<\/p>\n<p>Cuando ustedes ayunen, no pongan cara triste, como hacen los hip\u00f3critas, que desfiguran su rostro para que se note que ayunan. Les aseguro que con eso, ya han recibido su recompensa.<\/p>\n<p>T\u00fa, en cambio, cuando ayunes, perfuma tu cabeza y lava tu rostro, para que tu ayuno no sea conocido por los hombres, sino por tu Padre que est\u00e1 en lo secreto; y tu Padre, que ve en lo secreto, te recompensar\u00e1.<\/p>\n","protected":false},"excerpt":{"rendered":"<p>Evangelio seg\u00fan San Mateo 6,1-6.16-18. Tengan cuidado de no practicar su justicia delante de los hombres para ser vistos por ellos: de lo contrario, no recibir\u00e1n ninguna recompensa del Padre que est\u00e1 en el cielo. Por lo tanto, cuando des limosna, no lo vayas pregonando delante de ti, como hacen los hip\u00f3critas en las sinagogas &#8230; <a title=\"Cuaresma &#8211; Evangelio 6 feb 08\" class=\"read-more\" href=\"https:\/\/quechilero.com\/blog\/2008\/02\/06\/cuaresma-evangelio-del-dia-6-feb-08\/\" aria-label=\"Leer m\u00e1s sobre Cuaresma &#8211; Evangelio 6 feb 08\">Leer m\u00e1s<\/a><\/p>\n","protected":false},"author":1,"featured_media":0,"comment_status":"open","ping_status":"open","sticky":false,"template":"","format":"standard","meta":{"advanced_seo_description":"","jetpack_seo_html_title":"","jetpack_seo_noindex":false,"jetpack_seo_schema_type":"","episode_type":"","audio_file":"","podmotor_file_id":"","podmotor_episode_id":"","cover_image":"","cover_image_id":"","duration":"","filesize":"","filesize_raw":"","date_recorded":"","explicit":"","block":"","_jetpack_newsletter_access":"","_jetpack_dont_email_post_to_subs":false,"_jetpack_newsletter_tier_id":0,"_jetpack_memberships_contains_paywalled_content":false,"_jetpack_feature_clip_id":0,"_jetpack_memberships_contains_paid_content":false,"footnotes":"","jetpack_publicize_message":"","jetpack_publicize_feature_enabled":true,"jetpack_social_post_already_shared":false,"jetpack_social_options":{"image_generator_settings":{"template":"highway","default_image_id":0,"font":"","enabled":false},"version":2},"jetpack_post_was_ever_published":false},"categories":[2],"tags":[100,90,18],"series":[],"class_list":["post-859","post","type-post","status-publish","format-standard","hentry","category-limones","tag-cuaresma","tag-evangelio","tag-hombre"],"episode_featured_image":false,"episode_player_image":"https:\/\/i0.wp.com\/quechilero.com\/blog\/imagenes\/podcast.png?fit=1831%2C1831&ssl=1","download_link":"","player_link":"","audio_player":false,"episode_data":{"playerMode":"dark","subscribeUrls":{"amazon":{"key":"amazon","url":"","label":"Amazon","class":"amazon","icon":"amazon.png"},"apple_podcasts":{"key":"apple_podcasts","url":"","label":"Apple Podcasts","class":"apple_podcasts","icon":"apple-podcasts.png"},"castbox":{"key":"castbox","url":"","label":"CastBox","class":"castbox","icon":"castbox.png"},"deezer":{"key":"deezer","url":"","label":"Deezer","class":"deezer","icon":"deezer.png"},"google_podcasts":{"key":"google_podcasts","url":"","label":"Google Podcasts","class":"google_podcasts","icon":"google-podcasts.png"},"listen_notes":{"key":"listen_notes","url":"","label":"Listen Notes","class":"listen_notes","icon":"listen-notes.png"},"pandora":{"key":"pandora","url":"","label":"Pandora","class":"pandora","icon":"pandora.png"},"podbean":{"key":"podbean","url":"","label":"Podbean","class":"podbean","icon":"podbean.png"},"podcast_republic":{"key":"podcast_republic","url":"","label":"Podcast Republic","class":"podcast_republic","icon":"podcast-republic.png"},"rss":{"key":"rss","url":"","label":"RSS","class":"rss","icon":"rss.png"},"spotify":{"key":"spotify","url":"","label":"Spotify","class":"spotify","icon":"spotify.png"},"stitcher":{"key":"stitcher","url":"","label":"Stitcher","class":"stitcher","icon":"stitcher.png"},"tunein":{"key":"tunein","url":"","label":"TuneIn","class":"tunein","icon":"tunein.png"},"youtube":{"key":"youtube","url":"","label":"YouTube","class":"youtube","icon":"youtube.png"},"iheartradio":{"key":"iheartradio","url":"","label":"iHeartRadio","class":"iheartradio","icon":"iheartradio.png"},"ivoox":{"key":"ivoox","url":"","label":"iVoox","class":"ivoox","icon":"ivoox.png"}},"rssFeedUrl":"https:\/\/quechilero.com\/blog\/feed\/podcast\/si-la-vida-nos-da-limones","embedCode":"<blockquote class=\"wp-embedded-content\" data-secret=\"iQZUQ7o1h1\"><a href=\"https:\/\/quechilero.com\/blog\/2008\/02\/06\/cuaresma-evangelio-del-dia-6-feb-08\/\">Cuaresma &#8211; Evangelio 6 feb 08<\/a><\/blockquote><iframe sandbox=\"allow-scripts\" security=\"restricted\" src=\"https:\/\/quechilero.com\/blog\/2008\/02\/06\/cuaresma-evangelio-del-dia-6-feb-08\/embed\/#?secret=iQZUQ7o1h1\" width=\"500\" height=\"350\" title=\"\u00abCuaresma &#8211; Evangelio 6 feb 08\u00bb \u2014 Si la Vida nos da Limones...\" data-secret=\"iQZUQ7o1h1\" frameborder=\"0\" marginwidth=\"0\" marginheight=\"0\" scrolling=\"no\" class=\"wp-embedded-content\"><\/iframe><script>\n\/*! This file is auto-generated *\/\n!function(d,l){\"use strict\";l.querySelector&&d.addEventListener&&\"undefined\"!=typeof URL&&(d.wp=d.wp||{},d.wp.receiveEmbedMessage||(d.wp.receiveEmbedMessage=function(e){var t=e.data;if((t||t.secret||t.message||t.value)&&!\/[^a-zA-Z0-9]\/.test(t.secret)){for(var s,r,n,a=l.querySelectorAll('iframe[data-secret=\"'+t.secret+'\"]'),o=l.querySelectorAll('blockquote[data-secret=\"'+t.secret+'\"]'),c=new RegExp(\"^https?:$\",\"i\"),i=0;i<o.length;i++)o[i].style.display=\"none\";for(i=0;i<a.length;i++)s=a[i],e.source===s.contentWindow&&(s.removeAttribute(\"style\"),\"height\"===t.message?(1e3<(r=parseInt(t.value,10))?r=1e3:~~r<200&&(r=200),s.height=r):\"link\"===t.message&&(r=new URL(s.getAttribute(\"src\")),n=new URL(t.value),c.test(n.protocol))&&n.host===r.host&&l.activeElement===s&&(d.top.location.href=t.value))}},d.addEventListener(\"message\",d.wp.receiveEmbedMessage,!1),l.addEventListener(\"DOMContentLoaded\",function(){for(var e,t,s=l.querySelectorAll(\"iframe.wp-embedded-content\"),r=0;r<s.length;r++)(t=(e=s[r]).getAttribute(\"data-secret\"))||(t=Math.random().toString(36).substring(2,12),e.src+=\"#?secret=\"+t,e.setAttribute(\"data-secret\",t)),e.contentWindow.postMessage({message:\"ready\",secret:t},\"*\")},!1)))}(window,document);\n\/\/# sourceURL=https:\/\/quechilero.com\/blog\/wp-includes\/js\/wp-embed.min.js\n<\/script>\n"},"jetpack_publicize_connections":[],"jetpack_shortlink":"https:\/\/wp.me\/pDKli-dR","jetpack_sharing_enabled":true,"jetpack-related-posts":[{"id":886,"url":"https:\/\/quechilero.com\/blog\/2008\/03\/02\/cuaresma-evangelio-02-mar-08\/","url_meta":{"origin":859,"position":0},"title":"Cuaresma &#8211; Evangelio 02 mar 08","author":"Pepe Barrascout Ortiz","date":"2 marzo 2008","format":false,"excerpt":"Evangelio seg\u00fan San Juan 9,1-41. Al pasar, vio a un hombre ciego de nacimiento. Sus disc\u00edpulos le preguntaron: \"Maestro, \u00bfqui\u00e9n ha pecado, \u00c9l o sus padres, para que haya nacido ciego?\". \"Ni \u00c9l ni sus padres han pecado, respondi\u00f3 Jes\u00fas; naci\u00f3 as\u00ed para que se manifiesten en \u00c9l las obras\u2026","rel":"","context":"En \u00abLimones\u00bb","block_context":{"text":"Limones","link":"https:\/\/quechilero.com\/blog\/category\/limones\/"},"img":{"alt_text":"","src":"","width":0,"height":0},"classes":[]},{"id":874,"url":"https:\/\/quechilero.com\/blog\/2008\/02\/19\/cuaresma-evangelio-19-feb-08\/","url_meta":{"origin":859,"position":1},"title":"Cuaresma &#8211; Evangelio 19 feb 08","author":"Pepe Barrascout Ortiz","date":"19 febrero 2008","format":false,"excerpt":"Evangelio seg\u00fan San Mateo 23,1-12. Entonces Jes\u00fas dijo a la multitud y a sus disc\u00edpulos: \"Los escribas y fariseos ocupan la c\u00e1tedra de Mois\u00e9s; ustedes hagan y cumplan todo lo que ellos les digan, pero no se gu\u00eden por sus obras, porque no hacen lo que dicen. Atan pesadas cargas\u2026","rel":"","context":"En \u00abLimones\u00bb","block_context":{"text":"Limones","link":"https:\/\/quechilero.com\/blog\/category\/limones\/"},"img":{"alt_text":"","src":"","width":0,"height":0},"classes":[]},{"id":869,"url":"https:\/\/quechilero.com\/blog\/2008\/02\/16\/cuaresma-evangelio-16-feb-08\/","url_meta":{"origin":859,"position":2},"title":"Cuaresma &#8211; Evangelio 16 feb 08","author":"Pepe Barrascout Ortiz","date":"16 febrero 2008","format":false,"excerpt":"Evangelio seg\u00fan San Mateo 5,43-48. Ustedes han o\u00eddo que se dijo: Amar\u00e1s a tu pr\u00f3jimo y odiar\u00e1s a tu enemigo. Pero yo les digo: Amen a sus enemigos, rueguen por sus perseguidores; as\u00ed ser\u00e1n hijos del Padre que est\u00e1 en el cielo, porque \u00c9l hace salir el sol sobre malos\u2026","rel":"","context":"En \u00abLimones\u00bb","block_context":{"text":"Limones","link":"https:\/\/quechilero.com\/blog\/category\/limones\/"},"img":{"alt_text":"","src":"","width":0,"height":0},"classes":[]},{"id":880,"url":"https:\/\/quechilero.com\/blog\/2008\/02\/25\/cuaresma-evangelio-25-feb-08\/","url_meta":{"origin":859,"position":3},"title":"Cuaresma &#8211; Evangelio 25 feb 08","author":"Pepe Barrascout Ortiz","date":"25 febrero 2008","format":false,"excerpt":"Evangelio seg\u00fan San Lucas 4,24-30. Despu\u00e9s agreg\u00f3: \"Les aseguro que ning\u00fan profeta es bien recibido en su tierra. Yo les aseguro que hab\u00eda muchas viudas en Israel en el tiempo de El\u00edas, cuando durante tres a\u00f1os y seis meses no hubo lluvia del cielo y el hambre azot\u00f3 a todo\u2026","rel":"","context":"En \u00abLimones\u00bb","block_context":{"text":"Limones","link":"https:\/\/quechilero.com\/blog\/category\/limones\/"},"img":{"alt_text":"","src":"","width":0,"height":0},"classes":[]},{"id":896,"url":"https:\/\/quechilero.com\/blog\/2008\/03\/12\/cuaresma-evangelio-12-mar-08\/","url_meta":{"origin":859,"position":4},"title":"Cuaresma &#8211; Evangelio 12 mar 08","author":"Pepe Barrascout Ortiz","date":"12 marzo 2008","format":false,"excerpt":"Evangelio seg\u00fan San Juan 8,31-42. Jes\u00fas dijo a aquellos jud\u00edos que hab\u00edan cre\u00eddo en \u00c9l: \"Si ustedes permanecen fieles a mi palabra, ser\u00e1n verdaderamente mis disc\u00edpulos: conocer\u00e1n la verdad y la verdad los har\u00e1 libres\". Ellos le respondieron: \"Somos descendientes de Abraham y jam\u00e1s hemos sido esclavos de nadie. \u00bfC\u00f3mo\u2026","rel":"","context":"En \u00abLimones\u00bb","block_context":{"text":"Limones","link":"https:\/\/quechilero.com\/blog\/category\/limones\/"},"img":{"alt_text":"","src":"","width":0,"height":0},"classes":[]},{"id":864,"url":"https:\/\/quechilero.com\/blog\/2008\/02\/11\/cuaresma-evangelio-del-dia-11-feb-08\/","url_meta":{"origin":859,"position":5},"title":"Cuaresma &#8211; Evangelio 11 feb 08","author":"Pepe Barrascout Ortiz","date":"11 febrero 2008","format":false,"excerpt":"Evangelio seg\u00fan San Mateo 25,31-46. Cuando el Hijo del hombre venga en su gloria rodeado de todos los \u00e1ngeles, se sentar\u00e1 en su trono glorioso. Todas las naciones ser\u00e1n reunidas en su presencia, y \u00c9l separar\u00e1 a unos de otros, como el pastor separa las ovejas de los cabritos, y\u2026","rel":"","context":"En \u00abLimones\u00bb","block_context":{"text":"Limones","link":"https:\/\/quechilero.com\/blog\/category\/limones\/"},"img":{"alt_text":"","src":"","width":0,"height":0},"classes":[]}],"jetpack_featured_media_url":"","_links":{"self":[{"href":"https:\/\/quechilero.com\/blog\/wp-json\/wp\/v2\/posts\/859","targetHints":{"allow":["GET"]}}],"collection":[{"href":"https:\/\/quechilero.com\/blog\/wp-json\/wp\/v2\/posts"}],"about":[{"href":"https:\/\/quechilero.com\/blog\/wp-json\/wp\/v2\/types\/post"}],"author":[{"embeddable":true,"href":"https:\/\/quechilero.com\/blog\/wp-json\/wp\/v2\/users\/1"}],"replies":[{"embeddable":true,"href":"https:\/\/quechilero.com\/blog\/wp-json\/wp\/v2\/comments?post=859"}],"version-history":[{"count":0,"href":"https:\/\/quechilero.com\/blog\/wp-json\/wp\/v2\/posts\/859\/revisions"}],"wp:attachment":[{"href":"https:\/\/quechilero.com\/blog\/wp-json\/wp\/v2\/media?parent=859"}],"wp:term":[{"taxonomy":"category","embeddable":true,"href":"https:\/\/quechilero.com\/blog\/wp-json\/wp\/v2\/categories?post=859"},{"taxonomy":"post_tag","embeddable":true,"href":"https:\/\/quechilero.com\/blog\/wp-json\/wp\/v2\/tags?post=859"},{"taxonomy":"series","embeddable":true,"href":"https:\/\/quechilero.com\/blog\/wp-json\/wp\/v2\/series?post=859"}],"curies":[{"name":"wp","href":"https:\/\/api.w.org\/{rel}","templated":true}]}}