{"id":8553,"date":"2011-09-26T08:00:09","date_gmt":"2011-09-26T14:00:09","guid":{"rendered":"http:\/\/quechilero.com\/blog\/?p=8553"},"modified":"2011-09-26T08:00:09","modified_gmt":"2011-09-26T14:00:09","slug":"ingenieros-y-politicos","status":"publish","type":"post","link":"https:\/\/quechilero.com\/blog\/2011\/09\/26\/ingenieros-y-politicos\/","title":{"rendered":"Ingenieros y Pol\u00edticos"},"content":{"rendered":"<p>Un se\u00f1or va en su autom\u00f3vil y se percata de que est\u00e1 perdido, maniobra y pregunta a alguien en la calle:<\/p>\n<p>&#8211; <em>\u00a1Disculpe!, \u00bfpodr\u00eda usted ayudarme? He quedado a las 14:00 con un amigo, \u00a1llevo media hora de retraso y no s\u00e9 d\u00f3nde me encuentro!<\/em><\/p>\n<p><em> &#8211; Claro que s\u00ed<\/em> -le contesta- <em>se encuentra usted en un autom\u00f3vil, a unos 7 Km. del aeropuerto de la ciudad, en <a title=\"Palacio Nacional de la Cultura - Guatemala\" href=\"http:\/\/goo.gl\/maps\/43SO\" target=\"_blank\">14.64 grados de latitud norte, y \u00a0-90.51 grados de\u00a0longitud oeste<\/a>.<\/em><\/p>\n<p><em>&#8211; Es usted ingeniero, \u00bfverdad?<\/em> &#8211; dice el del carro.<\/p>\n<p><em>&#8211; S\u00ed se\u00f1or, lo soy. \u00bfC\u00f3mo lo ha adivinado?<\/em><\/p>\n<p>&#8211; <em>Muy sencillo, porque todo lo que me ha dicho es \u201ct\u00e9cnicamente correcto\u201d, pero \u201cpr\u00e1cticamente in\u00fatil\u201d: contin\u00fao perdido, llegar\u00e9 tarde y no s\u00e9 qu\u00e9 hacer con su informaci\u00f3n.<\/em><\/p>\n<p><em>&#8211; Usted es pol\u00edtico, \u00bfverdad?<\/em> &#8211; pregunta el de la calle.<\/p>\n<p><em>&#8211; En efecto<\/em> -responde orgulloso el del carro- <em>\u00bfc\u00f3mo lo ha sabido?<\/em><\/p>\n<p><em>&#8211; Porque no sabe d\u00f3nde est\u00e1 ni hacia d\u00f3nde se dirige, ha hecho una promesa que no puede cumplir y espera que otro le resuelva el problema. De hecho, est\u00e1 usted exactamente en la misma situaci\u00f3n que estaba antes de preguntarme, pero ahora, por alguna extra\u00f1a raz\u00f3n parece que la culpa es m\u00eda.<\/em><\/p>\n<p>Cualquier similitud con la realidad, es pura coincidencia \ud83d\ude09<\/p>\n","protected":false},"excerpt":{"rendered":"<p>Un se\u00f1or va en su autom\u00f3vil y se percata de que est\u00e1 perdido, maniobra y pregunta a alguien en la calle: &#8211; \u00a1Disculpe!, \u00bfpodr\u00eda usted ayudarme? He quedado a las 14:00 con un amigo, \u00a1llevo media hora de retraso y no s\u00e9 d\u00f3nde me encuentro! &#8211; Claro que s\u00ed -le contesta- se encuentra usted en &#8230; <a title=\"Ingenieros y Pol\u00edticos\" class=\"read-more\" href=\"https:\/\/quechilero.com\/blog\/2011\/09\/26\/ingenieros-y-politicos\/\" aria-label=\"Leer m\u00e1s sobre Ingenieros y Pol\u00edticos\">Leer m\u00e1s<\/a><\/p>\n","protected":false},"author":1,"featured_media":0,"comment_status":"open","ping_status":"open","sticky":false,"template":"","format":"standard","meta":{"advanced_seo_description":"","jetpack_seo_html_title":"","jetpack_seo_noindex":false,"jetpack_seo_schema_type":"","episode_type":"","audio_file":"","podmotor_file_id":"","podmotor_episode_id":"","cover_image":"","cover_image_id":"","duration":"","filesize":"","filesize_raw":"","date_recorded":"","explicit":"","block":"","_jetpack_newsletter_access":"","_jetpack_dont_email_post_to_subs":false,"_jetpack_newsletter_tier_id":0,"_jetpack_memberships_contains_paywalled_content":false,"_jetpack_feature_clip_id":0,"_jetpack_memberships_contains_paid_content":false,"footnotes":"","jetpack_publicize_message":"","jetpack_publicize_feature_enabled":true,"jetpack_social_post_already_shared":false,"jetpack_social_options":{"image_generator_settings":{"template":"highway","default_image_id":0,"font":"","enabled":false},"version":2},"jetpack_post_was_ever_published":false},"categories":[2],"tags":[11,37,21,41],"series":[],"class_list":["post-8553","post","type-post","status-publish","format-standard","hentry","category-limones","tag-amigo","tag-ayuda","tag-problema","tag-verdad"],"episode_featured_image":false,"episode_player_image":"https:\/\/i0.wp.com\/quechilero.com\/blog\/imagenes\/podcast.png?fit=1831%2C1831&ssl=1","download_link":"","player_link":"","audio_player":false,"episode_data":{"playerMode":"dark","subscribeUrls":{"amazon":{"key":"amazon","url":"","label":"Amazon","class":"amazon","icon":"amazon.png"},"apple_podcasts":{"key":"apple_podcasts","url":"","label":"Apple Podcasts","class":"apple_podcasts","icon":"apple-podcasts.png"},"castbox":{"key":"castbox","url":"","label":"CastBox","class":"castbox","icon":"castbox.png"},"deezer":{"key":"deezer","url":"","label":"Deezer","class":"deezer","icon":"deezer.png"},"google_podcasts":{"key":"google_podcasts","url":"","label":"Google Podcasts","class":"google_podcasts","icon":"google-podcasts.png"},"listen_notes":{"key":"listen_notes","url":"","label":"Listen Notes","class":"listen_notes","icon":"listen-notes.png"},"pandora":{"key":"pandora","url":"","label":"Pandora","class":"pandora","icon":"pandora.png"},"podbean":{"key":"podbean","url":"","label":"Podbean","class":"podbean","icon":"podbean.png"},"podcast_republic":{"key":"podcast_republic","url":"","label":"Podcast Republic","class":"podcast_republic","icon":"podcast-republic.png"},"rss":{"key":"rss","url":"","label":"RSS","class":"rss","icon":"rss.png"},"spotify":{"key":"spotify","url":"","label":"Spotify","class":"spotify","icon":"spotify.png"},"stitcher":{"key":"stitcher","url":"","label":"Stitcher","class":"stitcher","icon":"stitcher.png"},"tunein":{"key":"tunein","url":"","label":"TuneIn","class":"tunein","icon":"tunein.png"},"youtube":{"key":"youtube","url":"","label":"YouTube","class":"youtube","icon":"youtube.png"},"iheartradio":{"key":"iheartradio","url":"","label":"iHeartRadio","class":"iheartradio","icon":"iheartradio.png"},"ivoox":{"key":"ivoox","url":"","label":"iVoox","class":"ivoox","icon":"ivoox.png"}},"rssFeedUrl":"https:\/\/quechilero.com\/blog\/feed\/podcast\/si-la-vida-nos-da-limones","embedCode":"<blockquote class=\"wp-embedded-content\" data-secret=\"JBhbdtPG27\"><a href=\"https:\/\/quechilero.com\/blog\/2011\/09\/26\/ingenieros-y-politicos\/\">Ingenieros y Pol\u00edticos<\/a><\/blockquote><iframe sandbox=\"allow-scripts\" security=\"restricted\" src=\"https:\/\/quechilero.com\/blog\/2011\/09\/26\/ingenieros-y-politicos\/embed\/#?secret=JBhbdtPG27\" width=\"500\" height=\"350\" title=\"\u00abIngenieros y Pol\u00edticos\u00bb \u2014 Si la Vida nos da Limones...\" data-secret=\"JBhbdtPG27\" frameborder=\"0\" marginwidth=\"0\" marginheight=\"0\" scrolling=\"no\" class=\"wp-embedded-content\"><\/iframe><script>\n\/*! This file is auto-generated *\/\n!function(d,l){\"use strict\";l.querySelector&&d.addEventListener&&\"undefined\"!=typeof URL&&(d.wp=d.wp||{},d.wp.receiveEmbedMessage||(d.wp.receiveEmbedMessage=function(e){var t=e.data;if((t||t.secret||t.message||t.value)&&!\/[^a-zA-Z0-9]\/.test(t.secret)){for(var s,r,n,a=l.querySelectorAll('iframe[data-secret=\"'+t.secret+'\"]'),o=l.querySelectorAll('blockquote[data-secret=\"'+t.secret+'\"]'),c=new RegExp(\"^https?:$\",\"i\"),i=0;i<o.length;i++)o[i].style.display=\"none\";for(i=0;i<a.length;i++)s=a[i],e.source===s.contentWindow&&(s.removeAttribute(\"style\"),\"height\"===t.message?(1e3<(r=parseInt(t.value,10))?r=1e3:~~r<200&&(r=200),s.height=r):\"link\"===t.message&&(r=new URL(s.getAttribute(\"src\")),n=new URL(t.value),c.test(n.protocol))&&n.host===r.host&&l.activeElement===s&&(d.top.location.href=t.value))}},d.addEventListener(\"message\",d.wp.receiveEmbedMessage,!1),l.addEventListener(\"DOMContentLoaded\",function(){for(var e,t,s=l.querySelectorAll(\"iframe.wp-embedded-content\"),r=0;r<s.length;r++)(t=(e=s[r]).getAttribute(\"data-secret\"))||(t=Math.random().toString(36).substring(2,12),e.src+=\"#?secret=\"+t,e.setAttribute(\"data-secret\",t)),e.contentWindow.postMessage({message:\"ready\",secret:t},\"*\")},!1)))}(window,document);\n\/\/# sourceURL=https:\/\/quechilero.com\/blog\/wp-includes\/js\/wp-embed.min.js\n<\/script>\n"},"jetpack_publicize_connections":[],"jetpack_shortlink":"https:\/\/wp.me\/pDKli-2dX","jetpack_sharing_enabled":true,"jetpack-related-posts":[{"id":870,"url":"https:\/\/quechilero.com\/blog\/2008\/02\/16\/servir-es-un-placer\/","url_meta":{"origin":8553,"position":0},"title":"Servir es un placer","author":"Pepe Barrascout Ortiz","date":"16 febrero 2008","format":false,"excerpt":"En el Blog ProPositivo encontr\u00e9 esta magn\u00edfica lectura que ahora deseo compartir con ustedes. En 1,888 Mahatma Gandhi fue a Inglaterra, donde estudi\u00e9 Derecho. Una vez iba caminando por una calle de Londres y fue sorprendido por un chaparr\u00f3n de agua, dicen que en ese lugar llueve todos los d\u00edas;\u2026","rel":"","context":"En \u00abLimones\u00bb","block_context":{"text":"Limones","link":"https:\/\/quechilero.com\/blog\/category\/limones\/"},"img":{"alt_text":"","src":"","width":0,"height":0},"classes":[]},{"id":232,"url":"https:\/\/quechilero.com\/blog\/2006\/09\/27\/la-prision-de-la-necesidad\/","url_meta":{"origin":8553,"position":1},"title":"La Prisi\u00f3n de la Necesidad","author":"Pepe Barrascout Ortiz","date":"27 septiembre 2006","format":false,"excerpt":"La prisi\u00f3n de la necesidad. \u00bfHa visto sus prisioneros? Tienen \"necesidad\". Siempre necesitan algo... Quieren algo m\u00e1s grande... M\u00e1s hermoso... M\u00e1s r\u00e1pido... M\u00e1s delgado. Necesitan. No es mucho lo que necesitan. S\u00f3lo quieren una cosa: Un nuevo trabajo.... Un nuevo autom\u00f3vil... Una nueva casa... Una nueva esposa... No quieren mucho..\u2026","rel":"","context":"En \u00abLimones\u00bb","block_context":{"text":"Limones","link":"https:\/\/quechilero.com\/blog\/category\/limones\/"},"img":{"alt_text":"","src":"","width":0,"height":0},"classes":[]},{"id":17593,"url":"https:\/\/quechilero.com\/blog\/2013\/12\/21\/el-mejor-regalo\/","url_meta":{"origin":8553,"position":2},"title":"El mejor regalo","author":"Pepe Barrascout Ortiz","date":"21 diciembre 2013","format":false,"excerpt":"A un amigo m\u00edo llamado David, su hermano le dio un autom\u00f3vil como regalo de Navidad. En nochebuena, cuando David sali\u00f3 de su oficina, un ni\u00f1o de la calle estaba caminando alrededor del brillante coche nuevo, admir\u00e1ndolo. - \u00bfEste es su coche se\u00f1or? -pregunt\u00f3. David afirm\u00f3 con la cabeza. -\u2026","rel":"","context":"En \u00abLimones\u00bb","block_context":{"text":"Limones","link":"https:\/\/quechilero.com\/blog\/category\/limones\/"},"img":{"alt_text":"","src":"","width":0,"height":0},"classes":[]},{"id":17852,"url":"https:\/\/quechilero.com\/blog\/2014\/05\/26\/el-resto-lo-hago-yo\/","url_meta":{"origin":8553,"position":3},"title":"El resto lo hago yo","author":"Pepe Barrascout Ortiz","date":"26 mayo 2014","format":false,"excerpt":"La historia del actor Charlton Heston ilustra nuestra necesidad de hacer todo lo que podamos y confiarle a Dios lo que no podemos. Durante la filmaci\u00f3n de la gran pel\u00edcula \u00e9pica Ben Hur, Heston trabaj\u00f3 largas horas con los entrenadores para aprender a manejar un carro para la escena crucial\u2026","rel":"","context":"En \u00abLimones\u00bb","block_context":{"text":"Limones","link":"https:\/\/quechilero.com\/blog\/category\/limones\/"},"img":{"alt_text":"","src":"","width":0,"height":0},"classes":[]},{"id":6452,"url":"https:\/\/quechilero.com\/blog\/2011\/02\/04\/el-hijo-malagradecido\/","url_meta":{"origin":8553,"position":4},"title":"El hijo malagradecido","author":"Pepe Barrascout Ortiz","date":"4 febrero 2011","format":false,"excerpt":"Se cuenta que una se\u00f1ora de edad, viviendo en gran pobreza, se quejaba de su hijo que viv\u00eda en Estados Unidos y que era rico. Dec\u00eda que \u00e9l era cruel y malagradecido. \"\u00bf\u00c9l nunca le manda dinero?\" -le preguntaron a ella. \"Ni un centavo...\" -contest\u00f3. \"Manda frecuentemente algunos retratos, pero\u2026","rel":"","context":"En \u00abLimones\u00bb","block_context":{"text":"Limones","link":"https:\/\/quechilero.com\/blog\/category\/limones\/"},"img":{"alt_text":"","src":"","width":0,"height":0},"classes":[]},{"id":5604,"url":"https:\/\/quechilero.com\/blog\/2010\/09\/13\/el-barquero-inculto\/","url_meta":{"origin":8553,"position":5},"title":"El barquero inculto","author":"Pepe Barrascout Ortiz","date":"13 septiembre 2010","format":false,"excerpt":"Se trataba de un joven erudito, arrogante y engre\u00eddo. Para cruzar un caudaloso r\u00edo de una a otra orilla tom\u00f3 una barca. Silente y sumiso, el barquero comenz\u00f3 a remar con diligencia. De repente, una bandada de aves surc\u00f3 el cielo y el joven pregunt\u00f3 al barquero: - Buen hombre,\u2026","rel":"","context":"En \u00abLimones\u00bb","block_context":{"text":"Limones","link":"https:\/\/quechilero.com\/blog\/category\/limones\/"},"img":{"alt_text":"","src":"","width":0,"height":0},"classes":[]}],"jetpack_featured_media_url":"","_links":{"self":[{"href":"https:\/\/quechilero.com\/blog\/wp-json\/wp\/v2\/posts\/8553","targetHints":{"allow":["GET"]}}],"collection":[{"href":"https:\/\/quechilero.com\/blog\/wp-json\/wp\/v2\/posts"}],"about":[{"href":"https:\/\/quechilero.com\/blog\/wp-json\/wp\/v2\/types\/post"}],"author":[{"embeddable":true,"href":"https:\/\/quechilero.com\/blog\/wp-json\/wp\/v2\/users\/1"}],"replies":[{"embeddable":true,"href":"https:\/\/quechilero.com\/blog\/wp-json\/wp\/v2\/comments?post=8553"}],"version-history":[{"count":0,"href":"https:\/\/quechilero.com\/blog\/wp-json\/wp\/v2\/posts\/8553\/revisions"}],"wp:attachment":[{"href":"https:\/\/quechilero.com\/blog\/wp-json\/wp\/v2\/media?parent=8553"}],"wp:term":[{"taxonomy":"category","embeddable":true,"href":"https:\/\/quechilero.com\/blog\/wp-json\/wp\/v2\/categories?post=8553"},{"taxonomy":"post_tag","embeddable":true,"href":"https:\/\/quechilero.com\/blog\/wp-json\/wp\/v2\/tags?post=8553"},{"taxonomy":"series","embeddable":true,"href":"https:\/\/quechilero.com\/blog\/wp-json\/wp\/v2\/series?post=8553"}],"curies":[{"name":"wp","href":"https:\/\/api.w.org\/{rel}","templated":true}]}}