{"id":85,"date":"2006-07-31T03:01:17","date_gmt":"2006-07-31T09:01:17","guid":{"rendered":"http:\/\/quechilero.com\/blog\/2006\/07\/31\/usemos-la-pasarela\/"},"modified":"2006-07-31T03:01:17","modified_gmt":"2006-07-31T09:01:17","slug":"usemos-la-pasarela","status":"publish","type":"post","link":"https:\/\/quechilero.com\/blog\/2006\/07\/31\/usemos-la-pasarela\/","title":{"rendered":"Usemos la pasarela"},"content":{"rendered":"<p><em>Video de accidente enfrente de Metro Norte.<\/em><\/p>\n<p>La verdad no entiendo porqu\u00e9, despu\u00e9s de todo el tiempo de espera (que a veces puede ser meses), despu\u00e9s de toda la inversi\u00f3n (que generalmente son miles de quetzales) y sobre todo despu\u00e9s de que es por nuestro propio bien, todav\u00eda hay gente que no usa las pasarelas, parece que les gusta ser llevados por mal.<\/p>\n<p>A inmediaciones del centro comercial Metro Norte, en la salida al atl\u00e1ntico, hay dos pasarelas que concetan el comercial con las colonias del otro lado de la carretera, cada pasarela est\u00e1 a menos de 50 metros una de la otra y est\u00e1n muy bien ubicadas sobre el paso a desnivel que ah\u00ed existe. Incluso de parte del comercial se ha proporcionado polic\u00edas que se encargan de la seguridad y evitar asaltos. \u00bfCu\u00e1l es la excusa para no usarlas?.<\/p>\n<p>Sin embargo hay gente a la que no les importa ni su propia vida y se arriesgan a lanzarse en una aventura tonta para tratar de cruzar al otro lado, sobre todo en este tramo en el que son cientos de miles los veh\u00edculos (desde livianos, buses y transporte pesado) que se desplazan por el sector.<\/p>\n<p>Este video muestra el momento exacto en el que un veh\u00edculo hace un giro muy abierto y pasa atropellando a dos personas imprudentes que arriesgando su propia vida cruzan exactamente debajo de la pasarela, realmente no se que les pasa, observen tambi\u00e9n a la otra persona del lado izquierdo que camina sobre la carretera <em>sintiendose inmortal<\/em>.<\/p>\n<p>El problema entre otras cosas es que a pesar de la irresponsabilidad de los peatones, al que se lo llevan a la carcel es al conductor. Que tristeza nuestras leyes y m\u00e1s triste esa gente imprudente y est\u00fapida.<\/p>\n<p><object type=\"application\/x-shockwave-flash\" style=\"width: 425px; height: 350px\" data=\"http:\/\/www.youtube.com\/v\/TwlPUdJljW4\"><\/object><\/p>\n","protected":false},"excerpt":{"rendered":"<p>Video de accidente enfrente de Metro Norte. La verdad no entiendo porqu\u00e9, despu\u00e9s de todo el tiempo de espera (que a veces puede ser meses), despu\u00e9s de toda la inversi\u00f3n (que generalmente son miles de quetzales) y sobre todo despu\u00e9s de que es por nuestro propio bien, todav\u00eda hay gente que no usa las pasarelas, &#8230; <a title=\"Usemos la pasarela\" class=\"read-more\" href=\"https:\/\/quechilero.com\/blog\/2006\/07\/31\/usemos-la-pasarela\/\" aria-label=\"Leer m\u00e1s sobre Usemos la pasarela\">Leer m\u00e1s<\/a><\/p>\n","protected":false},"author":1,"featured_media":0,"comment_status":"open","ping_status":"open","sticky":false,"template":"","format":"standard","meta":{"advanced_seo_description":"","jetpack_seo_html_title":"","jetpack_seo_noindex":false,"jetpack_seo_schema_type":"","episode_type":"","audio_file":"","podmotor_file_id":"","podmotor_episode_id":"","cover_image":"","cover_image_id":"","duration":"","filesize":"","filesize_raw":"","date_recorded":"","explicit":"","block":"","_jetpack_newsletter_access":"","_jetpack_dont_email_post_to_subs":false,"_jetpack_newsletter_tier_id":0,"_jetpack_memberships_contains_paywalled_content":false,"_jetpack_feature_clip_id":0,"_jetpack_memberships_contains_paid_content":false,"footnotes":"","jetpack_publicize_message":"","jetpack_publicize_feature_enabled":true,"jetpack_social_post_already_shared":false,"jetpack_social_options":{"image_generator_settings":{"template":"highway","default_image_id":0,"font":"","enabled":false},"version":2},"jetpack_post_was_ever_published":false},"categories":[2],"tags":[12,21,5,41,24,25,53],"series":[],"class_list":["post-85","post","type-post","status-publish","format-standard","hentry","category-limones","tag-cosas","tag-problema","tag-tiempo","tag-verdad","tag-vida","tag-video","tag-youtube"],"episode_featured_image":false,"episode_player_image":"https:\/\/i0.wp.com\/quechilero.com\/blog\/imagenes\/podcast.png?fit=1831%2C1831&ssl=1","download_link":"","player_link":"","audio_player":false,"episode_data":{"playerMode":"dark","subscribeUrls":{"amazon":{"key":"amazon","url":"","label":"Amazon","class":"amazon","icon":"amazon.png"},"apple_podcasts":{"key":"apple_podcasts","url":"","label":"Apple Podcasts","class":"apple_podcasts","icon":"apple-podcasts.png"},"castbox":{"key":"castbox","url":"","label":"CastBox","class":"castbox","icon":"castbox.png"},"deezer":{"key":"deezer","url":"","label":"Deezer","class":"deezer","icon":"deezer.png"},"google_podcasts":{"key":"google_podcasts","url":"","label":"Google Podcasts","class":"google_podcasts","icon":"google-podcasts.png"},"listen_notes":{"key":"listen_notes","url":"","label":"Listen Notes","class":"listen_notes","icon":"listen-notes.png"},"pandora":{"key":"pandora","url":"","label":"Pandora","class":"pandora","icon":"pandora.png"},"podbean":{"key":"podbean","url":"","label":"Podbean","class":"podbean","icon":"podbean.png"},"podcast_republic":{"key":"podcast_republic","url":"","label":"Podcast Republic","class":"podcast_republic","icon":"podcast-republic.png"},"rss":{"key":"rss","url":"","label":"RSS","class":"rss","icon":"rss.png"},"spotify":{"key":"spotify","url":"","label":"Spotify","class":"spotify","icon":"spotify.png"},"stitcher":{"key":"stitcher","url":"","label":"Stitcher","class":"stitcher","icon":"stitcher.png"},"tunein":{"key":"tunein","url":"","label":"TuneIn","class":"tunein","icon":"tunein.png"},"youtube":{"key":"youtube","url":"","label":"YouTube","class":"youtube","icon":"youtube.png"},"iheartradio":{"key":"iheartradio","url":"","label":"iHeartRadio","class":"iheartradio","icon":"iheartradio.png"},"ivoox":{"key":"ivoox","url":"","label":"iVoox","class":"ivoox","icon":"ivoox.png"}},"rssFeedUrl":"https:\/\/quechilero.com\/blog\/feed\/podcast\/si-la-vida-nos-da-limones","embedCode":"<blockquote class=\"wp-embedded-content\" data-secret=\"vXnqZWYXUj\"><a href=\"https:\/\/quechilero.com\/blog\/2006\/07\/31\/usemos-la-pasarela\/\">Usemos la pasarela<\/a><\/blockquote><iframe sandbox=\"allow-scripts\" security=\"restricted\" src=\"https:\/\/quechilero.com\/blog\/2006\/07\/31\/usemos-la-pasarela\/embed\/#?secret=vXnqZWYXUj\" width=\"500\" height=\"350\" title=\"\u00abUsemos la pasarela\u00bb \u2014 Si la Vida nos da Limones...\" data-secret=\"vXnqZWYXUj\" frameborder=\"0\" marginwidth=\"0\" marginheight=\"0\" scrolling=\"no\" class=\"wp-embedded-content\"><\/iframe><script>\n\/*! This file is auto-generated *\/\n!function(d,l){\"use strict\";l.querySelector&&d.addEventListener&&\"undefined\"!=typeof URL&&(d.wp=d.wp||{},d.wp.receiveEmbedMessage||(d.wp.receiveEmbedMessage=function(e){var t=e.data;if((t||t.secret||t.message||t.value)&&!\/[^a-zA-Z0-9]\/.test(t.secret)){for(var s,r,n,a=l.querySelectorAll('iframe[data-secret=\"'+t.secret+'\"]'),o=l.querySelectorAll('blockquote[data-secret=\"'+t.secret+'\"]'),c=new RegExp(\"^https?:$\",\"i\"),i=0;i<o.length;i++)o[i].style.display=\"none\";for(i=0;i<a.length;i++)s=a[i],e.source===s.contentWindow&&(s.removeAttribute(\"style\"),\"height\"===t.message?(1e3<(r=parseInt(t.value,10))?r=1e3:~~r<200&&(r=200),s.height=r):\"link\"===t.message&&(r=new URL(s.getAttribute(\"src\")),n=new URL(t.value),c.test(n.protocol))&&n.host===r.host&&l.activeElement===s&&(d.top.location.href=t.value))}},d.addEventListener(\"message\",d.wp.receiveEmbedMessage,!1),l.addEventListener(\"DOMContentLoaded\",function(){for(var e,t,s=l.querySelectorAll(\"iframe.wp-embedded-content\"),r=0;r<s.length;r++)(t=(e=s[r]).getAttribute(\"data-secret\"))||(t=Math.random().toString(36).substring(2,12),e.src+=\"#?secret=\"+t,e.setAttribute(\"data-secret\",t)),e.contentWindow.postMessage({message:\"ready\",secret:t},\"*\")},!1)))}(window,document);\n\/\/# sourceURL=https:\/\/quechilero.com\/blog\/wp-includes\/js\/wp-embed.min.js\n<\/script>\n"},"jetpack_publicize_connections":[],"jetpack_shortlink":"https:\/\/wp.me\/pDKli-1n","jetpack_sharing_enabled":true,"jetpack-related-posts":[{"id":86,"url":"https:\/\/quechilero.com\/blog\/2006\/08\/01\/cinturon-de-seguridad\/","url_meta":{"origin":85,"position":0},"title":"Cintur\u00f3n de Seguridad","author":"Pepe Barrascout Ortiz","date":"1 agosto 2006","format":false,"excerpt":"Ayer present\u00e9 un video sobre un accidente en frente del centro comercial Metro Norte, espero que el conductor del veh\u00edculo que protagoniz\u00f3 el accidente haya estado usando su cintur\u00f3n de seguridad. Este video y el de la pasarela es un peque\u00f1o aporte a la seguridad vial y a que las\u2026","rel":"","context":"En \u00abLimones\u00bb","block_context":{"text":"Limones","link":"https:\/\/quechilero.com\/blog\/category\/limones\/"},"img":{"alt_text":"","src":"","width":0,"height":0},"classes":[]},{"id":913,"url":"https:\/\/quechilero.com\/blog\/2008\/03\/27\/pasarela\/","url_meta":{"origin":85,"position":1},"title":"Pasarela","author":"Pepe Barrascout Ortiz","date":"27 marzo 2008","format":false,"excerpt":"Fran\u00e7ois es cantante de \u00f3pera. Camin\u00e1bamos juntos por el margen del r\u00edo que ba\u00f1a Strasburgo. Conversamos sobre la necesidad del hombre de comprenderse a s\u00ed mismo. En determinado momento, pasamos cerca de una peque\u00f1a pasarela que cruza el r\u00edo, y Fran\u00e7ois coment\u00f3: \"Existe quien es capaz de construir puentes entre\u2026","rel":"","context":"En \u00abLimones\u00bb","block_context":{"text":"Limones","link":"https:\/\/quechilero.com\/blog\/category\/limones\/"},"img":{"alt_text":"","src":"","width":0,"height":0},"classes":[]},{"id":21494,"url":"https:\/\/quechilero.com\/blog\/2015\/08\/20\/de-la-pasarela\/","url_meta":{"origin":85,"position":2},"title":"De la pasarela","author":"Pepe Barrascout Ortiz","date":"20 agosto 2015","format":false,"excerpt":"Fran\u00e7ois es cantante de \u00f3pera. Camin\u00e1bamos juntos por el margen del r\u00edo que ba\u00f1a Strasburgo. Conversamos sobre la necesidad del hombre de comprenderse a s\u00ed mismo. En determinado momento, pasamos cerca de una peque\u00f1a pasarela que cruza el r\u00edo, y Fran\u00e7ois coment\u00f3: \"Existe quien es capaz de construir puentes entre\u2026","rel":"","context":"En \u00abLimones\u00bb","block_context":{"text":"Limones","link":"https:\/\/quechilero.com\/blog\/category\/limones\/"},"img":{"alt_text":"","src":"","width":0,"height":0},"classes":[]},{"id":5046,"url":"https:\/\/quechilero.com\/blog\/2010\/07\/14\/galerias-primma-falta-de-respeto-a-los-clientes\/","url_meta":{"origin":85,"position":3},"title":"Galer\u00edas Primma: falta de respeto a los clientes","author":"Pepe Barrascout Ortiz","date":"14 julio 2010","format":false,"excerpt":"Haciendo unos tr\u00e1mites en la SAT, me vi en la necesidad de ir a la agencia ubicada en Galer\u00edas Primma. La primera vez que fui a este centro comercial, fue tres d\u00edas despu\u00e9s de su inauguraci\u00f3n, cuando eran muy pocos los negocios que estaban instalados y muchos los locales vac\u00edos,\u2026","rel":"","context":"En \u00abLimones\u00bb","block_context":{"text":"Limones","link":"https:\/\/quechilero.com\/blog\/category\/limones\/"},"img":{"alt_text":"","src":"","width":0,"height":0},"classes":[]},{"id":11408,"url":"https:\/\/quechilero.com\/blog\/2011\/12\/03\/rompiendo-un-huevo-a-30-metros-bajo-el-agua\/","url_meta":{"origin":85,"position":4},"title":"Rompiendo un huevo a 30 metros bajo el agua","author":"Pepe Barrascout Ortiz","date":"3 diciembre 2011","format":false,"excerpt":"\u00bfQu\u00e9 sucede cuando se parte un huevo a mas de 30 metros bajo el nivel del agua? \u00bfTe has preguntado\u00a0qu\u00e9 pasar\u00eda con\u00a0un huevo\u00a0roto,\u00a0en lo profundo\u00a0bajo el agua? Pues un par de buzox saltaron al agua y se pusieron a investigar que pasar\u00eda. A 32 metros de profundidad, llevaron media docena\u2026","rel":"","context":"En \u00abLimones\u00bb","block_context":{"text":"Limones","link":"https:\/\/quechilero.com\/blog\/category\/limones\/"},"img":{"alt_text":"","src":"https:\/\/i0.wp.com\/img.youtube.com\/vi\/TTFvJJGMfJY\/0.jpg?resize=350%2C200","width":350,"height":200},"classes":[]},{"id":17311,"url":"https:\/\/quechilero.com\/blog\/2013\/10\/09\/adonde-va-tu-dinero\/","url_meta":{"origin":85,"position":5},"title":"\u00bfAd\u00f3nde va tu dinero?","author":"Pepe Barrascout Ortiz","date":"9 octubre 2013","format":false,"excerpt":"Este era un billete de 20 d\u00f3lares y otro de un d\u00f3lar que se encontraban en una bolsa de banco en el edificio de la Reserva Federal en el centro de la ciudad. Mientras se encontraban lado a lado, el billete de un d\u00f3lar le pregunt\u00f3 a su compa\u00f1ero: \"Oye,\u2026","rel":"","context":"En \u00abLimones\u00bb","block_context":{"text":"Limones","link":"https:\/\/quechilero.com\/blog\/category\/limones\/"},"img":{"alt_text":"","src":"","width":0,"height":0},"classes":[]}],"jetpack_featured_media_url":"","_links":{"self":[{"href":"https:\/\/quechilero.com\/blog\/wp-json\/wp\/v2\/posts\/85","targetHints":{"allow":["GET"]}}],"collection":[{"href":"https:\/\/quechilero.com\/blog\/wp-json\/wp\/v2\/posts"}],"about":[{"href":"https:\/\/quechilero.com\/blog\/wp-json\/wp\/v2\/types\/post"}],"author":[{"embeddable":true,"href":"https:\/\/quechilero.com\/blog\/wp-json\/wp\/v2\/users\/1"}],"replies":[{"embeddable":true,"href":"https:\/\/quechilero.com\/blog\/wp-json\/wp\/v2\/comments?post=85"}],"version-history":[{"count":0,"href":"https:\/\/quechilero.com\/blog\/wp-json\/wp\/v2\/posts\/85\/revisions"}],"wp:attachment":[{"href":"https:\/\/quechilero.com\/blog\/wp-json\/wp\/v2\/media?parent=85"}],"wp:term":[{"taxonomy":"category","embeddable":true,"href":"https:\/\/quechilero.com\/blog\/wp-json\/wp\/v2\/categories?post=85"},{"taxonomy":"post_tag","embeddable":true,"href":"https:\/\/quechilero.com\/blog\/wp-json\/wp\/v2\/tags?post=85"},{"taxonomy":"series","embeddable":true,"href":"https:\/\/quechilero.com\/blog\/wp-json\/wp\/v2\/series?post=85"}],"curies":[{"name":"wp","href":"https:\/\/api.w.org\/{rel}","templated":true}]}}