{"id":846,"date":"2008-01-15T08:55:54","date_gmt":"2008-01-15T14:55:54","guid":{"rendered":"http:\/\/www.quechilero.com\/blog\/2008\/01\/15\/senor-de-esquipulas\/"},"modified":"2008-01-15T08:55:54","modified_gmt":"2008-01-15T14:55:54","slug":"senor-de-esquipulas","status":"publish","type":"post","link":"https:\/\/quechilero.com\/blog\/2008\/01\/15\/senor-de-esquipulas\/","title":{"rendered":"Se\u00f1or de Esquipulas"},"content":{"rendered":"<blockquote><p><em>\u00abEn la Ciudad de Santiago de Guatemala, en veinte \u00e9 nueve del mes de agosto, del a\u00f1o de mil, \u00e9 quinientos \u00e9 noventa \u00e9 cuatro a\u00f1os, Crist\u00f3bal de Morales, Provisor de este Obispado, concert\u00f3 con Quirio Cata\u00f1o oficial de escultor, que haga pra el pueblo de Esquipulas un Crucifijo de vara y media, muy bien acabado y perfeccionado, \u00e9 le ha de dar acabo para el d\u00eda de San Francisco, primero que viene, \u00e9 se han de dar por \u00e9l cien tostones de cuatro reales de plata cada uno; \u00e9 para en cuenta de los dichos cien tostones confes\u00f3 haber recibido adelantados cincuenta tostones los cuales recibi\u00f3 realmente \u00e9 se oblig\u00f3 de lo cumplir, \u00e9 para ello oblig\u00f3 su persona \u00e9 bienes \u00e9 lo firm\u00f3 de su nombre y el dicho Provisor.<\/em><\/p>\n<p><em>Crist\u00f3bal de Morales. Quirio Cata\u00f1o.Ante mi Francisco Delgado, Notario.<\/em><\/p>\n<p><em>Recib\u00f3 diez tostones para en cuenta de la hechura del Crucifijo, y se lo entregu\u00f3 de todo punto y los cuarenta tostones restantes se me han de dar de hoy d\u00eda de la fecha en un mes, y por verdad lo firm\u00f3 de mi nombre feche en Guatemala, \u00e9, nueve d\u00edas del mes de marzo de mil \u00e9 quinientos \u00e9 noventa y cinco a\u00f1os.<\/em><\/p>\n<p><em>Quirio Cata\u00f1o.<\/em><\/p><\/blockquote>\n<p><img data-recalc-dims=\"1\" decoding=\"async\" title=\"Cristo Negro de Esquipulas\" src=\"https:\/\/i0.wp.com\/img221.imageshack.us\/img221\/7991\/2052074194fd23c5978bdb1.jpg?w=1200\" alt=\"Cristo Negro de Esquipulas\" \/><\/p>\n<p>Dios y Se\u00f1or m\u00edo Jesucristo: yo ingrato pecador te adoro como a mi Dios en su Sagrada Imagen de Esquipulas; y te pido por tu sant\u00edsima muerte me conserves en la fe, y me concedas una buena muerte; me des la paz espiritual y temporal; me libres de mis adversarios espirituales y temporales; lo mismo te pido para mi familia, a quienes te pido me des tiempo de ver y dirigir por las sendas de tu fe.<\/p>\n<p>Te pido que bendigas a Guatemala y nos libres del mal, que abras los corazones de las personas y entres en ellos, t\u00f3canos con tu divina gracia y bend\u00edcenos.<\/p>\n<p>Am\u00e9n.<\/p>\n<p>*****<\/p>\n<p>Fotograf\u00eda de: <em><a title=\"Cristo Negro de Esquipulas\" href=\"http:\/\/www.flickr.com\/photos\/familyrtw\/2052074194\/\">Coomer Family World Adventures<\/a><\/em><\/p>\n","protected":false},"excerpt":{"rendered":"<p>\u00abEn la Ciudad de Santiago de Guatemala, en veinte \u00e9 nueve del mes de agosto, del a\u00f1o de mil, \u00e9 quinientos \u00e9 noventa \u00e9 cuatro a\u00f1os, Crist\u00f3bal de Morales, Provisor de este Obispado, concert\u00f3 con Quirio Cata\u00f1o oficial de escultor, que haga pra el pueblo de Esquipulas un Crucifijo de vara y media, muy bien &#8230; <a title=\"Se\u00f1or de Esquipulas\" class=\"read-more\" href=\"https:\/\/quechilero.com\/blog\/2008\/01\/15\/senor-de-esquipulas\/\" aria-label=\"Leer m\u00e1s sobre Se\u00f1or de Esquipulas\">Leer m\u00e1s<\/a><\/p>\n","protected":false},"author":1,"featured_media":0,"comment_status":"open","ping_status":"open","sticky":false,"template":"","format":"standard","meta":{"advanced_seo_description":"","jetpack_seo_html_title":"","jetpack_seo_noindex":false,"jetpack_seo_schema_type":"","episode_type":"","audio_file":"","podmotor_file_id":"","podmotor_episode_id":"","cover_image":"","cover_image_id":"","duration":"","filesize":"","filesize_raw":"","date_recorded":"","explicit":"","block":"","_jetpack_newsletter_access":"","_jetpack_dont_email_post_to_subs":false,"_jetpack_newsletter_tier_id":0,"_jetpack_memberships_contains_paywalled_content":false,"_jetpack_feature_clip_id":0,"_jetpack_memberships_contains_paid_content":false,"footnotes":"","jetpack_publicize_message":"","jetpack_publicize_feature_enabled":true,"jetpack_social_post_already_shared":false,"jetpack_social_options":{"image_generator_settings":{"template":"highway","default_image_id":0,"font":"","enabled":false},"version":2},"jetpack_post_was_ever_published":false},"categories":[2],"tags":[51,8,10,50,40,5,41],"series":[],"class_list":["post-846","post","type-post","status-publish","format-standard","hentry","category-limones","tag-dios","tag-fotografia","tag-guatemala","tag-muerte","tag-paz","tag-tiempo","tag-verdad"],"episode_featured_image":false,"episode_player_image":"https:\/\/i0.wp.com\/quechilero.com\/blog\/imagenes\/podcast.png?fit=1831%2C1831&ssl=1","download_link":"","player_link":"","audio_player":false,"episode_data":{"playerMode":"dark","subscribeUrls":{"amazon":{"key":"amazon","url":"","label":"Amazon","class":"amazon","icon":"amazon.png"},"apple_podcasts":{"key":"apple_podcasts","url":"","label":"Apple Podcasts","class":"apple_podcasts","icon":"apple-podcasts.png"},"castbox":{"key":"castbox","url":"","label":"CastBox","class":"castbox","icon":"castbox.png"},"deezer":{"key":"deezer","url":"","label":"Deezer","class":"deezer","icon":"deezer.png"},"google_podcasts":{"key":"google_podcasts","url":"","label":"Google Podcasts","class":"google_podcasts","icon":"google-podcasts.png"},"listen_notes":{"key":"listen_notes","url":"","label":"Listen Notes","class":"listen_notes","icon":"listen-notes.png"},"pandora":{"key":"pandora","url":"","label":"Pandora","class":"pandora","icon":"pandora.png"},"podbean":{"key":"podbean","url":"","label":"Podbean","class":"podbean","icon":"podbean.png"},"podcast_republic":{"key":"podcast_republic","url":"","label":"Podcast Republic","class":"podcast_republic","icon":"podcast-republic.png"},"rss":{"key":"rss","url":"","label":"RSS","class":"rss","icon":"rss.png"},"spotify":{"key":"spotify","url":"","label":"Spotify","class":"spotify","icon":"spotify.png"},"stitcher":{"key":"stitcher","url":"","label":"Stitcher","class":"stitcher","icon":"stitcher.png"},"tunein":{"key":"tunein","url":"","label":"TuneIn","class":"tunein","icon":"tunein.png"},"youtube":{"key":"youtube","url":"","label":"YouTube","class":"youtube","icon":"youtube.png"},"iheartradio":{"key":"iheartradio","url":"","label":"iHeartRadio","class":"iheartradio","icon":"iheartradio.png"},"ivoox":{"key":"ivoox","url":"","label":"iVoox","class":"ivoox","icon":"ivoox.png"}},"rssFeedUrl":"https:\/\/quechilero.com\/blog\/feed\/podcast\/si-la-vida-nos-da-limones","embedCode":"<blockquote class=\"wp-embedded-content\" data-secret=\"lcPDGi1GOc\"><a href=\"https:\/\/quechilero.com\/blog\/2008\/01\/15\/senor-de-esquipulas\/\">Se\u00f1or de Esquipulas<\/a><\/blockquote><iframe sandbox=\"allow-scripts\" security=\"restricted\" src=\"https:\/\/quechilero.com\/blog\/2008\/01\/15\/senor-de-esquipulas\/embed\/#?secret=lcPDGi1GOc\" width=\"500\" height=\"350\" title=\"\u00abSe\u00f1or de Esquipulas\u00bb \u2014 Si la Vida nos da Limones...\" data-secret=\"lcPDGi1GOc\" frameborder=\"0\" marginwidth=\"0\" marginheight=\"0\" scrolling=\"no\" class=\"wp-embedded-content\"><\/iframe><script>\n\/*! This file is auto-generated *\/\n!function(d,l){\"use strict\";l.querySelector&&d.addEventListener&&\"undefined\"!=typeof URL&&(d.wp=d.wp||{},d.wp.receiveEmbedMessage||(d.wp.receiveEmbedMessage=function(e){var t=e.data;if((t||t.secret||t.message||t.value)&&!\/[^a-zA-Z0-9]\/.test(t.secret)){for(var s,r,n,a=l.querySelectorAll('iframe[data-secret=\"'+t.secret+'\"]'),o=l.querySelectorAll('blockquote[data-secret=\"'+t.secret+'\"]'),c=new RegExp(\"^https?:$\",\"i\"),i=0;i<o.length;i++)o[i].style.display=\"none\";for(i=0;i<a.length;i++)s=a[i],e.source===s.contentWindow&&(s.removeAttribute(\"style\"),\"height\"===t.message?(1e3<(r=parseInt(t.value,10))?r=1e3:~~r<200&&(r=200),s.height=r):\"link\"===t.message&&(r=new URL(s.getAttribute(\"src\")),n=new URL(t.value),c.test(n.protocol))&&n.host===r.host&&l.activeElement===s&&(d.top.location.href=t.value))}},d.addEventListener(\"message\",d.wp.receiveEmbedMessage,!1),l.addEventListener(\"DOMContentLoaded\",function(){for(var e,t,s=l.querySelectorAll(\"iframe.wp-embedded-content\"),r=0;r<s.length;r++)(t=(e=s[r]).getAttribute(\"data-secret\"))||(t=Math.random().toString(36).substring(2,12),e.src+=\"#?secret=\"+t,e.setAttribute(\"data-secret\",t)),e.contentWindow.postMessage({message:\"ready\",secret:t},\"*\")},!1)))}(window,document);\n\/\/# sourceURL=https:\/\/quechilero.com\/blog\/wp-includes\/js\/wp-embed.min.js\n<\/script>\n"},"jetpack_publicize_connections":[],"jetpack_shortlink":"https:\/\/wp.me\/pDKli-dE","jetpack_sharing_enabled":true,"jetpack-related-posts":[{"id":12248,"url":"https:\/\/quechilero.com\/blog\/2012\/01\/15\/milagroso-senor-de-esquipulas\/","url_meta":{"origin":846,"position":0},"title":"Milagroso Se\u00f1or de Esquipulas","author":"Pepe Barrascout Ortiz","date":"15 enero 2012","format":false,"excerpt":"https:\/\/youtu.be\/7Lhvr9W1qBs Milagroso se\u00f1or de Esquipulas He venido de tierras lejanas, para ver al se\u00f1or de Esquipulas. He venido de tierras lejanas,\u00a0para ver al se\u00f1or de Esquipulas. Cuando escucho sonar las campanas, de su templo, que son tan rechulas, toda mi alma se llena de gozo\u00a0y con fe me arrodillo a\u2026","rel":"","context":"En \u00abLimones\u00bb","block_context":{"text":"Limones","link":"https:\/\/quechilero.com\/blog\/category\/limones\/"},"img":{"alt_text":"","src":"https:\/\/i0.wp.com\/img.youtube.com\/vi\/7Lhvr9W1qBs\/0.jpg?resize=350%2C200","width":350,"height":200},"classes":[]},{"id":4248,"url":"https:\/\/quechilero.com\/blog\/2010\/01\/15\/senor-de-esquipulas-3\/","url_meta":{"origin":846,"position":1},"title":"Se\u00f1or de Esquipulas","author":"Pepe Barrascout Ortiz","date":"15 enero 2010","format":false,"excerpt":"Se\u00f1or Jes\u00fas, creemos que est\u00e1s vivo y resucitado. Creemos que est\u00e1s realmente presente en el Sant\u00edsimo Sacramento del altar y en cada uno de nosotros. Te alabamos y te adoramos. Te damos gracias, Se\u00f1or, por venir hasta nosotros como pan vivo bajado del cielo. T\u00fa eres la plenitud de la\u2026","rel":"","context":"En \u00abLimones\u00bb","block_context":{"text":"Limones","link":"https:\/\/quechilero.com\/blog\/category\/limones\/"},"img":{"alt_text":"","src":"","width":0,"height":0},"classes":[]},{"id":6790,"url":"https:\/\/quechilero.com\/blog\/2011\/01\/15\/senor-de-esquipulas-4\/","url_meta":{"origin":846,"position":2},"title":"Se\u00f1or de Esquipulas","author":"Pepe Barrascout Ortiz","date":"15 enero 2011","format":false,"excerpt":"Novena al Se\u00f1or de Esquipulas Acto de\u00a0Contrici\u00f3n Jes\u00fas crucificado: postrado a tus pies el m\u00e1s ingrato pecador, te pide perd\u00f3n y misericordia de haberte ofendido con tantas culpas; me pesa, mi Jes\u00fas, haber ofendido a tan soberana Majestad, propongo la enmienda de mi vida; te doy la palabra de confesar\u2026","rel":"","context":"En \u00abLimones\u00bb","block_context":{"text":"Limones","link":"https:\/\/quechilero.com\/blog\/category\/limones\/"},"img":{"alt_text":"","src":"","width":0,"height":0},"classes":[]},{"id":379,"url":"https:\/\/quechilero.com\/blog\/2006\/12\/06\/blogs-de-guatemala\/","url_meta":{"origin":846,"position":3},"title":"Blogs de Guatemala","author":"Pepe Barrascout Ortiz","date":"6 diciembre 2006","format":false,"excerpt":"Hace una semana mas o menos, en algunos ratos libres, empec\u00e9 a desarrollar una idea que desde hace varios meses hab\u00eda dejado en el tintero. Por fin puedo presentar una versi\u00f3n m\u00e1s o menos \"estable\" (como dir\u00edan los desarrolladores de software y aplicaciones web) de un directorio orientado a los\u2026","rel":"","context":"En \u00abLimones\u00bb","block_context":{"text":"Limones","link":"https:\/\/quechilero.com\/blog\/category\/limones\/"},"img":{"alt_text":"","src":"","width":0,"height":0},"classes":[]},{"id":2298,"url":"https:\/\/quechilero.com\/blog\/2009\/01\/12\/blogs-de-guatemala-los-50-articulos-mas-leidos-en-el-2008\/","url_meta":{"origin":846,"position":4},"title":"Blogs de Guatemala: los 50 art\u00edculos mas le\u00eddos en el 2008","author":"Pepe Barrascout Ortiz","date":"12 enero 2009","format":false,"excerpt":"A lo largo del a\u00f1o 2008, los blogs que forman parte de www.blogsdeguatemala.com, publicaron varios miles de art\u00edculos, llegando casi a los doscientos mil, solo el a\u00f1o pasado. De esta cantidad de producci\u00f3n escrita generada por guatemaltecos, a continuaci\u00f3n les presento los 50 art\u00edculos mas le\u00eddos, durante el a\u00f1o 2008.\u2026","rel":"","context":"En \u00abBlogs de Guatemala\u00bb","block_context":{"text":"Blogs de Guatemala","link":"https:\/\/quechilero.com\/blog\/category\/blogs-de-guatemala\/"},"img":{"alt_text":"","src":"","width":0,"height":0},"classes":[]},{"id":16536,"url":"https:\/\/quechilero.com\/blog\/2013\/04\/11\/velacion-jesus-nazareno-de-la-merced-en-la-antigua-guatemala\/","url_meta":{"origin":846,"position":5},"title":"Velaci\u00f3n Jes\u00fas Nazareno de la Merced en La Antigua Guatemala","author":"Pepe Barrascout Ortiz","date":"11 abril 2013","format":false,"excerpt":"Las\u00a0velaciones, son\u00a0jornadas de oraci\u00f3n, en las que miles de cat\u00f3licos guatemaltecos se re\u00fanen para elevar sus oraciones y peticiones a Dios. En semana santa, las velaciones tienen un colorido particular, es tradicional que en la Iglesia se haga una alfombra y se adorne con frutas, verduras y objetos aleg\u00f3ricos, representando\u2026","rel":"","context":"En \u00abLimones\u00bb","block_context":{"text":"Limones","link":"https:\/\/quechilero.com\/blog\/category\/limones\/"},"img":{"alt_text":"","src":"","width":0,"height":0},"classes":[]}],"jetpack_featured_media_url":"","_links":{"self":[{"href":"https:\/\/quechilero.com\/blog\/wp-json\/wp\/v2\/posts\/846","targetHints":{"allow":["GET"]}}],"collection":[{"href":"https:\/\/quechilero.com\/blog\/wp-json\/wp\/v2\/posts"}],"about":[{"href":"https:\/\/quechilero.com\/blog\/wp-json\/wp\/v2\/types\/post"}],"author":[{"embeddable":true,"href":"https:\/\/quechilero.com\/blog\/wp-json\/wp\/v2\/users\/1"}],"replies":[{"embeddable":true,"href":"https:\/\/quechilero.com\/blog\/wp-json\/wp\/v2\/comments?post=846"}],"version-history":[{"count":0,"href":"https:\/\/quechilero.com\/blog\/wp-json\/wp\/v2\/posts\/846\/revisions"}],"wp:attachment":[{"href":"https:\/\/quechilero.com\/blog\/wp-json\/wp\/v2\/media?parent=846"}],"wp:term":[{"taxonomy":"category","embeddable":true,"href":"https:\/\/quechilero.com\/blog\/wp-json\/wp\/v2\/categories?post=846"},{"taxonomy":"post_tag","embeddable":true,"href":"https:\/\/quechilero.com\/blog\/wp-json\/wp\/v2\/tags?post=846"},{"taxonomy":"series","embeddable":true,"href":"https:\/\/quechilero.com\/blog\/wp-json\/wp\/v2\/series?post=846"}],"curies":[{"name":"wp","href":"https:\/\/api.w.org\/{rel}","templated":true}]}}