{"id":8154,"date":"2011-04-24T12:00:43","date_gmt":"2011-04-24T18:00:43","guid":{"rendered":"http:\/\/quechilero.com\/blog\/?p=8154"},"modified":"2011-04-24T12:00:43","modified_gmt":"2011-04-24T18:00:43","slug":"reflexiones-de-semana-santa-domingo-de-resurreccion","status":"publish","type":"post","link":"https:\/\/quechilero.com\/blog\/2011\/04\/24\/reflexiones-de-semana-santa-domingo-de-resurreccion\/","title":{"rendered":"Reflexiones de Semana Santa Domingo de Resurrecci\u00f3n"},"content":{"rendered":"<p>Tenemos la suerte de saber, por el evangelio, lo que hizo Jesucristo cada uno de los d\u00edas de esta semana. Aqu\u00ed lo tienes. Es la semana m\u00e1s importante de todo el a\u00f1o. Con cada cosa que hizo y dijo, nos quiso ense\u00f1ar. Habla con \u00c9l de eso.<\/p>\n<p>El jueves, viernes y domingo hay Oficios; aunque el jueves y el viernes no es obligatoria la asistencia, ojal\u00e1 puedas ir los tres d\u00edas.<\/p>\n<p><strong>Domingo de Resurrecci\u00f3n<\/strong><\/p>\n<p>En cuanto se hace de d\u00eda, tres mujeres van al sepulcro donde Jes\u00fas estaba enterrado y ven que no est\u00e1 su Cuerpo. Un \u00c1ngel les dice que ha resucitado. Van corriendo donde est\u00e1 la Virgen con los Ap\u00f3stoles y les dan la gran noticia: \u00a1Ha resucitado! Pedro y Juan corren al sepulcro y ven las vendas en el suelo. Ahora entienden que Jes\u00fas es Dios.<\/p>\n<p>El desconsuelo que ten\u00edan, ayer, se transforma en una inmensa alegr\u00eda. Y r\u00e1pidamente lo transmiten a los dem\u00e1s Ap\u00f3stoles y disc\u00edpulos. Y todos permanecen con la Virgen esperando el momento de volver a encontrarse con el Se\u00f1or.<\/p>\n<p>Desde entonces, todos los cristianos podemos tratar al Se\u00f1or, que est\u00e1 Vivo. Hoy estamos muy contentos y es momento de darle constantemente gracias a Dios.<\/p>\n<p>Como Pedro y Juan, t\u00fa tambi\u00e9n tienes que preocuparte de que tus amigos sepan que Jes\u00fas ha resucitado, y le traten. P\u00eddele esa preocupaci\u00f3n.<\/p>\n<p>Lee ac\u00e1, mas\u00a0<a title=\"Reflexiones de Semana Santa\" href=\"http:\/\/quechilero.com\/blog\/?s=Reflexiones+de+Semana+Santa\">Reflexiones de Semana Santa<\/a><\/p>\n<p>Texto del P. Jos\u00e9 Pedro Manglano Castellary tomado del\u00a0<a title=\"Reflexiones de Cuaresma\" href=\"http:\/\/webcatolicodejavier.org\/\" target=\"_blank\">Web Cat\u00f3lico de Javier<\/a><\/p>\n","protected":false},"excerpt":{"rendered":"<p>Tenemos la suerte de saber, por el evangelio, lo que hizo Jesucristo cada uno de los d\u00edas de esta semana. Aqu\u00ed lo tienes. Es la semana m\u00e1s importante de todo el a\u00f1o. Con cada cosa que hizo y dijo, nos quiso ense\u00f1ar. Habla con \u00c9l de eso. El jueves, viernes y domingo hay Oficios; aunque &#8230; <a title=\"Reflexiones de Semana Santa Domingo de Resurrecci\u00f3n\" class=\"read-more\" href=\"https:\/\/quechilero.com\/blog\/2011\/04\/24\/reflexiones-de-semana-santa-domingo-de-resurreccion\/\" aria-label=\"Leer m\u00e1s sobre Reflexiones de Semana Santa Domingo de Resurrecci\u00f3n\">Leer m\u00e1s<\/a><\/p>\n","protected":false},"author":1,"featured_media":0,"comment_status":"open","ping_status":"open","sticky":false,"template":"","format":"standard","meta":{"advanced_seo_description":"","jetpack_seo_html_title":"","jetpack_seo_noindex":false,"jetpack_seo_schema_type":"","episode_type":"","audio_file":"","podmotor_file_id":"","podmotor_episode_id":"","cover_image":"","cover_image_id":"","duration":"","filesize":"","filesize_raw":"","date_recorded":"","explicit":"","block":"","_jetpack_newsletter_access":"","_jetpack_dont_email_post_to_subs":false,"_jetpack_newsletter_tier_id":0,"_jetpack_memberships_contains_paywalled_content":false,"_jetpack_feature_clip_id":0,"_jetpack_memberships_contains_paid_content":false,"footnotes":"","jetpack_publicize_message":"","jetpack_publicize_feature_enabled":true,"jetpack_social_post_already_shared":false,"jetpack_social_options":{"image_generator_settings":{"template":"highway","default_image_id":0,"font":"","enabled":false},"version":2},"jetpack_post_was_ever_published":false},"categories":[98],"tags":[87,11,51,90,74,20],"series":[],"class_list":["post-8154","post","type-post","status-publish","format-standard","hentry","category-limones-por-mano","tag-alegria","tag-amigo","tag-dios","tag-evangelio","tag-jesus","tag-mujer"],"episode_featured_image":false,"episode_player_image":"https:\/\/i0.wp.com\/quechilero.com\/blog\/imagenes\/podcast.png?fit=1831%2C1831&ssl=1","download_link":"","player_link":"","audio_player":false,"episode_data":{"playerMode":"dark","subscribeUrls":{"amazon":{"key":"amazon","url":"","label":"Amazon","class":"amazon","icon":"amazon.png"},"apple_podcasts":{"key":"apple_podcasts","url":"","label":"Apple Podcasts","class":"apple_podcasts","icon":"apple-podcasts.png"},"castbox":{"key":"castbox","url":"","label":"CastBox","class":"castbox","icon":"castbox.png"},"deezer":{"key":"deezer","url":"","label":"Deezer","class":"deezer","icon":"deezer.png"},"google_podcasts":{"key":"google_podcasts","url":"","label":"Google Podcasts","class":"google_podcasts","icon":"google-podcasts.png"},"listen_notes":{"key":"listen_notes","url":"","label":"Listen Notes","class":"listen_notes","icon":"listen-notes.png"},"pandora":{"key":"pandora","url":"","label":"Pandora","class":"pandora","icon":"pandora.png"},"podbean":{"key":"podbean","url":"","label":"Podbean","class":"podbean","icon":"podbean.png"},"podcast_republic":{"key":"podcast_republic","url":"","label":"Podcast Republic","class":"podcast_republic","icon":"podcast-republic.png"},"rss":{"key":"rss","url":"","label":"RSS","class":"rss","icon":"rss.png"},"spotify":{"key":"spotify","url":"","label":"Spotify","class":"spotify","icon":"spotify.png"},"stitcher":{"key":"stitcher","url":"","label":"Stitcher","class":"stitcher","icon":"stitcher.png"},"tunein":{"key":"tunein","url":"","label":"TuneIn","class":"tunein","icon":"tunein.png"},"youtube":{"key":"youtube","url":"","label":"YouTube","class":"youtube","icon":"youtube.png"},"iheartradio":{"key":"iheartradio","url":"","label":"iHeartRadio","class":"iheartradio","icon":"iheartradio.png"},"ivoox":{"key":"ivoox","url":"","label":"iVoox","class":"ivoox","icon":"ivoox.png"}},"rssFeedUrl":"https:\/\/quechilero.com\/blog\/feed\/podcast\/si-la-vida-nos-da-limones","embedCode":"<blockquote class=\"wp-embedded-content\" data-secret=\"tdA3TSIP4S\"><a href=\"https:\/\/quechilero.com\/blog\/2011\/04\/24\/reflexiones-de-semana-santa-domingo-de-resurreccion\/\">Reflexiones de Semana Santa Domingo de Resurrecci\u00f3n<\/a><\/blockquote><iframe sandbox=\"allow-scripts\" security=\"restricted\" src=\"https:\/\/quechilero.com\/blog\/2011\/04\/24\/reflexiones-de-semana-santa-domingo-de-resurreccion\/embed\/#?secret=tdA3TSIP4S\" width=\"500\" height=\"350\" title=\"\u00abReflexiones de Semana Santa Domingo de Resurrecci\u00f3n\u00bb \u2014 Si la Vida nos da Limones...\" data-secret=\"tdA3TSIP4S\" frameborder=\"0\" marginwidth=\"0\" marginheight=\"0\" scrolling=\"no\" class=\"wp-embedded-content\"><\/iframe><script>\n\/*! This file is auto-generated *\/\n!function(d,l){\"use strict\";l.querySelector&&d.addEventListener&&\"undefined\"!=typeof URL&&(d.wp=d.wp||{},d.wp.receiveEmbedMessage||(d.wp.receiveEmbedMessage=function(e){var t=e.data;if((t||t.secret||t.message||t.value)&&!\/[^a-zA-Z0-9]\/.test(t.secret)){for(var s,r,n,a=l.querySelectorAll('iframe[data-secret=\"'+t.secret+'\"]'),o=l.querySelectorAll('blockquote[data-secret=\"'+t.secret+'\"]'),c=new RegExp(\"^https?:$\",\"i\"),i=0;i<o.length;i++)o[i].style.display=\"none\";for(i=0;i<a.length;i++)s=a[i],e.source===s.contentWindow&&(s.removeAttribute(\"style\"),\"height\"===t.message?(1e3<(r=parseInt(t.value,10))?r=1e3:~~r<200&&(r=200),s.height=r):\"link\"===t.message&&(r=new URL(s.getAttribute(\"src\")),n=new URL(t.value),c.test(n.protocol))&&n.host===r.host&&l.activeElement===s&&(d.top.location.href=t.value))}},d.addEventListener(\"message\",d.wp.receiveEmbedMessage,!1),l.addEventListener(\"DOMContentLoaded\",function(){for(var e,t,s=l.querySelectorAll(\"iframe.wp-embedded-content\"),r=0;r<s.length;r++)(t=(e=s[r]).getAttribute(\"data-secret\"))||(t=Math.random().toString(36).substring(2,12),e.src+=\"#?secret=\"+t,e.setAttribute(\"data-secret\",t)),e.contentWindow.postMessage({message:\"ready\",secret:t},\"*\")},!1)))}(window,document);\n\/\/# sourceURL=https:\/\/quechilero.com\/blog\/wp-includes\/js\/wp-embed.min.js\n<\/script>\n"},"jetpack_publicize_connections":[],"jetpack_shortlink":"https:\/\/wp.me\/pDKli-27w","jetpack_sharing_enabled":true,"jetpack-related-posts":[{"id":8153,"url":"https:\/\/quechilero.com\/blog\/2011\/04\/23\/reflexiones-de-semana-santa-sabado-de-gloria\/","url_meta":{"origin":8154,"position":0},"title":"Reflexiones de Semana Santa S\u00e1bado de Gloria","author":"Pepe Barrascout Ortiz","date":"23 abril 2011","format":false,"excerpt":"Tenemos la suerte de saber, por el evangelio, lo que hizo Jesucristo cada uno de los d\u00edas de esta semana. Aqu\u00ed lo tienes. Es la semana m\u00e1s importante de todo el a\u00f1o. Con cada cosa que hizo y dijo, nos quiso ense\u00f1ar. Habla con \u00c9l de eso. El jueves, viernes\u2026","rel":"","context":"En \u00abLimones por mano\u00bb","block_context":{"text":"Limones por mano","link":"https:\/\/quechilero.com\/blog\/category\/limones-por-mano\/"},"img":{"alt_text":"","src":"","width":0,"height":0},"classes":[]},{"id":893,"url":"https:\/\/quechilero.com\/blog\/2008\/03\/09\/cuaresma-evangelio-09-mar-08\/","url_meta":{"origin":8154,"position":1},"title":"Cuaresma &#8211; Evangelio 09 mar 08","author":"Pepe Barrascout Ortiz","date":"9 marzo 2008","format":false,"excerpt":"Evangelio seg\u00fan San Juan 11,1-45. Hab\u00eda un hombre enfermo, L\u00e1zaro de Betania, del pueblo de Mar\u00eda y de su hermana Marta.\u00a0Mar\u00eda era la misma que derram\u00f3 perfume sobre el Se\u00f1or y le sec\u00f3 los pies con sus cabellos. Su hermano L\u00e1zaro era el que estaba enfermo. Las hermanas enviaron a\u2026","rel":"","context":"En \u00abLimones\u00bb","block_context":{"text":"Limones","link":"https:\/\/quechilero.com\/blog\/category\/limones\/"},"img":{"alt_text":"","src":"","width":0,"height":0},"classes":[]},{"id":8152,"url":"https:\/\/quechilero.com\/blog\/2011\/04\/22\/reflexiones-de-semana-santa-viernes-santo\/","url_meta":{"origin":8154,"position":2},"title":"Reflexiones de Semana Santa Viernes Santo","author":"Pepe Barrascout Ortiz","date":"22 abril 2011","format":false,"excerpt":"Tenemos la suerte de saber, por el evangelio, lo que hizo Jesucristo cada uno de los d\u00edas de esta semana. Aqu\u00ed lo tienes. Es la semana m\u00e1s importante de todo el a\u00f1o. Con cada cosa que hizo y dijo, nos quiso ense\u00f1ar. Habla con \u00c9l de eso. El jueves, viernes\u2026","rel":"","context":"En \u00abLimones por mano\u00bb","block_context":{"text":"Limones por mano","link":"https:\/\/quechilero.com\/blog\/category\/limones-por-mano\/"},"img":{"alt_text":"","src":"","width":0,"height":0},"classes":[]},{"id":27327,"url":"https:\/\/quechilero.com\/blog\/2010\/10\/03\/el-santo-rosario-misterios-gloriosos\/","url_meta":{"origin":8154,"position":3},"title":"El Santo Rosario: Misterios Gloriosos","author":"Pepe Barrascout Ortiz","date":"3 octubre 2010","format":false,"excerpt":"Los Misterios Gloriosos los rezamos los Domingos y Martes \u00a0 En el nombre del Padre, y del Hijo, y del Esp\u00edritu Santo. Am\u00e9n. Dios m\u00edo, ven en mi auxilio. Se\u00f1or, date prisa en socorrerme. Gloria al Padre, Gloria al Hijo y Gloria al Esp\u00edritu Santo, Am\u00e9n. Primer Misterio Glorioso. La\u2026","rel":"","context":"En \u00abEl Santo Rosario\u00bb","block_context":{"text":"El Santo Rosario","link":"https:\/\/quechilero.com\/blog\/category\/podcast\/el-santo-rosario\/"},"img":{"alt_text":"Misterios Gloriosos","src":"https:\/\/i0.wp.com\/i392.photobucket.com\/albums\/pp7\/pepejaguar\/blog\/Misterios-Gloriosos_zps93f1b8d6.jpg?resize=350%2C200","width":350,"height":200,"srcset":"https:\/\/i0.wp.com\/i392.photobucket.com\/albums\/pp7\/pepejaguar\/blog\/Misterios-Gloriosos_zps93f1b8d6.jpg?resize=350%2C200 1x, https:\/\/i0.wp.com\/i392.photobucket.com\/albums\/pp7\/pepejaguar\/blog\/Misterios-Gloriosos_zps93f1b8d6.jpg?resize=525%2C300 1.5x"},"classes":[]},{"id":908,"url":"https:\/\/quechilero.com\/blog\/2008\/03\/22\/cuaresma-evangelio-22-mar-08\/","url_meta":{"origin":8154,"position":4},"title":"Cuaresma &#8211; Evangelio 22 mar 08","author":"Pepe Barrascout Ortiz","date":"22 marzo 2008","format":false,"excerpt":"Evangelio seg\u00fan San Mateo 28,1-10. Pasado el s\u00e1bado, al amanecer del primer d\u00eda de la semana, Mar\u00eda Magdalena y la otra Mar\u00eda fueron a visitar el sepulcro. De pronto, se produjo un gran temblor de tierra: el Angel del Se\u00f1or baj\u00f3 del cielo, hizo rodar la piedra del sepulcro y\u2026","rel":"","context":"En \u00abLimones\u00bb","block_context":{"text":"Limones","link":"https:\/\/quechilero.com\/blog\/category\/limones\/"},"img":{"alt_text":"","src":"","width":0,"height":0},"classes":[]},{"id":8171,"url":"https:\/\/quechilero.com\/blog\/2011\/04\/18\/reflexiones-de-semana-santa-lunes-santo\/","url_meta":{"origin":8154,"position":5},"title":"Reflexiones de Semana Santa Lunes Santo","author":"Pepe Barrascout Ortiz","date":"18 abril 2011","format":false,"excerpt":"Tenemos la suerte de saber, por el evangelio, lo que hizo Jesucristo cada uno de los d\u00edas de esta semana. Aqu\u00ed lo tienes. Es la semana m\u00e1s importante de todo el a\u00f1o. Con cada cosa que hizo y dijo, nos quiso ense\u00f1ar. Habla con \u00c9l de eso. El jueves, viernes\u2026","rel":"","context":"En \u00abLimones por mano\u00bb","block_context":{"text":"Limones por mano","link":"https:\/\/quechilero.com\/blog\/category\/limones-por-mano\/"},"img":{"alt_text":"","src":"","width":0,"height":0},"classes":[]}],"jetpack_featured_media_url":"","_links":{"self":[{"href":"https:\/\/quechilero.com\/blog\/wp-json\/wp\/v2\/posts\/8154","targetHints":{"allow":["GET"]}}],"collection":[{"href":"https:\/\/quechilero.com\/blog\/wp-json\/wp\/v2\/posts"}],"about":[{"href":"https:\/\/quechilero.com\/blog\/wp-json\/wp\/v2\/types\/post"}],"author":[{"embeddable":true,"href":"https:\/\/quechilero.com\/blog\/wp-json\/wp\/v2\/users\/1"}],"replies":[{"embeddable":true,"href":"https:\/\/quechilero.com\/blog\/wp-json\/wp\/v2\/comments?post=8154"}],"version-history":[{"count":0,"href":"https:\/\/quechilero.com\/blog\/wp-json\/wp\/v2\/posts\/8154\/revisions"}],"wp:attachment":[{"href":"https:\/\/quechilero.com\/blog\/wp-json\/wp\/v2\/media?parent=8154"}],"wp:term":[{"taxonomy":"category","embeddable":true,"href":"https:\/\/quechilero.com\/blog\/wp-json\/wp\/v2\/categories?post=8154"},{"taxonomy":"post_tag","embeddable":true,"href":"https:\/\/quechilero.com\/blog\/wp-json\/wp\/v2\/tags?post=8154"},{"taxonomy":"series","embeddable":true,"href":"https:\/\/quechilero.com\/blog\/wp-json\/wp\/v2\/series?post=8154"}],"curies":[{"name":"wp","href":"https:\/\/api.w.org\/{rel}","templated":true}]}}