{"id":813,"date":"2007-12-16T10:58:18","date_gmt":"2007-12-16T16:58:18","guid":{"rendered":"http:\/\/www.quechilero.com\/blog\/2007\/12\/16\/de-la-sombra-del-hombre\/"},"modified":"2007-12-16T10:58:18","modified_gmt":"2007-12-16T16:58:18","slug":"de-la-sombra-del-hombre","status":"publish","type":"post","link":"https:\/\/quechilero.com\/blog\/2007\/12\/16\/de-la-sombra-del-hombre\/","title":{"rendered":"De la Sombra del Hombre"},"content":{"rendered":"<p>Elie Wiesel, premio N\u00f3bel de literatura, escribi\u00f3: \u00abDios es la sombra del  hombre. As\u00ed como la sombra repite los movimientos del cuerpo, Dios repite los  movimientos del alma.\u00bb.<\/p>\n<p>De esta manera, siempre existe una relaci\u00f3n entre lo que hacemos y lo que  recibimos a cambio. Si somos generosos, la \u00absombra de Dios\u00bb repite los  movimientos que hacemos en beneficio de nuestro pr\u00f3jimo, y nos da con  generosidad diez veces mayor. Si fuimos crueles, esta nuestra crueldad se  refleja en el plano astral, y tambi\u00e9n retorna.<\/p>\n<p>Mucha gente justifica su propia infelicidad, argumentando que est\u00e1 pagando  ahora lo que hizo en vidas pasadas. Existen algunos casos en los que esto  sucede, y, mismo en estos casos, un verdadero acto de amor apaga cualquier  culpa.<\/p>\n<p>Debemos concentrarnos en movimientos de armon\u00eda, para que la sombra que  proyectamos en el mundo espiritual sea siempre un acto de honra a Dios.<\/p>\n<p><strong><em>Del libro \u00abMaktub\u00bb, de Paulo  Coelho<\/em><\/strong><\/p>\n","protected":false},"excerpt":{"rendered":"<p>Elie Wiesel, premio N\u00f3bel de literatura, escribi\u00f3: \u00abDios es la sombra del hombre. As\u00ed como la sombra repite los movimientos del cuerpo, Dios repite los movimientos del alma.\u00bb. De esta manera, siempre existe una relaci\u00f3n entre lo que hacemos y lo que recibimos a cambio. Si somos generosos, la \u00absombra de Dios\u00bb repite los movimientos &#8230; <a title=\"De la Sombra del Hombre\" class=\"read-more\" href=\"https:\/\/quechilero.com\/blog\/2007\/12\/16\/de-la-sombra-del-hombre\/\" aria-label=\"Leer m\u00e1s sobre De la Sombra del Hombre\">Leer m\u00e1s<\/a><\/p>\n","protected":false},"author":1,"featured_media":0,"comment_status":"open","ping_status":"open","sticky":false,"template":"","format":"standard","meta":{"advanced_seo_description":"","jetpack_seo_html_title":"","jetpack_seo_noindex":false,"jetpack_seo_schema_type":"","episode_type":"","audio_file":"","podmotor_file_id":"","podmotor_episode_id":"","cover_image":"","cover_image_id":"","duration":"","filesize":"","filesize_raw":"","date_recorded":"","explicit":"","block":"","_jetpack_newsletter_access":"","_jetpack_dont_email_post_to_subs":false,"_jetpack_newsletter_tier_id":0,"_jetpack_memberships_contains_paywalled_content":false,"_jetpack_feature_clip_id":0,"_jetpack_memberships_contains_paid_content":false,"footnotes":"","jetpack_publicize_message":"","jetpack_publicize_feature_enabled":true,"jetpack_social_post_already_shared":false,"jetpack_social_options":{"image_generator_settings":{"template":"highway","default_image_id":0,"font":"","enabled":false},"version":2},"jetpack_post_was_ever_published":false},"categories":[2],"tags":[15,51,18,72,41,24],"series":[],"class_list":["post-813","post","type-post","status-publish","format-standard","hentry","category-limones","tag-amor","tag-dios","tag-hombre","tag-libro","tag-verdad","tag-vida"],"episode_featured_image":false,"episode_player_image":"https:\/\/i0.wp.com\/quechilero.com\/blog\/imagenes\/podcast.png?fit=1831%2C1831&ssl=1","download_link":"","player_link":"","audio_player":false,"episode_data":{"playerMode":"dark","subscribeUrls":{"amazon":{"key":"amazon","url":"","label":"Amazon","class":"amazon","icon":"amazon.png"},"apple_podcasts":{"key":"apple_podcasts","url":"","label":"Apple Podcasts","class":"apple_podcasts","icon":"apple-podcasts.png"},"castbox":{"key":"castbox","url":"","label":"CastBox","class":"castbox","icon":"castbox.png"},"deezer":{"key":"deezer","url":"","label":"Deezer","class":"deezer","icon":"deezer.png"},"google_podcasts":{"key":"google_podcasts","url":"","label":"Google Podcasts","class":"google_podcasts","icon":"google-podcasts.png"},"listen_notes":{"key":"listen_notes","url":"","label":"Listen Notes","class":"listen_notes","icon":"listen-notes.png"},"pandora":{"key":"pandora","url":"","label":"Pandora","class":"pandora","icon":"pandora.png"},"podbean":{"key":"podbean","url":"","label":"Podbean","class":"podbean","icon":"podbean.png"},"podcast_republic":{"key":"podcast_republic","url":"","label":"Podcast Republic","class":"podcast_republic","icon":"podcast-republic.png"},"rss":{"key":"rss","url":"","label":"RSS","class":"rss","icon":"rss.png"},"spotify":{"key":"spotify","url":"","label":"Spotify","class":"spotify","icon":"spotify.png"},"stitcher":{"key":"stitcher","url":"","label":"Stitcher","class":"stitcher","icon":"stitcher.png"},"tunein":{"key":"tunein","url":"","label":"TuneIn","class":"tunein","icon":"tunein.png"},"youtube":{"key":"youtube","url":"","label":"YouTube","class":"youtube","icon":"youtube.png"},"iheartradio":{"key":"iheartradio","url":"","label":"iHeartRadio","class":"iheartradio","icon":"iheartradio.png"},"ivoox":{"key":"ivoox","url":"","label":"iVoox","class":"ivoox","icon":"ivoox.png"}},"rssFeedUrl":"https:\/\/quechilero.com\/blog\/feed\/podcast\/si-la-vida-nos-da-limones","embedCode":"<blockquote class=\"wp-embedded-content\" data-secret=\"0jON2AYk1Y\"><a href=\"https:\/\/quechilero.com\/blog\/2007\/12\/16\/de-la-sombra-del-hombre\/\">De la Sombra del Hombre<\/a><\/blockquote><iframe sandbox=\"allow-scripts\" security=\"restricted\" src=\"https:\/\/quechilero.com\/blog\/2007\/12\/16\/de-la-sombra-del-hombre\/embed\/#?secret=0jON2AYk1Y\" width=\"500\" height=\"350\" title=\"\u00abDe la Sombra del Hombre\u00bb \u2014 Si la Vida nos da Limones...\" data-secret=\"0jON2AYk1Y\" frameborder=\"0\" marginwidth=\"0\" marginheight=\"0\" scrolling=\"no\" class=\"wp-embedded-content\"><\/iframe><script>\n\/*! This file is auto-generated *\/\n!function(d,l){\"use strict\";l.querySelector&&d.addEventListener&&\"undefined\"!=typeof URL&&(d.wp=d.wp||{},d.wp.receiveEmbedMessage||(d.wp.receiveEmbedMessage=function(e){var t=e.data;if((t||t.secret||t.message||t.value)&&!\/[^a-zA-Z0-9]\/.test(t.secret)){for(var s,r,n,a=l.querySelectorAll('iframe[data-secret=\"'+t.secret+'\"]'),o=l.querySelectorAll('blockquote[data-secret=\"'+t.secret+'\"]'),c=new RegExp(\"^https?:$\",\"i\"),i=0;i<o.length;i++)o[i].style.display=\"none\";for(i=0;i<a.length;i++)s=a[i],e.source===s.contentWindow&&(s.removeAttribute(\"style\"),\"height\"===t.message?(1e3<(r=parseInt(t.value,10))?r=1e3:~~r<200&&(r=200),s.height=r):\"link\"===t.message&&(r=new URL(s.getAttribute(\"src\")),n=new URL(t.value),c.test(n.protocol))&&n.host===r.host&&l.activeElement===s&&(d.top.location.href=t.value))}},d.addEventListener(\"message\",d.wp.receiveEmbedMessage,!1),l.addEventListener(\"DOMContentLoaded\",function(){for(var e,t,s=l.querySelectorAll(\"iframe.wp-embedded-content\"),r=0;r<s.length;r++)(t=(e=s[r]).getAttribute(\"data-secret\"))||(t=Math.random().toString(36).substring(2,12),e.src+=\"#?secret=\"+t,e.setAttribute(\"data-secret\",t)),e.contentWindow.postMessage({message:\"ready\",secret:t},\"*\")},!1)))}(window,document);\n\/\/# sourceURL=https:\/\/quechilero.com\/blog\/wp-includes\/js\/wp-embed.min.js\n<\/script>\n"},"jetpack_publicize_connections":[],"jetpack_shortlink":"https:\/\/wp.me\/pDKli-d7","jetpack_sharing_enabled":true,"jetpack-related-posts":[{"id":15264,"url":"https:\/\/quechilero.com\/blog\/2012\/12\/20\/caminando-en-la-oscuridad\/","url_meta":{"origin":813,"position":0},"title":"Caminando en la Oscuridad","author":"Pepe Barrascout Ortiz","date":"20 diciembre 2012","format":false,"excerpt":"Ayer en la noche mi hija peque\u00f1a, de 3 a\u00f1os, me dijo que necesitaba buscar su frazada en el cuarto que estaba oscuro. Yo le dije que estaba justo sobre su cama, y que pod\u00eda ir a recogerla. En un inicio, y aunque no le teme a la oscuridad, no\u2026","rel":"","context":"En \u00abLimones\u00bb","block_context":{"text":"Limones","link":"https:\/\/quechilero.com\/blog\/category\/limones\/"},"img":{"alt_text":"","src":"","width":0,"height":0},"classes":[]},{"id":997,"url":"https:\/\/quechilero.com\/blog\/2008\/06\/17\/que-es-un-papa\/","url_meta":{"origin":813,"position":1},"title":"\u00bfQu\u00e9 es un pap\u00e1?","author":"Pepe Barrascout Ortiz","date":"17 junio 2008","format":false,"excerpt":"Un pap\u00e1, lo que se llama pap\u00e1, es una combinaci\u00f3n extra\u00f1a de raz\u00f3n y sentimiento. Es aquel que sabe orientar y exigir, pero al mismo tiempo sabe amar. Es aquel que al minuto de haber rega\u00f1ado con severidad, sonr\u00ede y gui\u00f1a el ojo con ternura. Es el que sabe decir\u2026","rel":"","context":"En \u00abLimones\u00bb","block_context":{"text":"Limones","link":"https:\/\/quechilero.com\/blog\/category\/limones\/"},"img":{"alt_text":"","src":"","width":0,"height":0},"classes":[]},{"id":19396,"url":"https:\/\/quechilero.com\/blog\/2014\/09\/29\/vivir-libre-de-temor\/","url_meta":{"origin":813,"position":2},"title":"Vivir libre de temor","author":"Pepe Barrascout Ortiz","date":"29 septiembre 2014","format":false,"excerpt":"\"El que habita al abrigo del Alt\u00edsimo morar\u00e1 bajo la sombra del Omnipotente. Dir\u00e9 yo a Jehov\u00e1: Esperanza m\u00eda, y castillo m\u00edo; mi Dios, en quien confiar\u00e9\". (Salmo 91:1-3) \u00bfSer\u00e1 posible vivir libre de temor en este mundo tan peligroso e incierto? \u00a1S\u00ed, definitivamente es posible! Porque la protecci\u00f3n es\u2026","rel":"","context":"En \u00abLimones\u00bb","block_context":{"text":"Limones","link":"https:\/\/quechilero.com\/blog\/category\/limones\/"},"img":{"alt_text":"","src":"","width":0,"height":0},"classes":[]},{"id":21681,"url":"https:\/\/quechilero.com\/blog\/2015\/10\/16\/marque-el-911\/","url_meta":{"origin":813,"position":3},"title":"Marque el 91:1","author":"Pepe Barrascout Ortiz","date":"16 octubre 2015","format":false,"excerpt":"La mayor\u00eda de la gente en los Estados Unidos sabe que si uno marca en el tel\u00e9fono los n\u00fameros 911 obtiene ayuda en una emergencia. Es tan simple que hasta los ni\u00f1os en edad preescolar han salvado vidas marc\u00e1ndolos. Tres n\u00fameros lo hacen todo. En una emergencia, la ayuda est\u00e1\u2026","rel":"","context":"En \u00abLimones\u00bb","block_context":{"text":"Limones","link":"https:\/\/quechilero.com\/blog\/category\/limones\/"},"img":{"alt_text":"","src":"","width":0,"height":0},"classes":[]},{"id":15361,"url":"https:\/\/quechilero.com\/blog\/2012\/12\/23\/cuarto-domingo-de-adviento\/","url_meta":{"origin":813,"position":4},"title":"Cuarto Domingo de Adviento","author":"Pepe Barrascout Ortiz","date":"23 diciembre 2012","format":false,"excerpt":"Cuarto Domingo de Adviento (ciclo B) Reunidos todos, se encienden las cuatro velas de la corona en el orden acostumbrado (este d\u00eda lo puede hacer uno de los ni\u00f1os mas peque\u00f1os). Hermanos: A pocos d\u00edas de la Navidad, la Liturgia se une al simbolismo popular de esta fiesta, y nos\u2026","rel":"","context":"En \u00abLimones\u00bb","block_context":{"text":"Limones","link":"https:\/\/quechilero.com\/blog\/category\/limones\/"},"img":{"alt_text":"","src":"https:\/\/i0.wp.com\/i392.photobucket.com\/albums\/pp7\/pepejaguar\/blog\/4-domingo-adviento.png?resize=350%2C200","width":350,"height":200,"srcset":"https:\/\/i0.wp.com\/i392.photobucket.com\/albums\/pp7\/pepejaguar\/blog\/4-domingo-adviento.png?resize=350%2C200 1x, https:\/\/i0.wp.com\/i392.photobucket.com\/albums\/pp7\/pepejaguar\/blog\/4-domingo-adviento.png?resize=525%2C300 1.5x"},"classes":[]},{"id":15561,"url":"https:\/\/quechilero.com\/blog\/2012\/12\/29\/comunicacion\/","url_meta":{"origin":813,"position":5},"title":"Comunicaci\u00f3n","author":"Pepe Barrascout Ortiz","date":"29 diciembre 2012","format":false,"excerpt":"Vol\u00e1bamos en un aeroplano de la ciudad de Denver, estado de Colorado, a la de Chicago, estado de Illinois. Por radio se le dijo al piloto que al llegar a esta ciudad no podr\u00eda aterrizar porque hab\u00eda muchas nubes y las condiciones atmosf\u00e9ricas en general no eran favorables. Cuando llegamos\u2026","rel":"","context":"En \u00abLimones\u00bb","block_context":{"text":"Limones","link":"https:\/\/quechilero.com\/blog\/category\/limones\/"},"img":{"alt_text":"","src":"","width":0,"height":0},"classes":[]}],"jetpack_featured_media_url":"","_links":{"self":[{"href":"https:\/\/quechilero.com\/blog\/wp-json\/wp\/v2\/posts\/813","targetHints":{"allow":["GET"]}}],"collection":[{"href":"https:\/\/quechilero.com\/blog\/wp-json\/wp\/v2\/posts"}],"about":[{"href":"https:\/\/quechilero.com\/blog\/wp-json\/wp\/v2\/types\/post"}],"author":[{"embeddable":true,"href":"https:\/\/quechilero.com\/blog\/wp-json\/wp\/v2\/users\/1"}],"replies":[{"embeddable":true,"href":"https:\/\/quechilero.com\/blog\/wp-json\/wp\/v2\/comments?post=813"}],"version-history":[{"count":0,"href":"https:\/\/quechilero.com\/blog\/wp-json\/wp\/v2\/posts\/813\/revisions"}],"wp:attachment":[{"href":"https:\/\/quechilero.com\/blog\/wp-json\/wp\/v2\/media?parent=813"}],"wp:term":[{"taxonomy":"category","embeddable":true,"href":"https:\/\/quechilero.com\/blog\/wp-json\/wp\/v2\/categories?post=813"},{"taxonomy":"post_tag","embeddable":true,"href":"https:\/\/quechilero.com\/blog\/wp-json\/wp\/v2\/tags?post=813"},{"taxonomy":"series","embeddable":true,"href":"https:\/\/quechilero.com\/blog\/wp-json\/wp\/v2\/series?post=813"}],"curies":[{"name":"wp","href":"https:\/\/api.w.org\/{rel}","templated":true}]}}